{"id":13310,"date":"2025-11-30T17:53:57","date_gmt":"2025-11-30T16:53:57","guid":{"rendered":"https:\/\/www.nonsolomusicamagazine.it\/?p=13310"},"modified":"2025-11-30T17:54:00","modified_gmt":"2025-11-30T16:54:00","slug":"libera-stampa-in-neoliberismo-genocidario-errori-da-ambo-le-parti","status":"publish","type":"post","link":"https:\/\/www.nonsolomusicamagazine.it\/?p=13310","title":{"rendered":"LIBERA &#8220;STAMPA&#8221; IN NEOLIBERISMO GENOCIDARIO. ERRORI DA AMBO LE PARTI."},"content":{"rendered":"\n<p class=\"has-text-align-center\"><strong>Lavinia Marchetti<\/strong><\/p>\n\n\n\n<p>La pagina sotto a sinistra \u00e8 apparsa su &#8220;La Stampa&#8221; e su &#8220;La Repubblica&#8221; il 7 ottobre 2025. Purtroppo non \u00e8 un semplice spazio bianco coperto d\u2019inchiostro, ma un atto di potere. Una decisione editoriale che costa all&#8217;associazione, secondo i listini pubblicitari nazionali, fra i ventottomila e i quasi quarantamila euro per una sola uscita a pagina intera su un grande quotidiano come La Stampa o la Repubblica. Denaro che in queste settimane altri raccolgono centesimo per centesimo per far arrivare acqua, farina, antibiotici, materiali da riparo, dentro Gaza assediata. Qui, invece, si investe per affermare una tesi politica. Per riformulare la memoria del 7 ottobre in chiave permanente, come chiave d\u2019accesso a qualsiasi discorso sul conflitto. <\/p>\n\n\n\n<p>Un testo che accusa \u00abi mezzi di informazione\u00bb di essere \u00abveicolo dell\u2019ideologia di violenza, odio\u00bb e di favorire il terrorismo. Le allucinazioni&#8230;brutta roba. Quando uno Stato viene accusato di genocidio da una Commissione d\u2019inchiesta indipendente del Consiglio dei diritti umani dell\u2019Onu, che dopo quasi due anni di indagini conclude che Israele \u00abha commesso genocidio\u00bb contro i palestinesi nella Striscia di Gaza, la scelta di pubblicare una pagina che indica nelle piazze pro-Palestina e nei media critici il vero \u201cveicolo dell\u2019odio\u201d assume un peso molto diverso. Di certo non \u00e8 un dibattito concettuale. Il messaggio implicito \u00e8 semplice: chi scende in piazza per Gaza, chi documenta la distruzione sistematica di case, ospedali, scuole, chi usa la parola genocidio con riferimento a pareri giuridici qualificati, rientra in un magma indistinto di \u201codio\u201d che aiuterebbe il terrorismo. \u00c8 una strategia discorsiva frequente nelle fasi di guerra coloniale. L\u2019avversario viene spogliato di status politico, ridotto a barbarie. Il simpatizzante di quell\u2019avversario diventa complice di crimini assoluti.<\/p>\n\n\n\n<p>In questo senso io leggo l&#8217;ingresso di ragazzi e manifestanti nella sede de &#8220;La Stampa&#8221;. La Stampa \u00e8 un giornale antico, nato come Gazzetta Piemontese nel 1867, cresciuto con firme come Luigi Einaudi, Gaetano Mosca, Norberto Bobbio, Guido Ceronetti, Enzo Biagi, Alberto Savinio, Giovanni Arpino, Carlo Casalegno. Un laboratorio che in altre fasi storiche ha provato a tenere insieme industria, cultura e conflitti sociali, spesso schierata con i &#8220;padroni&#8221;, ma con un certo stile. Proprio per questo il suo allineamento attuale su Israele e Palestina pesa pi\u00f9 di altri fogliacci apertamente propagandistici, che vivono quasi solo per l\u2019urto ideologico tipo &#8220;Il Riformista&#8221;, &#8220;La verit\u00e0&#8221; ecc ecc. <\/p>\n\n\n\n<p>Dietro la sigla Setteottobre si muove una rete precisa. Il presidente Stefano Parisi, manager ed ex candidato sindaco legato al centrodestra, Gabriele Albertini, gi\u00e0 sindaco di Milano e figura storica dello stesso campo politico, Anita Friedman, protagonista di lungo corso nella comunit\u00e0 ebraica italiana e nella difesa pubblica di Israele, Daniele Scalise, giornalista che collabora con testate schierate nel campo conservatore. Non un comitato spontaneo di cittadini spinti solo dal lutto, ma un gruppo che parla il linguaggio del potere economico e politico e che usa il massacro del 7 ottobre come formula permanente, chiave che apre l\u2019accesso a spazi mediatici, fondi, insomma pura egemonia. <\/p>\n\n\n\n<p>La protesta si lega al caso dell\u2019imam Mohamed Shahin, al quale il Viminale ha revocato il permesso di soggiorno e imposto il rimpatrio per frasi pronunciate in moschea sul 7 ottobre, parole lette come apologia del terrorismo. Nel racconto dei manifestanti La Stampa diventa simbolo di questo dispositivo repressivo: giornale che d\u00e0 spazio pagato a chi criminalizza intere comunit\u00e0 e al tempo stesso partecipa al clima che consente misure eccezionali contro voci considerate scomode.L\u2019azione contro la sede del quotidiano, con letame e vernice rossa, appare allora per ci\u00f2 che \u00e8: un gesto di rabbia rivolto verso una istituzione mediatica percepita come complice, una teatralizzazione dello scandalo, la restituzione fisica di ci\u00f2 che molti leggono come sporcizia morale. <\/p>\n\n\n\n<p>Dal punto di vista giuridico resta un reato contro cose e persone. Dal punto di vista politico nasce dentro una asimmetria radicale.Era il momento opportuno per farla? No! Si poteva evitare di entrare? S\u00ec. Per\u00f2, dico, per\u00f2, non confondiamo chi fiancheggia i criminali con chi protesta. Non sono sullo stesso piano.<\/p>\n\n\n\n<figure class=\"wp-block-image size-full\"><img decoding=\"async\" width=\"800\" height=\"450\" src=\"https:\/\/www.nonsolomusicamagazine.it\/wp-content\/uploads\/2025\/11\/1000094508.jpg\" alt=\"\" class=\"wp-image-13311\" srcset=\"https:\/\/www.nonsolomusicamagazine.it\/wp-content\/uploads\/2025\/11\/1000094508.jpg 800w, https:\/\/www.nonsolomusicamagazine.it\/wp-content\/uploads\/2025\/11\/1000094508-300x169.jpg 300w, https:\/\/www.nonsolomusicamagazine.it\/wp-content\/uploads\/2025\/11\/1000094508-768x432.jpg 768w\" sizes=\"(max-width: 800px) 100vw, 800px\" \/><\/figure>\n\n\n\n<figure class=\"wp-block-image size-full\"><img decoding=\"async\" width=\"544\" height=\"798\" src=\"https:\/\/www.nonsolomusicamagazine.it\/wp-content\/uploads\/2025\/11\/1000094507.jpg\" alt=\"\" class=\"wp-image-13312\" srcset=\"https:\/\/www.nonsolomusicamagazine.it\/wp-content\/uploads\/2025\/11\/1000094507.jpg 544w, https:\/\/www.nonsolomusicamagazine.it\/wp-content\/uploads\/2025\/11\/1000094507-205x300.jpg 205w\" sizes=\"(max-width: 544px) 100vw, 544px\" \/><\/figure>\n","protected":false},"excerpt":{"rendered":"<p>Lavinia Marchetti La pagina sotto a sinistra \u00e8 apparsa su &#8220;La Stampa&#8221; e su &#8220;La Repubblica&#8221; il 7 ottobre 2025. Purtroppo non \u00e8 un semplice spazio bianco coperto d\u2019inchiostro, ma un atto di potere. Una decisione editoriale che costa all&#8217;associazione, secondo i listini pubblicitari nazionali, fra i ventottomila e i quasi quarantamila euro per una [&hellip;]<\/p>\n","protected":false},"author":1,"featured_media":13311,"comment_status":"open","ping_status":"closed","sticky":false,"template":"","format":"standard","meta":{"footnotes":""},"categories":[991,5,20],"tags":[4852,4195,3968,5379,5378,3513,530],"class_list":["post-13310","post","type-post","status-publish","format-standard","has-post-thumbnail","hentry","category-cronaca","category-politica","category-societa","tag-7-ottobre","tag-espulsione","tag-imam","tag-incursione","tag-la-stampa","tag-sionismo","tag-torino"],"yoast_head":"<!-- This site is optimized with the Yoast SEO plugin v27.4 - https:\/\/yoast.com\/product\/yoast-seo-wordpress\/ -->\n<title>LIBERA &quot;STAMPA&quot; IN NEOLIBERISMO GENOCIDARIO. ERRORI DA AMBO LE PARTI. - NonSoloMusicaMagazine<\/title>\n<meta name=\"description\" content=\"Stampa\" \/>\n<meta name=\"robots\" content=\"index, follow, max-snippet:-1, max-image-preview:large, max-video-preview:-1\" \/>\n<link rel=\"canonical\" href=\"https:\/\/www.nonsolomusicamagazine.it\/?p=13310\" \/>\n<meta property=\"og:locale\" content=\"it_IT\" \/>\n<meta property=\"og:type\" content=\"article\" \/>\n<meta property=\"og:title\" content=\"LIBERA &quot;STAMPA&quot; IN NEOLIBERISMO GENOCIDARIO. ERRORI DA AMBO LE PARTI. - NonSoloMusicaMagazine\" \/>\n<meta property=\"og:description\" content=\"Stampa\" \/>\n<meta property=\"og:url\" content=\"https:\/\/www.nonsolomusicamagazine.it\/?p=13310\" \/>\n<meta property=\"og:site_name\" content=\"NonSoloMusicaMagazine\" \/>\n<meta property=\"article:published_time\" content=\"2025-11-30T16:53:57+00:00\" \/>\n<meta property=\"article:modified_time\" content=\"2025-11-30T16:54:00+00:00\" \/>\n<meta property=\"og:image\" content=\"https:\/\/www.nonsolomusicamagazine.it\/wp-content\/uploads\/2025\/11\/1000094508.jpg\" \/>\n\t<meta property=\"og:image:width\" content=\"800\" \/>\n\t<meta property=\"og:image:height\" content=\"450\" \/>\n\t<meta property=\"og:image:type\" content=\"image\/jpeg\" \/>\n<meta name=\"author\" content=\"nonsolomusica\" \/>\n<meta name=\"twitter:card\" content=\"summary_large_image\" \/>\n<meta name=\"twitter:label1\" content=\"Scritto da\" \/>\n\t<meta name=\"twitter:data1\" content=\"nonsolomusica\" \/>\n\t<meta name=\"twitter:label2\" content=\"Tempo di lettura stimato\" \/>\n\t<meta name=\"twitter:data2\" content=\"5 minuti\" \/>\n<script type=\"application\/ld+json\" class=\"yoast-schema-graph\">{\"@context\":\"https:\\\/\\\/schema.org\",\"@graph\":[{\"@type\":\"Article\",\"@id\":\"https:\\\/\\\/www.nonsolomusicamagazine.it\\\/?p=13310#article\",\"isPartOf\":{\"@id\":\"https:\\\/\\\/www.nonsolomusicamagazine.it\\\/?p=13310\"},\"author\":{\"name\":\"nonsolomusica\",\"@id\":\"https:\\\/\\\/www.nonsolomusicamagazine.it\\\/#\\\/schema\\\/person\\\/a3349ad02300d046472d46cf6d31ae46\"},\"headline\":\"LIBERA &#8220;STAMPA&#8221; IN NEOLIBERISMO GENOCIDARIO. ERRORI DA AMBO LE PARTI.\",\"datePublished\":\"2025-11-30T16:53:57+00:00\",\"dateModified\":\"2025-11-30T16:54:00+00:00\",\"mainEntityOfPage\":{\"@id\":\"https:\\\/\\\/www.nonsolomusicamagazine.it\\\/?p=13310\"},\"wordCount\":674,\"commentCount\":0,\"image\":{\"@id\":\"https:\\\/\\\/www.nonsolomusicamagazine.it\\\/?p=13310#primaryimage\"},\"thumbnailUrl\":\"https:\\\/\\\/www.nonsolomusicamagazine.it\\\/wp-content\\\/uploads\\\/2025\\\/11\\\/1000094508.jpg\",\"keywords\":[\"7 ottobre\",\"Espulsione\",\"Imam\",\"Incursione\",\"La Stampa\",\"Sionismo\",\"Torino\"],\"articleSection\":[\"Cronaca\",\"Politica\",\"Societ\u00e0\"],\"inLanguage\":\"it-IT\",\"potentialAction\":[{\"@type\":\"CommentAction\",\"name\":\"Comment\",\"target\":[\"https:\\\/\\\/www.nonsolomusicamagazine.it\\\/?p=13310#respond\"]}]},{\"@type\":\"WebPage\",\"@id\":\"https:\\\/\\\/www.nonsolomusicamagazine.it\\\/?p=13310\",\"url\":\"https:\\\/\\\/www.nonsolomusicamagazine.it\\\/?p=13310\",\"name\":\"LIBERA \\\"STAMPA\\\" IN NEOLIBERISMO GENOCIDARIO. ERRORI DA AMBO LE PARTI. - NonSoloMusicaMagazine\",\"isPartOf\":{\"@id\":\"https:\\\/\\\/www.nonsolomusicamagazine.it\\\/#website\"},\"primaryImageOfPage\":{\"@id\":\"https:\\\/\\\/www.nonsolomusicamagazine.it\\\/?p=13310#primaryimage\"},\"image\":{\"@id\":\"https:\\\/\\\/www.nonsolomusicamagazine.it\\\/?p=13310#primaryimage\"},\"thumbnailUrl\":\"https:\\\/\\\/www.nonsolomusicamagazine.it\\\/wp-content\\\/uploads\\\/2025\\\/11\\\/1000094508.jpg\",\"datePublished\":\"2025-11-30T16:53:57+00:00\",\"dateModified\":\"2025-11-30T16:54:00+00:00\",\"author\":{\"@id\":\"https:\\\/\\\/www.nonsolomusicamagazine.it\\\/#\\\/schema\\\/person\\\/a3349ad02300d046472d46cf6d31ae46\"},\"description\":\"Stampa\",\"breadcrumb\":{\"@id\":\"https:\\\/\\\/www.nonsolomusicamagazine.it\\\/?p=13310#breadcrumb\"},\"inLanguage\":\"it-IT\",\"potentialAction\":[{\"@type\":\"ReadAction\",\"target\":[\"https:\\\/\\\/www.nonsolomusicamagazine.it\\\/?p=13310\"]}]},{\"@type\":\"ImageObject\",\"inLanguage\":\"it-IT\",\"@id\":\"https:\\\/\\\/www.nonsolomusicamagazine.it\\\/?p=13310#primaryimage\",\"url\":\"https:\\\/\\\/www.nonsolomusicamagazine.it\\\/wp-content\\\/uploads\\\/2025\\\/11\\\/1000094508.jpg\",\"contentUrl\":\"https:\\\/\\\/www.nonsolomusicamagazine.it\\\/wp-content\\\/uploads\\\/2025\\\/11\\\/1000094508.jpg\",\"width\":800,\"height\":450},{\"@type\":\"BreadcrumbList\",\"@id\":\"https:\\\/\\\/www.nonsolomusicamagazine.it\\\/?p=13310#breadcrumb\",\"itemListElement\":[{\"@type\":\"ListItem\",\"position\":1,\"name\":\"Home\",\"item\":\"https:\\\/\\\/www.nonsolomusicamagazine.it\\\/\"},{\"@type\":\"ListItem\",\"position\":2,\"name\":\"LIBERA &#8220;STAMPA&#8221; IN NEOLIBERISMO GENOCIDARIO. ERRORI DA AMBO LE PARTI.\"}]},{\"@type\":\"WebSite\",\"@id\":\"https:\\\/\\\/www.nonsolomusicamagazine.it\\\/#website\",\"url\":\"https:\\\/\\\/www.nonsolomusicamagazine.it\\\/\",\"name\":\"Nonsolomusicamagazine\",\"description\":\"Dir. responsabile Manuel M Buccarella\",\"potentialAction\":[{\"@type\":\"SearchAction\",\"target\":{\"@type\":\"EntryPoint\",\"urlTemplate\":\"https:\\\/\\\/www.nonsolomusicamagazine.it\\\/?s={search_term_string}\"},\"query-input\":{\"@type\":\"PropertyValueSpecification\",\"valueRequired\":true,\"valueName\":\"search_term_string\"}}],\"inLanguage\":\"it-IT\"},{\"@type\":\"Person\",\"@id\":\"https:\\\/\\\/www.nonsolomusicamagazine.it\\\/#\\\/schema\\\/person\\\/a3349ad02300d046472d46cf6d31ae46\",\"name\":\"nonsolomusica\",\"image\":{\"@type\":\"ImageObject\",\"inLanguage\":\"it-IT\",\"@id\":\"https:\\\/\\\/www.nonsolomusicamagazine.it\\\/wp-content\\\/litespeed\\\/avatar\\\/3a675484bc84db6aba78d43bfc8b7197.jpg?ver=1776880798\",\"url\":\"https:\\\/\\\/www.nonsolomusicamagazine.it\\\/wp-content\\\/litespeed\\\/avatar\\\/3a675484bc84db6aba78d43bfc8b7197.jpg?ver=1776880798\",\"contentUrl\":\"https:\\\/\\\/www.nonsolomusicamagazine.it\\\/wp-content\\\/litespeed\\\/avatar\\\/3a675484bc84db6aba78d43bfc8b7197.jpg?ver=1776880798\",\"caption\":\"nonsolomusica\"},\"sameAs\":[\"https:\\\/\\\/www.nonsolomusicamagazine.it\"],\"url\":\"https:\\\/\\\/www.nonsolomusicamagazine.it\\\/?author=1\"}]}<\/script>\n<!-- \/ Yoast SEO plugin. -->","yoast_head_json":{"title":"LIBERA \"STAMPA\" IN NEOLIBERISMO GENOCIDARIO. ERRORI DA AMBO LE PARTI. - NonSoloMusicaMagazine","description":"Stampa","robots":{"index":"index","follow":"follow","max-snippet":"max-snippet:-1","max-image-preview":"max-image-preview:large","max-video-preview":"max-video-preview:-1"},"canonical":"https:\/\/www.nonsolomusicamagazine.it\/?p=13310","og_locale":"it_IT","og_type":"article","og_title":"LIBERA \"STAMPA\" IN NEOLIBERISMO GENOCIDARIO. ERRORI DA AMBO LE PARTI. - NonSoloMusicaMagazine","og_description":"Stampa","og_url":"https:\/\/www.nonsolomusicamagazine.it\/?p=13310","og_site_name":"NonSoloMusicaMagazine","article_published_time":"2025-11-30T16:53:57+00:00","article_modified_time":"2025-11-30T16:54:00+00:00","og_image":[{"width":800,"height":450,"url":"https:\/\/www.nonsolomusicamagazine.it\/wp-content\/uploads\/2025\/11\/1000094508.jpg","type":"image\/jpeg"}],"author":"nonsolomusica","twitter_card":"summary_large_image","twitter_misc":{"Scritto da":"nonsolomusica","Tempo di lettura stimato":"5 minuti"},"schema":{"@context":"https:\/\/schema.org","@graph":[{"@type":"Article","@id":"https:\/\/www.nonsolomusicamagazine.it\/?p=13310#article","isPartOf":{"@id":"https:\/\/www.nonsolomusicamagazine.it\/?p=13310"},"author":{"name":"nonsolomusica","@id":"https:\/\/www.nonsolomusicamagazine.it\/#\/schema\/person\/a3349ad02300d046472d46cf6d31ae46"},"headline":"LIBERA &#8220;STAMPA&#8221; IN NEOLIBERISMO GENOCIDARIO. ERRORI DA AMBO LE PARTI.","datePublished":"2025-11-30T16:53:57+00:00","dateModified":"2025-11-30T16:54:00+00:00","mainEntityOfPage":{"@id":"https:\/\/www.nonsolomusicamagazine.it\/?p=13310"},"wordCount":674,"commentCount":0,"image":{"@id":"https:\/\/www.nonsolomusicamagazine.it\/?p=13310#primaryimage"},"thumbnailUrl":"https:\/\/www.nonsolomusicamagazine.it\/wp-content\/uploads\/2025\/11\/1000094508.jpg","keywords":["7 ottobre","Espulsione","Imam","Incursione","La Stampa","Sionismo","Torino"],"articleSection":["Cronaca","Politica","Societ\u00e0"],"inLanguage":"it-IT","potentialAction":[{"@type":"CommentAction","name":"Comment","target":["https:\/\/www.nonsolomusicamagazine.it\/?p=13310#respond"]}]},{"@type":"WebPage","@id":"https:\/\/www.nonsolomusicamagazine.it\/?p=13310","url":"https:\/\/www.nonsolomusicamagazine.it\/?p=13310","name":"LIBERA \"STAMPA\" IN NEOLIBERISMO GENOCIDARIO. ERRORI DA AMBO LE PARTI. - NonSoloMusicaMagazine","isPartOf":{"@id":"https:\/\/www.nonsolomusicamagazine.it\/#website"},"primaryImageOfPage":{"@id":"https:\/\/www.nonsolomusicamagazine.it\/?p=13310#primaryimage"},"image":{"@id":"https:\/\/www.nonsolomusicamagazine.it\/?p=13310#primaryimage"},"thumbnailUrl":"https:\/\/www.nonsolomusicamagazine.it\/wp-content\/uploads\/2025\/11\/1000094508.jpg","datePublished":"2025-11-30T16:53:57+00:00","dateModified":"2025-11-30T16:54:00+00:00","author":{"@id":"https:\/\/www.nonsolomusicamagazine.it\/#\/schema\/person\/a3349ad02300d046472d46cf6d31ae46"},"description":"Stampa","breadcrumb":{"@id":"https:\/\/www.nonsolomusicamagazine.it\/?p=13310#breadcrumb"},"inLanguage":"it-IT","potentialAction":[{"@type":"ReadAction","target":["https:\/\/www.nonsolomusicamagazine.it\/?p=13310"]}]},{"@type":"ImageObject","inLanguage":"it-IT","@id":"https:\/\/www.nonsolomusicamagazine.it\/?p=13310#primaryimage","url":"https:\/\/www.nonsolomusicamagazine.it\/wp-content\/uploads\/2025\/11\/1000094508.jpg","contentUrl":"https:\/\/www.nonsolomusicamagazine.it\/wp-content\/uploads\/2025\/11\/1000094508.jpg","width":800,"height":450},{"@type":"BreadcrumbList","@id":"https:\/\/www.nonsolomusicamagazine.it\/?p=13310#breadcrumb","itemListElement":[{"@type":"ListItem","position":1,"name":"Home","item":"https:\/\/www.nonsolomusicamagazine.it\/"},{"@type":"ListItem","position":2,"name":"LIBERA &#8220;STAMPA&#8221; IN NEOLIBERISMO GENOCIDARIO. ERRORI DA AMBO LE PARTI."}]},{"@type":"WebSite","@id":"https:\/\/www.nonsolomusicamagazine.it\/#website","url":"https:\/\/www.nonsolomusicamagazine.it\/","name":"Nonsolomusicamagazine","description":"Dir. responsabile Manuel M Buccarella","potentialAction":[{"@type":"SearchAction","target":{"@type":"EntryPoint","urlTemplate":"https:\/\/www.nonsolomusicamagazine.it\/?s={search_term_string}"},"query-input":{"@type":"PropertyValueSpecification","valueRequired":true,"valueName":"search_term_string"}}],"inLanguage":"it-IT"},{"@type":"Person","@id":"https:\/\/www.nonsolomusicamagazine.it\/#\/schema\/person\/a3349ad02300d046472d46cf6d31ae46","name":"nonsolomusica","image":{"@type":"ImageObject","inLanguage":"it-IT","@id":"https:\/\/www.nonsolomusicamagazine.it\/wp-content\/litespeed\/avatar\/3a675484bc84db6aba78d43bfc8b7197.jpg?ver=1776880798","url":"https:\/\/www.nonsolomusicamagazine.it\/wp-content\/litespeed\/avatar\/3a675484bc84db6aba78d43bfc8b7197.jpg?ver=1776880798","contentUrl":"https:\/\/www.nonsolomusicamagazine.it\/wp-content\/litespeed\/avatar\/3a675484bc84db6aba78d43bfc8b7197.jpg?ver=1776880798","caption":"nonsolomusica"},"sameAs":["https:\/\/www.nonsolomusicamagazine.it"],"url":"https:\/\/www.nonsolomusicamagazine.it\/?author=1"}]}},"amp_enabled":true,"_links":{"self":[{"href":"https:\/\/www.nonsolomusicamagazine.it\/index.php?rest_route=\/wp\/v2\/posts\/13310","targetHints":{"allow":["GET"]}}],"collection":[{"href":"https:\/\/www.nonsolomusicamagazine.it\/index.php?rest_route=\/wp\/v2\/posts"}],"about":[{"href":"https:\/\/www.nonsolomusicamagazine.it\/index.php?rest_route=\/wp\/v2\/types\/post"}],"author":[{"embeddable":true,"href":"https:\/\/www.nonsolomusicamagazine.it\/index.php?rest_route=\/wp\/v2\/users\/1"}],"replies":[{"embeddable":true,"href":"https:\/\/www.nonsolomusicamagazine.it\/index.php?rest_route=%2Fwp%2Fv2%2Fcomments&post=13310"}],"version-history":[{"count":1,"href":"https:\/\/www.nonsolomusicamagazine.it\/index.php?rest_route=\/wp\/v2\/posts\/13310\/revisions"}],"predecessor-version":[{"id":13313,"href":"https:\/\/www.nonsolomusicamagazine.it\/index.php?rest_route=\/wp\/v2\/posts\/13310\/revisions\/13313"}],"wp:featuredmedia":[{"embeddable":true,"href":"https:\/\/www.nonsolomusicamagazine.it\/index.php?rest_route=\/wp\/v2\/media\/13311"}],"wp:attachment":[{"href":"https:\/\/www.nonsolomusicamagazine.it\/index.php?rest_route=%2Fwp%2Fv2%2Fmedia&parent=13310"}],"wp:term":[{"taxonomy":"category","embeddable":true,"href":"https:\/\/www.nonsolomusicamagazine.it\/index.php?rest_route=%2Fwp%2Fv2%2Fcategories&post=13310"},{"taxonomy":"post_tag","embeddable":true,"href":"https:\/\/www.nonsolomusicamagazine.it\/index.php?rest_route=%2Fwp%2Fv2%2Ftags&post=13310"}],"curies":[{"name":"wp","href":"https:\/\/api.w.org\/{rel}","templated":true}]}}