{"id":13581,"date":"2025-12-15T11:36:51","date_gmt":"2025-12-15T10:36:51","guid":{"rendered":"https:\/\/www.nonsolomusicamagazine.it\/?p=13581"},"modified":"2025-12-15T11:36:52","modified_gmt":"2025-12-15T10:36:52","slug":"lomicidio-pinelli","status":"publish","type":"post","link":"https:\/\/www.nonsolomusicamagazine.it\/?p=13581","title":{"rendered":"L\u2019OMICIDIO PINELLI"},"content":{"rendered":"\n<p class=\"has-text-align-center\"><strong>Alfredo Facchini<\/strong><\/p>\n\n\n\n<p>Milano, 15 dicembre 1969. Le lancette strisciano verso mezzanotte. <\/p>\n\n\n\n<p>Questura di via Fatebenefratelli, quarto piano: luci accese, una finestra spalancata. Un uomo \u00e8 volato gi\u00f9. Un partigiano. Un anarchico. Giuseppe Pinelli.<\/p>\n\n\n\n<p>Il giorno successivo, il Corriere della Sera, bibbia della borghesia milanese, pubblica la versione ufficiale, servita calda e pronta per essere digerita: il commissario Luigi Calabresi ha appena sospeso l\u2019interrogatorio. Nella stanza restano tre agenti di polizia e un ufficiale dei carabinieri. All\u2019improvviso, si legge, Pinelli \u00abcompie un balzo felino verso la finestra e si lancia nel vuoto\u00bb. Un \u201cbalzo felino\u201d. L\u2019espressione \u00e8 del questore Marcello Guida, ex direttore del confino fascista di Ventotene, graziato dopo la guerra.Ma quella ricostruzione non convince nessuno, tranne chi vuole crederci. <\/p>\n\n\n\n<p>Licia Pinelli, la vedova, non teme di dirla nuda e cruda: Giuseppe \u00e8 crollato dopo un colpo secco alla faccia, preso nella colluttazione con i poliziotti. Lo danno per morto. Lo sollevano, lo spingono oltre il davanzale, poi gridano al \u201csuicidio\u201d.<\/p>\n\n\n\n<p>27 ottobre 1975. Il giudice Gerardo D\u2019Ambrosio archivia. Non suicidio. Non omicidio. \u201cMalore attivo.\u201d Una nuova categoria penale, pronunciata per la prima e ultima volta nella storia della giurisprudenza: una vertigine che ti prende, ti fa girare, ti lancia nel vuoto come un acrobata fallito. <\/p>\n\n\n\n<p>La perla del magistrato: \u00abPinelli accende una sigaretta, l\u2019aria \u00e8 pesante, apre la finestra per respirare, viene colto da improvvisa vertigine, compie un atto di difesa in direzione sbagliata: il corpo ruota e precipita nel vuoto.\u00bb Cos\u00ec la Repubblica borghese si lava la coscienza con l\u2019acqua di colonia.Risultato? Tutti assolti. Tutti promossi. Calabresi, Allegra, Panessa, Lo Grano, Mucilli: tutti a casa con la divisa stirata e una pacca sulla spalla. <\/p>\n\n\n\n<p>\u00abBravi ragazzi, avanti il prossimo.\u00bb Chiuso il cerchio.Giuseppe Pinelli aveva quarantun anni. Frenatore allo scalo merci di Porta Garibaldi, staffetta partigiana a quindici, anarchico fino al midollo nei circoli di Ponte della Ghisolfa e via Scaldasole: volantini, collette, solidariet\u00e0 coi compagni in galera.Ed \u00e8 proprio l\u00ec, in via Scaldasole, la sera del 12 dicembre 1969, subito dopo la strage, che arriva il commissario Calabresi con l\u2019ordine in tasca: \u00abVieni in questura, Pinelli, due chiacchiere e torni a casa.\u00bb Gli permette perfino di andarci col motorino. Sappiamo com\u2019\u00e8 andata. Non torner\u00e0 pi\u00f9.<\/p>\n\n\n\n<p>Giuseppe Pinelli resta nella memoria di chi non dimentica: la diciottesima vittima della strage di piazza Fontana. <\/p>\n\n\n\n<figure class=\"wp-block-image size-full\"><img decoding=\"async\" width=\"943\" height=\"855\" src=\"https:\/\/www.nonsolomusicamagazine.it\/wp-content\/uploads\/2025\/12\/1000097961.jpg\" alt=\"\" class=\"wp-image-13582\" srcset=\"https:\/\/www.nonsolomusicamagazine.it\/wp-content\/uploads\/2025\/12\/1000097961.jpg 943w, https:\/\/www.nonsolomusicamagazine.it\/wp-content\/uploads\/2025\/12\/1000097961-300x272.jpg 300w, https:\/\/www.nonsolomusicamagazine.it\/wp-content\/uploads\/2025\/12\/1000097961-768x696.jpg 768w\" sizes=\"(max-width: 943px) 100vw, 943px\" \/><\/figure>\n","protected":false},"excerpt":{"rendered":"<p>Alfredo Facchini Milano, 15 dicembre 1969. Le lancette strisciano verso mezzanotte. Questura di via Fatebenefratelli, quarto piano: luci accese, una finestra spalancata. Un uomo \u00e8 volato gi\u00f9. Un partigiano. Un anarchico. Giuseppe Pinelli. Il giorno successivo, il Corriere della Sera, bibbia della borghesia milanese, pubblica la versione ufficiale, servita calda e pronta per essere digerita: [&hellip;]<\/p>\n","protected":false},"author":1,"featured_media":13582,"comment_status":"open","ping_status":"closed","sticky":false,"template":"","format":"standard","meta":{"footnotes":""},"categories":[5,1321],"tags":[],"class_list":["post-13581","post","type-post","status-publish","format-standard","has-post-thumbnail","hentry","category-politica","category-storia"],"yoast_head":"<!-- This site is optimized with the Yoast SEO plugin v27.4 - https:\/\/yoast.com\/product\/yoast-seo-wordpress\/ -->\n<title>L\u2019OMICIDIO PINELLI - NonSoloMusicaMagazine<\/title>\n<meta name=\"description\" content=\"Giuseppe Pinelli\" \/>\n<meta name=\"robots\" content=\"index, follow, max-snippet:-1, max-image-preview:large, max-video-preview:-1\" \/>\n<link rel=\"canonical\" href=\"https:\/\/www.nonsolomusicamagazine.it\/?p=13581\" \/>\n<meta property=\"og:locale\" content=\"it_IT\" \/>\n<meta property=\"og:type\" content=\"article\" \/>\n<meta property=\"og:title\" content=\"L\u2019OMICIDIO PINELLI - NonSoloMusicaMagazine\" \/>\n<meta property=\"og:description\" content=\"Giuseppe Pinelli\" \/>\n<meta property=\"og:url\" content=\"https:\/\/www.nonsolomusicamagazine.it\/?p=13581\" \/>\n<meta property=\"og:site_name\" content=\"NonSoloMusicaMagazine\" \/>\n<meta property=\"article:published_time\" content=\"2025-12-15T10:36:51+00:00\" \/>\n<meta property=\"article:modified_time\" content=\"2025-12-15T10:36:52+00:00\" \/>\n<meta property=\"og:image\" content=\"https:\/\/www.nonsolomusicamagazine.it\/wp-content\/uploads\/2025\/12\/1000097961.jpg\" \/>\n\t<meta property=\"og:image:width\" content=\"943\" \/>\n\t<meta property=\"og:image:height\" content=\"855\" \/>\n\t<meta property=\"og:image:type\" content=\"image\/jpeg\" \/>\n<meta name=\"author\" content=\"nonsolomusica\" \/>\n<meta name=\"twitter:card\" content=\"summary_large_image\" \/>\n<meta name=\"twitter:label1\" content=\"Scritto da\" \/>\n\t<meta name=\"twitter:data1\" content=\"nonsolomusica\" \/>\n\t<meta name=\"twitter:label2\" content=\"Tempo di lettura stimato\" \/>\n\t<meta name=\"twitter:data2\" content=\"3 minuti\" \/>\n<script type=\"application\/ld+json\" class=\"yoast-schema-graph\">{\"@context\":\"https:\\\/\\\/schema.org\",\"@graph\":[{\"@type\":\"Article\",\"@id\":\"https:\\\/\\\/www.nonsolomusicamagazine.it\\\/?p=13581#article\",\"isPartOf\":{\"@id\":\"https:\\\/\\\/www.nonsolomusicamagazine.it\\\/?p=13581\"},\"author\":{\"name\":\"nonsolomusica\",\"@id\":\"https:\\\/\\\/www.nonsolomusicamagazine.it\\\/#\\\/schema\\\/person\\\/a3349ad02300d046472d46cf6d31ae46\"},\"headline\":\"L\u2019OMICIDIO PINELLI\",\"datePublished\":\"2025-12-15T10:36:51+00:00\",\"dateModified\":\"2025-12-15T10:36:52+00:00\",\"mainEntityOfPage\":{\"@id\":\"https:\\\/\\\/www.nonsolomusicamagazine.it\\\/?p=13581\"},\"wordCount\":387,\"commentCount\":0,\"image\":{\"@id\":\"https:\\\/\\\/www.nonsolomusicamagazine.it\\\/?p=13581#primaryimage\"},\"thumbnailUrl\":\"https:\\\/\\\/www.nonsolomusicamagazine.it\\\/wp-content\\\/uploads\\\/2025\\\/12\\\/1000097961.jpg\",\"articleSection\":[\"Politica\",\"Storia\"],\"inLanguage\":\"it-IT\",\"potentialAction\":[{\"@type\":\"CommentAction\",\"name\":\"Comment\",\"target\":[\"https:\\\/\\\/www.nonsolomusicamagazine.it\\\/?p=13581#respond\"]}]},{\"@type\":\"WebPage\",\"@id\":\"https:\\\/\\\/www.nonsolomusicamagazine.it\\\/?p=13581\",\"url\":\"https:\\\/\\\/www.nonsolomusicamagazine.it\\\/?p=13581\",\"name\":\"L\u2019OMICIDIO PINELLI - NonSoloMusicaMagazine\",\"isPartOf\":{\"@id\":\"https:\\\/\\\/www.nonsolomusicamagazine.it\\\/#website\"},\"primaryImageOfPage\":{\"@id\":\"https:\\\/\\\/www.nonsolomusicamagazine.it\\\/?p=13581#primaryimage\"},\"image\":{\"@id\":\"https:\\\/\\\/www.nonsolomusicamagazine.it\\\/?p=13581#primaryimage\"},\"thumbnailUrl\":\"https:\\\/\\\/www.nonsolomusicamagazine.it\\\/wp-content\\\/uploads\\\/2025\\\/12\\\/1000097961.jpg\",\"datePublished\":\"2025-12-15T10:36:51+00:00\",\"dateModified\":\"2025-12-15T10:36:52+00:00\",\"author\":{\"@id\":\"https:\\\/\\\/www.nonsolomusicamagazine.it\\\/#\\\/schema\\\/person\\\/a3349ad02300d046472d46cf6d31ae46\"},\"description\":\"Giuseppe Pinelli\",\"breadcrumb\":{\"@id\":\"https:\\\/\\\/www.nonsolomusicamagazine.it\\\/?p=13581#breadcrumb\"},\"inLanguage\":\"it-IT\",\"potentialAction\":[{\"@type\":\"ReadAction\",\"target\":[\"https:\\\/\\\/www.nonsolomusicamagazine.it\\\/?p=13581\"]}]},{\"@type\":\"ImageObject\",\"inLanguage\":\"it-IT\",\"@id\":\"https:\\\/\\\/www.nonsolomusicamagazine.it\\\/?p=13581#primaryimage\",\"url\":\"https:\\\/\\\/www.nonsolomusicamagazine.it\\\/wp-content\\\/uploads\\\/2025\\\/12\\\/1000097961.jpg\",\"contentUrl\":\"https:\\\/\\\/www.nonsolomusicamagazine.it\\\/wp-content\\\/uploads\\\/2025\\\/12\\\/1000097961.jpg\",\"width\":943,\"height\":855},{\"@type\":\"BreadcrumbList\",\"@id\":\"https:\\\/\\\/www.nonsolomusicamagazine.it\\\/?p=13581#breadcrumb\",\"itemListElement\":[{\"@type\":\"ListItem\",\"position\":1,\"name\":\"Home\",\"item\":\"https:\\\/\\\/www.nonsolomusicamagazine.it\\\/\"},{\"@type\":\"ListItem\",\"position\":2,\"name\":\"L\u2019OMICIDIO PINELLI\"}]},{\"@type\":\"WebSite\",\"@id\":\"https:\\\/\\\/www.nonsolomusicamagazine.it\\\/#website\",\"url\":\"https:\\\/\\\/www.nonsolomusicamagazine.it\\\/\",\"name\":\"Nonsolomusicamagazine\",\"description\":\"Dir. responsabile Manuel M Buccarella\",\"potentialAction\":[{\"@type\":\"SearchAction\",\"target\":{\"@type\":\"EntryPoint\",\"urlTemplate\":\"https:\\\/\\\/www.nonsolomusicamagazine.it\\\/?s={search_term_string}\"},\"query-input\":{\"@type\":\"PropertyValueSpecification\",\"valueRequired\":true,\"valueName\":\"search_term_string\"}}],\"inLanguage\":\"it-IT\"},{\"@type\":\"Person\",\"@id\":\"https:\\\/\\\/www.nonsolomusicamagazine.it\\\/#\\\/schema\\\/person\\\/a3349ad02300d046472d46cf6d31ae46\",\"name\":\"nonsolomusica\",\"image\":{\"@type\":\"ImageObject\",\"inLanguage\":\"it-IT\",\"@id\":\"https:\\\/\\\/www.nonsolomusicamagazine.it\\\/wp-content\\\/litespeed\\\/avatar\\\/3a675484bc84db6aba78d43bfc8b7197.jpg?ver=1776880798\",\"url\":\"https:\\\/\\\/www.nonsolomusicamagazine.it\\\/wp-content\\\/litespeed\\\/avatar\\\/3a675484bc84db6aba78d43bfc8b7197.jpg?ver=1776880798\",\"contentUrl\":\"https:\\\/\\\/www.nonsolomusicamagazine.it\\\/wp-content\\\/litespeed\\\/avatar\\\/3a675484bc84db6aba78d43bfc8b7197.jpg?ver=1776880798\",\"caption\":\"nonsolomusica\"},\"sameAs\":[\"https:\\\/\\\/www.nonsolomusicamagazine.it\"],\"url\":\"https:\\\/\\\/www.nonsolomusicamagazine.it\\\/?author=1\"}]}<\/script>\n<!-- \/ Yoast SEO plugin. -->","yoast_head_json":{"title":"L\u2019OMICIDIO PINELLI - NonSoloMusicaMagazine","description":"Giuseppe Pinelli","robots":{"index":"index","follow":"follow","max-snippet":"max-snippet:-1","max-image-preview":"max-image-preview:large","max-video-preview":"max-video-preview:-1"},"canonical":"https:\/\/www.nonsolomusicamagazine.it\/?p=13581","og_locale":"it_IT","og_type":"article","og_title":"L\u2019OMICIDIO PINELLI - NonSoloMusicaMagazine","og_description":"Giuseppe Pinelli","og_url":"https:\/\/www.nonsolomusicamagazine.it\/?p=13581","og_site_name":"NonSoloMusicaMagazine","article_published_time":"2025-12-15T10:36:51+00:00","article_modified_time":"2025-12-15T10:36:52+00:00","og_image":[{"width":943,"height":855,"url":"https:\/\/www.nonsolomusicamagazine.it\/wp-content\/uploads\/2025\/12\/1000097961.jpg","type":"image\/jpeg"}],"author":"nonsolomusica","twitter_card":"summary_large_image","twitter_misc":{"Scritto da":"nonsolomusica","Tempo di lettura stimato":"3 minuti"},"schema":{"@context":"https:\/\/schema.org","@graph":[{"@type":"Article","@id":"https:\/\/www.nonsolomusicamagazine.it\/?p=13581#article","isPartOf":{"@id":"https:\/\/www.nonsolomusicamagazine.it\/?p=13581"},"author":{"name":"nonsolomusica","@id":"https:\/\/www.nonsolomusicamagazine.it\/#\/schema\/person\/a3349ad02300d046472d46cf6d31ae46"},"headline":"L\u2019OMICIDIO PINELLI","datePublished":"2025-12-15T10:36:51+00:00","dateModified":"2025-12-15T10:36:52+00:00","mainEntityOfPage":{"@id":"https:\/\/www.nonsolomusicamagazine.it\/?p=13581"},"wordCount":387,"commentCount":0,"image":{"@id":"https:\/\/www.nonsolomusicamagazine.it\/?p=13581#primaryimage"},"thumbnailUrl":"https:\/\/www.nonsolomusicamagazine.it\/wp-content\/uploads\/2025\/12\/1000097961.jpg","articleSection":["Politica","Storia"],"inLanguage":"it-IT","potentialAction":[{"@type":"CommentAction","name":"Comment","target":["https:\/\/www.nonsolomusicamagazine.it\/?p=13581#respond"]}]},{"@type":"WebPage","@id":"https:\/\/www.nonsolomusicamagazine.it\/?p=13581","url":"https:\/\/www.nonsolomusicamagazine.it\/?p=13581","name":"L\u2019OMICIDIO PINELLI - NonSoloMusicaMagazine","isPartOf":{"@id":"https:\/\/www.nonsolomusicamagazine.it\/#website"},"primaryImageOfPage":{"@id":"https:\/\/www.nonsolomusicamagazine.it\/?p=13581#primaryimage"},"image":{"@id":"https:\/\/www.nonsolomusicamagazine.it\/?p=13581#primaryimage"},"thumbnailUrl":"https:\/\/www.nonsolomusicamagazine.it\/wp-content\/uploads\/2025\/12\/1000097961.jpg","datePublished":"2025-12-15T10:36:51+00:00","dateModified":"2025-12-15T10:36:52+00:00","author":{"@id":"https:\/\/www.nonsolomusicamagazine.it\/#\/schema\/person\/a3349ad02300d046472d46cf6d31ae46"},"description":"Giuseppe Pinelli","breadcrumb":{"@id":"https:\/\/www.nonsolomusicamagazine.it\/?p=13581#breadcrumb"},"inLanguage":"it-IT","potentialAction":[{"@type":"ReadAction","target":["https:\/\/www.nonsolomusicamagazine.it\/?p=13581"]}]},{"@type":"ImageObject","inLanguage":"it-IT","@id":"https:\/\/www.nonsolomusicamagazine.it\/?p=13581#primaryimage","url":"https:\/\/www.nonsolomusicamagazine.it\/wp-content\/uploads\/2025\/12\/1000097961.jpg","contentUrl":"https:\/\/www.nonsolomusicamagazine.it\/wp-content\/uploads\/2025\/12\/1000097961.jpg","width":943,"height":855},{"@type":"BreadcrumbList","@id":"https:\/\/www.nonsolomusicamagazine.it\/?p=13581#breadcrumb","itemListElement":[{"@type":"ListItem","position":1,"name":"Home","item":"https:\/\/www.nonsolomusicamagazine.it\/"},{"@type":"ListItem","position":2,"name":"L\u2019OMICIDIO PINELLI"}]},{"@type":"WebSite","@id":"https:\/\/www.nonsolomusicamagazine.it\/#website","url":"https:\/\/www.nonsolomusicamagazine.it\/","name":"Nonsolomusicamagazine","description":"Dir. responsabile Manuel M Buccarella","potentialAction":[{"@type":"SearchAction","target":{"@type":"EntryPoint","urlTemplate":"https:\/\/www.nonsolomusicamagazine.it\/?s={search_term_string}"},"query-input":{"@type":"PropertyValueSpecification","valueRequired":true,"valueName":"search_term_string"}}],"inLanguage":"it-IT"},{"@type":"Person","@id":"https:\/\/www.nonsolomusicamagazine.it\/#\/schema\/person\/a3349ad02300d046472d46cf6d31ae46","name":"nonsolomusica","image":{"@type":"ImageObject","inLanguage":"it-IT","@id":"https:\/\/www.nonsolomusicamagazine.it\/wp-content\/litespeed\/avatar\/3a675484bc84db6aba78d43bfc8b7197.jpg?ver=1776880798","url":"https:\/\/www.nonsolomusicamagazine.it\/wp-content\/litespeed\/avatar\/3a675484bc84db6aba78d43bfc8b7197.jpg?ver=1776880798","contentUrl":"https:\/\/www.nonsolomusicamagazine.it\/wp-content\/litespeed\/avatar\/3a675484bc84db6aba78d43bfc8b7197.jpg?ver=1776880798","caption":"nonsolomusica"},"sameAs":["https:\/\/www.nonsolomusicamagazine.it"],"url":"https:\/\/www.nonsolomusicamagazine.it\/?author=1"}]}},"amp_enabled":true,"_links":{"self":[{"href":"https:\/\/www.nonsolomusicamagazine.it\/index.php?rest_route=\/wp\/v2\/posts\/13581","targetHints":{"allow":["GET"]}}],"collection":[{"href":"https:\/\/www.nonsolomusicamagazine.it\/index.php?rest_route=\/wp\/v2\/posts"}],"about":[{"href":"https:\/\/www.nonsolomusicamagazine.it\/index.php?rest_route=\/wp\/v2\/types\/post"}],"author":[{"embeddable":true,"href":"https:\/\/www.nonsolomusicamagazine.it\/index.php?rest_route=\/wp\/v2\/users\/1"}],"replies":[{"embeddable":true,"href":"https:\/\/www.nonsolomusicamagazine.it\/index.php?rest_route=%2Fwp%2Fv2%2Fcomments&post=13581"}],"version-history":[{"count":1,"href":"https:\/\/www.nonsolomusicamagazine.it\/index.php?rest_route=\/wp\/v2\/posts\/13581\/revisions"}],"predecessor-version":[{"id":13583,"href":"https:\/\/www.nonsolomusicamagazine.it\/index.php?rest_route=\/wp\/v2\/posts\/13581\/revisions\/13583"}],"wp:featuredmedia":[{"embeddable":true,"href":"https:\/\/www.nonsolomusicamagazine.it\/index.php?rest_route=\/wp\/v2\/media\/13582"}],"wp:attachment":[{"href":"https:\/\/www.nonsolomusicamagazine.it\/index.php?rest_route=%2Fwp%2Fv2%2Fmedia&parent=13581"}],"wp:term":[{"taxonomy":"category","embeddable":true,"href":"https:\/\/www.nonsolomusicamagazine.it\/index.php?rest_route=%2Fwp%2Fv2%2Fcategories&post=13581"},{"taxonomy":"post_tag","embeddable":true,"href":"https:\/\/www.nonsolomusicamagazine.it\/index.php?rest_route=%2Fwp%2Fv2%2Ftags&post=13581"}],"curies":[{"name":"wp","href":"https:\/\/api.w.org\/{rel}","templated":true}]}}