{"id":13680,"date":"2025-12-20T11:50:57","date_gmt":"2025-12-20T10:50:57","guid":{"rendered":"https:\/\/www.nonsolomusicamagazine.it\/?p=13680"},"modified":"2025-12-20T11:50:59","modified_gmt":"2025-12-20T10:50:59","slug":"ogro","status":"publish","type":"post","link":"https:\/\/www.nonsolomusicamagazine.it\/?p=13680","title":{"rendered":"OGRO"},"content":{"rendered":"\n<p class=\"has-text-align-center\"><strong>Alfredo Facchini<\/strong><\/p>\n\n\n\n<p>&#8220;Non rinunciare mai ai tuoi sogni!Se ci credi, nulla \u00e8 impossibile! A Luis dissero che non sarebbe mai diventato astronauta perch\u00e9 la Spagna non aveva un programma spaziale! Ma lui voleva volare, e vol\u00f2!&#8221;<\/p>\n\n\n\n<p>Madrid, 20 dicembre 1973. Un\u2019esplosione di eccezionale potenza scaglia nel cielo della capitale l\u2019auto sulla quale viaggia l\u2019ammiraglio Luis Carrero Blanco, detto \u00abl\u2019Orco\u00bb, presidente del governo fascista spagnolo e delfino del dittatore Francisco Franco.L\u2019attentato viene rivendicato dall\u2019ETA. <\/p>\n\n\n\n<p>La preparazione dell\u2019operazione, battezzata \u201cOgro\u201d (\u201corco\u201d in italiano), dura nove mesi ed \u00e8 affidata al \u201cCommando Txikia\u201d.In origine l\u2019idea \u00e8 quella di sequestrare Carrero Blanco per chiedere, in cambio, la liberazione di alcuni detenuti politici; ma quando, a luglio, \u201cOgro\u201d diventa capo del governo, la scorta militare viene rafforzata e il piano di sequestro abbandonato.I quattro militanti del commando di \u201cEuskadi Ta Askatasuna\u201d si convincono che il modo migliore per eliminare Carrero Blanco sia farlo saltare in aria con la dinamite.Scavano una galleria sotto il manto stradale all\u2019altezza di calle Claudio Coello. Tre cariche da 15 kg ciascuna vengono posizionate nella galleria e collegate da un cavo elettrico lungo 50 metri, per essere fatte esplodere contemporaneamente.Carrero Blanco esce dalla sua abitazione nel centro di Madrid per recarsi prima in chiesa e poi in ufficio. I dittatori sono tutti molto religiosi. Una Morris 1300 viene parcheggiata in seconda fila, in modo che il corteo di auto dell\u2019ammiraglio sia costretto a transitare al centro della strada. La Morris \u00e8 imbottita di dinamite. Quando l\u2019auto di Carrero Blanco, una Dodge Dart blindata, raggiunge il punto stabilito, viene fatta brillare la carica esplosiva.L\u2019effetto \u00e8 devastante. L\u2019auto del dittatore viene catapultata in aria per oltre venti metri, scavalca un palazzo antistante e atterra su un balcone che d\u00e0 sul cortile interno. Carrero Blanco non muore all\u2019istante, ma in ospedale, dopo essere stato estratto agonizzante dal veicolo.L\u2019auto di scorta finisce contro un muro e gli agenti che la occupano, feriti dall\u2019esplosione, non si rendono immediatamente conto dell\u2019accaduto. I guerriglieri baschi, gli etarra, hanno tutto il tempo di allontanarsi indisturbati dalla scena della deflagrazione.<\/p>\n\n\n\n<p>Operazione compiuta. Vola, Carrero, vola.<\/p>\n\n\n\n<figure class=\"wp-block-image size-large\"><img decoding=\"async\" width=\"554\" height=\"1024\" src=\"https:\/\/www.nonsolomusicamagazine.it\/wp-content\/uploads\/2025\/12\/1000098914-554x1024.jpg\" alt=\"\" class=\"wp-image-13681\" srcset=\"https:\/\/www.nonsolomusicamagazine.it\/wp-content\/uploads\/2025\/12\/1000098914-554x1024.jpg 554w, https:\/\/www.nonsolomusicamagazine.it\/wp-content\/uploads\/2025\/12\/1000098914-162x300.jpg 162w, https:\/\/www.nonsolomusicamagazine.it\/wp-content\/uploads\/2025\/12\/1000098914-768x1420.jpg 768w, https:\/\/www.nonsolomusicamagazine.it\/wp-content\/uploads\/2025\/12\/1000098914-831x1536.jpg 831w, https:\/\/www.nonsolomusicamagazine.it\/wp-content\/uploads\/2025\/12\/1000098914.jpg 1108w\" sizes=\"(max-width: 554px) 100vw, 554px\" \/><\/figure>\n","protected":false},"excerpt":{"rendered":"<p>Alfredo Facchini &#8220;Non rinunciare mai ai tuoi sogni!Se ci credi, nulla \u00e8 impossibile! A Luis dissero che non sarebbe mai diventato astronauta perch\u00e9 la Spagna non aveva un programma spaziale! Ma lui voleva volare, e vol\u00f2!&#8221; Madrid, 20 dicembre 1973. Un\u2019esplosione di eccezionale potenza scaglia nel cielo della capitale l\u2019auto sulla quale viaggia l\u2019ammiraglio Luis [&hellip;]<\/p>\n","protected":false},"author":1,"featured_media":13681,"comment_status":"open","ping_status":"closed","sticky":false,"template":"","format":"standard","meta":{"footnotes":""},"categories":[5,1321],"tags":[1323,955,5497,3415,5496,953],"class_list":["post-13680","post","type-post","status-publish","format-standard","has-post-thumbnail","hentry","category-politica","category-storia","tag-attentato","tag-francisco-franco","tag-luis-carrero-blanco","tag-madrid","tag-ogro","tag-spagna"],"yoast_head":"<!-- This site is optimized with the Yoast SEO plugin v27.4 - https:\/\/yoast.com\/product\/yoast-seo-wordpress\/ -->\n<title>OGRO - NonSoloMusicaMagazine<\/title>\n<meta name=\"description\" content=\"Ogro\" \/>\n<meta name=\"robots\" content=\"index, follow, max-snippet:-1, max-image-preview:large, max-video-preview:-1\" \/>\n<link rel=\"canonical\" href=\"https:\/\/www.nonsolomusicamagazine.it\/?p=13680\" \/>\n<meta property=\"og:locale\" content=\"it_IT\" \/>\n<meta property=\"og:type\" content=\"article\" \/>\n<meta property=\"og:title\" content=\"OGRO - NonSoloMusicaMagazine\" \/>\n<meta property=\"og:description\" content=\"Ogro\" \/>\n<meta property=\"og:url\" content=\"https:\/\/www.nonsolomusicamagazine.it\/?p=13680\" \/>\n<meta property=\"og:site_name\" content=\"NonSoloMusicaMagazine\" \/>\n<meta property=\"article:published_time\" content=\"2025-12-20T10:50:57+00:00\" \/>\n<meta property=\"article:modified_time\" content=\"2025-12-20T10:50:59+00:00\" \/>\n<meta property=\"og:image\" content=\"https:\/\/www.nonsolomusicamagazine.it\/wp-content\/uploads\/2025\/12\/1000098914.jpg\" \/>\n\t<meta property=\"og:image:width\" content=\"1108\" \/>\n\t<meta property=\"og:image:height\" content=\"2048\" \/>\n\t<meta property=\"og:image:type\" content=\"image\/jpeg\" \/>\n<meta name=\"author\" content=\"nonsolomusica\" \/>\n<meta name=\"twitter:card\" content=\"summary_large_image\" \/>\n<meta name=\"twitter:label1\" content=\"Scritto da\" \/>\n\t<meta name=\"twitter:data1\" content=\"nonsolomusica\" \/>\n\t<meta name=\"twitter:label2\" content=\"Tempo di lettura stimato\" \/>\n\t<meta name=\"twitter:data2\" content=\"3 minuti\" \/>\n<script type=\"application\/ld+json\" class=\"yoast-schema-graph\">{\"@context\":\"https:\\\/\\\/schema.org\",\"@graph\":[{\"@type\":\"Article\",\"@id\":\"https:\\\/\\\/www.nonsolomusicamagazine.it\\\/?p=13680#article\",\"isPartOf\":{\"@id\":\"https:\\\/\\\/www.nonsolomusicamagazine.it\\\/?p=13680\"},\"author\":{\"name\":\"nonsolomusica\",\"@id\":\"https:\\\/\\\/www.nonsolomusicamagazine.it\\\/#\\\/schema\\\/person\\\/a3349ad02300d046472d46cf6d31ae46\"},\"headline\":\"OGRO\",\"datePublished\":\"2025-12-20T10:50:57+00:00\",\"dateModified\":\"2025-12-20T10:50:59+00:00\",\"mainEntityOfPage\":{\"@id\":\"https:\\\/\\\/www.nonsolomusicamagazine.it\\\/?p=13680\"},\"wordCount\":361,\"commentCount\":0,\"image\":{\"@id\":\"https:\\\/\\\/www.nonsolomusicamagazine.it\\\/?p=13680#primaryimage\"},\"thumbnailUrl\":\"https:\\\/\\\/www.nonsolomusicamagazine.it\\\/wp-content\\\/uploads\\\/2025\\\/12\\\/1000098914.jpg\",\"keywords\":[\"Attentato\",\"Francisco Franco\",\"Luis Carrero Blanco\",\"Madrid\",\"Ogro\",\"Spagna\"],\"articleSection\":[\"Politica\",\"Storia\"],\"inLanguage\":\"it-IT\",\"potentialAction\":[{\"@type\":\"CommentAction\",\"name\":\"Comment\",\"target\":[\"https:\\\/\\\/www.nonsolomusicamagazine.it\\\/?p=13680#respond\"]}]},{\"@type\":\"WebPage\",\"@id\":\"https:\\\/\\\/www.nonsolomusicamagazine.it\\\/?p=13680\",\"url\":\"https:\\\/\\\/www.nonsolomusicamagazine.it\\\/?p=13680\",\"name\":\"OGRO - NonSoloMusicaMagazine\",\"isPartOf\":{\"@id\":\"https:\\\/\\\/www.nonsolomusicamagazine.it\\\/#website\"},\"primaryImageOfPage\":{\"@id\":\"https:\\\/\\\/www.nonsolomusicamagazine.it\\\/?p=13680#primaryimage\"},\"image\":{\"@id\":\"https:\\\/\\\/www.nonsolomusicamagazine.it\\\/?p=13680#primaryimage\"},\"thumbnailUrl\":\"https:\\\/\\\/www.nonsolomusicamagazine.it\\\/wp-content\\\/uploads\\\/2025\\\/12\\\/1000098914.jpg\",\"datePublished\":\"2025-12-20T10:50:57+00:00\",\"dateModified\":\"2025-12-20T10:50:59+00:00\",\"author\":{\"@id\":\"https:\\\/\\\/www.nonsolomusicamagazine.it\\\/#\\\/schema\\\/person\\\/a3349ad02300d046472d46cf6d31ae46\"},\"description\":\"Ogro\",\"breadcrumb\":{\"@id\":\"https:\\\/\\\/www.nonsolomusicamagazine.it\\\/?p=13680#breadcrumb\"},\"inLanguage\":\"it-IT\",\"potentialAction\":[{\"@type\":\"ReadAction\",\"target\":[\"https:\\\/\\\/www.nonsolomusicamagazine.it\\\/?p=13680\"]}]},{\"@type\":\"ImageObject\",\"inLanguage\":\"it-IT\",\"@id\":\"https:\\\/\\\/www.nonsolomusicamagazine.it\\\/?p=13680#primaryimage\",\"url\":\"https:\\\/\\\/www.nonsolomusicamagazine.it\\\/wp-content\\\/uploads\\\/2025\\\/12\\\/1000098914.jpg\",\"contentUrl\":\"https:\\\/\\\/www.nonsolomusicamagazine.it\\\/wp-content\\\/uploads\\\/2025\\\/12\\\/1000098914.jpg\",\"width\":1108,\"height\":2048},{\"@type\":\"BreadcrumbList\",\"@id\":\"https:\\\/\\\/www.nonsolomusicamagazine.it\\\/?p=13680#breadcrumb\",\"itemListElement\":[{\"@type\":\"ListItem\",\"position\":1,\"name\":\"Home\",\"item\":\"https:\\\/\\\/www.nonsolomusicamagazine.it\\\/\"},{\"@type\":\"ListItem\",\"position\":2,\"name\":\"OGRO\"}]},{\"@type\":\"WebSite\",\"@id\":\"https:\\\/\\\/www.nonsolomusicamagazine.it\\\/#website\",\"url\":\"https:\\\/\\\/www.nonsolomusicamagazine.it\\\/\",\"name\":\"Nonsolomusicamagazine\",\"description\":\"Dir. responsabile Manuel M Buccarella\",\"potentialAction\":[{\"@type\":\"SearchAction\",\"target\":{\"@type\":\"EntryPoint\",\"urlTemplate\":\"https:\\\/\\\/www.nonsolomusicamagazine.it\\\/?s={search_term_string}\"},\"query-input\":{\"@type\":\"PropertyValueSpecification\",\"valueRequired\":true,\"valueName\":\"search_term_string\"}}],\"inLanguage\":\"it-IT\"},{\"@type\":\"Person\",\"@id\":\"https:\\\/\\\/www.nonsolomusicamagazine.it\\\/#\\\/schema\\\/person\\\/a3349ad02300d046472d46cf6d31ae46\",\"name\":\"nonsolomusica\",\"image\":{\"@type\":\"ImageObject\",\"inLanguage\":\"it-IT\",\"@id\":\"https:\\\/\\\/www.nonsolomusicamagazine.it\\\/wp-content\\\/litespeed\\\/avatar\\\/3a675484bc84db6aba78d43bfc8b7197.jpg?ver=1776880798\",\"url\":\"https:\\\/\\\/www.nonsolomusicamagazine.it\\\/wp-content\\\/litespeed\\\/avatar\\\/3a675484bc84db6aba78d43bfc8b7197.jpg?ver=1776880798\",\"contentUrl\":\"https:\\\/\\\/www.nonsolomusicamagazine.it\\\/wp-content\\\/litespeed\\\/avatar\\\/3a675484bc84db6aba78d43bfc8b7197.jpg?ver=1776880798\",\"caption\":\"nonsolomusica\"},\"sameAs\":[\"https:\\\/\\\/www.nonsolomusicamagazine.it\"],\"url\":\"https:\\\/\\\/www.nonsolomusicamagazine.it\\\/?author=1\"}]}<\/script>\n<!-- \/ Yoast SEO plugin. -->","yoast_head_json":{"title":"OGRO - NonSoloMusicaMagazine","description":"Ogro","robots":{"index":"index","follow":"follow","max-snippet":"max-snippet:-1","max-image-preview":"max-image-preview:large","max-video-preview":"max-video-preview:-1"},"canonical":"https:\/\/www.nonsolomusicamagazine.it\/?p=13680","og_locale":"it_IT","og_type":"article","og_title":"OGRO - NonSoloMusicaMagazine","og_description":"Ogro","og_url":"https:\/\/www.nonsolomusicamagazine.it\/?p=13680","og_site_name":"NonSoloMusicaMagazine","article_published_time":"2025-12-20T10:50:57+00:00","article_modified_time":"2025-12-20T10:50:59+00:00","og_image":[{"width":1108,"height":2048,"url":"https:\/\/www.nonsolomusicamagazine.it\/wp-content\/uploads\/2025\/12\/1000098914.jpg","type":"image\/jpeg"}],"author":"nonsolomusica","twitter_card":"summary_large_image","twitter_misc":{"Scritto da":"nonsolomusica","Tempo di lettura stimato":"3 minuti"},"schema":{"@context":"https:\/\/schema.org","@graph":[{"@type":"Article","@id":"https:\/\/www.nonsolomusicamagazine.it\/?p=13680#article","isPartOf":{"@id":"https:\/\/www.nonsolomusicamagazine.it\/?p=13680"},"author":{"name":"nonsolomusica","@id":"https:\/\/www.nonsolomusicamagazine.it\/#\/schema\/person\/a3349ad02300d046472d46cf6d31ae46"},"headline":"OGRO","datePublished":"2025-12-20T10:50:57+00:00","dateModified":"2025-12-20T10:50:59+00:00","mainEntityOfPage":{"@id":"https:\/\/www.nonsolomusicamagazine.it\/?p=13680"},"wordCount":361,"commentCount":0,"image":{"@id":"https:\/\/www.nonsolomusicamagazine.it\/?p=13680#primaryimage"},"thumbnailUrl":"https:\/\/www.nonsolomusicamagazine.it\/wp-content\/uploads\/2025\/12\/1000098914.jpg","keywords":["Attentato","Francisco Franco","Luis Carrero Blanco","Madrid","Ogro","Spagna"],"articleSection":["Politica","Storia"],"inLanguage":"it-IT","potentialAction":[{"@type":"CommentAction","name":"Comment","target":["https:\/\/www.nonsolomusicamagazine.it\/?p=13680#respond"]}]},{"@type":"WebPage","@id":"https:\/\/www.nonsolomusicamagazine.it\/?p=13680","url":"https:\/\/www.nonsolomusicamagazine.it\/?p=13680","name":"OGRO - NonSoloMusicaMagazine","isPartOf":{"@id":"https:\/\/www.nonsolomusicamagazine.it\/#website"},"primaryImageOfPage":{"@id":"https:\/\/www.nonsolomusicamagazine.it\/?p=13680#primaryimage"},"image":{"@id":"https:\/\/www.nonsolomusicamagazine.it\/?p=13680#primaryimage"},"thumbnailUrl":"https:\/\/www.nonsolomusicamagazine.it\/wp-content\/uploads\/2025\/12\/1000098914.jpg","datePublished":"2025-12-20T10:50:57+00:00","dateModified":"2025-12-20T10:50:59+00:00","author":{"@id":"https:\/\/www.nonsolomusicamagazine.it\/#\/schema\/person\/a3349ad02300d046472d46cf6d31ae46"},"description":"Ogro","breadcrumb":{"@id":"https:\/\/www.nonsolomusicamagazine.it\/?p=13680#breadcrumb"},"inLanguage":"it-IT","potentialAction":[{"@type":"ReadAction","target":["https:\/\/www.nonsolomusicamagazine.it\/?p=13680"]}]},{"@type":"ImageObject","inLanguage":"it-IT","@id":"https:\/\/www.nonsolomusicamagazine.it\/?p=13680#primaryimage","url":"https:\/\/www.nonsolomusicamagazine.it\/wp-content\/uploads\/2025\/12\/1000098914.jpg","contentUrl":"https:\/\/www.nonsolomusicamagazine.it\/wp-content\/uploads\/2025\/12\/1000098914.jpg","width":1108,"height":2048},{"@type":"BreadcrumbList","@id":"https:\/\/www.nonsolomusicamagazine.it\/?p=13680#breadcrumb","itemListElement":[{"@type":"ListItem","position":1,"name":"Home","item":"https:\/\/www.nonsolomusicamagazine.it\/"},{"@type":"ListItem","position":2,"name":"OGRO"}]},{"@type":"WebSite","@id":"https:\/\/www.nonsolomusicamagazine.it\/#website","url":"https:\/\/www.nonsolomusicamagazine.it\/","name":"Nonsolomusicamagazine","description":"Dir. responsabile Manuel M Buccarella","potentialAction":[{"@type":"SearchAction","target":{"@type":"EntryPoint","urlTemplate":"https:\/\/www.nonsolomusicamagazine.it\/?s={search_term_string}"},"query-input":{"@type":"PropertyValueSpecification","valueRequired":true,"valueName":"search_term_string"}}],"inLanguage":"it-IT"},{"@type":"Person","@id":"https:\/\/www.nonsolomusicamagazine.it\/#\/schema\/person\/a3349ad02300d046472d46cf6d31ae46","name":"nonsolomusica","image":{"@type":"ImageObject","inLanguage":"it-IT","@id":"https:\/\/www.nonsolomusicamagazine.it\/wp-content\/litespeed\/avatar\/3a675484bc84db6aba78d43bfc8b7197.jpg?ver=1776880798","url":"https:\/\/www.nonsolomusicamagazine.it\/wp-content\/litespeed\/avatar\/3a675484bc84db6aba78d43bfc8b7197.jpg?ver=1776880798","contentUrl":"https:\/\/www.nonsolomusicamagazine.it\/wp-content\/litespeed\/avatar\/3a675484bc84db6aba78d43bfc8b7197.jpg?ver=1776880798","caption":"nonsolomusica"},"sameAs":["https:\/\/www.nonsolomusicamagazine.it"],"url":"https:\/\/www.nonsolomusicamagazine.it\/?author=1"}]}},"amp_enabled":true,"_links":{"self":[{"href":"https:\/\/www.nonsolomusicamagazine.it\/index.php?rest_route=\/wp\/v2\/posts\/13680","targetHints":{"allow":["GET"]}}],"collection":[{"href":"https:\/\/www.nonsolomusicamagazine.it\/index.php?rest_route=\/wp\/v2\/posts"}],"about":[{"href":"https:\/\/www.nonsolomusicamagazine.it\/index.php?rest_route=\/wp\/v2\/types\/post"}],"author":[{"embeddable":true,"href":"https:\/\/www.nonsolomusicamagazine.it\/index.php?rest_route=\/wp\/v2\/users\/1"}],"replies":[{"embeddable":true,"href":"https:\/\/www.nonsolomusicamagazine.it\/index.php?rest_route=%2Fwp%2Fv2%2Fcomments&post=13680"}],"version-history":[{"count":1,"href":"https:\/\/www.nonsolomusicamagazine.it\/index.php?rest_route=\/wp\/v2\/posts\/13680\/revisions"}],"predecessor-version":[{"id":13682,"href":"https:\/\/www.nonsolomusicamagazine.it\/index.php?rest_route=\/wp\/v2\/posts\/13680\/revisions\/13682"}],"wp:featuredmedia":[{"embeddable":true,"href":"https:\/\/www.nonsolomusicamagazine.it\/index.php?rest_route=\/wp\/v2\/media\/13681"}],"wp:attachment":[{"href":"https:\/\/www.nonsolomusicamagazine.it\/index.php?rest_route=%2Fwp%2Fv2%2Fmedia&parent=13680"}],"wp:term":[{"taxonomy":"category","embeddable":true,"href":"https:\/\/www.nonsolomusicamagazine.it\/index.php?rest_route=%2Fwp%2Fv2%2Fcategories&post=13680"},{"taxonomy":"post_tag","embeddable":true,"href":"https:\/\/www.nonsolomusicamagazine.it\/index.php?rest_route=%2Fwp%2Fv2%2Ftags&post=13680"}],"curies":[{"name":"wp","href":"https:\/\/api.w.org\/{rel}","templated":true}]}}