{"id":13799,"date":"2026-01-08T11:08:45","date_gmt":"2026-01-08T10:08:45","guid":{"rendered":"https:\/\/www.nonsolomusicamagazine.it\/?p=13799"},"modified":"2026-01-08T11:08:48","modified_gmt":"2026-01-08T10:08:48","slug":"su-acca-larentia","status":"publish","type":"post","link":"https:\/\/www.nonsolomusicamagazine.it\/?p=13799","title":{"rendered":"SU ACCA LARENTIA"},"content":{"rendered":"\n<p class=\"has-text-align-center\"><strong>Alfredo Facchini<\/strong><\/p>\n\n\n\n<p>SU ACCA LARENTIA Gioco d\u2019anticipo. <\/p>\n\n\n\n<p>Ogni anno, il 7 gennaio, a Roma, i fascisti tornano in piazza con parate e saluti romani per l\u2019anniversario di Acca Larentia. E ogni anno riparte la giostra dei commenti sulla liceit\u00e0 di quei riti.Per chi scrive, sono intollerabili. Cos\u00ec come \u00e8 intollerabile l\u2019amnesia selettiva di Fratelli d\u2019Italia, che sorvolano su un fatto tutt\u2019altro che marginale: Stefano Recchioni venne ucciso dalla polizia, colpito a pistolettate durante un sit-in. Un dettaglio, evidentemente, che renderebbe indigesta tutta la pappardella sull\u2019onorabilit\u00e0 delle forze dell\u2019ordine. Ma li conosciamo bene. <\/p>\n\n\n\n<p>Di seguito, il racconto di quelle ore. 8 gennaio 1978. A quelli di Acca Larentia mancano all\u2019appello tre camerati. Sul selciato ristagnano le sagome bianche dei loro corpi, tracciate con il gesso dalla polizia scientifica. <\/p>\n\n\n\n<p>Anche se avesse saputo tutto quello che c\u2019\u00e8 da sapere sulla vita e sulla morte, Radisol non riesce a dare un nome a quello che gli brucia dentro. Ieri \u00e8 stato il turno dei fasci, domani una scarica di proiettili si sarebbe potuta abbattere contro uno di loro. Sono tutti sotto tiro. Pu\u00f2 toccare a chiunque. In posti inaspettati, in circostanze casuali. Davanti al portone di casa, mentre sali sull\u2019autobus. Di colpo il mondo si ribalta. Giovani che muoiono e altri che diventano killer. Nessuno fa sconti a nessuno. <\/p>\n\n\n\n<p>Radisol appartiene a una leva antifascista cresciuta con delle regole dello scontro che non prevedono l\u2019uso della polvere da sparo.\u00c8 quasi sera. Nella sede di Lotta Continua di via Passaglia, al Trionfale, i posti a sedere sono andati esauriti. Nessuno ha voglia di cazzeggiare.<\/p>\n\n\n\n<p>\u00abCompagni vi dico che l\u2019attacco ad Acca Larentia non \u00e8 condivisibile. I fascisti vanno fermati, ma non a pistolettate\u00bb.\u00abAi fasci bisogna faje male, che stai a di\u2019. Fanno quello che cazzo je pare, quando je pare, come je pare\u00bb.\u00abCompa\u2019, compa\u2019 fatelo parlare\u00bb.\u00abL\u2019azione del Tuscolano \u00e8 stata un\u2019enorme cazzata. L\u2019antifascismo non pu\u00f2 essere ridotto a una faida. La strada imboccata da certi compagni \u00e8 un suicidio. Sono vendicatori non richiesti. Walter, Elena\u2026 non si pareggiano i conti con dei trofei di guerra. Ora nelle strade c\u2019\u00e8 il coprifuoco.Tutte le manifestazioni sono vietate. I fascisti vanno bloccati, non ammazzati\u00bb.<\/p>\n\n\n\n<p>\u00abGuarda che stanotte i fasci hanno sparato ad Alceste e l\u2019hanno beccato al collo e alla spalla. Questi infamoni mica te danno le schicchere sulle \u2019recchie\u00bb.\u00abHanno sparato pure davanti al cinema Maestoso e quelli di via Ottaviano hanno fatto il panico anche a Prati\u00bb.\u00abMa diciamo la verit\u00e0, gridiamo quello che gridiamo nei cortei e una volta che qualcuno ha il coraggio di fare quello che dice lo condanniamo, com\u2019\u00e8 \u2019sta storia?\u00bb.\u00abDobbiamo stroncarli in ogni luogo possibile, togliergli il fiato, ma non possiamo sparare al primo che capita a tiro\u00bb.<\/p>\n\n\n\n<p>\u00abA me di quei due non me ne pu\u00f2 frega\u2019 de meno, ma di questo passo \u2018ndo annamo a fin\u00ec?\u00bb.\u00abLe compagne che vivono nei quartieri hanno una paura in pi\u00f9 da quando i fascisti cercano il morto. Pu\u00f2 capitare a chiunque. Una paura simile la conoscono tutte le donne quando escono la sera e temono la violenza dei maschi, quelli stronzi. Allora perch\u00e8 il movimento femminista non ha risposto a tutto questo con l\u2019uso della violenza? Perch\u00e8 \u00e8 sempre stata prerogativa dei maschi? O perch\u00e8 cerchiamo altre forme di risposta per non essere schiave della ragione militare? Ci ammazzano e noi li ammazziamo: chi si fa pi\u00f9 paura, pi\u00f9 male, vince. Voglio dirlo senza giri di parole: il fascio, il poliziotto, il giornalista venduto sono diventate le uniche certezze in un momento in cui non ci sono altre certezze. Sono i nemici pi\u00f9 a portata di mano. Sono solo un alibi sanguinoso\u2026\u00bb.<\/p>\n\n\n\n<p>\u00abIo sono d\u2019accordo con Maura. Va bene difendere le scuole, le universit\u00e0, ma ucciderli sparando nel mucchio \u00e8 come applicare la pena di morte. E noi siamo contro la pena di morte o no?\u00bb.\u00abChe ce stai a fa\u2019 la predica? Se nessuno ci difende dobbiamo farci giustizia da soli\u00bb.\u00abFallo parla\u2019, cazzo\u00bb.\u00abUna cosa \u00e8 gridare morte al fascio, un conto \u00e8 prenderlo alla lettera. I fasci bisogna isolarli, non farli diventare martiri. E quelli di Acca Larentia erano solo dei fascistelli\u00bb.\u00abC\u2019ha ragione, e poi se dovevano sparare a qualcuno dovevano beccare quelli che hanno ammazzato Walter\u00bb.\u00abPerch\u00e9, tu lo sai chi so\u2019?\u00bb.\u00abLo sanno tutti\u00bb.<\/p>\n\n\n\n<p>Radisol ha voglia di dire la sua. Ma la voce non riesce a uscire. Non sifida delle parole quando la testa fa sciopero. Si sente come una bottiglia senza un goccio dentro. Probabilmente non ha il coraggio di chiamare le cose come stanno. O, pi\u00f9 semplicemente, queste cose sono al di sopra della sua comprensione. Nel suo apprendistato morale non crede che ci sia molto da scoperchiare. Specialmente quando si \u00e8 convinti di aver gi\u00e0 capito tutto. A diciott\u2019anni si vive come se non si dovesse schiattare mai. Il tempo \u00e8 una retta infinita, come la pista di un aeroporto. Ti puoi riempire di graffi, ma a morire non sei mai tu, sono sempre gli altri.<\/p>\n\n\n\n<p>(da RADISOL IL SOGNO DELLA RIVOLUZIONE NELL&#8217;ITALIA DEL 1978, romanzo, Alfredo Facchini, Red Star Press &#8211; Hellnation Libri)<\/p>\n\n\n\n<figure class=\"wp-block-image size-large\"><img decoding=\"async\" width=\"517\" height=\"1024\" src=\"https:\/\/www.nonsolomusicamagazine.it\/wp-content\/uploads\/2026\/01\/1000101898-517x1024.jpg\" alt=\"\" class=\"wp-image-13800\" srcset=\"https:\/\/www.nonsolomusicamagazine.it\/wp-content\/uploads\/2026\/01\/1000101898-517x1024.jpg 517w, https:\/\/www.nonsolomusicamagazine.it\/wp-content\/uploads\/2026\/01\/1000101898-151x300.jpg 151w, https:\/\/www.nonsolomusicamagazine.it\/wp-content\/uploads\/2026\/01\/1000101898-768x1521.jpg 768w, https:\/\/www.nonsolomusicamagazine.it\/wp-content\/uploads\/2026\/01\/1000101898-776x1536.jpg 776w, https:\/\/www.nonsolomusicamagazine.it\/wp-content\/uploads\/2026\/01\/1000101898.jpg 1034w\" sizes=\"(max-width: 517px) 100vw, 517px\" \/><\/figure>\n\n\n\n<p><\/p>\n","protected":false},"excerpt":{"rendered":"<p>Alfredo Facchini SU ACCA LARENTIA Gioco d\u2019anticipo. Ogni anno, il 7 gennaio, a Roma, i fascisti tornano in piazza con parate e saluti romani per l\u2019anniversario di Acca Larentia. E ogni anno riparte la giostra dei commenti sulla liceit\u00e0 di quei riti.Per chi scrive, sono intollerabili. Cos\u00ec come \u00e8 intollerabile l\u2019amnesia selettiva di Fratelli d\u2019Italia, [&hellip;]<\/p>\n","protected":false},"author":1,"featured_media":13800,"comment_status":"open","ping_status":"closed","sticky":false,"template":"","format":"standard","meta":{"footnotes":""},"categories":[5,1321],"tags":[],"class_list":["post-13799","post","type-post","status-publish","format-standard","has-post-thumbnail","hentry","category-politica","category-storia"],"yoast_head":"<!-- This site is optimized with the Yoast SEO plugin v27.4 - https:\/\/yoast.com\/product\/yoast-seo-wordpress\/ -->\n<title>SU ACCA LARENTIA - NonSoloMusicaMagazine<\/title>\n<meta name=\"description\" content=\"Acca Larentia\" \/>\n<meta name=\"robots\" content=\"index, follow, max-snippet:-1, max-image-preview:large, max-video-preview:-1\" \/>\n<link rel=\"canonical\" href=\"https:\/\/www.nonsolomusicamagazine.it\/?p=13799\" \/>\n<meta property=\"og:locale\" content=\"it_IT\" \/>\n<meta property=\"og:type\" content=\"article\" \/>\n<meta property=\"og:title\" content=\"SU ACCA LARENTIA - NonSoloMusicaMagazine\" \/>\n<meta property=\"og:description\" content=\"Acca Larentia\" \/>\n<meta property=\"og:url\" content=\"https:\/\/www.nonsolomusicamagazine.it\/?p=13799\" \/>\n<meta property=\"og:site_name\" content=\"NonSoloMusicaMagazine\" \/>\n<meta property=\"article:published_time\" content=\"2026-01-08T10:08:45+00:00\" \/>\n<meta property=\"article:modified_time\" content=\"2026-01-08T10:08:48+00:00\" \/>\n<meta property=\"og:image\" content=\"https:\/\/www.nonsolomusicamagazine.it\/wp-content\/uploads\/2026\/01\/1000101898.jpg\" \/>\n\t<meta property=\"og:image:width\" content=\"1034\" \/>\n\t<meta property=\"og:image:height\" content=\"2048\" \/>\n\t<meta property=\"og:image:type\" content=\"image\/jpeg\" \/>\n<meta name=\"author\" content=\"nonsolomusica\" \/>\n<meta name=\"twitter:card\" content=\"summary_large_image\" \/>\n<meta name=\"twitter:label1\" content=\"Scritto da\" \/>\n\t<meta name=\"twitter:data1\" content=\"nonsolomusica\" \/>\n\t<meta name=\"twitter:label2\" content=\"Tempo di lettura stimato\" \/>\n\t<meta name=\"twitter:data2\" content=\"5 minuti\" \/>\n<script type=\"application\/ld+json\" class=\"yoast-schema-graph\">{\"@context\":\"https:\\\/\\\/schema.org\",\"@graph\":[{\"@type\":\"Article\",\"@id\":\"https:\\\/\\\/www.nonsolomusicamagazine.it\\\/?p=13799#article\",\"isPartOf\":{\"@id\":\"https:\\\/\\\/www.nonsolomusicamagazine.it\\\/?p=13799\"},\"author\":{\"name\":\"nonsolomusica\",\"@id\":\"https:\\\/\\\/www.nonsolomusicamagazine.it\\\/#\\\/schema\\\/person\\\/a3349ad02300d046472d46cf6d31ae46\"},\"headline\":\"SU ACCA LARENTIA\",\"datePublished\":\"2026-01-08T10:08:45+00:00\",\"dateModified\":\"2026-01-08T10:08:48+00:00\",\"mainEntityOfPage\":{\"@id\":\"https:\\\/\\\/www.nonsolomusicamagazine.it\\\/?p=13799\"},\"wordCount\":857,\"commentCount\":0,\"image\":{\"@id\":\"https:\\\/\\\/www.nonsolomusicamagazine.it\\\/?p=13799#primaryimage\"},\"thumbnailUrl\":\"https:\\\/\\\/www.nonsolomusicamagazine.it\\\/wp-content\\\/uploads\\\/2026\\\/01\\\/1000101898.jpg\",\"articleSection\":[\"Politica\",\"Storia\"],\"inLanguage\":\"it-IT\",\"potentialAction\":[{\"@type\":\"CommentAction\",\"name\":\"Comment\",\"target\":[\"https:\\\/\\\/www.nonsolomusicamagazine.it\\\/?p=13799#respond\"]}]},{\"@type\":\"WebPage\",\"@id\":\"https:\\\/\\\/www.nonsolomusicamagazine.it\\\/?p=13799\",\"url\":\"https:\\\/\\\/www.nonsolomusicamagazine.it\\\/?p=13799\",\"name\":\"SU ACCA LARENTIA - NonSoloMusicaMagazine\",\"isPartOf\":{\"@id\":\"https:\\\/\\\/www.nonsolomusicamagazine.it\\\/#website\"},\"primaryImageOfPage\":{\"@id\":\"https:\\\/\\\/www.nonsolomusicamagazine.it\\\/?p=13799#primaryimage\"},\"image\":{\"@id\":\"https:\\\/\\\/www.nonsolomusicamagazine.it\\\/?p=13799#primaryimage\"},\"thumbnailUrl\":\"https:\\\/\\\/www.nonsolomusicamagazine.it\\\/wp-content\\\/uploads\\\/2026\\\/01\\\/1000101898.jpg\",\"datePublished\":\"2026-01-08T10:08:45+00:00\",\"dateModified\":\"2026-01-08T10:08:48+00:00\",\"author\":{\"@id\":\"https:\\\/\\\/www.nonsolomusicamagazine.it\\\/#\\\/schema\\\/person\\\/a3349ad02300d046472d46cf6d31ae46\"},\"description\":\"Acca Larentia\",\"breadcrumb\":{\"@id\":\"https:\\\/\\\/www.nonsolomusicamagazine.it\\\/?p=13799#breadcrumb\"},\"inLanguage\":\"it-IT\",\"potentialAction\":[{\"@type\":\"ReadAction\",\"target\":[\"https:\\\/\\\/www.nonsolomusicamagazine.it\\\/?p=13799\"]}]},{\"@type\":\"ImageObject\",\"inLanguage\":\"it-IT\",\"@id\":\"https:\\\/\\\/www.nonsolomusicamagazine.it\\\/?p=13799#primaryimage\",\"url\":\"https:\\\/\\\/www.nonsolomusicamagazine.it\\\/wp-content\\\/uploads\\\/2026\\\/01\\\/1000101898.jpg\",\"contentUrl\":\"https:\\\/\\\/www.nonsolomusicamagazine.it\\\/wp-content\\\/uploads\\\/2026\\\/01\\\/1000101898.jpg\",\"width\":1034,\"height\":2048},{\"@type\":\"BreadcrumbList\",\"@id\":\"https:\\\/\\\/www.nonsolomusicamagazine.it\\\/?p=13799#breadcrumb\",\"itemListElement\":[{\"@type\":\"ListItem\",\"position\":1,\"name\":\"Home\",\"item\":\"https:\\\/\\\/www.nonsolomusicamagazine.it\\\/\"},{\"@type\":\"ListItem\",\"position\":2,\"name\":\"SU ACCA LARENTIA\"}]},{\"@type\":\"WebSite\",\"@id\":\"https:\\\/\\\/www.nonsolomusicamagazine.it\\\/#website\",\"url\":\"https:\\\/\\\/www.nonsolomusicamagazine.it\\\/\",\"name\":\"Nonsolomusicamagazine\",\"description\":\"Dir. responsabile Manuel M Buccarella\",\"potentialAction\":[{\"@type\":\"SearchAction\",\"target\":{\"@type\":\"EntryPoint\",\"urlTemplate\":\"https:\\\/\\\/www.nonsolomusicamagazine.it\\\/?s={search_term_string}\"},\"query-input\":{\"@type\":\"PropertyValueSpecification\",\"valueRequired\":true,\"valueName\":\"search_term_string\"}}],\"inLanguage\":\"it-IT\"},{\"@type\":\"Person\",\"@id\":\"https:\\\/\\\/www.nonsolomusicamagazine.it\\\/#\\\/schema\\\/person\\\/a3349ad02300d046472d46cf6d31ae46\",\"name\":\"nonsolomusica\",\"image\":{\"@type\":\"ImageObject\",\"inLanguage\":\"it-IT\",\"@id\":\"https:\\\/\\\/www.nonsolomusicamagazine.it\\\/wp-content\\\/litespeed\\\/avatar\\\/3a675484bc84db6aba78d43bfc8b7197.jpg?ver=1776880798\",\"url\":\"https:\\\/\\\/www.nonsolomusicamagazine.it\\\/wp-content\\\/litespeed\\\/avatar\\\/3a675484bc84db6aba78d43bfc8b7197.jpg?ver=1776880798\",\"contentUrl\":\"https:\\\/\\\/www.nonsolomusicamagazine.it\\\/wp-content\\\/litespeed\\\/avatar\\\/3a675484bc84db6aba78d43bfc8b7197.jpg?ver=1776880798\",\"caption\":\"nonsolomusica\"},\"sameAs\":[\"https:\\\/\\\/www.nonsolomusicamagazine.it\"],\"url\":\"https:\\\/\\\/www.nonsolomusicamagazine.it\\\/?author=1\"}]}<\/script>\n<!-- \/ Yoast SEO plugin. -->","yoast_head_json":{"title":"SU ACCA LARENTIA - NonSoloMusicaMagazine","description":"Acca Larentia","robots":{"index":"index","follow":"follow","max-snippet":"max-snippet:-1","max-image-preview":"max-image-preview:large","max-video-preview":"max-video-preview:-1"},"canonical":"https:\/\/www.nonsolomusicamagazine.it\/?p=13799","og_locale":"it_IT","og_type":"article","og_title":"SU ACCA LARENTIA - NonSoloMusicaMagazine","og_description":"Acca Larentia","og_url":"https:\/\/www.nonsolomusicamagazine.it\/?p=13799","og_site_name":"NonSoloMusicaMagazine","article_published_time":"2026-01-08T10:08:45+00:00","article_modified_time":"2026-01-08T10:08:48+00:00","og_image":[{"width":1034,"height":2048,"url":"https:\/\/www.nonsolomusicamagazine.it\/wp-content\/uploads\/2026\/01\/1000101898.jpg","type":"image\/jpeg"}],"author":"nonsolomusica","twitter_card":"summary_large_image","twitter_misc":{"Scritto da":"nonsolomusica","Tempo di lettura stimato":"5 minuti"},"schema":{"@context":"https:\/\/schema.org","@graph":[{"@type":"Article","@id":"https:\/\/www.nonsolomusicamagazine.it\/?p=13799#article","isPartOf":{"@id":"https:\/\/www.nonsolomusicamagazine.it\/?p=13799"},"author":{"name":"nonsolomusica","@id":"https:\/\/www.nonsolomusicamagazine.it\/#\/schema\/person\/a3349ad02300d046472d46cf6d31ae46"},"headline":"SU ACCA LARENTIA","datePublished":"2026-01-08T10:08:45+00:00","dateModified":"2026-01-08T10:08:48+00:00","mainEntityOfPage":{"@id":"https:\/\/www.nonsolomusicamagazine.it\/?p=13799"},"wordCount":857,"commentCount":0,"image":{"@id":"https:\/\/www.nonsolomusicamagazine.it\/?p=13799#primaryimage"},"thumbnailUrl":"https:\/\/www.nonsolomusicamagazine.it\/wp-content\/uploads\/2026\/01\/1000101898.jpg","articleSection":["Politica","Storia"],"inLanguage":"it-IT","potentialAction":[{"@type":"CommentAction","name":"Comment","target":["https:\/\/www.nonsolomusicamagazine.it\/?p=13799#respond"]}]},{"@type":"WebPage","@id":"https:\/\/www.nonsolomusicamagazine.it\/?p=13799","url":"https:\/\/www.nonsolomusicamagazine.it\/?p=13799","name":"SU ACCA LARENTIA - NonSoloMusicaMagazine","isPartOf":{"@id":"https:\/\/www.nonsolomusicamagazine.it\/#website"},"primaryImageOfPage":{"@id":"https:\/\/www.nonsolomusicamagazine.it\/?p=13799#primaryimage"},"image":{"@id":"https:\/\/www.nonsolomusicamagazine.it\/?p=13799#primaryimage"},"thumbnailUrl":"https:\/\/www.nonsolomusicamagazine.it\/wp-content\/uploads\/2026\/01\/1000101898.jpg","datePublished":"2026-01-08T10:08:45+00:00","dateModified":"2026-01-08T10:08:48+00:00","author":{"@id":"https:\/\/www.nonsolomusicamagazine.it\/#\/schema\/person\/a3349ad02300d046472d46cf6d31ae46"},"description":"Acca Larentia","breadcrumb":{"@id":"https:\/\/www.nonsolomusicamagazine.it\/?p=13799#breadcrumb"},"inLanguage":"it-IT","potentialAction":[{"@type":"ReadAction","target":["https:\/\/www.nonsolomusicamagazine.it\/?p=13799"]}]},{"@type":"ImageObject","inLanguage":"it-IT","@id":"https:\/\/www.nonsolomusicamagazine.it\/?p=13799#primaryimage","url":"https:\/\/www.nonsolomusicamagazine.it\/wp-content\/uploads\/2026\/01\/1000101898.jpg","contentUrl":"https:\/\/www.nonsolomusicamagazine.it\/wp-content\/uploads\/2026\/01\/1000101898.jpg","width":1034,"height":2048},{"@type":"BreadcrumbList","@id":"https:\/\/www.nonsolomusicamagazine.it\/?p=13799#breadcrumb","itemListElement":[{"@type":"ListItem","position":1,"name":"Home","item":"https:\/\/www.nonsolomusicamagazine.it\/"},{"@type":"ListItem","position":2,"name":"SU ACCA LARENTIA"}]},{"@type":"WebSite","@id":"https:\/\/www.nonsolomusicamagazine.it\/#website","url":"https:\/\/www.nonsolomusicamagazine.it\/","name":"Nonsolomusicamagazine","description":"Dir. responsabile Manuel M Buccarella","potentialAction":[{"@type":"SearchAction","target":{"@type":"EntryPoint","urlTemplate":"https:\/\/www.nonsolomusicamagazine.it\/?s={search_term_string}"},"query-input":{"@type":"PropertyValueSpecification","valueRequired":true,"valueName":"search_term_string"}}],"inLanguage":"it-IT"},{"@type":"Person","@id":"https:\/\/www.nonsolomusicamagazine.it\/#\/schema\/person\/a3349ad02300d046472d46cf6d31ae46","name":"nonsolomusica","image":{"@type":"ImageObject","inLanguage":"it-IT","@id":"https:\/\/www.nonsolomusicamagazine.it\/wp-content\/litespeed\/avatar\/3a675484bc84db6aba78d43bfc8b7197.jpg?ver=1776880798","url":"https:\/\/www.nonsolomusicamagazine.it\/wp-content\/litespeed\/avatar\/3a675484bc84db6aba78d43bfc8b7197.jpg?ver=1776880798","contentUrl":"https:\/\/www.nonsolomusicamagazine.it\/wp-content\/litespeed\/avatar\/3a675484bc84db6aba78d43bfc8b7197.jpg?ver=1776880798","caption":"nonsolomusica"},"sameAs":["https:\/\/www.nonsolomusicamagazine.it"],"url":"https:\/\/www.nonsolomusicamagazine.it\/?author=1"}]}},"amp_enabled":true,"_links":{"self":[{"href":"https:\/\/www.nonsolomusicamagazine.it\/index.php?rest_route=\/wp\/v2\/posts\/13799","targetHints":{"allow":["GET"]}}],"collection":[{"href":"https:\/\/www.nonsolomusicamagazine.it\/index.php?rest_route=\/wp\/v2\/posts"}],"about":[{"href":"https:\/\/www.nonsolomusicamagazine.it\/index.php?rest_route=\/wp\/v2\/types\/post"}],"author":[{"embeddable":true,"href":"https:\/\/www.nonsolomusicamagazine.it\/index.php?rest_route=\/wp\/v2\/users\/1"}],"replies":[{"embeddable":true,"href":"https:\/\/www.nonsolomusicamagazine.it\/index.php?rest_route=%2Fwp%2Fv2%2Fcomments&post=13799"}],"version-history":[{"count":1,"href":"https:\/\/www.nonsolomusicamagazine.it\/index.php?rest_route=\/wp\/v2\/posts\/13799\/revisions"}],"predecessor-version":[{"id":13801,"href":"https:\/\/www.nonsolomusicamagazine.it\/index.php?rest_route=\/wp\/v2\/posts\/13799\/revisions\/13801"}],"wp:featuredmedia":[{"embeddable":true,"href":"https:\/\/www.nonsolomusicamagazine.it\/index.php?rest_route=\/wp\/v2\/media\/13800"}],"wp:attachment":[{"href":"https:\/\/www.nonsolomusicamagazine.it\/index.php?rest_route=%2Fwp%2Fv2%2Fmedia&parent=13799"}],"wp:term":[{"taxonomy":"category","embeddable":true,"href":"https:\/\/www.nonsolomusicamagazine.it\/index.php?rest_route=%2Fwp%2Fv2%2Fcategories&post=13799"},{"taxonomy":"post_tag","embeddable":true,"href":"https:\/\/www.nonsolomusicamagazine.it\/index.php?rest_route=%2Fwp%2Fv2%2Ftags&post=13799"}],"curies":[{"name":"wp","href":"https:\/\/api.w.org\/{rel}","templated":true}]}}