{"id":13943,"date":"2026-01-15T21:34:21","date_gmt":"2026-01-15T20:34:21","guid":{"rendered":"https:\/\/www.nonsolomusicamagazine.it\/?p=13943"},"modified":"2026-01-15T21:34:23","modified_gmt":"2026-01-15T20:34:23","slug":"15-gennaio-1992-la-comunita-europea-riconosce-lo-scioglimento-della-repubblica-federativa-socialista-di-jugoslavia","status":"publish","type":"post","link":"https:\/\/www.nonsolomusicamagazine.it\/?p=13943","title":{"rendered":"15 gennaio 1992: la Comunit\u00e0 Europea riconosce lo scioglimento della Repubblica Federativa Socialista di Jugoslavia"},"content":{"rendered":"\n<p><em>(articolo realizzato con il contributo dell&#8217;IA)<\/em><\/p>\n\n\n\n<p>Nei primi anni Novanta la Comunit\u00e0 Europea (predecessore dell&#8217;Unione Europea) affront\u00f2 una delle crisi pi\u00f9 complesse del dopoguerra: la dissoluzione della Repubblica Federale Socialista di Jugoslavia.<\/p>\n\n\n\n<p>Il processo di riconoscimento inizi\u00f2 nel dicembre 1991, quando la CE decise di stabilire criteri specifici per riconoscere le nuove repubbliche indipendenti. Questi criteri includevano il rispetto dei diritti umani, delle minoranze etniche, dell&#8217;inviolabilit\u00e0 delle frontiere e degli impegni per il disarmo.<\/p>\n\n\n\n<p>Il 15 gennaio 1992 la Comunit\u00e0 Europea riconobbe ufficialmente l&#8217;indipendenza di Slovenia e Croazia, le prime due repubbliche a separarsi dalla federazione jugoslava. Questo riconoscimento segn\u00f2 de facto l&#8217;accettazione internazionale della fine della Jugoslavia come stato unitario.Successivamente, nel 1992, furono riconosciute anche Bosnia-Erzegovina e Macedonia (oggi Macedonia del Nord). Il processo fu tuttavia drammatico: il riconoscimento della Bosnia-Erzegovina, in particolare, precedette di poco lo scoppio di una guerra devastante che sarebbe durata fino al 1995.<\/p>\n\n\n\n<p>La Serbia e il Montenegro rimasero unite fino al 2006, quando anche quest&#8217;ultimo dichiar\u00f2 la propria indipendenza. Il Kosovo proclam\u00f2 unilateralmente l&#8217;indipendenza nel 2008, dopo un intervento armato illegale della Nato, riconosciuta da molti paesi UE ma non da tutti.<\/p>\n\n\n\n<figure class=\"wp-block-image size-large\"><img decoding=\"async\" width=\"1024\" height=\"512\" src=\"https:\/\/www.nonsolomusicamagazine.it\/wp-content\/uploads\/2026\/01\/1000102883-1024x512.png\" alt=\"\" class=\"wp-image-13944\" srcset=\"https:\/\/www.nonsolomusicamagazine.it\/wp-content\/uploads\/2026\/01\/1000102883-1024x512.png 1024w, https:\/\/www.nonsolomusicamagazine.it\/wp-content\/uploads\/2026\/01\/1000102883-300x150.png 300w, https:\/\/www.nonsolomusicamagazine.it\/wp-content\/uploads\/2026\/01\/1000102883-768x384.png 768w, https:\/\/www.nonsolomusicamagazine.it\/wp-content\/uploads\/2026\/01\/1000102883.png 1280w\" sizes=\"(max-width: 1024px) 100vw, 1024px\" \/><\/figure>\n\n\n\n<p><\/p>\n","protected":false},"excerpt":{"rendered":"<p>(articolo realizzato con il contributo dell&#8217;IA) Nei primi anni Novanta la Comunit\u00e0 Europea (predecessore dell&#8217;Unione Europea) affront\u00f2 una delle crisi pi\u00f9 complesse del dopoguerra: la dissoluzione della Repubblica Federale Socialista di Jugoslavia. Il processo di riconoscimento inizi\u00f2 nel dicembre 1991, quando la CE decise di stabilire criteri specifici per riconoscere le nuove repubbliche indipendenti. Questi [&hellip;]<\/p>\n","protected":false},"author":1,"featured_media":13944,"comment_status":"open","ping_status":"closed","sticky":false,"template":"","format":"standard","meta":{"footnotes":""},"categories":[6,1321],"tags":[5565,5566,282],"class_list":["post-13943","post","type-post","status-publish","format-standard","has-post-thumbnail","hentry","category-esteri","category-storia","tag-comunita-europea","tag-repubblica-federativa-socialista-di-jugoslavia","tag-scioglimento"],"yoast_head":"<!-- This site is optimized with the Yoast SEO plugin v27.4 - https:\/\/yoast.com\/product\/yoast-seo-wordpress\/ -->\n<title>15 gennaio 1992: la Comunit\u00e0 Europea riconosce lo scioglimento della Repubblica Federativa Socialista di Jugoslavia - NonSoloMusicaMagazine<\/title>\n<meta name=\"description\" content=\"Comunit\u00e0 europea Jugoslavia\" \/>\n<meta name=\"robots\" content=\"index, follow, max-snippet:-1, max-image-preview:large, max-video-preview:-1\" \/>\n<link rel=\"canonical\" href=\"https:\/\/www.nonsolomusicamagazine.it\/?p=13943\" \/>\n<meta property=\"og:locale\" content=\"it_IT\" \/>\n<meta property=\"og:type\" content=\"article\" \/>\n<meta property=\"og:title\" content=\"15 gennaio 1992: la Comunit\u00e0 Europea riconosce lo scioglimento della Repubblica Federativa Socialista di Jugoslavia - NonSoloMusicaMagazine\" \/>\n<meta property=\"og:description\" content=\"Comunit\u00e0 europea Jugoslavia\" \/>\n<meta property=\"og:url\" content=\"https:\/\/www.nonsolomusicamagazine.it\/?p=13943\" \/>\n<meta property=\"og:site_name\" content=\"NonSoloMusicaMagazine\" \/>\n<meta property=\"article:published_time\" content=\"2026-01-15T20:34:21+00:00\" \/>\n<meta property=\"article:modified_time\" content=\"2026-01-15T20:34:23+00:00\" \/>\n<meta property=\"og:image\" content=\"https:\/\/www.nonsolomusicamagazine.it\/wp-content\/uploads\/2026\/01\/1000102883.png\" \/>\n\t<meta property=\"og:image:width\" content=\"1280\" \/>\n\t<meta property=\"og:image:height\" content=\"640\" \/>\n\t<meta property=\"og:image:type\" content=\"image\/png\" \/>\n<meta name=\"author\" content=\"nonsolomusica\" \/>\n<meta name=\"twitter:card\" content=\"summary_large_image\" \/>\n<meta name=\"twitter:label1\" content=\"Scritto da\" \/>\n\t<meta name=\"twitter:data1\" content=\"nonsolomusica\" \/>\n\t<meta name=\"twitter:label2\" content=\"Tempo di lettura stimato\" \/>\n\t<meta name=\"twitter:data2\" content=\"2 minuti\" \/>\n<script type=\"application\/ld+json\" class=\"yoast-schema-graph\">{\"@context\":\"https:\\\/\\\/schema.org\",\"@graph\":[{\"@type\":\"Article\",\"@id\":\"https:\\\/\\\/www.nonsolomusicamagazine.it\\\/?p=13943#article\",\"isPartOf\":{\"@id\":\"https:\\\/\\\/www.nonsolomusicamagazine.it\\\/?p=13943\"},\"author\":{\"name\":\"nonsolomusica\",\"@id\":\"https:\\\/\\\/www.nonsolomusicamagazine.it\\\/#\\\/schema\\\/person\\\/a3349ad02300d046472d46cf6d31ae46\"},\"headline\":\"15 gennaio 1992: la Comunit\u00e0 Europea riconosce lo scioglimento della Repubblica Federativa Socialista di Jugoslavia\",\"datePublished\":\"2026-01-15T20:34:21+00:00\",\"dateModified\":\"2026-01-15T20:34:23+00:00\",\"mainEntityOfPage\":{\"@id\":\"https:\\\/\\\/www.nonsolomusicamagazine.it\\\/?p=13943\"},\"wordCount\":203,\"commentCount\":0,\"image\":{\"@id\":\"https:\\\/\\\/www.nonsolomusicamagazine.it\\\/?p=13943#primaryimage\"},\"thumbnailUrl\":\"https:\\\/\\\/www.nonsolomusicamagazine.it\\\/wp-content\\\/uploads\\\/2026\\\/01\\\/1000102883.png\",\"keywords\":[\"Comunit\u00e0 europea\",\"Repubblica Federativa Socialista di Jugoslavia\",\"Scioglimento\"],\"articleSection\":[\"Esteri\",\"Storia\"],\"inLanguage\":\"it-IT\",\"potentialAction\":[{\"@type\":\"CommentAction\",\"name\":\"Comment\",\"target\":[\"https:\\\/\\\/www.nonsolomusicamagazine.it\\\/?p=13943#respond\"]}]},{\"@type\":\"WebPage\",\"@id\":\"https:\\\/\\\/www.nonsolomusicamagazine.it\\\/?p=13943\",\"url\":\"https:\\\/\\\/www.nonsolomusicamagazine.it\\\/?p=13943\",\"name\":\"15 gennaio 1992: la Comunit\u00e0 Europea riconosce lo scioglimento della Repubblica Federativa Socialista di Jugoslavia - NonSoloMusicaMagazine\",\"isPartOf\":{\"@id\":\"https:\\\/\\\/www.nonsolomusicamagazine.it\\\/#website\"},\"primaryImageOfPage\":{\"@id\":\"https:\\\/\\\/www.nonsolomusicamagazine.it\\\/?p=13943#primaryimage\"},\"image\":{\"@id\":\"https:\\\/\\\/www.nonsolomusicamagazine.it\\\/?p=13943#primaryimage\"},\"thumbnailUrl\":\"https:\\\/\\\/www.nonsolomusicamagazine.it\\\/wp-content\\\/uploads\\\/2026\\\/01\\\/1000102883.png\",\"datePublished\":\"2026-01-15T20:34:21+00:00\",\"dateModified\":\"2026-01-15T20:34:23+00:00\",\"author\":{\"@id\":\"https:\\\/\\\/www.nonsolomusicamagazine.it\\\/#\\\/schema\\\/person\\\/a3349ad02300d046472d46cf6d31ae46\"},\"description\":\"Comunit\u00e0 europea Jugoslavia\",\"breadcrumb\":{\"@id\":\"https:\\\/\\\/www.nonsolomusicamagazine.it\\\/?p=13943#breadcrumb\"},\"inLanguage\":\"it-IT\",\"potentialAction\":[{\"@type\":\"ReadAction\",\"target\":[\"https:\\\/\\\/www.nonsolomusicamagazine.it\\\/?p=13943\"]}]},{\"@type\":\"ImageObject\",\"inLanguage\":\"it-IT\",\"@id\":\"https:\\\/\\\/www.nonsolomusicamagazine.it\\\/?p=13943#primaryimage\",\"url\":\"https:\\\/\\\/www.nonsolomusicamagazine.it\\\/wp-content\\\/uploads\\\/2026\\\/01\\\/1000102883.png\",\"contentUrl\":\"https:\\\/\\\/www.nonsolomusicamagazine.it\\\/wp-content\\\/uploads\\\/2026\\\/01\\\/1000102883.png\",\"width\":1280,\"height\":640},{\"@type\":\"BreadcrumbList\",\"@id\":\"https:\\\/\\\/www.nonsolomusicamagazine.it\\\/?p=13943#breadcrumb\",\"itemListElement\":[{\"@type\":\"ListItem\",\"position\":1,\"name\":\"Home\",\"item\":\"https:\\\/\\\/www.nonsolomusicamagazine.it\\\/\"},{\"@type\":\"ListItem\",\"position\":2,\"name\":\"15 gennaio 1992: la Comunit\u00e0 Europea riconosce lo scioglimento della Repubblica Federativa Socialista di Jugoslavia\"}]},{\"@type\":\"WebSite\",\"@id\":\"https:\\\/\\\/www.nonsolomusicamagazine.it\\\/#website\",\"url\":\"https:\\\/\\\/www.nonsolomusicamagazine.it\\\/\",\"name\":\"Nonsolomusicamagazine\",\"description\":\"Dir. responsabile Manuel M Buccarella\",\"potentialAction\":[{\"@type\":\"SearchAction\",\"target\":{\"@type\":\"EntryPoint\",\"urlTemplate\":\"https:\\\/\\\/www.nonsolomusicamagazine.it\\\/?s={search_term_string}\"},\"query-input\":{\"@type\":\"PropertyValueSpecification\",\"valueRequired\":true,\"valueName\":\"search_term_string\"}}],\"inLanguage\":\"it-IT\"},{\"@type\":\"Person\",\"@id\":\"https:\\\/\\\/www.nonsolomusicamagazine.it\\\/#\\\/schema\\\/person\\\/a3349ad02300d046472d46cf6d31ae46\",\"name\":\"nonsolomusica\",\"image\":{\"@type\":\"ImageObject\",\"inLanguage\":\"it-IT\",\"@id\":\"https:\\\/\\\/www.nonsolomusicamagazine.it\\\/wp-content\\\/litespeed\\\/avatar\\\/3a675484bc84db6aba78d43bfc8b7197.jpg?ver=1776880798\",\"url\":\"https:\\\/\\\/www.nonsolomusicamagazine.it\\\/wp-content\\\/litespeed\\\/avatar\\\/3a675484bc84db6aba78d43bfc8b7197.jpg?ver=1776880798\",\"contentUrl\":\"https:\\\/\\\/www.nonsolomusicamagazine.it\\\/wp-content\\\/litespeed\\\/avatar\\\/3a675484bc84db6aba78d43bfc8b7197.jpg?ver=1776880798\",\"caption\":\"nonsolomusica\"},\"sameAs\":[\"https:\\\/\\\/www.nonsolomusicamagazine.it\"],\"url\":\"https:\\\/\\\/www.nonsolomusicamagazine.it\\\/?author=1\"}]}<\/script>\n<!-- \/ Yoast SEO plugin. -->","yoast_head_json":{"title":"15 gennaio 1992: la Comunit\u00e0 Europea riconosce lo scioglimento della Repubblica Federativa Socialista di Jugoslavia - NonSoloMusicaMagazine","description":"Comunit\u00e0 europea Jugoslavia","robots":{"index":"index","follow":"follow","max-snippet":"max-snippet:-1","max-image-preview":"max-image-preview:large","max-video-preview":"max-video-preview:-1"},"canonical":"https:\/\/www.nonsolomusicamagazine.it\/?p=13943","og_locale":"it_IT","og_type":"article","og_title":"15 gennaio 1992: la Comunit\u00e0 Europea riconosce lo scioglimento della Repubblica Federativa Socialista di Jugoslavia - NonSoloMusicaMagazine","og_description":"Comunit\u00e0 europea Jugoslavia","og_url":"https:\/\/www.nonsolomusicamagazine.it\/?p=13943","og_site_name":"NonSoloMusicaMagazine","article_published_time":"2026-01-15T20:34:21+00:00","article_modified_time":"2026-01-15T20:34:23+00:00","og_image":[{"width":1280,"height":640,"url":"https:\/\/www.nonsolomusicamagazine.it\/wp-content\/uploads\/2026\/01\/1000102883.png","type":"image\/png"}],"author":"nonsolomusica","twitter_card":"summary_large_image","twitter_misc":{"Scritto da":"nonsolomusica","Tempo di lettura stimato":"2 minuti"},"schema":{"@context":"https:\/\/schema.org","@graph":[{"@type":"Article","@id":"https:\/\/www.nonsolomusicamagazine.it\/?p=13943#article","isPartOf":{"@id":"https:\/\/www.nonsolomusicamagazine.it\/?p=13943"},"author":{"name":"nonsolomusica","@id":"https:\/\/www.nonsolomusicamagazine.it\/#\/schema\/person\/a3349ad02300d046472d46cf6d31ae46"},"headline":"15 gennaio 1992: la Comunit\u00e0 Europea riconosce lo scioglimento della Repubblica Federativa Socialista di Jugoslavia","datePublished":"2026-01-15T20:34:21+00:00","dateModified":"2026-01-15T20:34:23+00:00","mainEntityOfPage":{"@id":"https:\/\/www.nonsolomusicamagazine.it\/?p=13943"},"wordCount":203,"commentCount":0,"image":{"@id":"https:\/\/www.nonsolomusicamagazine.it\/?p=13943#primaryimage"},"thumbnailUrl":"https:\/\/www.nonsolomusicamagazine.it\/wp-content\/uploads\/2026\/01\/1000102883.png","keywords":["Comunit\u00e0 europea","Repubblica Federativa Socialista di Jugoslavia","Scioglimento"],"articleSection":["Esteri","Storia"],"inLanguage":"it-IT","potentialAction":[{"@type":"CommentAction","name":"Comment","target":["https:\/\/www.nonsolomusicamagazine.it\/?p=13943#respond"]}]},{"@type":"WebPage","@id":"https:\/\/www.nonsolomusicamagazine.it\/?p=13943","url":"https:\/\/www.nonsolomusicamagazine.it\/?p=13943","name":"15 gennaio 1992: la Comunit\u00e0 Europea riconosce lo scioglimento della Repubblica Federativa Socialista di Jugoslavia - NonSoloMusicaMagazine","isPartOf":{"@id":"https:\/\/www.nonsolomusicamagazine.it\/#website"},"primaryImageOfPage":{"@id":"https:\/\/www.nonsolomusicamagazine.it\/?p=13943#primaryimage"},"image":{"@id":"https:\/\/www.nonsolomusicamagazine.it\/?p=13943#primaryimage"},"thumbnailUrl":"https:\/\/www.nonsolomusicamagazine.it\/wp-content\/uploads\/2026\/01\/1000102883.png","datePublished":"2026-01-15T20:34:21+00:00","dateModified":"2026-01-15T20:34:23+00:00","author":{"@id":"https:\/\/www.nonsolomusicamagazine.it\/#\/schema\/person\/a3349ad02300d046472d46cf6d31ae46"},"description":"Comunit\u00e0 europea Jugoslavia","breadcrumb":{"@id":"https:\/\/www.nonsolomusicamagazine.it\/?p=13943#breadcrumb"},"inLanguage":"it-IT","potentialAction":[{"@type":"ReadAction","target":["https:\/\/www.nonsolomusicamagazine.it\/?p=13943"]}]},{"@type":"ImageObject","inLanguage":"it-IT","@id":"https:\/\/www.nonsolomusicamagazine.it\/?p=13943#primaryimage","url":"https:\/\/www.nonsolomusicamagazine.it\/wp-content\/uploads\/2026\/01\/1000102883.png","contentUrl":"https:\/\/www.nonsolomusicamagazine.it\/wp-content\/uploads\/2026\/01\/1000102883.png","width":1280,"height":640},{"@type":"BreadcrumbList","@id":"https:\/\/www.nonsolomusicamagazine.it\/?p=13943#breadcrumb","itemListElement":[{"@type":"ListItem","position":1,"name":"Home","item":"https:\/\/www.nonsolomusicamagazine.it\/"},{"@type":"ListItem","position":2,"name":"15 gennaio 1992: la Comunit\u00e0 Europea riconosce lo scioglimento della Repubblica Federativa Socialista di Jugoslavia"}]},{"@type":"WebSite","@id":"https:\/\/www.nonsolomusicamagazine.it\/#website","url":"https:\/\/www.nonsolomusicamagazine.it\/","name":"Nonsolomusicamagazine","description":"Dir. responsabile Manuel M Buccarella","potentialAction":[{"@type":"SearchAction","target":{"@type":"EntryPoint","urlTemplate":"https:\/\/www.nonsolomusicamagazine.it\/?s={search_term_string}"},"query-input":{"@type":"PropertyValueSpecification","valueRequired":true,"valueName":"search_term_string"}}],"inLanguage":"it-IT"},{"@type":"Person","@id":"https:\/\/www.nonsolomusicamagazine.it\/#\/schema\/person\/a3349ad02300d046472d46cf6d31ae46","name":"nonsolomusica","image":{"@type":"ImageObject","inLanguage":"it-IT","@id":"https:\/\/www.nonsolomusicamagazine.it\/wp-content\/litespeed\/avatar\/3a675484bc84db6aba78d43bfc8b7197.jpg?ver=1776880798","url":"https:\/\/www.nonsolomusicamagazine.it\/wp-content\/litespeed\/avatar\/3a675484bc84db6aba78d43bfc8b7197.jpg?ver=1776880798","contentUrl":"https:\/\/www.nonsolomusicamagazine.it\/wp-content\/litespeed\/avatar\/3a675484bc84db6aba78d43bfc8b7197.jpg?ver=1776880798","caption":"nonsolomusica"},"sameAs":["https:\/\/www.nonsolomusicamagazine.it"],"url":"https:\/\/www.nonsolomusicamagazine.it\/?author=1"}]}},"amp_enabled":true,"_links":{"self":[{"href":"https:\/\/www.nonsolomusicamagazine.it\/index.php?rest_route=\/wp\/v2\/posts\/13943","targetHints":{"allow":["GET"]}}],"collection":[{"href":"https:\/\/www.nonsolomusicamagazine.it\/index.php?rest_route=\/wp\/v2\/posts"}],"about":[{"href":"https:\/\/www.nonsolomusicamagazine.it\/index.php?rest_route=\/wp\/v2\/types\/post"}],"author":[{"embeddable":true,"href":"https:\/\/www.nonsolomusicamagazine.it\/index.php?rest_route=\/wp\/v2\/users\/1"}],"replies":[{"embeddable":true,"href":"https:\/\/www.nonsolomusicamagazine.it\/index.php?rest_route=%2Fwp%2Fv2%2Fcomments&post=13943"}],"version-history":[{"count":1,"href":"https:\/\/www.nonsolomusicamagazine.it\/index.php?rest_route=\/wp\/v2\/posts\/13943\/revisions"}],"predecessor-version":[{"id":13945,"href":"https:\/\/www.nonsolomusicamagazine.it\/index.php?rest_route=\/wp\/v2\/posts\/13943\/revisions\/13945"}],"wp:featuredmedia":[{"embeddable":true,"href":"https:\/\/www.nonsolomusicamagazine.it\/index.php?rest_route=\/wp\/v2\/media\/13944"}],"wp:attachment":[{"href":"https:\/\/www.nonsolomusicamagazine.it\/index.php?rest_route=%2Fwp%2Fv2%2Fmedia&parent=13943"}],"wp:term":[{"taxonomy":"category","embeddable":true,"href":"https:\/\/www.nonsolomusicamagazine.it\/index.php?rest_route=%2Fwp%2Fv2%2Fcategories&post=13943"},{"taxonomy":"post_tag","embeddable":true,"href":"https:\/\/www.nonsolomusicamagazine.it\/index.php?rest_route=%2Fwp%2Fv2%2Ftags&post=13943"}],"curies":[{"name":"wp","href":"https:\/\/api.w.org\/{rel}","templated":true}]}}