{"id":14007,"date":"2026-01-20T13:11:39","date_gmt":"2026-01-20T12:11:39","guid":{"rendered":"https:\/\/www.nonsolomusicamagazine.it\/?p=14007"},"modified":"2026-01-20T20:33:20","modified_gmt":"2026-01-20T19:33:20","slug":"xylella-fastidiosa","status":"publish","type":"post","link":"https:\/\/www.nonsolomusicamagazine.it\/?p=14007","title":{"rendered":"C&#8217;\u00e8 ben poca Xylella Fastidiosa negli olivi sofferenti della Puglia. Un nuovo studio del professore Scortichini."},"content":{"rendered":"\n<p class=\"has-text-align-center\"><strong>Manuel M Buccarella<\/strong><\/p>\n\n\n\n<p>La Xylella fastidiosa non \u00e8 la sola causa del disseccamento rapido dell&#8217;olivo (Codiro), anzi \u00e8 una delle cause e probabilmente la meno importante.L\u2019ennesima, autorevole conferma arriva oggi da una recentissima pubblicazione (6 gennaio 2026) del ricercatore del CREA Marco Scortichini sulla rivista scientifica internazionale Agriculture. La pubblicazione mostra un dato di straordinaria rilevanza epidemiologica: negli anni 2016\u20132022 la percentuale di ulivi disseccati risultati positivi a Xylella \u00e8 crollata da meno del 23% a poco pi\u00f9 del 3%. &#8220;In epidemiologia &#8211; scrive il Comitato Ulivivo &#8211; una correlazione cos\u00ec bassa esclude un nesso causale tra il batterio e la patologia osservata. Questo significa che le strategie finora applicate dagli amministratori regionali non hanno basi scientifiche&#8221;<\/p>\n\n\n\n<p>Nello studio di Scortichini si legge che l&#8217;introduzione di Xylella fastidiosa subsp. pauca (Xfp) \u00e8 stata trasmessa negli uliveti pugliesi principalmente da Philaenus spumarius. Dodici anni dopo il primo rapporto ufficiale sulla sua presenza e numerosi studi, la revisione pubblicata dallo scienziato del Crea su Agriculture mira a riconsiderare alcune delle misure di quarantena in atto per prevenire la diffusione di Xfp.<\/p>\n\n\n\n<p>&#8220;I rilievi effettuati all&#8217;interno delle aree delimitate hanno mostrato una bassa incidenza di Xfp nel corso degli anni, compresa tra lo 0,06% e lo 0,70%. Inoltre, il batterio \u00e8 ora presente in tutta la regione, da sud a nord, il che suggerisce potenzialmente che il batterio possa essere endemico nella regione. I modelli epidemiologici hanno indicato un&#8217;infettivit\u00e0 bassa o trascurabile per gli alberi asintomatici. Un rigoroso controllo dei vettori, ottenuto attraverso la rimozione meccanica delle uova e delle forme giovanili, abbinato alla contemporanea riduzione del carico di Xfp all&#8217;interno della chioma dell&#8217;olivo mediante l&#8217;uso di composti battericidi, potrebbe ridurre efficacemente la diffusione di Xfp sia nelle aree infette che in quelle delimitate. Queste azioni potrebbero anche fungere da misure preventive nelle aree attualmente indenni. Una volta che la prevalenza sia dei vettori che di Xfp sar\u00e0 bassa, solo gli olivi nelle aree delimitate che risultano positivi al batterio dovrebbero essere estirpati. Gli alberi entro un raggio di 50 m da un olivo positivo a Xfp non dovrebbero essere rimossi se risultano negativi al test per Xfp al momento del rilevamento&#8221;.<\/p>\n\n\n\n<p>Ricordiamo che il &#8220;Protocollo Scortichini&#8221;, incentrato sull&#8217;utilizzo sulle piante di ulivo di Dentamet, prodotto costituito da solfato di zinco e rame, complessati con idracido di acido citrico, consente l&#8217;uccisione dell&#8217;intera popolazione batterica in 4 ore e, con minore concentrazione, entro 24 ore. <a href=\"https:\/\/www.nonsolomusicamagazine.it\/?p=11259\">Questo rimedio \u00e8 riconosciuto dall&#8217;anno scorso anche da chi, in ambito scientifico, lo negava <\/a>.<\/p>\n\n\n\n<figure class=\"wp-block-image size-full\"><img decoding=\"async\" width=\"930\" height=\"620\" src=\"https:\/\/www.nonsolomusicamagazine.it\/wp-content\/uploads\/2026\/01\/1000103490.jpg\" alt=\"\" class=\"wp-image-14008\" srcset=\"https:\/\/www.nonsolomusicamagazine.it\/wp-content\/uploads\/2026\/01\/1000103490.jpg 930w, https:\/\/www.nonsolomusicamagazine.it\/wp-content\/uploads\/2026\/01\/1000103490-300x200.jpg 300w, https:\/\/www.nonsolomusicamagazine.it\/wp-content\/uploads\/2026\/01\/1000103490-768x512.jpg 768w\" sizes=\"(max-width: 930px) 100vw, 930px\" \/><\/figure>\n","protected":false},"excerpt":{"rendered":"<p>Manuel M Buccarella La Xylella fastidiosa non \u00e8 la sola causa del disseccamento rapido dell&#8217;olivo (Codiro), anzi \u00e8 una delle cause e probabilmente la meno importante.L\u2019ennesima, autorevole conferma arriva oggi da una recentissima pubblicazione (6 gennaio 2026) del ricercatore del CREA Marco Scortichini sulla rivista scientifica internazionale Agriculture. La pubblicazione mostra un dato di straordinaria [&hellip;]<\/p>\n","protected":false},"author":1,"featured_media":14008,"comment_status":"open","ping_status":"closed","sticky":false,"template":"","format":"standard","meta":{"footnotes":""},"categories":[283,1005],"tags":[5581,4433,5580,5579,344,4381,343],"class_list":["post-14007","post","type-post","status-publish","format-standard","has-post-thumbnail","hentry","category-ambiente","category-scienza","tag-abbattimenti","tag-codiro","tag-dentamet","tag-marco-scortichini","tag-ulivi","tag-ulivivivo","tag-xylella"],"yoast_head":"<!-- This site is optimized with the Yoast SEO plugin v27.5 - https:\/\/yoast.com\/product\/yoast-seo-wordpress\/ -->\n<title>C&#039;\u00e8 ben poca Xylella Fastidiosa negli olivi sofferenti della Puglia. Un nuovo studio del professore Scortichini. - NonSoloMusicaMagazine<\/title>\n<meta name=\"description\" content=\"Xylella fastidiosa\" \/>\n<meta name=\"robots\" content=\"index, follow, max-snippet:-1, max-image-preview:large, max-video-preview:-1\" \/>\n<link rel=\"canonical\" href=\"https:\/\/www.nonsolomusicamagazine.it\/?p=14007\" \/>\n<meta property=\"og:locale\" content=\"it_IT\" \/>\n<meta property=\"og:type\" content=\"article\" \/>\n<meta property=\"og:title\" content=\"C&#039;\u00e8 ben poca Xylella Fastidiosa negli olivi sofferenti della Puglia. Un nuovo studio del professore Scortichini. - NonSoloMusicaMagazine\" \/>\n<meta property=\"og:description\" content=\"Xylella fastidiosa\" \/>\n<meta property=\"og:url\" content=\"https:\/\/www.nonsolomusicamagazine.it\/?p=14007\" \/>\n<meta property=\"og:site_name\" content=\"NonSoloMusicaMagazine\" \/>\n<meta property=\"article:published_time\" content=\"2026-01-20T12:11:39+00:00\" \/>\n<meta property=\"article:modified_time\" content=\"2026-01-20T19:33:20+00:00\" \/>\n<meta property=\"og:image\" content=\"https:\/\/www.nonsolomusicamagazine.it\/wp-content\/uploads\/2026\/01\/1000103490.jpg\" \/>\n\t<meta property=\"og:image:width\" content=\"930\" \/>\n\t<meta property=\"og:image:height\" content=\"620\" \/>\n\t<meta property=\"og:image:type\" content=\"image\/jpeg\" \/>\n<meta name=\"author\" content=\"nonsolomusica\" \/>\n<meta name=\"twitter:card\" content=\"summary_large_image\" \/>\n<meta name=\"twitter:label1\" content=\"Scritto da\" \/>\n\t<meta name=\"twitter:data1\" content=\"nonsolomusica\" \/>\n\t<meta name=\"twitter:label2\" content=\"Tempo di lettura stimato\" \/>\n\t<meta name=\"twitter:data2\" content=\"3 minuti\" \/>\n<script type=\"application\/ld+json\" class=\"yoast-schema-graph\">{\"@context\":\"https:\\\/\\\/schema.org\",\"@graph\":[{\"@type\":\"Article\",\"@id\":\"https:\\\/\\\/www.nonsolomusicamagazine.it\\\/?p=14007#article\",\"isPartOf\":{\"@id\":\"https:\\\/\\\/www.nonsolomusicamagazine.it\\\/?p=14007\"},\"author\":{\"name\":\"nonsolomusica\",\"@id\":\"https:\\\/\\\/www.nonsolomusicamagazine.it\\\/#\\\/schema\\\/person\\\/a3349ad02300d046472d46cf6d31ae46\"},\"headline\":\"C&#8217;\u00e8 ben poca Xylella Fastidiosa negli olivi sofferenti della Puglia. Un nuovo studio del professore Scortichini.\",\"datePublished\":\"2026-01-20T12:11:39+00:00\",\"dateModified\":\"2026-01-20T19:33:20+00:00\",\"mainEntityOfPage\":{\"@id\":\"https:\\\/\\\/www.nonsolomusicamagazine.it\\\/?p=14007\"},\"wordCount\":428,\"commentCount\":0,\"image\":{\"@id\":\"https:\\\/\\\/www.nonsolomusicamagazine.it\\\/?p=14007#primaryimage\"},\"thumbnailUrl\":\"https:\\\/\\\/www.nonsolomusicamagazine.it\\\/wp-content\\\/uploads\\\/2026\\\/01\\\/1000103490.jpg\",\"keywords\":[\"abbattimenti\",\"Codiro\",\"Dentamet\",\"Marco Scortichini\",\"Ulivi\",\"Ulivivivo\",\"Xylella\"],\"articleSection\":[\"Ambiente\",\"Scienza\"],\"inLanguage\":\"it-IT\",\"potentialAction\":[{\"@type\":\"CommentAction\",\"name\":\"Comment\",\"target\":[\"https:\\\/\\\/www.nonsolomusicamagazine.it\\\/?p=14007#respond\"]}]},{\"@type\":\"WebPage\",\"@id\":\"https:\\\/\\\/www.nonsolomusicamagazine.it\\\/?p=14007\",\"url\":\"https:\\\/\\\/www.nonsolomusicamagazine.it\\\/?p=14007\",\"name\":\"C'\u00e8 ben poca Xylella Fastidiosa negli olivi sofferenti della Puglia. Un nuovo studio del professore Scortichini. - NonSoloMusicaMagazine\",\"isPartOf\":{\"@id\":\"https:\\\/\\\/www.nonsolomusicamagazine.it\\\/#website\"},\"primaryImageOfPage\":{\"@id\":\"https:\\\/\\\/www.nonsolomusicamagazine.it\\\/?p=14007#primaryimage\"},\"image\":{\"@id\":\"https:\\\/\\\/www.nonsolomusicamagazine.it\\\/?p=14007#primaryimage\"},\"thumbnailUrl\":\"https:\\\/\\\/www.nonsolomusicamagazine.it\\\/wp-content\\\/uploads\\\/2026\\\/01\\\/1000103490.jpg\",\"datePublished\":\"2026-01-20T12:11:39+00:00\",\"dateModified\":\"2026-01-20T19:33:20+00:00\",\"author\":{\"@id\":\"https:\\\/\\\/www.nonsolomusicamagazine.it\\\/#\\\/schema\\\/person\\\/a3349ad02300d046472d46cf6d31ae46\"},\"description\":\"Xylella fastidiosa\",\"breadcrumb\":{\"@id\":\"https:\\\/\\\/www.nonsolomusicamagazine.it\\\/?p=14007#breadcrumb\"},\"inLanguage\":\"it-IT\",\"potentialAction\":[{\"@type\":\"ReadAction\",\"target\":[\"https:\\\/\\\/www.nonsolomusicamagazine.it\\\/?p=14007\"]}]},{\"@type\":\"ImageObject\",\"inLanguage\":\"it-IT\",\"@id\":\"https:\\\/\\\/www.nonsolomusicamagazine.it\\\/?p=14007#primaryimage\",\"url\":\"https:\\\/\\\/www.nonsolomusicamagazine.it\\\/wp-content\\\/uploads\\\/2026\\\/01\\\/1000103490.jpg\",\"contentUrl\":\"https:\\\/\\\/www.nonsolomusicamagazine.it\\\/wp-content\\\/uploads\\\/2026\\\/01\\\/1000103490.jpg\",\"width\":930,\"height\":620},{\"@type\":\"BreadcrumbList\",\"@id\":\"https:\\\/\\\/www.nonsolomusicamagazine.it\\\/?p=14007#breadcrumb\",\"itemListElement\":[{\"@type\":\"ListItem\",\"position\":1,\"name\":\"Home\",\"item\":\"https:\\\/\\\/www.nonsolomusicamagazine.it\\\/\"},{\"@type\":\"ListItem\",\"position\":2,\"name\":\"C&#8217;\u00e8 ben poca Xylella Fastidiosa negli olivi sofferenti della Puglia. Un nuovo studio del professore Scortichini.\"}]},{\"@type\":\"WebSite\",\"@id\":\"https:\\\/\\\/www.nonsolomusicamagazine.it\\\/#website\",\"url\":\"https:\\\/\\\/www.nonsolomusicamagazine.it\\\/\",\"name\":\"Nonsolomusicamagazine\",\"description\":\"Dir. responsabile Manuel M Buccarella\",\"potentialAction\":[{\"@type\":\"SearchAction\",\"target\":{\"@type\":\"EntryPoint\",\"urlTemplate\":\"https:\\\/\\\/www.nonsolomusicamagazine.it\\\/?s={search_term_string}\"},\"query-input\":{\"@type\":\"PropertyValueSpecification\",\"valueRequired\":true,\"valueName\":\"search_term_string\"}}],\"inLanguage\":\"it-IT\"},{\"@type\":\"Person\",\"@id\":\"https:\\\/\\\/www.nonsolomusicamagazine.it\\\/#\\\/schema\\\/person\\\/a3349ad02300d046472d46cf6d31ae46\",\"name\":\"nonsolomusica\",\"image\":{\"@type\":\"ImageObject\",\"inLanguage\":\"it-IT\",\"@id\":\"https:\\\/\\\/www.nonsolomusicamagazine.it\\\/wp-content\\\/litespeed\\\/avatar\\\/3a675484bc84db6aba78d43bfc8b7197.jpg?ver=1776880798\",\"url\":\"https:\\\/\\\/www.nonsolomusicamagazine.it\\\/wp-content\\\/litespeed\\\/avatar\\\/3a675484bc84db6aba78d43bfc8b7197.jpg?ver=1776880798\",\"contentUrl\":\"https:\\\/\\\/www.nonsolomusicamagazine.it\\\/wp-content\\\/litespeed\\\/avatar\\\/3a675484bc84db6aba78d43bfc8b7197.jpg?ver=1776880798\",\"caption\":\"nonsolomusica\"},\"sameAs\":[\"https:\\\/\\\/www.nonsolomusicamagazine.it\"],\"url\":\"https:\\\/\\\/www.nonsolomusicamagazine.it\\\/?author=1\"}]}<\/script>\n<!-- \/ Yoast SEO plugin. -->","yoast_head_json":{"title":"C'\u00e8 ben poca Xylella Fastidiosa negli olivi sofferenti della Puglia. Un nuovo studio del professore Scortichini. - NonSoloMusicaMagazine","description":"Xylella fastidiosa","robots":{"index":"index","follow":"follow","max-snippet":"max-snippet:-1","max-image-preview":"max-image-preview:large","max-video-preview":"max-video-preview:-1"},"canonical":"https:\/\/www.nonsolomusicamagazine.it\/?p=14007","og_locale":"it_IT","og_type":"article","og_title":"C'\u00e8 ben poca Xylella Fastidiosa negli olivi sofferenti della Puglia. Un nuovo studio del professore Scortichini. - NonSoloMusicaMagazine","og_description":"Xylella fastidiosa","og_url":"https:\/\/www.nonsolomusicamagazine.it\/?p=14007","og_site_name":"NonSoloMusicaMagazine","article_published_time":"2026-01-20T12:11:39+00:00","article_modified_time":"2026-01-20T19:33:20+00:00","og_image":[{"width":930,"height":620,"url":"https:\/\/www.nonsolomusicamagazine.it\/wp-content\/uploads\/2026\/01\/1000103490.jpg","type":"image\/jpeg"}],"author":"nonsolomusica","twitter_card":"summary_large_image","twitter_misc":{"Scritto da":"nonsolomusica","Tempo di lettura stimato":"3 minuti"},"schema":{"@context":"https:\/\/schema.org","@graph":[{"@type":"Article","@id":"https:\/\/www.nonsolomusicamagazine.it\/?p=14007#article","isPartOf":{"@id":"https:\/\/www.nonsolomusicamagazine.it\/?p=14007"},"author":{"name":"nonsolomusica","@id":"https:\/\/www.nonsolomusicamagazine.it\/#\/schema\/person\/a3349ad02300d046472d46cf6d31ae46"},"headline":"C&#8217;\u00e8 ben poca Xylella Fastidiosa negli olivi sofferenti della Puglia. Un nuovo studio del professore Scortichini.","datePublished":"2026-01-20T12:11:39+00:00","dateModified":"2026-01-20T19:33:20+00:00","mainEntityOfPage":{"@id":"https:\/\/www.nonsolomusicamagazine.it\/?p=14007"},"wordCount":428,"commentCount":0,"image":{"@id":"https:\/\/www.nonsolomusicamagazine.it\/?p=14007#primaryimage"},"thumbnailUrl":"https:\/\/www.nonsolomusicamagazine.it\/wp-content\/uploads\/2026\/01\/1000103490.jpg","keywords":["abbattimenti","Codiro","Dentamet","Marco Scortichini","Ulivi","Ulivivivo","Xylella"],"articleSection":["Ambiente","Scienza"],"inLanguage":"it-IT","potentialAction":[{"@type":"CommentAction","name":"Comment","target":["https:\/\/www.nonsolomusicamagazine.it\/?p=14007#respond"]}]},{"@type":"WebPage","@id":"https:\/\/www.nonsolomusicamagazine.it\/?p=14007","url":"https:\/\/www.nonsolomusicamagazine.it\/?p=14007","name":"C'\u00e8 ben poca Xylella Fastidiosa negli olivi sofferenti della Puglia. Un nuovo studio del professore Scortichini. - NonSoloMusicaMagazine","isPartOf":{"@id":"https:\/\/www.nonsolomusicamagazine.it\/#website"},"primaryImageOfPage":{"@id":"https:\/\/www.nonsolomusicamagazine.it\/?p=14007#primaryimage"},"image":{"@id":"https:\/\/www.nonsolomusicamagazine.it\/?p=14007#primaryimage"},"thumbnailUrl":"https:\/\/www.nonsolomusicamagazine.it\/wp-content\/uploads\/2026\/01\/1000103490.jpg","datePublished":"2026-01-20T12:11:39+00:00","dateModified":"2026-01-20T19:33:20+00:00","author":{"@id":"https:\/\/www.nonsolomusicamagazine.it\/#\/schema\/person\/a3349ad02300d046472d46cf6d31ae46"},"description":"Xylella fastidiosa","breadcrumb":{"@id":"https:\/\/www.nonsolomusicamagazine.it\/?p=14007#breadcrumb"},"inLanguage":"it-IT","potentialAction":[{"@type":"ReadAction","target":["https:\/\/www.nonsolomusicamagazine.it\/?p=14007"]}]},{"@type":"ImageObject","inLanguage":"it-IT","@id":"https:\/\/www.nonsolomusicamagazine.it\/?p=14007#primaryimage","url":"https:\/\/www.nonsolomusicamagazine.it\/wp-content\/uploads\/2026\/01\/1000103490.jpg","contentUrl":"https:\/\/www.nonsolomusicamagazine.it\/wp-content\/uploads\/2026\/01\/1000103490.jpg","width":930,"height":620},{"@type":"BreadcrumbList","@id":"https:\/\/www.nonsolomusicamagazine.it\/?p=14007#breadcrumb","itemListElement":[{"@type":"ListItem","position":1,"name":"Home","item":"https:\/\/www.nonsolomusicamagazine.it\/"},{"@type":"ListItem","position":2,"name":"C&#8217;\u00e8 ben poca Xylella Fastidiosa negli olivi sofferenti della Puglia. Un nuovo studio del professore Scortichini."}]},{"@type":"WebSite","@id":"https:\/\/www.nonsolomusicamagazine.it\/#website","url":"https:\/\/www.nonsolomusicamagazine.it\/","name":"Nonsolomusicamagazine","description":"Dir. responsabile Manuel M Buccarella","potentialAction":[{"@type":"SearchAction","target":{"@type":"EntryPoint","urlTemplate":"https:\/\/www.nonsolomusicamagazine.it\/?s={search_term_string}"},"query-input":{"@type":"PropertyValueSpecification","valueRequired":true,"valueName":"search_term_string"}}],"inLanguage":"it-IT"},{"@type":"Person","@id":"https:\/\/www.nonsolomusicamagazine.it\/#\/schema\/person\/a3349ad02300d046472d46cf6d31ae46","name":"nonsolomusica","image":{"@type":"ImageObject","inLanguage":"it-IT","@id":"https:\/\/www.nonsolomusicamagazine.it\/wp-content\/litespeed\/avatar\/3a675484bc84db6aba78d43bfc8b7197.jpg?ver=1776880798","url":"https:\/\/www.nonsolomusicamagazine.it\/wp-content\/litespeed\/avatar\/3a675484bc84db6aba78d43bfc8b7197.jpg?ver=1776880798","contentUrl":"https:\/\/www.nonsolomusicamagazine.it\/wp-content\/litespeed\/avatar\/3a675484bc84db6aba78d43bfc8b7197.jpg?ver=1776880798","caption":"nonsolomusica"},"sameAs":["https:\/\/www.nonsolomusicamagazine.it"],"url":"https:\/\/www.nonsolomusicamagazine.it\/?author=1"}]}},"amp_enabled":true,"_links":{"self":[{"href":"https:\/\/www.nonsolomusicamagazine.it\/index.php?rest_route=\/wp\/v2\/posts\/14007","targetHints":{"allow":["GET"]}}],"collection":[{"href":"https:\/\/www.nonsolomusicamagazine.it\/index.php?rest_route=\/wp\/v2\/posts"}],"about":[{"href":"https:\/\/www.nonsolomusicamagazine.it\/index.php?rest_route=\/wp\/v2\/types\/post"}],"author":[{"embeddable":true,"href":"https:\/\/www.nonsolomusicamagazine.it\/index.php?rest_route=\/wp\/v2\/users\/1"}],"replies":[{"embeddable":true,"href":"https:\/\/www.nonsolomusicamagazine.it\/index.php?rest_route=%2Fwp%2Fv2%2Fcomments&post=14007"}],"version-history":[{"count":2,"href":"https:\/\/www.nonsolomusicamagazine.it\/index.php?rest_route=\/wp\/v2\/posts\/14007\/revisions"}],"predecessor-version":[{"id":14016,"href":"https:\/\/www.nonsolomusicamagazine.it\/index.php?rest_route=\/wp\/v2\/posts\/14007\/revisions\/14016"}],"wp:featuredmedia":[{"embeddable":true,"href":"https:\/\/www.nonsolomusicamagazine.it\/index.php?rest_route=\/wp\/v2\/media\/14008"}],"wp:attachment":[{"href":"https:\/\/www.nonsolomusicamagazine.it\/index.php?rest_route=%2Fwp%2Fv2%2Fmedia&parent=14007"}],"wp:term":[{"taxonomy":"category","embeddable":true,"href":"https:\/\/www.nonsolomusicamagazine.it\/index.php?rest_route=%2Fwp%2Fv2%2Fcategories&post=14007"},{"taxonomy":"post_tag","embeddable":true,"href":"https:\/\/www.nonsolomusicamagazine.it\/index.php?rest_route=%2Fwp%2Fv2%2Ftags&post=14007"}],"curies":[{"name":"wp","href":"https:\/\/api.w.org\/{rel}","templated":true}]}}