{"id":14082,"date":"2026-01-24T09:01:25","date_gmt":"2026-01-24T08:01:25","guid":{"rendered":"https:\/\/www.nonsolomusicamagazine.it\/?p=14082"},"modified":"2026-01-24T11:25:10","modified_gmt":"2026-01-24T10:25:10","slug":"dati-preoccupanti-dallinquinamento-atmosferico-in-italia-non-sfugge-una-piccola-citta-come-lecce","status":"publish","type":"post","link":"https:\/\/www.nonsolomusicamagazine.it\/?p=14082","title":{"rendered":"Dati preoccupanti dall&#8217;inquinamento atmosferico in Italia. Non sfugge una piccola citt\u00e0 come Lecce."},"content":{"rendered":"\n<p class=\"has-text-align-center\">   <strong>Manuel M Buccarella <\/strong><\/p>\n\n\n\n<p>ISDE Italia (Associazione Medici per l&#8217;Ambiente) ha diffuso negli scorsi giorni i risultati di &#8220;Cambiamo aria&#8221;, un progetto nazionale promosso da ISDE Italia in collaborazione con il Kyoto Club e Clean Cities Campaign. <\/p>\n\n\n\n<p>Il report definitivo analizza la qualit\u00e0 dell&#8217;aria rilevata da 57 centraline nelle principali 27 citt\u00e0 italiane (sostanzialmente grandi citt\u00e0 e comunque anche capoluoghi di regione e di citt\u00e0 metropolitane). L&#8217;analisi mostra un quadro ancora fortemente critico: &#8220;Nonostante lievi miglioramenti in alcuni contesti, l&#8217;esposizione cronica della popolazione urbana a livelli elevati di inquinanti nocivi rimane diffusa e largamente incompatibile con la tutela della salute pubblica. In molte citt\u00e0 italiane non sono rispettati neppure i limiti normativi attualmente in vigore, mentre il divario con i nuovi standard europei e con le linee guida dell&#8217;Organizzazione mondiale della sanit\u00e0 (Oms) appare allarmante&#8221;. <\/p>\n\n\n\n<p>In particolare, a Milano, Torino e Padova sono state registrate medie annue di Pm 2.5 ben superiori alle soglie di sicurezza. Ad ogni modo nel 2025 numerose citt\u00e0 italiane hanno superato i limiti di legge per le polveri sottili (PM10, PM2.5) e il biossido di azoto (NO2). L&#8217;inquinamento atmosferico ha un grave impatto sulla salute, causando in Italia oltre 43.000 decessi prematuri l&#8217;anno. A Torino, ad esempio, si stima che il 12% dei decessi tra gli adulti sia legato all&#8217;esposizione al PM 2.5. <\/p>\n\n\n\n<p>L&#8217;inquinamento atmosferico \u00e8 oggi il principale rischio ambientale per la salute in Europa e in Italia. &#8220;E&#8217; associato a un aumento di patologie respiratorie, cardiovascolari, metaboliche e neurologiche, con effetti negativi anche sulla salute riproduttiva e sullo sviluppo infantile&#8221;, ricorda il report. Secondo l&#8217;Oms, ogni anno oltre 7 milioni di persone muoiono prematuramente nel mondo a causa dell&#8217;aria inquinata; in Italia si stimano decine di migliaia di decessi evitabili. Le principali fonti dell&#8217;inquinamento urbano restano l&#8217;uso di combustibili fossili per il riscaldamento degli edifici, il traffico stradale e il trasporto marittimo,responsabili anche delle emissioni climalteranti. Ridurre drasticamente queste emissioni significherebbe ottenere benefici immediati sia per la salute sia per il clima.<\/p>\n\n\n\n<h5 class=\"wp-block-heading\">Lecce<\/h5>\n\n\n\n<p>Non si sottrae alle cattive notizie Lecce che, secondo lo studio di UniSalento \u00e8 una citt\u00e0 inquinata dalle auto, con forti effetti sulla saIute. Sono le acquisizioni del progetto \u201cTox-In-Air\u201d (Ateneo di Lecce, Ateneo di Bari e Cnr-Isac), che ha studiato la tossicit\u00e0 del particolato fine (PM 2.5) in citt\u00e0 per capire non solo quanta polvere \u00e8 presente ma soprattutto quanto pu\u00f2 essere dannosa. <\/p>\n\n\n\n<p>La qualit\u00e0 dell&#8217;aria a Lecce \u00e8 oggi (24 gennaio) classificata come Moderata (valore intorno a 98).Il PM2.5 rimane il principale elemento di preoccupazione, con concentrazioni che superano i limiti annuali raccomandati dall&#8217;OMS.<\/p>\n\n\n\n<p>Secondo lo studio nel sito urbano analizzato emerge una presenza molto pi\u00f9 elevata di\u00a0<strong>particelle ultrafini e di black carbon<\/strong>, principalmente legate al\u00a0<strong>traffico veicolare<\/strong>. Questi inquinanti contribuiscono in misura limitata alla massa complessiva del PM2.5, ma sono particolarmente rilevanti perch\u00e9 penetrano pi\u00f9 facilmente nei polmoni e sono associati a\u00a0forti effetti sulla salute. <\/p>\n\n\n\n<p>La citt\u00e0 sconta da tempo un eccessivo utilizzo delle auto. Per contro i mezzi pubblici sono quasi sempre desolatamente vuoti, ma circolano ugualmente, contribuendo all&#8217;inquinamento atmosferico ed al rilascio delle pericolose polveri sottili. Nonostante sia una citt\u00e0 piccola, sono in pochi a percorrerla a piedi o in bici.<\/p>\n\n\n\n<figure class=\"wp-block-image size-full\"><img decoding=\"async\" width=\"1024\" height=\"683\" src=\"https:\/\/www.nonsolomusicamagazine.it\/wp-content\/uploads\/2026\/01\/1000104043.png\" alt=\"\" class=\"wp-image-14083\" srcset=\"https:\/\/www.nonsolomusicamagazine.it\/wp-content\/uploads\/2026\/01\/1000104043.png 1024w, https:\/\/www.nonsolomusicamagazine.it\/wp-content\/uploads\/2026\/01\/1000104043-300x200.png 300w, https:\/\/www.nonsolomusicamagazine.it\/wp-content\/uploads\/2026\/01\/1000104043-768x512.png 768w\" sizes=\"(max-width: 1024px) 100vw, 1024px\" \/><\/figure>\n","protected":false},"excerpt":{"rendered":"<p>Manuel M Buccarella ISDE Italia (Associazione Medici per l&#8217;Ambiente) ha diffuso negli scorsi giorni i risultati di &#8220;Cambiamo aria&#8221;, un progetto nazionale promosso da ISDE Italia in collaborazione con il Kyoto Club e Clean Cities Campaign. Il report definitivo analizza la qualit\u00e0 dell&#8217;aria rilevata da 57 centraline nelle principali 27 citt\u00e0 italiane (sostanzialmente grandi citt\u00e0 [&hellip;]<\/p>\n","protected":false},"author":1,"featured_media":14083,"comment_status":"open","ping_status":"closed","sticky":false,"template":"","format":"standard","meta":{"footnotes":""},"categories":[283,107],"tags":[471,2018,1171,52,245,4359,5602,530],"class_list":["post-14082","post","type-post","status-publish","format-standard","has-post-thumbnail","hentry","category-ambiente","category-salute","tag-decessi","tag-inquinamento-atmosferico","tag-isde","tag-lecce","tag-milano","tag-padova","tag-polveri-sottili","tag-torino"],"yoast_head":"<!-- This site is optimized with the Yoast SEO plugin v27.5 - https:\/\/yoast.com\/product\/yoast-seo-wordpress\/ -->\n<title>Dati preoccupanti dall&#039;inquinamento atmosferico in Italia. Non sfugge una piccola citt\u00e0 come Lecce. - NonSoloMusicaMagazine<\/title>\n<meta name=\"description\" content=\"Inquinamento atmosferico\" \/>\n<meta name=\"robots\" content=\"index, follow, max-snippet:-1, max-image-preview:large, max-video-preview:-1\" \/>\n<link rel=\"canonical\" href=\"https:\/\/www.nonsolomusicamagazine.it\/?p=14082\" \/>\n<meta property=\"og:locale\" content=\"it_IT\" \/>\n<meta property=\"og:type\" content=\"article\" \/>\n<meta property=\"og:title\" content=\"Dati preoccupanti dall&#039;inquinamento atmosferico in Italia. Non sfugge una piccola citt\u00e0 come Lecce. - NonSoloMusicaMagazine\" \/>\n<meta property=\"og:description\" content=\"Inquinamento atmosferico\" \/>\n<meta property=\"og:url\" content=\"https:\/\/www.nonsolomusicamagazine.it\/?p=14082\" \/>\n<meta property=\"og:site_name\" content=\"NonSoloMusicaMagazine\" \/>\n<meta property=\"article:published_time\" content=\"2026-01-24T08:01:25+00:00\" \/>\n<meta property=\"article:modified_time\" content=\"2026-01-24T10:25:10+00:00\" \/>\n<meta property=\"og:image\" content=\"https:\/\/www.nonsolomusicamagazine.it\/wp-content\/uploads\/2026\/01\/1000104043.png\" \/>\n\t<meta property=\"og:image:width\" content=\"1024\" \/>\n\t<meta property=\"og:image:height\" content=\"683\" \/>\n\t<meta property=\"og:image:type\" content=\"image\/png\" \/>\n<meta name=\"author\" content=\"nonsolomusica\" \/>\n<meta name=\"twitter:card\" content=\"summary_large_image\" \/>\n<meta name=\"twitter:label1\" content=\"Scritto da\" \/>\n\t<meta name=\"twitter:data1\" content=\"nonsolomusica\" \/>\n\t<meta name=\"twitter:label2\" content=\"Tempo di lettura stimato\" \/>\n\t<meta name=\"twitter:data2\" content=\"4 minuti\" \/>\n<script type=\"application\/ld+json\" class=\"yoast-schema-graph\">{\"@context\":\"https:\\\/\\\/schema.org\",\"@graph\":[{\"@type\":\"Article\",\"@id\":\"https:\\\/\\\/www.nonsolomusicamagazine.it\\\/?p=14082#article\",\"isPartOf\":{\"@id\":\"https:\\\/\\\/www.nonsolomusicamagazine.it\\\/?p=14082\"},\"author\":{\"name\":\"nonsolomusica\",\"@id\":\"https:\\\/\\\/www.nonsolomusicamagazine.it\\\/#\\\/schema\\\/person\\\/a3349ad02300d046472d46cf6d31ae46\"},\"headline\":\"Dati preoccupanti dall&#8217;inquinamento atmosferico in Italia. Non sfugge una piccola citt\u00e0 come Lecce.\",\"datePublished\":\"2026-01-24T08:01:25+00:00\",\"dateModified\":\"2026-01-24T10:25:10+00:00\",\"mainEntityOfPage\":{\"@id\":\"https:\\\/\\\/www.nonsolomusicamagazine.it\\\/?p=14082\"},\"wordCount\":544,\"commentCount\":0,\"image\":{\"@id\":\"https:\\\/\\\/www.nonsolomusicamagazine.it\\\/?p=14082#primaryimage\"},\"thumbnailUrl\":\"https:\\\/\\\/www.nonsolomusicamagazine.it\\\/wp-content\\\/uploads\\\/2026\\\/01\\\/1000104043.png\",\"keywords\":[\"Decessi\",\"inquinamento atmosferico\",\"ISDE\",\"Lecce\",\"Milano\",\"Padova\",\"Polveri sottili\",\"Torino\"],\"articleSection\":[\"Ambiente\",\"Salute\"],\"inLanguage\":\"it-IT\",\"potentialAction\":[{\"@type\":\"CommentAction\",\"name\":\"Comment\",\"target\":[\"https:\\\/\\\/www.nonsolomusicamagazine.it\\\/?p=14082#respond\"]}]},{\"@type\":\"WebPage\",\"@id\":\"https:\\\/\\\/www.nonsolomusicamagazine.it\\\/?p=14082\",\"url\":\"https:\\\/\\\/www.nonsolomusicamagazine.it\\\/?p=14082\",\"name\":\"Dati preoccupanti dall'inquinamento atmosferico in Italia. Non sfugge una piccola citt\u00e0 come Lecce. - NonSoloMusicaMagazine\",\"isPartOf\":{\"@id\":\"https:\\\/\\\/www.nonsolomusicamagazine.it\\\/#website\"},\"primaryImageOfPage\":{\"@id\":\"https:\\\/\\\/www.nonsolomusicamagazine.it\\\/?p=14082#primaryimage\"},\"image\":{\"@id\":\"https:\\\/\\\/www.nonsolomusicamagazine.it\\\/?p=14082#primaryimage\"},\"thumbnailUrl\":\"https:\\\/\\\/www.nonsolomusicamagazine.it\\\/wp-content\\\/uploads\\\/2026\\\/01\\\/1000104043.png\",\"datePublished\":\"2026-01-24T08:01:25+00:00\",\"dateModified\":\"2026-01-24T10:25:10+00:00\",\"author\":{\"@id\":\"https:\\\/\\\/www.nonsolomusicamagazine.it\\\/#\\\/schema\\\/person\\\/a3349ad02300d046472d46cf6d31ae46\"},\"description\":\"Inquinamento atmosferico\",\"breadcrumb\":{\"@id\":\"https:\\\/\\\/www.nonsolomusicamagazine.it\\\/?p=14082#breadcrumb\"},\"inLanguage\":\"it-IT\",\"potentialAction\":[{\"@type\":\"ReadAction\",\"target\":[\"https:\\\/\\\/www.nonsolomusicamagazine.it\\\/?p=14082\"]}]},{\"@type\":\"ImageObject\",\"inLanguage\":\"it-IT\",\"@id\":\"https:\\\/\\\/www.nonsolomusicamagazine.it\\\/?p=14082#primaryimage\",\"url\":\"https:\\\/\\\/www.nonsolomusicamagazine.it\\\/wp-content\\\/uploads\\\/2026\\\/01\\\/1000104043.png\",\"contentUrl\":\"https:\\\/\\\/www.nonsolomusicamagazine.it\\\/wp-content\\\/uploads\\\/2026\\\/01\\\/1000104043.png\",\"width\":1024,\"height\":683},{\"@type\":\"BreadcrumbList\",\"@id\":\"https:\\\/\\\/www.nonsolomusicamagazine.it\\\/?p=14082#breadcrumb\",\"itemListElement\":[{\"@type\":\"ListItem\",\"position\":1,\"name\":\"Home\",\"item\":\"https:\\\/\\\/www.nonsolomusicamagazine.it\\\/\"},{\"@type\":\"ListItem\",\"position\":2,\"name\":\"Dati preoccupanti dall&#8217;inquinamento atmosferico in Italia. Non sfugge una piccola citt\u00e0 come Lecce.\"}]},{\"@type\":\"WebSite\",\"@id\":\"https:\\\/\\\/www.nonsolomusicamagazine.it\\\/#website\",\"url\":\"https:\\\/\\\/www.nonsolomusicamagazine.it\\\/\",\"name\":\"Nonsolomusicamagazine\",\"description\":\"Dir. responsabile Manuel M Buccarella\",\"potentialAction\":[{\"@type\":\"SearchAction\",\"target\":{\"@type\":\"EntryPoint\",\"urlTemplate\":\"https:\\\/\\\/www.nonsolomusicamagazine.it\\\/?s={search_term_string}\"},\"query-input\":{\"@type\":\"PropertyValueSpecification\",\"valueRequired\":true,\"valueName\":\"search_term_string\"}}],\"inLanguage\":\"it-IT\"},{\"@type\":\"Person\",\"@id\":\"https:\\\/\\\/www.nonsolomusicamagazine.it\\\/#\\\/schema\\\/person\\\/a3349ad02300d046472d46cf6d31ae46\",\"name\":\"nonsolomusica\",\"image\":{\"@type\":\"ImageObject\",\"inLanguage\":\"it-IT\",\"@id\":\"https:\\\/\\\/www.nonsolomusicamagazine.it\\\/wp-content\\\/litespeed\\\/avatar\\\/3a675484bc84db6aba78d43bfc8b7197.jpg?ver=1777485663\",\"url\":\"https:\\\/\\\/www.nonsolomusicamagazine.it\\\/wp-content\\\/litespeed\\\/avatar\\\/3a675484bc84db6aba78d43bfc8b7197.jpg?ver=1777485663\",\"contentUrl\":\"https:\\\/\\\/www.nonsolomusicamagazine.it\\\/wp-content\\\/litespeed\\\/avatar\\\/3a675484bc84db6aba78d43bfc8b7197.jpg?ver=1777485663\",\"caption\":\"nonsolomusica\"},\"sameAs\":[\"https:\\\/\\\/www.nonsolomusicamagazine.it\"],\"url\":\"https:\\\/\\\/www.nonsolomusicamagazine.it\\\/?author=1\"}]}<\/script>\n<!-- \/ Yoast SEO plugin. -->","yoast_head_json":{"title":"Dati preoccupanti dall'inquinamento atmosferico in Italia. Non sfugge una piccola citt\u00e0 come Lecce. - NonSoloMusicaMagazine","description":"Inquinamento atmosferico","robots":{"index":"index","follow":"follow","max-snippet":"max-snippet:-1","max-image-preview":"max-image-preview:large","max-video-preview":"max-video-preview:-1"},"canonical":"https:\/\/www.nonsolomusicamagazine.it\/?p=14082","og_locale":"it_IT","og_type":"article","og_title":"Dati preoccupanti dall'inquinamento atmosferico in Italia. Non sfugge una piccola citt\u00e0 come Lecce. - NonSoloMusicaMagazine","og_description":"Inquinamento atmosferico","og_url":"https:\/\/www.nonsolomusicamagazine.it\/?p=14082","og_site_name":"NonSoloMusicaMagazine","article_published_time":"2026-01-24T08:01:25+00:00","article_modified_time":"2026-01-24T10:25:10+00:00","og_image":[{"width":1024,"height":683,"url":"https:\/\/www.nonsolomusicamagazine.it\/wp-content\/uploads\/2026\/01\/1000104043.png","type":"image\/png"}],"author":"nonsolomusica","twitter_card":"summary_large_image","twitter_misc":{"Scritto da":"nonsolomusica","Tempo di lettura stimato":"4 minuti"},"schema":{"@context":"https:\/\/schema.org","@graph":[{"@type":"Article","@id":"https:\/\/www.nonsolomusicamagazine.it\/?p=14082#article","isPartOf":{"@id":"https:\/\/www.nonsolomusicamagazine.it\/?p=14082"},"author":{"name":"nonsolomusica","@id":"https:\/\/www.nonsolomusicamagazine.it\/#\/schema\/person\/a3349ad02300d046472d46cf6d31ae46"},"headline":"Dati preoccupanti dall&#8217;inquinamento atmosferico in Italia. Non sfugge una piccola citt\u00e0 come Lecce.","datePublished":"2026-01-24T08:01:25+00:00","dateModified":"2026-01-24T10:25:10+00:00","mainEntityOfPage":{"@id":"https:\/\/www.nonsolomusicamagazine.it\/?p=14082"},"wordCount":544,"commentCount":0,"image":{"@id":"https:\/\/www.nonsolomusicamagazine.it\/?p=14082#primaryimage"},"thumbnailUrl":"https:\/\/www.nonsolomusicamagazine.it\/wp-content\/uploads\/2026\/01\/1000104043.png","keywords":["Decessi","inquinamento atmosferico","ISDE","Lecce","Milano","Padova","Polveri sottili","Torino"],"articleSection":["Ambiente","Salute"],"inLanguage":"it-IT","potentialAction":[{"@type":"CommentAction","name":"Comment","target":["https:\/\/www.nonsolomusicamagazine.it\/?p=14082#respond"]}]},{"@type":"WebPage","@id":"https:\/\/www.nonsolomusicamagazine.it\/?p=14082","url":"https:\/\/www.nonsolomusicamagazine.it\/?p=14082","name":"Dati preoccupanti dall'inquinamento atmosferico in Italia. Non sfugge una piccola citt\u00e0 come Lecce. - NonSoloMusicaMagazine","isPartOf":{"@id":"https:\/\/www.nonsolomusicamagazine.it\/#website"},"primaryImageOfPage":{"@id":"https:\/\/www.nonsolomusicamagazine.it\/?p=14082#primaryimage"},"image":{"@id":"https:\/\/www.nonsolomusicamagazine.it\/?p=14082#primaryimage"},"thumbnailUrl":"https:\/\/www.nonsolomusicamagazine.it\/wp-content\/uploads\/2026\/01\/1000104043.png","datePublished":"2026-01-24T08:01:25+00:00","dateModified":"2026-01-24T10:25:10+00:00","author":{"@id":"https:\/\/www.nonsolomusicamagazine.it\/#\/schema\/person\/a3349ad02300d046472d46cf6d31ae46"},"description":"Inquinamento atmosferico","breadcrumb":{"@id":"https:\/\/www.nonsolomusicamagazine.it\/?p=14082#breadcrumb"},"inLanguage":"it-IT","potentialAction":[{"@type":"ReadAction","target":["https:\/\/www.nonsolomusicamagazine.it\/?p=14082"]}]},{"@type":"ImageObject","inLanguage":"it-IT","@id":"https:\/\/www.nonsolomusicamagazine.it\/?p=14082#primaryimage","url":"https:\/\/www.nonsolomusicamagazine.it\/wp-content\/uploads\/2026\/01\/1000104043.png","contentUrl":"https:\/\/www.nonsolomusicamagazine.it\/wp-content\/uploads\/2026\/01\/1000104043.png","width":1024,"height":683},{"@type":"BreadcrumbList","@id":"https:\/\/www.nonsolomusicamagazine.it\/?p=14082#breadcrumb","itemListElement":[{"@type":"ListItem","position":1,"name":"Home","item":"https:\/\/www.nonsolomusicamagazine.it\/"},{"@type":"ListItem","position":2,"name":"Dati preoccupanti dall&#8217;inquinamento atmosferico in Italia. Non sfugge una piccola citt\u00e0 come Lecce."}]},{"@type":"WebSite","@id":"https:\/\/www.nonsolomusicamagazine.it\/#website","url":"https:\/\/www.nonsolomusicamagazine.it\/","name":"Nonsolomusicamagazine","description":"Dir. responsabile Manuel M Buccarella","potentialAction":[{"@type":"SearchAction","target":{"@type":"EntryPoint","urlTemplate":"https:\/\/www.nonsolomusicamagazine.it\/?s={search_term_string}"},"query-input":{"@type":"PropertyValueSpecification","valueRequired":true,"valueName":"search_term_string"}}],"inLanguage":"it-IT"},{"@type":"Person","@id":"https:\/\/www.nonsolomusicamagazine.it\/#\/schema\/person\/a3349ad02300d046472d46cf6d31ae46","name":"nonsolomusica","image":{"@type":"ImageObject","inLanguage":"it-IT","@id":"https:\/\/www.nonsolomusicamagazine.it\/wp-content\/litespeed\/avatar\/3a675484bc84db6aba78d43bfc8b7197.jpg?ver=1777485663","url":"https:\/\/www.nonsolomusicamagazine.it\/wp-content\/litespeed\/avatar\/3a675484bc84db6aba78d43bfc8b7197.jpg?ver=1777485663","contentUrl":"https:\/\/www.nonsolomusicamagazine.it\/wp-content\/litespeed\/avatar\/3a675484bc84db6aba78d43bfc8b7197.jpg?ver=1777485663","caption":"nonsolomusica"},"sameAs":["https:\/\/www.nonsolomusicamagazine.it"],"url":"https:\/\/www.nonsolomusicamagazine.it\/?author=1"}]}},"amp_enabled":true,"_links":{"self":[{"href":"https:\/\/www.nonsolomusicamagazine.it\/index.php?rest_route=\/wp\/v2\/posts\/14082","targetHints":{"allow":["GET"]}}],"collection":[{"href":"https:\/\/www.nonsolomusicamagazine.it\/index.php?rest_route=\/wp\/v2\/posts"}],"about":[{"href":"https:\/\/www.nonsolomusicamagazine.it\/index.php?rest_route=\/wp\/v2\/types\/post"}],"author":[{"embeddable":true,"href":"https:\/\/www.nonsolomusicamagazine.it\/index.php?rest_route=\/wp\/v2\/users\/1"}],"replies":[{"embeddable":true,"href":"https:\/\/www.nonsolomusicamagazine.it\/index.php?rest_route=%2Fwp%2Fv2%2Fcomments&post=14082"}],"version-history":[{"count":4,"href":"https:\/\/www.nonsolomusicamagazine.it\/index.php?rest_route=\/wp\/v2\/posts\/14082\/revisions"}],"predecessor-version":[{"id":14090,"href":"https:\/\/www.nonsolomusicamagazine.it\/index.php?rest_route=\/wp\/v2\/posts\/14082\/revisions\/14090"}],"wp:featuredmedia":[{"embeddable":true,"href":"https:\/\/www.nonsolomusicamagazine.it\/index.php?rest_route=\/wp\/v2\/media\/14083"}],"wp:attachment":[{"href":"https:\/\/www.nonsolomusicamagazine.it\/index.php?rest_route=%2Fwp%2Fv2%2Fmedia&parent=14082"}],"wp:term":[{"taxonomy":"category","embeddable":true,"href":"https:\/\/www.nonsolomusicamagazine.it\/index.php?rest_route=%2Fwp%2Fv2%2Fcategories&post=14082"},{"taxonomy":"post_tag","embeddable":true,"href":"https:\/\/www.nonsolomusicamagazine.it\/index.php?rest_route=%2Fwp%2Fv2%2Ftags&post=14082"}],"curies":[{"name":"wp","href":"https:\/\/api.w.org\/{rel}","templated":true}]}}