{"id":14091,"date":"2026-01-24T13:09:33","date_gmt":"2026-01-24T12:09:33","guid":{"rendered":"https:\/\/www.nonsolomusicamagazine.it\/?p=14091"},"modified":"2026-01-24T14:47:49","modified_gmt":"2026-01-24T13:47:49","slug":"diamogli-diciamo-il-nobel-per-la-pace-a-trump-diciamo","status":"publish","type":"post","link":"https:\/\/www.nonsolomusicamagazine.it\/?p=14091","title":{"rendered":"Diamogli &#8230;diciamo &#8230; il Nobel per la Pace &#8230; a Trump &#8230;  Diciamo&#8230;"},"content":{"rendered":"\n<p class=\"has-text-align-center\"><strong>Manuel M Buccarella<\/strong><\/p>\n\n\n\n<p>La (o il?) presidente del Consiglio Giorgia Meloni ha dichiarato di auspicare che Donald Trump possa ricevere il Premio Nobel per la Pace in futuro. La Meloni lo ha dichiarato ieri a Roma durante una conferenza stampa a seguito del vertice intergovernativo con il cancelliere tedesco Friedrich Merz.<\/p>\n\n\n\n<p>Meloni ha legato questa possibilit\u00e0 al ruolo che Trump potrebbe giocare nel raggiungimento di una &#8220;pace giusta e duratura&#8221; per l&#8217;Ucraina. Ha affermato che, se il presidente statunitense riuscir\u00e0 a fare la differenza in questo conflitto, anche l&#8217;Italia potrebbe candidarlo ufficialmente al Nobel. La premier ha confermato di avere un dialogo aperto con Trump, menzionando di avergli chiesto di rivedere la configurazione del suo proposto &#8220;Board of Peace&#8221; (Consiglio per la Pace) per superare alcuni ostacoli costituzionali italiani legati alla partecipazione a tale organismo (l&#8217;articolo 11 comma 2 della Costituzione,  che impone la parit\u00e0 tra i soggetti membri di organismi sovranazionali). Ma questo sembra pi\u00f9, anzi \u00e8, un comitato d&#8217;affari, sulla pelle dei palestinesi, che verranno per lo pi\u00f9 espulsi da casa loro.<\/p>\n\n\n\n<p>Insomma, anzi no, diciamo &#8230;leccando il tycoon la Meloni \u00e8 pronta ad inzuppare il biscotto nei migliori affari di pace del momento, dalla ricostruzione dell&#8217;Ucraina a quella di Gaza ed un domani forse, a fare affari suoi ghiacci di Nuuk.<\/p>\n\n\n\n<figure class=\"wp-block-image size-large\"><img decoding=\"async\" width=\"1024\" height=\"682\" src=\"https:\/\/www.nonsolomusicamagazine.it\/wp-content\/uploads\/2026\/01\/1000104084-1024x682.jpg\" alt=\"\" class=\"wp-image-14092\" srcset=\"https:\/\/www.nonsolomusicamagazine.it\/wp-content\/uploads\/2026\/01\/1000104084-1024x682.jpg 1024w, https:\/\/www.nonsolomusicamagazine.it\/wp-content\/uploads\/2026\/01\/1000104084-300x200.jpg 300w, https:\/\/www.nonsolomusicamagazine.it\/wp-content\/uploads\/2026\/01\/1000104084-768x512.jpg 768w, https:\/\/www.nonsolomusicamagazine.it\/wp-content\/uploads\/2026\/01\/1000104084-1536x1024.jpg 1536w, https:\/\/www.nonsolomusicamagazine.it\/wp-content\/uploads\/2026\/01\/1000104084-1320x880.jpg 1320w, https:\/\/www.nonsolomusicamagazine.it\/wp-content\/uploads\/2026\/01\/1000104084.jpg 2000w\" sizes=\"(max-width: 1024px) 100vw, 1024px\" \/><\/figure>\n","protected":false},"excerpt":{"rendered":"<p>Manuel M Buccarella La (o il?) presidente del Consiglio Giorgia Meloni ha dichiarato di auspicare che Donald Trump possa ricevere il Premio Nobel per la Pace in futuro. La Meloni lo ha dichiarato ieri a Roma durante una conferenza stampa a seguito del vertice intergovernativo con il cancelliere tedesco Friedrich Merz. Meloni ha legato questa [&hellip;]<\/p>\n","protected":false},"author":1,"featured_media":14092,"comment_status":"open","ping_status":"closed","sticky":false,"template":"","format":"standard","meta":{"footnotes":""},"categories":[6,5],"tags":[5594,4691,627,456,276,5603,13],"class_list":["post-14091","post","type-post","status-publish","format-standard","has-post-thumbnail","hentry","category-esteri","category-politica","tag-board-of-peace","tag-donald-trump","tag-gaza","tag-giorgia-meloni","tag-groenlandia","tag-premio-nobel-per-la-pace","tag-ucraina"],"yoast_head":"<!-- This site is optimized with the Yoast SEO plugin v27.4 - https:\/\/yoast.com\/product\/yoast-seo-wordpress\/ -->\n<title>Diamogli ...diciamo ... il Nobel per la Pace ... a Trump ... Diciamo... - NonSoloMusicaMagazine<\/title>\n<meta name=\"description\" content=\"Meloni\" \/>\n<meta name=\"robots\" content=\"index, follow, max-snippet:-1, max-image-preview:large, max-video-preview:-1\" \/>\n<link rel=\"canonical\" href=\"https:\/\/www.nonsolomusicamagazine.it\/?p=14091\" \/>\n<meta property=\"og:locale\" content=\"it_IT\" \/>\n<meta property=\"og:type\" content=\"article\" \/>\n<meta property=\"og:title\" content=\"Diamogli ...diciamo ... il Nobel per la Pace ... a Trump ... Diciamo... - NonSoloMusicaMagazine\" \/>\n<meta property=\"og:description\" content=\"Meloni\" \/>\n<meta property=\"og:url\" content=\"https:\/\/www.nonsolomusicamagazine.it\/?p=14091\" \/>\n<meta property=\"og:site_name\" content=\"NonSoloMusicaMagazine\" \/>\n<meta property=\"article:published_time\" content=\"2026-01-24T12:09:33+00:00\" \/>\n<meta property=\"article:modified_time\" content=\"2026-01-24T13:47:49+00:00\" \/>\n<meta property=\"og:image\" content=\"https:\/\/www.nonsolomusicamagazine.it\/wp-content\/uploads\/2026\/01\/1000104084.jpg\" \/>\n\t<meta property=\"og:image:width\" content=\"2000\" \/>\n\t<meta property=\"og:image:height\" content=\"1333\" \/>\n\t<meta property=\"og:image:type\" content=\"image\/jpeg\" \/>\n<meta name=\"author\" content=\"nonsolomusica\" \/>\n<meta name=\"twitter:card\" content=\"summary_large_image\" \/>\n<meta name=\"twitter:label1\" content=\"Scritto da\" \/>\n\t<meta name=\"twitter:data1\" content=\"nonsolomusica\" \/>\n\t<meta name=\"twitter:label2\" content=\"Tempo di lettura stimato\" \/>\n\t<meta name=\"twitter:data2\" content=\"2 minuti\" \/>\n<script type=\"application\/ld+json\" class=\"yoast-schema-graph\">{\"@context\":\"https:\\\/\\\/schema.org\",\"@graph\":[{\"@type\":\"Article\",\"@id\":\"https:\\\/\\\/www.nonsolomusicamagazine.it\\\/?p=14091#article\",\"isPartOf\":{\"@id\":\"https:\\\/\\\/www.nonsolomusicamagazine.it\\\/?p=14091\"},\"author\":{\"name\":\"nonsolomusica\",\"@id\":\"https:\\\/\\\/www.nonsolomusicamagazine.it\\\/#\\\/schema\\\/person\\\/a3349ad02300d046472d46cf6d31ae46\"},\"headline\":\"Diamogli &#8230;diciamo &#8230; il Nobel per la Pace &#8230; a Trump &#8230; Diciamo&#8230;\",\"datePublished\":\"2026-01-24T12:09:33+00:00\",\"dateModified\":\"2026-01-24T13:47:49+00:00\",\"mainEntityOfPage\":{\"@id\":\"https:\\\/\\\/www.nonsolomusicamagazine.it\\\/?p=14091\"},\"wordCount\":225,\"commentCount\":0,\"image\":{\"@id\":\"https:\\\/\\\/www.nonsolomusicamagazine.it\\\/?p=14091#primaryimage\"},\"thumbnailUrl\":\"https:\\\/\\\/www.nonsolomusicamagazine.it\\\/wp-content\\\/uploads\\\/2026\\\/01\\\/1000104084.jpg\",\"keywords\":[\"Board of Peace\",\"Donald Trump\",\"Gaza\",\"Giorgia Meloni\",\"Groenlandia\",\"Premio Nobel per la Pace\",\"Ucraina\"],\"articleSection\":[\"Esteri\",\"Politica\"],\"inLanguage\":\"it-IT\",\"potentialAction\":[{\"@type\":\"CommentAction\",\"name\":\"Comment\",\"target\":[\"https:\\\/\\\/www.nonsolomusicamagazine.it\\\/?p=14091#respond\"]}]},{\"@type\":\"WebPage\",\"@id\":\"https:\\\/\\\/www.nonsolomusicamagazine.it\\\/?p=14091\",\"url\":\"https:\\\/\\\/www.nonsolomusicamagazine.it\\\/?p=14091\",\"name\":\"Diamogli ...diciamo ... il Nobel per la Pace ... a Trump ... Diciamo... - NonSoloMusicaMagazine\",\"isPartOf\":{\"@id\":\"https:\\\/\\\/www.nonsolomusicamagazine.it\\\/#website\"},\"primaryImageOfPage\":{\"@id\":\"https:\\\/\\\/www.nonsolomusicamagazine.it\\\/?p=14091#primaryimage\"},\"image\":{\"@id\":\"https:\\\/\\\/www.nonsolomusicamagazine.it\\\/?p=14091#primaryimage\"},\"thumbnailUrl\":\"https:\\\/\\\/www.nonsolomusicamagazine.it\\\/wp-content\\\/uploads\\\/2026\\\/01\\\/1000104084.jpg\",\"datePublished\":\"2026-01-24T12:09:33+00:00\",\"dateModified\":\"2026-01-24T13:47:49+00:00\",\"author\":{\"@id\":\"https:\\\/\\\/www.nonsolomusicamagazine.it\\\/#\\\/schema\\\/person\\\/a3349ad02300d046472d46cf6d31ae46\"},\"description\":\"Meloni\",\"breadcrumb\":{\"@id\":\"https:\\\/\\\/www.nonsolomusicamagazine.it\\\/?p=14091#breadcrumb\"},\"inLanguage\":\"it-IT\",\"potentialAction\":[{\"@type\":\"ReadAction\",\"target\":[\"https:\\\/\\\/www.nonsolomusicamagazine.it\\\/?p=14091\"]}]},{\"@type\":\"ImageObject\",\"inLanguage\":\"it-IT\",\"@id\":\"https:\\\/\\\/www.nonsolomusicamagazine.it\\\/?p=14091#primaryimage\",\"url\":\"https:\\\/\\\/www.nonsolomusicamagazine.it\\\/wp-content\\\/uploads\\\/2026\\\/01\\\/1000104084.jpg\",\"contentUrl\":\"https:\\\/\\\/www.nonsolomusicamagazine.it\\\/wp-content\\\/uploads\\\/2026\\\/01\\\/1000104084.jpg\",\"width\":2000,\"height\":1333},{\"@type\":\"BreadcrumbList\",\"@id\":\"https:\\\/\\\/www.nonsolomusicamagazine.it\\\/?p=14091#breadcrumb\",\"itemListElement\":[{\"@type\":\"ListItem\",\"position\":1,\"name\":\"Home\",\"item\":\"https:\\\/\\\/www.nonsolomusicamagazine.it\\\/\"},{\"@type\":\"ListItem\",\"position\":2,\"name\":\"Diamogli &#8230;diciamo &#8230; il Nobel per la Pace &#8230; a Trump &#8230; Diciamo&#8230;\"}]},{\"@type\":\"WebSite\",\"@id\":\"https:\\\/\\\/www.nonsolomusicamagazine.it\\\/#website\",\"url\":\"https:\\\/\\\/www.nonsolomusicamagazine.it\\\/\",\"name\":\"Nonsolomusicamagazine\",\"description\":\"Dir. responsabile Manuel M Buccarella\",\"potentialAction\":[{\"@type\":\"SearchAction\",\"target\":{\"@type\":\"EntryPoint\",\"urlTemplate\":\"https:\\\/\\\/www.nonsolomusicamagazine.it\\\/?s={search_term_string}\"},\"query-input\":{\"@type\":\"PropertyValueSpecification\",\"valueRequired\":true,\"valueName\":\"search_term_string\"}}],\"inLanguage\":\"it-IT\"},{\"@type\":\"Person\",\"@id\":\"https:\\\/\\\/www.nonsolomusicamagazine.it\\\/#\\\/schema\\\/person\\\/a3349ad02300d046472d46cf6d31ae46\",\"name\":\"nonsolomusica\",\"image\":{\"@type\":\"ImageObject\",\"inLanguage\":\"it-IT\",\"@id\":\"https:\\\/\\\/www.nonsolomusicamagazine.it\\\/wp-content\\\/litespeed\\\/avatar\\\/3a675484bc84db6aba78d43bfc8b7197.jpg?ver=1776880798\",\"url\":\"https:\\\/\\\/www.nonsolomusicamagazine.it\\\/wp-content\\\/litespeed\\\/avatar\\\/3a675484bc84db6aba78d43bfc8b7197.jpg?ver=1776880798\",\"contentUrl\":\"https:\\\/\\\/www.nonsolomusicamagazine.it\\\/wp-content\\\/litespeed\\\/avatar\\\/3a675484bc84db6aba78d43bfc8b7197.jpg?ver=1776880798\",\"caption\":\"nonsolomusica\"},\"sameAs\":[\"https:\\\/\\\/www.nonsolomusicamagazine.it\"],\"url\":\"https:\\\/\\\/www.nonsolomusicamagazine.it\\\/?author=1\"}]}<\/script>\n<!-- \/ Yoast SEO plugin. -->","yoast_head_json":{"title":"Diamogli ...diciamo ... il Nobel per la Pace ... a Trump ... Diciamo... - NonSoloMusicaMagazine","description":"Meloni","robots":{"index":"index","follow":"follow","max-snippet":"max-snippet:-1","max-image-preview":"max-image-preview:large","max-video-preview":"max-video-preview:-1"},"canonical":"https:\/\/www.nonsolomusicamagazine.it\/?p=14091","og_locale":"it_IT","og_type":"article","og_title":"Diamogli ...diciamo ... il Nobel per la Pace ... a Trump ... Diciamo... - NonSoloMusicaMagazine","og_description":"Meloni","og_url":"https:\/\/www.nonsolomusicamagazine.it\/?p=14091","og_site_name":"NonSoloMusicaMagazine","article_published_time":"2026-01-24T12:09:33+00:00","article_modified_time":"2026-01-24T13:47:49+00:00","og_image":[{"width":2000,"height":1333,"url":"https:\/\/www.nonsolomusicamagazine.it\/wp-content\/uploads\/2026\/01\/1000104084.jpg","type":"image\/jpeg"}],"author":"nonsolomusica","twitter_card":"summary_large_image","twitter_misc":{"Scritto da":"nonsolomusica","Tempo di lettura stimato":"2 minuti"},"schema":{"@context":"https:\/\/schema.org","@graph":[{"@type":"Article","@id":"https:\/\/www.nonsolomusicamagazine.it\/?p=14091#article","isPartOf":{"@id":"https:\/\/www.nonsolomusicamagazine.it\/?p=14091"},"author":{"name":"nonsolomusica","@id":"https:\/\/www.nonsolomusicamagazine.it\/#\/schema\/person\/a3349ad02300d046472d46cf6d31ae46"},"headline":"Diamogli &#8230;diciamo &#8230; il Nobel per la Pace &#8230; a Trump &#8230; Diciamo&#8230;","datePublished":"2026-01-24T12:09:33+00:00","dateModified":"2026-01-24T13:47:49+00:00","mainEntityOfPage":{"@id":"https:\/\/www.nonsolomusicamagazine.it\/?p=14091"},"wordCount":225,"commentCount":0,"image":{"@id":"https:\/\/www.nonsolomusicamagazine.it\/?p=14091#primaryimage"},"thumbnailUrl":"https:\/\/www.nonsolomusicamagazine.it\/wp-content\/uploads\/2026\/01\/1000104084.jpg","keywords":["Board of Peace","Donald Trump","Gaza","Giorgia Meloni","Groenlandia","Premio Nobel per la Pace","Ucraina"],"articleSection":["Esteri","Politica"],"inLanguage":"it-IT","potentialAction":[{"@type":"CommentAction","name":"Comment","target":["https:\/\/www.nonsolomusicamagazine.it\/?p=14091#respond"]}]},{"@type":"WebPage","@id":"https:\/\/www.nonsolomusicamagazine.it\/?p=14091","url":"https:\/\/www.nonsolomusicamagazine.it\/?p=14091","name":"Diamogli ...diciamo ... il Nobel per la Pace ... a Trump ... Diciamo... - NonSoloMusicaMagazine","isPartOf":{"@id":"https:\/\/www.nonsolomusicamagazine.it\/#website"},"primaryImageOfPage":{"@id":"https:\/\/www.nonsolomusicamagazine.it\/?p=14091#primaryimage"},"image":{"@id":"https:\/\/www.nonsolomusicamagazine.it\/?p=14091#primaryimage"},"thumbnailUrl":"https:\/\/www.nonsolomusicamagazine.it\/wp-content\/uploads\/2026\/01\/1000104084.jpg","datePublished":"2026-01-24T12:09:33+00:00","dateModified":"2026-01-24T13:47:49+00:00","author":{"@id":"https:\/\/www.nonsolomusicamagazine.it\/#\/schema\/person\/a3349ad02300d046472d46cf6d31ae46"},"description":"Meloni","breadcrumb":{"@id":"https:\/\/www.nonsolomusicamagazine.it\/?p=14091#breadcrumb"},"inLanguage":"it-IT","potentialAction":[{"@type":"ReadAction","target":["https:\/\/www.nonsolomusicamagazine.it\/?p=14091"]}]},{"@type":"ImageObject","inLanguage":"it-IT","@id":"https:\/\/www.nonsolomusicamagazine.it\/?p=14091#primaryimage","url":"https:\/\/www.nonsolomusicamagazine.it\/wp-content\/uploads\/2026\/01\/1000104084.jpg","contentUrl":"https:\/\/www.nonsolomusicamagazine.it\/wp-content\/uploads\/2026\/01\/1000104084.jpg","width":2000,"height":1333},{"@type":"BreadcrumbList","@id":"https:\/\/www.nonsolomusicamagazine.it\/?p=14091#breadcrumb","itemListElement":[{"@type":"ListItem","position":1,"name":"Home","item":"https:\/\/www.nonsolomusicamagazine.it\/"},{"@type":"ListItem","position":2,"name":"Diamogli &#8230;diciamo &#8230; il Nobel per la Pace &#8230; a Trump &#8230; Diciamo&#8230;"}]},{"@type":"WebSite","@id":"https:\/\/www.nonsolomusicamagazine.it\/#website","url":"https:\/\/www.nonsolomusicamagazine.it\/","name":"Nonsolomusicamagazine","description":"Dir. responsabile Manuel M Buccarella","potentialAction":[{"@type":"SearchAction","target":{"@type":"EntryPoint","urlTemplate":"https:\/\/www.nonsolomusicamagazine.it\/?s={search_term_string}"},"query-input":{"@type":"PropertyValueSpecification","valueRequired":true,"valueName":"search_term_string"}}],"inLanguage":"it-IT"},{"@type":"Person","@id":"https:\/\/www.nonsolomusicamagazine.it\/#\/schema\/person\/a3349ad02300d046472d46cf6d31ae46","name":"nonsolomusica","image":{"@type":"ImageObject","inLanguage":"it-IT","@id":"https:\/\/www.nonsolomusicamagazine.it\/wp-content\/litespeed\/avatar\/3a675484bc84db6aba78d43bfc8b7197.jpg?ver=1776880798","url":"https:\/\/www.nonsolomusicamagazine.it\/wp-content\/litespeed\/avatar\/3a675484bc84db6aba78d43bfc8b7197.jpg?ver=1776880798","contentUrl":"https:\/\/www.nonsolomusicamagazine.it\/wp-content\/litespeed\/avatar\/3a675484bc84db6aba78d43bfc8b7197.jpg?ver=1776880798","caption":"nonsolomusica"},"sameAs":["https:\/\/www.nonsolomusicamagazine.it"],"url":"https:\/\/www.nonsolomusicamagazine.it\/?author=1"}]}},"amp_enabled":true,"_links":{"self":[{"href":"https:\/\/www.nonsolomusicamagazine.it\/index.php?rest_route=\/wp\/v2\/posts\/14091","targetHints":{"allow":["GET"]}}],"collection":[{"href":"https:\/\/www.nonsolomusicamagazine.it\/index.php?rest_route=\/wp\/v2\/posts"}],"about":[{"href":"https:\/\/www.nonsolomusicamagazine.it\/index.php?rest_route=\/wp\/v2\/types\/post"}],"author":[{"embeddable":true,"href":"https:\/\/www.nonsolomusicamagazine.it\/index.php?rest_route=\/wp\/v2\/users\/1"}],"replies":[{"embeddable":true,"href":"https:\/\/www.nonsolomusicamagazine.it\/index.php?rest_route=%2Fwp%2Fv2%2Fcomments&post=14091"}],"version-history":[{"count":2,"href":"https:\/\/www.nonsolomusicamagazine.it\/index.php?rest_route=\/wp\/v2\/posts\/14091\/revisions"}],"predecessor-version":[{"id":14095,"href":"https:\/\/www.nonsolomusicamagazine.it\/index.php?rest_route=\/wp\/v2\/posts\/14091\/revisions\/14095"}],"wp:featuredmedia":[{"embeddable":true,"href":"https:\/\/www.nonsolomusicamagazine.it\/index.php?rest_route=\/wp\/v2\/media\/14092"}],"wp:attachment":[{"href":"https:\/\/www.nonsolomusicamagazine.it\/index.php?rest_route=%2Fwp%2Fv2%2Fmedia&parent=14091"}],"wp:term":[{"taxonomy":"category","embeddable":true,"href":"https:\/\/www.nonsolomusicamagazine.it\/index.php?rest_route=%2Fwp%2Fv2%2Fcategories&post=14091"},{"taxonomy":"post_tag","embeddable":true,"href":"https:\/\/www.nonsolomusicamagazine.it\/index.php?rest_route=%2Fwp%2Fv2%2Ftags&post=14091"}],"curies":[{"name":"wp","href":"https:\/\/api.w.org\/{rel}","templated":true}]}}