{"id":14099,"date":"2026-01-24T18:49:57","date_gmt":"2026-01-24T17:49:57","guid":{"rendered":"https:\/\/www.nonsolomusicamagazine.it\/?p=14099"},"modified":"2026-01-25T20:01:52","modified_gmt":"2026-01-25T19:01:52","slug":"calamita-naturali-nord-e-sud-due-pesi-e-due-misure","status":"publish","type":"post","link":"https:\/\/www.nonsolomusicamagazine.it\/?p=14099","title":{"rendered":"Calamit\u00e0 naturali: Nord e Sud due pesi e due misure."},"content":{"rendered":"\n<p class=\"has-text-align-center\"><strong>Crocifisso Aloisi<\/strong><\/p>\n\n\n\n<p>Vi spiego un subdolo trucchetto. Nel Veneto di Zaia \u00e8 &#8220;boom di abusivismo edilizio&#8221; e &#8220;consumo di suolo e abusi sono istituzionalizzati&#8221;. Ma quando in queste zone, come in altre del Nord Italia, accadono alluvioni o altre calamit\u00e0 la colpa \u00e8 degli eventi imprevisti, del cosiddetto cambiamento climatico, secondo il pensiero unico dei nostri media nazionali.<\/p>\n\n\n\n<p>Quando invece alluvioni \u00e8 calamit\u00e0 accadono nel Sud Italia, come gli eventi di questi giorni, per esempio, la colpa \u00e8 esclusivamente dell&#8217;abusivismo e del non rispetto delle regole (<em>il riferimento \u00e8 ai violenti cicloni che si sono abbattuti su Sicilia e Sardegna ndr)<\/em> .Tradotto in cose concrete, nel primo caso scatta immediatamente la solidariet\u00e0 che deve essere nazionale con relativa maratona TV per le pi\u00f9 svariate raccolte fondi in favore dei territori colpiti.Nel secondo caso, invece, scatta quasi immediatamente la ramanzina mediatica del rimprovero nazionale. Senza trascurare l&#8217;aspetto fondamentale: quando scattano le maratone nazionali di solidariet\u00e0, il decisore politico si trova un&#8217;opinione pubblica ben &#8216;addomesticata&#8217; e favorevole ad accettare aiuti economici straordinari del governo in favore dei territori colpiti. Nel secondo caso invece (cio\u00e8 quando parte il rimprovero nazionale) il decisore politico potrebbe prevedere elemosine pubbliche perch\u00e9 anche in questo caso si trova un&#8217;opinione pubblica ben &#8216;addomesticata&#8217;. Tradotto in soldoni pubblici (di tutti noi italiani, da Nord a Sud), nel primo caso, cio\u00e8 al Nord, arriva sempre la polpa ed anche il grasso che cola. Nel secondo caso, cio\u00e8 al Sud, arriva poco pi\u00f9 di una cippa per salvarsi la faccia. Attualmente, il vero pericolo per la tenuta sociale di questa specie di Nazione \u00e8 rappresentato dall&#8217;esercito di mercenari giornalisti opinionisti che continuano ad alimentare l&#8217;esercito di analfabeti funzionali <em>(diversamente da quanto accaduto con le alluvioni in Emilia Romagna nel 2023, quando la Meloni ed altri esponenti del governo fecero visita alle zone interessate, in Sicilia, Calabria e Sardegna non si \u00e8 vista anima pia ndr)<\/em><\/p>\n\n\n\n<figure class=\"wp-block-image size-large\"><img decoding=\"async\" width=\"1024\" height=\"931\" src=\"https:\/\/www.nonsolomusicamagazine.it\/wp-content\/uploads\/2026\/01\/1000104144-1024x931.jpg\" alt=\"\" class=\"wp-image-14100\" srcset=\"https:\/\/www.nonsolomusicamagazine.it\/wp-content\/uploads\/2026\/01\/1000104144-1024x931.jpg 1024w, https:\/\/www.nonsolomusicamagazine.it\/wp-content\/uploads\/2026\/01\/1000104144-300x273.jpg 300w, https:\/\/www.nonsolomusicamagazine.it\/wp-content\/uploads\/2026\/01\/1000104144-768x698.jpg 768w, https:\/\/www.nonsolomusicamagazine.it\/wp-content\/uploads\/2026\/01\/1000104144.jpg 1080w\" sizes=\"(max-width: 1024px) 100vw, 1024px\" \/><\/figure>\n\n\n\n<figure class=\"wp-block-image size-large\"><img decoding=\"async\" width=\"621\" height=\"1024\" src=\"https:\/\/www.nonsolomusicamagazine.it\/wp-content\/uploads\/2026\/01\/1000104145-621x1024.jpg\" alt=\"\" class=\"wp-image-14101\" srcset=\"https:\/\/www.nonsolomusicamagazine.it\/wp-content\/uploads\/2026\/01\/1000104145-621x1024.jpg 621w, https:\/\/www.nonsolomusicamagazine.it\/wp-content\/uploads\/2026\/01\/1000104145-182x300.jpg 182w, https:\/\/www.nonsolomusicamagazine.it\/wp-content\/uploads\/2026\/01\/1000104145-768x1267.jpg 768w, https:\/\/www.nonsolomusicamagazine.it\/wp-content\/uploads\/2026\/01\/1000104145-931x1536.jpg 931w, https:\/\/www.nonsolomusicamagazine.it\/wp-content\/uploads\/2026\/01\/1000104145.jpg 1080w\" sizes=\"(max-width: 621px) 100vw, 621px\" \/><\/figure>\n","protected":false},"excerpt":{"rendered":"<p>Crocifisso Aloisi Vi spiego un subdolo trucchetto. Nel Veneto di Zaia \u00e8 &#8220;boom di abusivismo edilizio&#8221; e &#8220;consumo di suolo e abusi sono istituzionalizzati&#8221;. Ma quando in queste zone, come in altre del Nord Italia, accadono alluvioni o altre calamit\u00e0 la colpa \u00e8 degli eventi imprevisti, del cosiddetto cambiamento climatico, secondo il pensiero unico dei [&hellip;]<\/p>\n","protected":false},"author":1,"featured_media":14100,"comment_status":"open","ping_status":"closed","sticky":false,"template":"","format":"standard","meta":{"footnotes":""},"categories":[283,5],"tags":[5605,5606,114,168,167],"class_list":["post-14099","post","type-post","status-publish","format-standard","has-post-thumbnail","hentry","category-ambiente","category-politica","tag-calamita-naturali","tag-doppiopesismo","tag-governo","tag-nord","tag-sud"],"yoast_head":"<!-- This site is optimized with the Yoast SEO plugin v27.5 - https:\/\/yoast.com\/product\/yoast-seo-wordpress\/ -->\n<title>Calamit\u00e0 naturali: Nord e Sud due pesi e due misure. - NonSoloMusicaMagazine<\/title>\n<meta name=\"description\" content=\"Nord Sud\" \/>\n<meta name=\"robots\" content=\"index, follow, max-snippet:-1, max-image-preview:large, max-video-preview:-1\" \/>\n<link rel=\"canonical\" href=\"https:\/\/www.nonsolomusicamagazine.it\/?p=14099\" \/>\n<meta property=\"og:locale\" content=\"it_IT\" \/>\n<meta property=\"og:type\" content=\"article\" \/>\n<meta property=\"og:title\" content=\"Calamit\u00e0 naturali: Nord e Sud due pesi e due misure. - NonSoloMusicaMagazine\" \/>\n<meta property=\"og:description\" content=\"Nord Sud\" \/>\n<meta property=\"og:url\" content=\"https:\/\/www.nonsolomusicamagazine.it\/?p=14099\" \/>\n<meta property=\"og:site_name\" content=\"NonSoloMusicaMagazine\" \/>\n<meta property=\"article:published_time\" content=\"2026-01-24T17:49:57+00:00\" \/>\n<meta property=\"article:modified_time\" content=\"2026-01-25T19:01:52+00:00\" \/>\n<meta property=\"og:image\" content=\"https:\/\/www.nonsolomusicamagazine.it\/wp-content\/uploads\/2026\/01\/1000104144.jpg\" \/>\n\t<meta property=\"og:image:width\" content=\"1080\" \/>\n\t<meta property=\"og:image:height\" content=\"982\" \/>\n\t<meta property=\"og:image:type\" content=\"image\/jpeg\" \/>\n<meta name=\"author\" content=\"nonsolomusica\" \/>\n<meta name=\"twitter:card\" content=\"summary_large_image\" \/>\n<meta name=\"twitter:label1\" content=\"Scritto da\" \/>\n\t<meta name=\"twitter:data1\" content=\"nonsolomusica\" \/>\n\t<meta name=\"twitter:label2\" content=\"Tempo di lettura stimato\" \/>\n\t<meta name=\"twitter:data2\" content=\"3 minuti\" \/>\n<script type=\"application\/ld+json\" class=\"yoast-schema-graph\">{\"@context\":\"https:\\\/\\\/schema.org\",\"@graph\":[{\"@type\":\"Article\",\"@id\":\"https:\\\/\\\/www.nonsolomusicamagazine.it\\\/?p=14099#article\",\"isPartOf\":{\"@id\":\"https:\\\/\\\/www.nonsolomusicamagazine.it\\\/?p=14099\"},\"author\":{\"name\":\"nonsolomusica\",\"@id\":\"https:\\\/\\\/www.nonsolomusicamagazine.it\\\/#\\\/schema\\\/person\\\/a3349ad02300d046472d46cf6d31ae46\"},\"headline\":\"Calamit\u00e0 naturali: Nord e Sud due pesi e due misure.\",\"datePublished\":\"2026-01-24T17:49:57+00:00\",\"dateModified\":\"2026-01-25T19:01:52+00:00\",\"mainEntityOfPage\":{\"@id\":\"https:\\\/\\\/www.nonsolomusicamagazine.it\\\/?p=14099\"},\"wordCount\":323,\"commentCount\":0,\"image\":{\"@id\":\"https:\\\/\\\/www.nonsolomusicamagazine.it\\\/?p=14099#primaryimage\"},\"thumbnailUrl\":\"https:\\\/\\\/www.nonsolomusicamagazine.it\\\/wp-content\\\/uploads\\\/2026\\\/01\\\/1000104144.jpg\",\"keywords\":[\"Calamit\u00e0 naturali\",\"Doppiopesismo\",\"Governo\",\"Nord\",\"Sud\"],\"articleSection\":[\"Ambiente\",\"Politica\"],\"inLanguage\":\"it-IT\",\"potentialAction\":[{\"@type\":\"CommentAction\",\"name\":\"Comment\",\"target\":[\"https:\\\/\\\/www.nonsolomusicamagazine.it\\\/?p=14099#respond\"]}]},{\"@type\":\"WebPage\",\"@id\":\"https:\\\/\\\/www.nonsolomusicamagazine.it\\\/?p=14099\",\"url\":\"https:\\\/\\\/www.nonsolomusicamagazine.it\\\/?p=14099\",\"name\":\"Calamit\u00e0 naturali: Nord e Sud due pesi e due misure. - NonSoloMusicaMagazine\",\"isPartOf\":{\"@id\":\"https:\\\/\\\/www.nonsolomusicamagazine.it\\\/#website\"},\"primaryImageOfPage\":{\"@id\":\"https:\\\/\\\/www.nonsolomusicamagazine.it\\\/?p=14099#primaryimage\"},\"image\":{\"@id\":\"https:\\\/\\\/www.nonsolomusicamagazine.it\\\/?p=14099#primaryimage\"},\"thumbnailUrl\":\"https:\\\/\\\/www.nonsolomusicamagazine.it\\\/wp-content\\\/uploads\\\/2026\\\/01\\\/1000104144.jpg\",\"datePublished\":\"2026-01-24T17:49:57+00:00\",\"dateModified\":\"2026-01-25T19:01:52+00:00\",\"author\":{\"@id\":\"https:\\\/\\\/www.nonsolomusicamagazine.it\\\/#\\\/schema\\\/person\\\/a3349ad02300d046472d46cf6d31ae46\"},\"description\":\"Nord Sud\",\"breadcrumb\":{\"@id\":\"https:\\\/\\\/www.nonsolomusicamagazine.it\\\/?p=14099#breadcrumb\"},\"inLanguage\":\"it-IT\",\"potentialAction\":[{\"@type\":\"ReadAction\",\"target\":[\"https:\\\/\\\/www.nonsolomusicamagazine.it\\\/?p=14099\"]}]},{\"@type\":\"ImageObject\",\"inLanguage\":\"it-IT\",\"@id\":\"https:\\\/\\\/www.nonsolomusicamagazine.it\\\/?p=14099#primaryimage\",\"url\":\"https:\\\/\\\/www.nonsolomusicamagazine.it\\\/wp-content\\\/uploads\\\/2026\\\/01\\\/1000104144.jpg\",\"contentUrl\":\"https:\\\/\\\/www.nonsolomusicamagazine.it\\\/wp-content\\\/uploads\\\/2026\\\/01\\\/1000104144.jpg\",\"width\":1080,\"height\":982},{\"@type\":\"BreadcrumbList\",\"@id\":\"https:\\\/\\\/www.nonsolomusicamagazine.it\\\/?p=14099#breadcrumb\",\"itemListElement\":[{\"@type\":\"ListItem\",\"position\":1,\"name\":\"Home\",\"item\":\"https:\\\/\\\/www.nonsolomusicamagazine.it\\\/\"},{\"@type\":\"ListItem\",\"position\":2,\"name\":\"Calamit\u00e0 naturali: Nord e Sud due pesi e due misure.\"}]},{\"@type\":\"WebSite\",\"@id\":\"https:\\\/\\\/www.nonsolomusicamagazine.it\\\/#website\",\"url\":\"https:\\\/\\\/www.nonsolomusicamagazine.it\\\/\",\"name\":\"Nonsolomusicamagazine\",\"description\":\"Dir. responsabile Manuel M Buccarella\",\"potentialAction\":[{\"@type\":\"SearchAction\",\"target\":{\"@type\":\"EntryPoint\",\"urlTemplate\":\"https:\\\/\\\/www.nonsolomusicamagazine.it\\\/?s={search_term_string}\"},\"query-input\":{\"@type\":\"PropertyValueSpecification\",\"valueRequired\":true,\"valueName\":\"search_term_string\"}}],\"inLanguage\":\"it-IT\"},{\"@type\":\"Person\",\"@id\":\"https:\\\/\\\/www.nonsolomusicamagazine.it\\\/#\\\/schema\\\/person\\\/a3349ad02300d046472d46cf6d31ae46\",\"name\":\"nonsolomusica\",\"image\":{\"@type\":\"ImageObject\",\"inLanguage\":\"it-IT\",\"@id\":\"https:\\\/\\\/www.nonsolomusicamagazine.it\\\/wp-content\\\/litespeed\\\/avatar\\\/3a675484bc84db6aba78d43bfc8b7197.jpg?ver=1776880798\",\"url\":\"https:\\\/\\\/www.nonsolomusicamagazine.it\\\/wp-content\\\/litespeed\\\/avatar\\\/3a675484bc84db6aba78d43bfc8b7197.jpg?ver=1776880798\",\"contentUrl\":\"https:\\\/\\\/www.nonsolomusicamagazine.it\\\/wp-content\\\/litespeed\\\/avatar\\\/3a675484bc84db6aba78d43bfc8b7197.jpg?ver=1776880798\",\"caption\":\"nonsolomusica\"},\"sameAs\":[\"https:\\\/\\\/www.nonsolomusicamagazine.it\"],\"url\":\"https:\\\/\\\/www.nonsolomusicamagazine.it\\\/?author=1\"}]}<\/script>\n<!-- \/ Yoast SEO plugin. -->","yoast_head_json":{"title":"Calamit\u00e0 naturali: Nord e Sud due pesi e due misure. - NonSoloMusicaMagazine","description":"Nord Sud","robots":{"index":"index","follow":"follow","max-snippet":"max-snippet:-1","max-image-preview":"max-image-preview:large","max-video-preview":"max-video-preview:-1"},"canonical":"https:\/\/www.nonsolomusicamagazine.it\/?p=14099","og_locale":"it_IT","og_type":"article","og_title":"Calamit\u00e0 naturali: Nord e Sud due pesi e due misure. - NonSoloMusicaMagazine","og_description":"Nord Sud","og_url":"https:\/\/www.nonsolomusicamagazine.it\/?p=14099","og_site_name":"NonSoloMusicaMagazine","article_published_time":"2026-01-24T17:49:57+00:00","article_modified_time":"2026-01-25T19:01:52+00:00","og_image":[{"width":1080,"height":982,"url":"https:\/\/www.nonsolomusicamagazine.it\/wp-content\/uploads\/2026\/01\/1000104144.jpg","type":"image\/jpeg"}],"author":"nonsolomusica","twitter_card":"summary_large_image","twitter_misc":{"Scritto da":"nonsolomusica","Tempo di lettura stimato":"3 minuti"},"schema":{"@context":"https:\/\/schema.org","@graph":[{"@type":"Article","@id":"https:\/\/www.nonsolomusicamagazine.it\/?p=14099#article","isPartOf":{"@id":"https:\/\/www.nonsolomusicamagazine.it\/?p=14099"},"author":{"name":"nonsolomusica","@id":"https:\/\/www.nonsolomusicamagazine.it\/#\/schema\/person\/a3349ad02300d046472d46cf6d31ae46"},"headline":"Calamit\u00e0 naturali: Nord e Sud due pesi e due misure.","datePublished":"2026-01-24T17:49:57+00:00","dateModified":"2026-01-25T19:01:52+00:00","mainEntityOfPage":{"@id":"https:\/\/www.nonsolomusicamagazine.it\/?p=14099"},"wordCount":323,"commentCount":0,"image":{"@id":"https:\/\/www.nonsolomusicamagazine.it\/?p=14099#primaryimage"},"thumbnailUrl":"https:\/\/www.nonsolomusicamagazine.it\/wp-content\/uploads\/2026\/01\/1000104144.jpg","keywords":["Calamit\u00e0 naturali","Doppiopesismo","Governo","Nord","Sud"],"articleSection":["Ambiente","Politica"],"inLanguage":"it-IT","potentialAction":[{"@type":"CommentAction","name":"Comment","target":["https:\/\/www.nonsolomusicamagazine.it\/?p=14099#respond"]}]},{"@type":"WebPage","@id":"https:\/\/www.nonsolomusicamagazine.it\/?p=14099","url":"https:\/\/www.nonsolomusicamagazine.it\/?p=14099","name":"Calamit\u00e0 naturali: Nord e Sud due pesi e due misure. - NonSoloMusicaMagazine","isPartOf":{"@id":"https:\/\/www.nonsolomusicamagazine.it\/#website"},"primaryImageOfPage":{"@id":"https:\/\/www.nonsolomusicamagazine.it\/?p=14099#primaryimage"},"image":{"@id":"https:\/\/www.nonsolomusicamagazine.it\/?p=14099#primaryimage"},"thumbnailUrl":"https:\/\/www.nonsolomusicamagazine.it\/wp-content\/uploads\/2026\/01\/1000104144.jpg","datePublished":"2026-01-24T17:49:57+00:00","dateModified":"2026-01-25T19:01:52+00:00","author":{"@id":"https:\/\/www.nonsolomusicamagazine.it\/#\/schema\/person\/a3349ad02300d046472d46cf6d31ae46"},"description":"Nord Sud","breadcrumb":{"@id":"https:\/\/www.nonsolomusicamagazine.it\/?p=14099#breadcrumb"},"inLanguage":"it-IT","potentialAction":[{"@type":"ReadAction","target":["https:\/\/www.nonsolomusicamagazine.it\/?p=14099"]}]},{"@type":"ImageObject","inLanguage":"it-IT","@id":"https:\/\/www.nonsolomusicamagazine.it\/?p=14099#primaryimage","url":"https:\/\/www.nonsolomusicamagazine.it\/wp-content\/uploads\/2026\/01\/1000104144.jpg","contentUrl":"https:\/\/www.nonsolomusicamagazine.it\/wp-content\/uploads\/2026\/01\/1000104144.jpg","width":1080,"height":982},{"@type":"BreadcrumbList","@id":"https:\/\/www.nonsolomusicamagazine.it\/?p=14099#breadcrumb","itemListElement":[{"@type":"ListItem","position":1,"name":"Home","item":"https:\/\/www.nonsolomusicamagazine.it\/"},{"@type":"ListItem","position":2,"name":"Calamit\u00e0 naturali: Nord e Sud due pesi e due misure."}]},{"@type":"WebSite","@id":"https:\/\/www.nonsolomusicamagazine.it\/#website","url":"https:\/\/www.nonsolomusicamagazine.it\/","name":"Nonsolomusicamagazine","description":"Dir. responsabile Manuel M Buccarella","potentialAction":[{"@type":"SearchAction","target":{"@type":"EntryPoint","urlTemplate":"https:\/\/www.nonsolomusicamagazine.it\/?s={search_term_string}"},"query-input":{"@type":"PropertyValueSpecification","valueRequired":true,"valueName":"search_term_string"}}],"inLanguage":"it-IT"},{"@type":"Person","@id":"https:\/\/www.nonsolomusicamagazine.it\/#\/schema\/person\/a3349ad02300d046472d46cf6d31ae46","name":"nonsolomusica","image":{"@type":"ImageObject","inLanguage":"it-IT","@id":"https:\/\/www.nonsolomusicamagazine.it\/wp-content\/litespeed\/avatar\/3a675484bc84db6aba78d43bfc8b7197.jpg?ver=1776880798","url":"https:\/\/www.nonsolomusicamagazine.it\/wp-content\/litespeed\/avatar\/3a675484bc84db6aba78d43bfc8b7197.jpg?ver=1776880798","contentUrl":"https:\/\/www.nonsolomusicamagazine.it\/wp-content\/litespeed\/avatar\/3a675484bc84db6aba78d43bfc8b7197.jpg?ver=1776880798","caption":"nonsolomusica"},"sameAs":["https:\/\/www.nonsolomusicamagazine.it"],"url":"https:\/\/www.nonsolomusicamagazine.it\/?author=1"}]}},"amp_enabled":true,"_links":{"self":[{"href":"https:\/\/www.nonsolomusicamagazine.it\/index.php?rest_route=\/wp\/v2\/posts\/14099","targetHints":{"allow":["GET"]}}],"collection":[{"href":"https:\/\/www.nonsolomusicamagazine.it\/index.php?rest_route=\/wp\/v2\/posts"}],"about":[{"href":"https:\/\/www.nonsolomusicamagazine.it\/index.php?rest_route=\/wp\/v2\/types\/post"}],"author":[{"embeddable":true,"href":"https:\/\/www.nonsolomusicamagazine.it\/index.php?rest_route=\/wp\/v2\/users\/1"}],"replies":[{"embeddable":true,"href":"https:\/\/www.nonsolomusicamagazine.it\/index.php?rest_route=%2Fwp%2Fv2%2Fcomments&post=14099"}],"version-history":[{"count":2,"href":"https:\/\/www.nonsolomusicamagazine.it\/index.php?rest_route=\/wp\/v2\/posts\/14099\/revisions"}],"predecessor-version":[{"id":14103,"href":"https:\/\/www.nonsolomusicamagazine.it\/index.php?rest_route=\/wp\/v2\/posts\/14099\/revisions\/14103"}],"wp:featuredmedia":[{"embeddable":true,"href":"https:\/\/www.nonsolomusicamagazine.it\/index.php?rest_route=\/wp\/v2\/media\/14100"}],"wp:attachment":[{"href":"https:\/\/www.nonsolomusicamagazine.it\/index.php?rest_route=%2Fwp%2Fv2%2Fmedia&parent=14099"}],"wp:term":[{"taxonomy":"category","embeddable":true,"href":"https:\/\/www.nonsolomusicamagazine.it\/index.php?rest_route=%2Fwp%2Fv2%2Fcategories&post=14099"},{"taxonomy":"post_tag","embeddable":true,"href":"https:\/\/www.nonsolomusicamagazine.it\/index.php?rest_route=%2Fwp%2Fv2%2Ftags&post=14099"}],"curies":[{"name":"wp","href":"https:\/\/api.w.org\/{rel}","templated":true}]}}