{"id":14123,"date":"2026-01-27T12:41:58","date_gmt":"2026-01-27T11:41:58","guid":{"rendered":"https:\/\/www.nonsolomusicamagazine.it\/?p=14123"},"modified":"2026-01-27T18:15:43","modified_gmt":"2026-01-27T17:15:43","slug":"il-ciclone-e-il-disastro-di-niscemi","status":"publish","type":"post","link":"https:\/\/www.nonsolomusicamagazine.it\/?p=14123","title":{"rendered":"Il ciclone e il disastro di Niscemi"},"content":{"rendered":"\n<p class=\"has-text-align-center\"><strong>Silvana Sale<\/strong><\/p>\n\n\n\n<p>Questa \u00e8 l&#8217;Italia, altra tragedia annunciata, Niscemi sotto il peso delle scelte irresponsabili.<\/p>\n\n\n\n<p>A Niscemi il terreno si muove e trascina con s\u00e9 case, strade, vite.<br>Non \u00e8 un\u2019emergenza improvvisa, non \u00e8 un disastro naturale imprevedibile.<br>\u00c8 il risultato di un menefreghismo sistemico, di scelte umane che ignorano la scienza, di un territorio consumato senza rispetto, di leggi permissive e di responsabilit\u00e0 spezzettate che permettono alla follia di diventare routine.<\/p>\n\n\n\n<p>La frana che minaccia interi quartieri non \u00e8 casualit\u00e0, \u00e8 l\u2019esito logico di decenni di sottovalutazioni.<\/p>\n\n\n\n<p>Niscemi, situata nel cuore della Sicilia, poggia su un terreno di origine sedimentaria costituito prevalentemente da argilla, calcare e, in alcune zone, sabbia e conglomerati.<\/p>\n\n\n\n<p>Questa combinazione di materiali rende il suolo intrinsecamente fragile, l\u2019argilla, pur avendo una coesione naturale elevata quando asciutta, perde rapidamente resistenza quando saturata d\u2019acqua, trasformandosi in una massa scivolosa.<\/p>\n\n\n\n<p>La sabbia, al contrario, \u00e8 pi\u00f9 permeabile ma meno coesa, e il calcare, sebbene solido, \u00e8 soggetto a fratture che ne compromettono la stabilit\u00e0 in presenza di movimenti tettonici o erosione.<br>La falda acquifera relativamente superficiale accentua questo problema, poich\u00e9 la pioggia intensa o l\u2019acqua derivante da sistemi irrigui pu\u00f2 saturare rapidamente il terreno, aumentando la pressione interna dei pori e riducendo drasticamente la resistenza al taglio.<\/p>\n\n\n\n<p>Il risultato \u00e8 un suolo che da stabile pu\u00f2 diventare instabile in pochi momenti di precipitazioni prolungate.<\/p>\n\n\n\n<p>Il meccanismo fisico alla base delle frane \u00e8 ben noto, ogni pendio resiste a scivolamenti grazie alla combinazione di coesione del terreno e attrito interno, ma quando l\u2019acqua riempie i pori del terreno, la resistenza effettiva diminuisce e la gravit\u00e0 pu\u00f2 superare la soglia critica, scatenando movimenti di massa.<\/p>\n\n\n\n<p>In altre parole, il terreno cede quando la forza tangenziale dovuta al peso della massa supera la resistenza interna, fenomeno che in terreni argillosi saturi pu\u00f2 verificarsi con grande rapidit\u00e0.<\/p>\n\n\n\n<p>Questo spiega perch\u00e9, durante eventi meteorologici estremi, le frane non siano eventi imprevedibili ma manifestazioni naturali di un equilibrio gi\u00e0 precario.<\/p>\n\n\n\n<p>L\u2019intervento umano aggrava ulteriormente il rischio.<br>Costruire abitazioni e strade su pendii instabili aumenta il peso complessivo sul terreno, mentre l\u2019ostruzione di canali e tombini impedisce il corretto deflusso dell\u2019acqua, saturando ancora di pi\u00f9 il suolo.<\/p>\n\n\n\n<p>Pratiche agricole intensive e deforestazione rimuovono le radici che contribuiscono naturalmente alla coesione del terreno, peggiorando la vulnerabilit\u00e0 dei pendii.<\/p>\n\n\n\n<p>In questo contesto, pioggia intensa, urbanizzazione incontrollata e scarsa manutenzione del territorio interagiscono con le caratteristiche geologiche locali per generare eventi catastrofici, rendendo le frane e gli allagamenti quasi inevitabili quando le condizioni superano determinati punti critici.<\/p>\n\n\n\n<p>La situazione di Niscemi \u00e8 quindi un esempio emblematico di come i disastri naturali siano spesso il risultato della combinazione tra fragilit\u00e0 geologica e fattori antropici, e non semplicemente di eventi casuali.<\/p>\n\n\n\n<p>Il terreno, pur essendo gi\u00e0 predisposto all\u2019instabilit\u00e0, subisce un aggravamento dalla pressione aggiuntiva di edifici e infrastrutture, dalla saturazione provocata dall\u2019acqua piovana e dalla rimozione della vegetazione naturale che avrebbe contribuito a stabilizzarlo.<br>Questo intreccio tra geologia, idrologia e gestione del territorio rende chiara la causa della tragedia, non si tratta di fatalit\u00e0, ma di un fenomeno fisico prevedibile che viene amplificato da pratiche umane non sostenibili.<\/p>\n\n\n\n<p>Quindi, gli studi geologici c\u2019erano, la pericolosit\u00e0 era nota, i piani di assetto idrogeologico indicavano chiaramente le zone a rischio, eppure si \u00e8 costruito, si \u00e8 abitato, si \u00e8 consentito di ignorare la gravit\u00e0.<\/p>\n\n\n\n<p>Non c\u2019\u00e8 scusa, non c\u2019\u00e8 fatalit\u00e0.<br>Tutto era scritto e documentato.<\/p>\n\n\n\n<p>Oggi i cittadini devono evacuare o temere per le proprie case, hanno costruito ignorando e dando fiducia alle autorit\u00e0, la legge, la scienza e il buon senso che avrebbe dovuto garantire loro sicurezza. Invece, nulla.<\/p>\n\n\n\n<p>La frana di Niscemi non \u00e8 un movimento limitato.<br>\u00c8 un versante intero che si muove sotto terra, un gigante silenzioso che non rispetta confini catastali, che ridistribuisce tensioni, amplifica l\u2019acqua e trascina case e infrastrutture come se fossero giocattoli.<\/p>\n\n\n\n<p>Il monitoraggio tecnico \u00e8 costante, ma non pu\u00f2 dare certezze.<br>Si possono misurare spostamenti millimetrici, chiudere strade, evacuare quartieri, ma la frana pu\u00f2 accelerare in qualsiasi momento.<\/p>\n\n\n\n<p>Le opere di mitigazione, muri, pali e drenaggi possono solo rallentare l\u2019inevitabile, perch\u00e9 non esiste stabilizzazione completa senza interventi radicali, spesso impopolari.<\/p>\n\n\n\n<p>Eppure tutto questo \u00e8 noto, e si continua a ignorarlo per comodit\u00e0, interessi immediati e consenso politico.<\/p>\n\n\n\n<p>Questo schema non \u00e8 nuovo, lo abbiamo gi\u00e0 visto noi sardi a Capoterra, in Sardegna, nell\u2019ottobre del 2008.<\/p>\n\n\n\n<p>Un nubifragio eccezionale port\u00f2 370 millimetri di pioggia in poche ore su bacini gi\u00e0 vulnerabili.<\/p>\n\n\n\n<p>Il Rio San Girolamo divent\u00f2 una massa di fango e detriti che travolse case, strade, automobili e persone.<\/p>\n\n\n\n<p>Quattro vite perse, famiglie distrutte, infrastrutture devastate, scuole chiuse per sempre.<\/p>\n\n\n\n<p>Anche l\u00ec il rischio era ben noto, i piani regolatori e gli studi idraulici indicavano chiaramente la pericolosit\u00e0 della zona.<\/p>\n\n\n\n<p>Eppure si costru\u00ec lo stesso.<\/p>\n\n\n\n<p>Dopo la tragedia, tutti parlavano di &#8220;evento eccezionale&#8221; o &#8220;imprevedibile&#8221;.<\/p>\n\n\n\n<p>Falso, l\u2019evento era naturale, il disastro totalmente evitabile.<\/p>\n\n\n\n<p>Queste vergogne hanno un nome mancanza di responsabilit\u00e0 strutturale.<br>Autorit\u00e0 che permettono di costruire dove non si dovrebbe, tecnici che firmano senza considerare il contesto pi\u00f9 ampio, cittadini che si fidano del sistema e credono che la legge li protegga.<\/p>\n\n\n\n<p>Un sistema in cui la sicurezza \u00e8 una raccomandazione, la prevenzione costa e non porta consenso, e chi sbaglia non paga mai.<\/p>\n\n\n\n<p>Benvenuti in Italia!<br>\u00c8 scelta consapevole di trascurare il rischio, anteponendo guadagni e comodit\u00e0 alla vita delle persone.<\/p>\n\n\n\n<p>E mentre tutto questo si discute da anni, con studi, consulenze e incarichi milionari che girano e rigirano senza produrre nemmeno un centimetro di ponte, a Niscemi le case crollano sotto il terreno che si muove.<\/p>\n\n\n\n<p>Il ponte sullo Stretto non \u00e8 un sogno di progresso, \u00e8 un progetto pericoloso, inutile e un continuo furto di denaro pubblico, decine di milioni di euro spesi in studi, consulenze e pianificazioni infinite mentre le frane e le alluvioni minacciano vite e case oggi.<\/p>\n\n\n\n<p>Lo sanno tutti, non porter\u00e0 sicurezza n\u00e9 benefici concreti immediati, ma espone il territorio a rischi enormi e distoglie risorse vitali da interventi urgenti.<\/p>\n\n\n\n<p>La gravit\u00e0 scientifica di un\u2019opera del genere \u00e8 immensa.<br>Lo Stretto di Messina \u00e8 sismicamente attivo, soggetto a terremoti, correnti marine potenti e variabili, venti intensi e tempeste mediterranee.<br>Un ponte sospeso o con piloni in mare aperto, anche costruito con la tecnologia migliore, non pu\u00f2 ignorare eventi estremi, tempeste, mareggiate, tsunami locali, erosione delle fondazioni, accumulo di correnti e vortici.<br>Ogni evento atmosferico intenso potrebbe generare sollecitazioni enormi, provocare danni irreversibili o collassi parziali.<\/p>\n\n\n\n<p>Non si tratta solo di costi economici, stiamo parlando di un rischio concreto per chi attraversa l\u2019opera, per le navi, per l\u2019ecosistema marino, e per la sicurezza di decine di migliaia di persone se la gestione di emergenze non fosse impeccabile.<\/p>\n\n\n\n<p>Se Niscemi ci insegna qualcosa, \u00e8 che prima di parlare di ponti sul mare, bisognerebbe imparare a rispettare il territorio, leggere i segnali della geologia, proteggere vite gi\u00e0 esposte, e che tutto il resto \u00e8 solo un monumento alla superficialit\u00e0, all\u2019incapacit\u00e0 di governare ci\u00f2 che \u00e8 reale qui e ora, e costante furto sistematico di risorse pubbliche che potrebbero occuparsi di proteggere cittadini lasciandoli vivere in pace e sicurezza.<\/p>\n\n\n\n<p>La tragedia di Niscemi dovrebbe essere un avvertimento concreto, sprecare tempo e soldi per ipotetizzare di costruire opere imponenti come il ponte sullo Stretto ignorando rischi geologici e sismici significa ripetere lo stesso menefreghismo che oggi ha gi\u00e0 messo in pericolo vite e case e lascia milioni di cittadini abbandonati nell&#8217;incertezza e nel danno.<\/p>\n\n\n\n<p>Quindi si pu\u00f2 affermare con certezza che chi ha costruito a Niscemi era consapevole del rischio, ma fattori economici, sociali e di gestione del territorio e dei capitali hanno prevalso sulla prudenza.<\/p>\n\n\n\n<p>Oggi, pi\u00f9 che mai, la scienza pu\u00f2 prevedere questi pericoli, ma non sempre riesce a fermare le male decisioni umane.<\/p>\n\n\n\n<figure class=\"wp-block-image size-full\"><img decoding=\"async\" width=\"950\" height=\"554\" src=\"https:\/\/www.nonsolomusicamagazine.it\/wp-content\/uploads\/2026\/01\/1000104507.jpg\" alt=\"\" class=\"wp-image-14124\" srcset=\"https:\/\/www.nonsolomusicamagazine.it\/wp-content\/uploads\/2026\/01\/1000104507.jpg 950w, https:\/\/www.nonsolomusicamagazine.it\/wp-content\/uploads\/2026\/01\/1000104507-300x175.jpg 300w, https:\/\/www.nonsolomusicamagazine.it\/wp-content\/uploads\/2026\/01\/1000104507-768x448.jpg 768w\" sizes=\"(max-width: 950px) 100vw, 950px\" \/><\/figure>\n","protected":false},"excerpt":{"rendered":"<p>Silvana Sale Questa \u00e8 l&#8217;Italia, altra tragedia annunciata, Niscemi sotto il peso delle scelte irresponsabili. A Niscemi il terreno si muove e trascina con s\u00e9 case, strade, vite.Non \u00e8 un\u2019emergenza improvvisa, non \u00e8 un disastro naturale imprevedibile.\u00c8 il risultato di un menefreghismo sistemico, di scelte umane che ignorano la scienza, di un territorio consumato senza [&hellip;]<\/p>\n","protected":false},"author":1,"featured_media":14124,"comment_status":"open","ping_status":"closed","sticky":false,"template":"","format":"standard","meta":{"footnotes":""},"categories":[283],"tags":[4833,5596,5612,1474,1552],"class_list":["post-14123","post","type-post","status-publish","format-standard","has-post-thumbnail","hentry","category-ambiente","tag-calabria","tag-ciclone","tag-niscemi","tag-sardegna","tag-sicilia"],"yoast_head":"<!-- This site is optimized with the Yoast SEO plugin v27.5 - https:\/\/yoast.com\/product\/yoast-seo-wordpress\/ -->\n<title>Il ciclone e il disastro di Niscemi - NonSoloMusicaMagazine<\/title>\n<meta name=\"description\" content=\"Niscemi\" \/>\n<meta name=\"robots\" content=\"index, follow, max-snippet:-1, max-image-preview:large, max-video-preview:-1\" \/>\n<link rel=\"canonical\" href=\"https:\/\/www.nonsolomusicamagazine.it\/?p=14123\" \/>\n<meta property=\"og:locale\" content=\"it_IT\" \/>\n<meta property=\"og:type\" content=\"article\" \/>\n<meta property=\"og:title\" content=\"Il ciclone e il disastro di Niscemi - NonSoloMusicaMagazine\" \/>\n<meta property=\"og:description\" content=\"Niscemi\" \/>\n<meta property=\"og:url\" content=\"https:\/\/www.nonsolomusicamagazine.it\/?p=14123\" \/>\n<meta property=\"og:site_name\" content=\"NonSoloMusicaMagazine\" \/>\n<meta property=\"article:published_time\" content=\"2026-01-27T11:41:58+00:00\" \/>\n<meta property=\"article:modified_time\" content=\"2026-01-27T17:15:43+00:00\" \/>\n<meta property=\"og:image\" content=\"https:\/\/www.nonsolomusicamagazine.it\/wp-content\/uploads\/2026\/01\/1000104507.jpg\" \/>\n\t<meta property=\"og:image:width\" content=\"950\" \/>\n\t<meta property=\"og:image:height\" content=\"554\" \/>\n\t<meta property=\"og:image:type\" content=\"image\/jpeg\" \/>\n<meta name=\"author\" content=\"nonsolomusica\" \/>\n<meta name=\"twitter:card\" content=\"summary_large_image\" \/>\n<meta name=\"twitter:label1\" content=\"Scritto da\" \/>\n\t<meta name=\"twitter:data1\" content=\"nonsolomusica\" \/>\n\t<meta name=\"twitter:label2\" content=\"Tempo di lettura stimato\" \/>\n\t<meta name=\"twitter:data2\" content=\"8 minuti\" \/>\n<script type=\"application\/ld+json\" class=\"yoast-schema-graph\">{\"@context\":\"https:\\\/\\\/schema.org\",\"@graph\":[{\"@type\":\"Article\",\"@id\":\"https:\\\/\\\/www.nonsolomusicamagazine.it\\\/?p=14123#article\",\"isPartOf\":{\"@id\":\"https:\\\/\\\/www.nonsolomusicamagazine.it\\\/?p=14123\"},\"author\":{\"name\":\"nonsolomusica\",\"@id\":\"https:\\\/\\\/www.nonsolomusicamagazine.it\\\/#\\\/schema\\\/person\\\/a3349ad02300d046472d46cf6d31ae46\"},\"headline\":\"Il ciclone e il disastro di Niscemi\",\"datePublished\":\"2026-01-27T11:41:58+00:00\",\"dateModified\":\"2026-01-27T17:15:43+00:00\",\"mainEntityOfPage\":{\"@id\":\"https:\\\/\\\/www.nonsolomusicamagazine.it\\\/?p=14123\"},\"wordCount\":1284,\"commentCount\":0,\"image\":{\"@id\":\"https:\\\/\\\/www.nonsolomusicamagazine.it\\\/?p=14123#primaryimage\"},\"thumbnailUrl\":\"https:\\\/\\\/www.nonsolomusicamagazine.it\\\/wp-content\\\/uploads\\\/2026\\\/01\\\/1000104507.jpg\",\"keywords\":[\"Calabria\",\"Ciclone\",\"Niscemi\",\"Sardegna\",\"Sicilia\"],\"articleSection\":[\"Ambiente\"],\"inLanguage\":\"it-IT\",\"potentialAction\":[{\"@type\":\"CommentAction\",\"name\":\"Comment\",\"target\":[\"https:\\\/\\\/www.nonsolomusicamagazine.it\\\/?p=14123#respond\"]}]},{\"@type\":\"WebPage\",\"@id\":\"https:\\\/\\\/www.nonsolomusicamagazine.it\\\/?p=14123\",\"url\":\"https:\\\/\\\/www.nonsolomusicamagazine.it\\\/?p=14123\",\"name\":\"Il ciclone e il disastro di Niscemi - NonSoloMusicaMagazine\",\"isPartOf\":{\"@id\":\"https:\\\/\\\/www.nonsolomusicamagazine.it\\\/#website\"},\"primaryImageOfPage\":{\"@id\":\"https:\\\/\\\/www.nonsolomusicamagazine.it\\\/?p=14123#primaryimage\"},\"image\":{\"@id\":\"https:\\\/\\\/www.nonsolomusicamagazine.it\\\/?p=14123#primaryimage\"},\"thumbnailUrl\":\"https:\\\/\\\/www.nonsolomusicamagazine.it\\\/wp-content\\\/uploads\\\/2026\\\/01\\\/1000104507.jpg\",\"datePublished\":\"2026-01-27T11:41:58+00:00\",\"dateModified\":\"2026-01-27T17:15:43+00:00\",\"author\":{\"@id\":\"https:\\\/\\\/www.nonsolomusicamagazine.it\\\/#\\\/schema\\\/person\\\/a3349ad02300d046472d46cf6d31ae46\"},\"description\":\"Niscemi\",\"breadcrumb\":{\"@id\":\"https:\\\/\\\/www.nonsolomusicamagazine.it\\\/?p=14123#breadcrumb\"},\"inLanguage\":\"it-IT\",\"potentialAction\":[{\"@type\":\"ReadAction\",\"target\":[\"https:\\\/\\\/www.nonsolomusicamagazine.it\\\/?p=14123\"]}]},{\"@type\":\"ImageObject\",\"inLanguage\":\"it-IT\",\"@id\":\"https:\\\/\\\/www.nonsolomusicamagazine.it\\\/?p=14123#primaryimage\",\"url\":\"https:\\\/\\\/www.nonsolomusicamagazine.it\\\/wp-content\\\/uploads\\\/2026\\\/01\\\/1000104507.jpg\",\"contentUrl\":\"https:\\\/\\\/www.nonsolomusicamagazine.it\\\/wp-content\\\/uploads\\\/2026\\\/01\\\/1000104507.jpg\",\"width\":950,\"height\":554},{\"@type\":\"BreadcrumbList\",\"@id\":\"https:\\\/\\\/www.nonsolomusicamagazine.it\\\/?p=14123#breadcrumb\",\"itemListElement\":[{\"@type\":\"ListItem\",\"position\":1,\"name\":\"Home\",\"item\":\"https:\\\/\\\/www.nonsolomusicamagazine.it\\\/\"},{\"@type\":\"ListItem\",\"position\":2,\"name\":\"Il ciclone e il disastro di Niscemi\"}]},{\"@type\":\"WebSite\",\"@id\":\"https:\\\/\\\/www.nonsolomusicamagazine.it\\\/#website\",\"url\":\"https:\\\/\\\/www.nonsolomusicamagazine.it\\\/\",\"name\":\"Nonsolomusicamagazine\",\"description\":\"Dir. responsabile Manuel M Buccarella\",\"potentialAction\":[{\"@type\":\"SearchAction\",\"target\":{\"@type\":\"EntryPoint\",\"urlTemplate\":\"https:\\\/\\\/www.nonsolomusicamagazine.it\\\/?s={search_term_string}\"},\"query-input\":{\"@type\":\"PropertyValueSpecification\",\"valueRequired\":true,\"valueName\":\"search_term_string\"}}],\"inLanguage\":\"it-IT\"},{\"@type\":\"Person\",\"@id\":\"https:\\\/\\\/www.nonsolomusicamagazine.it\\\/#\\\/schema\\\/person\\\/a3349ad02300d046472d46cf6d31ae46\",\"name\":\"nonsolomusica\",\"image\":{\"@type\":\"ImageObject\",\"inLanguage\":\"it-IT\",\"@id\":\"https:\\\/\\\/www.nonsolomusicamagazine.it\\\/wp-content\\\/litespeed\\\/avatar\\\/3a675484bc84db6aba78d43bfc8b7197.jpg?ver=1777485663\",\"url\":\"https:\\\/\\\/www.nonsolomusicamagazine.it\\\/wp-content\\\/litespeed\\\/avatar\\\/3a675484bc84db6aba78d43bfc8b7197.jpg?ver=1777485663\",\"contentUrl\":\"https:\\\/\\\/www.nonsolomusicamagazine.it\\\/wp-content\\\/litespeed\\\/avatar\\\/3a675484bc84db6aba78d43bfc8b7197.jpg?ver=1777485663\",\"caption\":\"nonsolomusica\"},\"sameAs\":[\"https:\\\/\\\/www.nonsolomusicamagazine.it\"],\"url\":\"https:\\\/\\\/www.nonsolomusicamagazine.it\\\/?author=1\"}]}<\/script>\n<!-- \/ Yoast SEO plugin. -->","yoast_head_json":{"title":"Il ciclone e il disastro di Niscemi - NonSoloMusicaMagazine","description":"Niscemi","robots":{"index":"index","follow":"follow","max-snippet":"max-snippet:-1","max-image-preview":"max-image-preview:large","max-video-preview":"max-video-preview:-1"},"canonical":"https:\/\/www.nonsolomusicamagazine.it\/?p=14123","og_locale":"it_IT","og_type":"article","og_title":"Il ciclone e il disastro di Niscemi - NonSoloMusicaMagazine","og_description":"Niscemi","og_url":"https:\/\/www.nonsolomusicamagazine.it\/?p=14123","og_site_name":"NonSoloMusicaMagazine","article_published_time":"2026-01-27T11:41:58+00:00","article_modified_time":"2026-01-27T17:15:43+00:00","og_image":[{"width":950,"height":554,"url":"https:\/\/www.nonsolomusicamagazine.it\/wp-content\/uploads\/2026\/01\/1000104507.jpg","type":"image\/jpeg"}],"author":"nonsolomusica","twitter_card":"summary_large_image","twitter_misc":{"Scritto da":"nonsolomusica","Tempo di lettura stimato":"8 minuti"},"schema":{"@context":"https:\/\/schema.org","@graph":[{"@type":"Article","@id":"https:\/\/www.nonsolomusicamagazine.it\/?p=14123#article","isPartOf":{"@id":"https:\/\/www.nonsolomusicamagazine.it\/?p=14123"},"author":{"name":"nonsolomusica","@id":"https:\/\/www.nonsolomusicamagazine.it\/#\/schema\/person\/a3349ad02300d046472d46cf6d31ae46"},"headline":"Il ciclone e il disastro di Niscemi","datePublished":"2026-01-27T11:41:58+00:00","dateModified":"2026-01-27T17:15:43+00:00","mainEntityOfPage":{"@id":"https:\/\/www.nonsolomusicamagazine.it\/?p=14123"},"wordCount":1284,"commentCount":0,"image":{"@id":"https:\/\/www.nonsolomusicamagazine.it\/?p=14123#primaryimage"},"thumbnailUrl":"https:\/\/www.nonsolomusicamagazine.it\/wp-content\/uploads\/2026\/01\/1000104507.jpg","keywords":["Calabria","Ciclone","Niscemi","Sardegna","Sicilia"],"articleSection":["Ambiente"],"inLanguage":"it-IT","potentialAction":[{"@type":"CommentAction","name":"Comment","target":["https:\/\/www.nonsolomusicamagazine.it\/?p=14123#respond"]}]},{"@type":"WebPage","@id":"https:\/\/www.nonsolomusicamagazine.it\/?p=14123","url":"https:\/\/www.nonsolomusicamagazine.it\/?p=14123","name":"Il ciclone e il disastro di Niscemi - NonSoloMusicaMagazine","isPartOf":{"@id":"https:\/\/www.nonsolomusicamagazine.it\/#website"},"primaryImageOfPage":{"@id":"https:\/\/www.nonsolomusicamagazine.it\/?p=14123#primaryimage"},"image":{"@id":"https:\/\/www.nonsolomusicamagazine.it\/?p=14123#primaryimage"},"thumbnailUrl":"https:\/\/www.nonsolomusicamagazine.it\/wp-content\/uploads\/2026\/01\/1000104507.jpg","datePublished":"2026-01-27T11:41:58+00:00","dateModified":"2026-01-27T17:15:43+00:00","author":{"@id":"https:\/\/www.nonsolomusicamagazine.it\/#\/schema\/person\/a3349ad02300d046472d46cf6d31ae46"},"description":"Niscemi","breadcrumb":{"@id":"https:\/\/www.nonsolomusicamagazine.it\/?p=14123#breadcrumb"},"inLanguage":"it-IT","potentialAction":[{"@type":"ReadAction","target":["https:\/\/www.nonsolomusicamagazine.it\/?p=14123"]}]},{"@type":"ImageObject","inLanguage":"it-IT","@id":"https:\/\/www.nonsolomusicamagazine.it\/?p=14123#primaryimage","url":"https:\/\/www.nonsolomusicamagazine.it\/wp-content\/uploads\/2026\/01\/1000104507.jpg","contentUrl":"https:\/\/www.nonsolomusicamagazine.it\/wp-content\/uploads\/2026\/01\/1000104507.jpg","width":950,"height":554},{"@type":"BreadcrumbList","@id":"https:\/\/www.nonsolomusicamagazine.it\/?p=14123#breadcrumb","itemListElement":[{"@type":"ListItem","position":1,"name":"Home","item":"https:\/\/www.nonsolomusicamagazine.it\/"},{"@type":"ListItem","position":2,"name":"Il ciclone e il disastro di Niscemi"}]},{"@type":"WebSite","@id":"https:\/\/www.nonsolomusicamagazine.it\/#website","url":"https:\/\/www.nonsolomusicamagazine.it\/","name":"Nonsolomusicamagazine","description":"Dir. responsabile Manuel M Buccarella","potentialAction":[{"@type":"SearchAction","target":{"@type":"EntryPoint","urlTemplate":"https:\/\/www.nonsolomusicamagazine.it\/?s={search_term_string}"},"query-input":{"@type":"PropertyValueSpecification","valueRequired":true,"valueName":"search_term_string"}}],"inLanguage":"it-IT"},{"@type":"Person","@id":"https:\/\/www.nonsolomusicamagazine.it\/#\/schema\/person\/a3349ad02300d046472d46cf6d31ae46","name":"nonsolomusica","image":{"@type":"ImageObject","inLanguage":"it-IT","@id":"https:\/\/www.nonsolomusicamagazine.it\/wp-content\/litespeed\/avatar\/3a675484bc84db6aba78d43bfc8b7197.jpg?ver=1777485663","url":"https:\/\/www.nonsolomusicamagazine.it\/wp-content\/litespeed\/avatar\/3a675484bc84db6aba78d43bfc8b7197.jpg?ver=1777485663","contentUrl":"https:\/\/www.nonsolomusicamagazine.it\/wp-content\/litespeed\/avatar\/3a675484bc84db6aba78d43bfc8b7197.jpg?ver=1777485663","caption":"nonsolomusica"},"sameAs":["https:\/\/www.nonsolomusicamagazine.it"],"url":"https:\/\/www.nonsolomusicamagazine.it\/?author=1"}]}},"amp_enabled":true,"_links":{"self":[{"href":"https:\/\/www.nonsolomusicamagazine.it\/index.php?rest_route=\/wp\/v2\/posts\/14123","targetHints":{"allow":["GET"]}}],"collection":[{"href":"https:\/\/www.nonsolomusicamagazine.it\/index.php?rest_route=\/wp\/v2\/posts"}],"about":[{"href":"https:\/\/www.nonsolomusicamagazine.it\/index.php?rest_route=\/wp\/v2\/types\/post"}],"author":[{"embeddable":true,"href":"https:\/\/www.nonsolomusicamagazine.it\/index.php?rest_route=\/wp\/v2\/users\/1"}],"replies":[{"embeddable":true,"href":"https:\/\/www.nonsolomusicamagazine.it\/index.php?rest_route=%2Fwp%2Fv2%2Fcomments&post=14123"}],"version-history":[{"count":1,"href":"https:\/\/www.nonsolomusicamagazine.it\/index.php?rest_route=\/wp\/v2\/posts\/14123\/revisions"}],"predecessor-version":[{"id":14125,"href":"https:\/\/www.nonsolomusicamagazine.it\/index.php?rest_route=\/wp\/v2\/posts\/14123\/revisions\/14125"}],"wp:featuredmedia":[{"embeddable":true,"href":"https:\/\/www.nonsolomusicamagazine.it\/index.php?rest_route=\/wp\/v2\/media\/14124"}],"wp:attachment":[{"href":"https:\/\/www.nonsolomusicamagazine.it\/index.php?rest_route=%2Fwp%2Fv2%2Fmedia&parent=14123"}],"wp:term":[{"taxonomy":"category","embeddable":true,"href":"https:\/\/www.nonsolomusicamagazine.it\/index.php?rest_route=%2Fwp%2Fv2%2Fcategories&post=14123"},{"taxonomy":"post_tag","embeddable":true,"href":"https:\/\/www.nonsolomusicamagazine.it\/index.php?rest_route=%2Fwp%2Fv2%2Ftags&post=14123"}],"curies":[{"name":"wp","href":"https:\/\/api.w.org\/{rel}","templated":true}]}}