{"id":14130,"date":"2026-01-28T12:22:06","date_gmt":"2026-01-28T11:22:06","guid":{"rendered":"https:\/\/www.nonsolomusicamagazine.it\/?p=14130"},"modified":"2026-01-28T17:44:28","modified_gmt":"2026-01-28T16:44:28","slug":"14130","status":"publish","type":"post","link":"https:\/\/www.nonsolomusicamagazine.it\/?p=14130","title":{"rendered":"L&#8217;origine del Male"},"content":{"rendered":"\n<p class=\"has-text-align-center\"><strong>Rino Operoso<\/strong><\/p>\n\n\n\n<p>Ho sempre considerato il Kossovo come la pietra angolare con cui di colpo l&#8217;Europa su diktat americano (all&#8217;epoca Clinton, ovviamente Dem) ha tradito tutta la sua storia recente e le stesse basi politiche del Dopoguerra (riassumibili in un: &#8220;giusti o meno, i confini della seconda guerra mondiale non si toccano&#8221;).<\/p>\n\n\n\n<p>Questa dottrina \u00e8 stata buttata a mare per il Kossovo, un angolo povero e sperduto della Jugoslavia al centro di tensioni etniche tra serbi e minoranza albanese (alimentate a lungo dall&#8217;esterno) e sopite solo da un largo status di provincia autonoma (come per la Vojvodina, a minoranza ungherese) , all&#8217;interno dello Stato serbo, a sua volta parte della repubblica federale di Jugoslavia.Le guerre jugoslave sono state l&#8217;occasione non solo per dividere uno Stato non allineato, in posizione chiave e di media grandezza (ricordo bene l&#8217;immediato e criminale riconoscimento Vaticano e subito dopo tedesco e francese di Slovenia e Croazia) ma per sancire anche la legittimit\u00e0 di aizzare una secessione interna, coperta dalla pi\u00f9 grande porcata politica spacciata come diritto: &#8220;l&#8217;autodeterminazione dei popoli&#8221;.\u00c8 un vecchio refrain americano utilizzato gi\u00e0 da Wilson alla fine della prima guerra mondiale per smembrare l&#8217;Impero austro-ungarico (ovviamente venne applicata solo dai vincitori a danno degli sconfitti, e infatti diventer\u00e0 subito una delle armi diplomatiche di Hitler per rivendicare Sudeti, Austria etc. con la frase &#8220;ci sono tedeschi l\u00ec!&#8221;) e rispolverato da Clinton in tutta fretta tra il 1999 e il 2006.E se le scelte idiote di Wilson avevano creato i prodromi della seconda guerra mondiale, quelle criminali di Clinton (appoggiate dai socialisti UE assortiti da Blair e Schroeder a Prodi\/D&#8217;Alema) hanno destabilizzato di nuovo e definitivamente l&#8217;Europa.<\/p>\n\n\n\n<p>Nel 2008 incontrai a Mosca un ex-consulente di D&#8217;Alema al ministero degli Esteri (secondo governo Prodi): lo avevano parcheggiato in FinMeccanica (che \u00e8 un&#8217;azienda di Stato con cui di solito vendiamo soprattutto armi e tecnologie militari), filiale russa, forse per i suoi studi di lingue slave e per le sue indiscutibili capacit\u00e0 diplomatiche. Chiacchierando dall&#8217;alto della Lotte Tower, tra un cocktail e un karaoke, gli dissi che consideravo il riconoscimento del Kossovo una follia e lui mi rispose che il trattato formale, nonch\u00e9 tutte le fasi preparatorie del riconoscimento, beh lo aveva scritto tutto lui, beninteso su input politico del ministro e del governo. Ciononostante considerava lui per primo quel trattato una porcata, un errore madornale che &#8220;disattendeva tutta la storia politica e diplomatica del Dopoguerra&#8221;, disse proprio cos\u00ec.<\/p>\n\n\n\n<p>Dal Kossovo discendono tutti i guai europei fino ad oggi. Chi non lo capisce semplicemente non vuole guardare la realt\u00e0 o ama farsi le regole su misura, a intermittenza a seconda della convenienza.Oppure \u00e8 un imbecille.Ma non ci sono imbecilli nelle cancellerie europee, solo tanti attori in malafede che per un vantaggio di breve periodo sono disposti a creare impunemente danni pluriennali. Disposti a spingere una superpotenza atomica come la Russia in un angolo, provocandone la inevitabile reazione senza preoccuparsi delle tragiche conseguenze future per tutti noi. Far passare il principio che una regione pu\u00f2 dichiarare l&#8217;indipendenza da uno Stato semplicemente perch\u00e9 ha una minoranza etnica che lo vuole (ma che spesso \u00e8 maggioranza nella regione) vuol dire mettere a rischio l&#8217;unit\u00e0 di qualunque Stato europeo, dalla Spagna alla Francia, dalla Romania alla Polonia, dal Belgio all&#8217;Italia, dalla Moldavia appunto all&#8217;Ucraina.La stessa Russia si \u00e8 trovata al centro di queste tensioni (anche se la Cecenia \u00e8 una repubblica federata, quindi con status diverso da una regione) e ne ha pure approfittato per le secessioni filorusse di Abkhasia, Transnistria e Ossezia del Nord.Ma occorreva assolutamente fare passare questo principio per il Kossovo: uno stato ancora oggi de facto inesistente che dipende in tutto dalla Serbia, dove non esiste polizia ma solo clan corrottissimi al centro di ogni traffico e in testa alle liste dell&#8217;Interpol. Ovviamente per\u00f2 in Kossovo oggi c&#8217;\u00e8 una nuova enorme base militare americana, che era dunque l&#8217;unica priorit\u00e0 dell&#8217;autodeterminazione evidentemente.Ah, le tensioni, gli omicidi, gli attentati e le ritorsioni non sono finite, semplicemente hanno spento il faro della CNN per accenderlo altrove.<\/p>\n\n\n\n<p>Con questa crisi prepariamoci ad avere un rigurgito di guerra anche in Kossovo e pure in Bosnia (ormai in mano ai petrodollari wahabiti) e forse in Moldova e in Georgia. La Russia all&#8217;epoca non grad\u00ec affatto la guerra jugoslavia (che era pur sempre un paese amico anche se non pi\u00f9 un alleato strategico) ma era troppo debole per opporsi. Ma quando Milosevic mor\u00ec in carcere all&#8217;Aja gli fece avere funerali di Stato a Mosca.Un segnale forte che per\u00f2 venne ignorato dai partner occidentali.<\/p>\n\n\n\n<p>Con la Jugoslavia intanto erano partite le prove generali della &#8220;guerra in tv&#8221;: satelliti che mostravano fosse comuni, genocidi, stragi, lager e stupri tutti puntualmente documentati via cavo. I cattivi del western erano (e sono ancora) solo i serbi, gli unici imputati e direttamente colpevoli di ogni nefandezza. Ovviamente mass media e politici confondevano volentieri i serbi di Bosnia (che sono tuttora il 49% della popolazione con il 51% del territorio federato) coi serbi di Jugoslavia. Tutto ci\u00f2 \u00e8 servito a dare la reputazione di bad boy direttamente a Milosevic di modo che, quando la NATO (altro che alleanza difensiva!) attacc\u00f2 la Jugoslavia, lui era gi\u00e0 diventato il primo di una lunga serie di &#8220;dittatori&#8221; da abbattere.Per farlo bombardammo le citt\u00e0 serbe (l&#8217;Italia era coinvolta con le basi NATO e si dice anche l&#8217;Aeronautica, anche se non lo hanno mai ammesso) con buona pace dei civili innocenti (definiti danni collaterali) e questo appena 23 anni fa (altro che 70 anni di pace!).Esattamente allora come oggi i bambini serbi o russi non fanno pena come quelli bosniaci o ucraini. Poco importa se poi i bambini russi sarebbero poi cittadini ucraini di minoranza russa e se sia l&#8217;esercito ucraino ad ammazzarli nelle citt\u00e0 secessioniste di Lugan&#8217;sk e Donetsk.<\/p>\n\n\n\n<p>Ci siamo commossi per l&#8217;assedio di Sarajevo ma abbiamo taciuto per quello del Donbass, anche se in entrambi i casi l&#8217;obbiettivo non erano i militari ma appunto i civili.C&#8217;\u00e8 una differenza per\u00f2: in Bosnia erano le bande paramilitari serbe di Mladic a sparare sui cittadini di Sarajevo, in Ucraina a farlo da 8 anni \u00e8 direttamente l&#8217;esercito ucraino (e il battaglione neonazista Azov, inquadrato nei suoi ranghi). <\/p>\n\n\n\n<p>Ho vari amici profughi da Lugan&#8217;sk (gli hanno bombardato la casa) che sono riparati in Russia ottenendo dopo anni anche il passaporto perch\u00e9 loro come profughi di guerra esistono solo per la Russia.L&#8217;alto commissario per i rifugiati dell&#8217;ONU si girava dall&#8217;altra parte, cos\u00ec come la UE, che intanto stringeva le mani insanguinate di Poroshenko e dei suoi ministri nazisti (con Boldrini e Von der Leyen in testa a ricevere e abbracciare) tappandosi naso e occhi pur di portare l&#8217;Ucraina nel campo NATO. Lo stesso copione jugoslavo (barbarie, atrocit\u00e0, gas sui nemici, ospedali bombardati, opposizione democratica etc etc) da allora lo abbiamo visto proiettare enne volte, sempre identico, sempre piu finto e stucchevole.La versione &#8220;Ucraina 2022&#8221; \u00e8 l&#8217;ennesimo remake ma senza il finale dell&#8217;intervento liberatore del 7\u00b0 cavalleggeri americano, ma con l&#8217;isolamento mondiale della Russia e dei russi, tutti di colpo feroci cosacchi assassini, con buona pace di inclusivit\u00e0, empatia, antirazzismo, tolleranza etc con cui a parole noi siamo sempre i &#8220;pi\u00f9 buoni&#8221;.Isolamento che non funzioner\u00e0 per altro, se non per parte dell&#8217;Occidente, dimostrando per la prima volta che i pesi si sono spostati e che l&#8217;Asia non ha pi\u00f9 bisogno di noi. La Russia intanto oggi non \u00e8 pi\u00f9 debole, il suo presidente non \u00e8 pi\u00f9 un alcolizzato corruttibile e soprattutto l&#8217;agenda russa di interessi nazionali, priorit\u00e0 e sicurezza ha oggi al primo posto la parola Ucraina, mentre quella economico-finanziaria ha la parola Asia. Potete definire Putin (come fanno da almeno dieci anni mass-media, politici e perfino Biden) mafioso, dittatore, assassino, criminale, ma anche stronzo e figlio di puttana se la cosa vi d\u00e0 soddisfazione&#8230; Tutto ci\u00f2 non cambier\u00e0 per\u00f2 la situazione: Putin non lo compri e non lo fermi, n\u00e9 militarmente, n\u00e9 economicamente (ma magari credete alle sanzioni, cos\u00ec come credete alla CNN. Anzi se lo provochi deliberatamente (cio\u00e8 quello che abbiamo fatto noi con l&#8217;Ucraina) \u00e8 pure peggio. La Cina intanto \u00e8 in grado di assorbire tutta la domanda lasciata libera da UE mentre invece noi non abbiamo grandi alternative.Il debito pubblico americano \u00e8 in mani cinesi (<em>e giapponesi ndr<\/em>).Dunque possono far crollare il dollaro in qualunque momento.<\/p>\n\n\n\n<p>Se domani Russia e Cina fanno saltare le transazioni in dollari del petrolio usando una criptovaluta ad hoc sar\u00e0 peggio del 1929.Altro che Swift.Usare le leve finanziarie per ricattare i Paesi \u00e8 schifoso ma oggi anche un&#8217;arma a doppio taglio.Ripeto: l&#8217;America impari che non \u00e8 il gendarme del mondo e nemmeno il suo banchiere.Costruire istituzioni dal respiro mondiale ma a controllo americano \u00e8 idiota, perch\u00e9 vuol dire spingere i nemici a fare i propri circuiti, siano essi finanziari, economici, informatici o mediatici. Una frammentazione miope, come per le dogane o le frontiere. L&#8217;idea che gli USA sfacciatamente affermino che, dalla Banca Mondiale al FMI, dalla Fifa al Cio, dallo swift al www, loro fanno quello che vogliono, e aprono e chiudono quando vogliono, \u00e8 un crimine, un atto di guerra e una subordinazione inaccettabile che infatti non sar\u00e0 pi\u00f9 accettata.Certo, rispetto a radere al suolo Iraq, Afghanistan, Siria e Libia&#8230; beh \u00e8 ancora nulla.<\/p>\n\n\n\n<p>Un giorno gli Usa non saranno nemmeno pi\u00f9 &#8220;primus inter pares&#8221; altro che &#8220;dux et caesar&#8221;.E quel giorno il Mondo avr\u00e0 meno guerre.<\/p>\n\n\n\n<figure class=\"wp-block-image size-full\"><img decoding=\"async\" width=\"324\" height=\"349\" src=\"https:\/\/www.nonsolomusicamagazine.it\/wp-content\/uploads\/2026\/01\/1000104663.gif\" alt=\"\" class=\"wp-image-14131\"\/><\/figure>\n\n\n\n<p><\/p>\n","protected":false},"excerpt":{"rendered":"<p>Rino Operoso Ho sempre considerato il Kossovo come la pietra angolare con cui di colpo l&#8217;Europa su diktat americano (all&#8217;epoca Clinton, ovviamente Dem) ha tradito tutta la sua storia recente e le stesse basi politiche del Dopoguerra (riassumibili in un: &#8220;giusti o meno, i confini della seconda guerra mondiale non si toccano&#8221;). Questa dottrina \u00e8 [&hellip;]<\/p>\n","protected":false},"author":1,"featured_media":14131,"comment_status":"open","ping_status":"closed","sticky":false,"template":"","format":"standard","meta":{"footnotes":""},"categories":[6,5,1321],"tags":[221,650,3976,14,1894,793],"class_list":["post-14130","post","type-post","status-publish","format-standard","has-post-thumbnail","hentry","category-esteri","category-politica","category-storia","tag-guerra","tag-jugoslavia","tag-kosovo","tag-nato","tag-serbia","tag-unione-europea"],"yoast_head":"<!-- This site is optimized with the Yoast SEO plugin v27.4 - https:\/\/yoast.com\/product\/yoast-seo-wordpress\/ -->\n<title>L&#039;origine del Male - NonSoloMusicaMagazine<\/title>\n<meta name=\"description\" content=\"Kosovo\" \/>\n<meta name=\"robots\" content=\"index, follow, max-snippet:-1, max-image-preview:large, max-video-preview:-1\" \/>\n<link rel=\"canonical\" href=\"https:\/\/www.nonsolomusicamagazine.it\/?p=14130\" \/>\n<meta property=\"og:locale\" content=\"it_IT\" \/>\n<meta property=\"og:type\" content=\"article\" \/>\n<meta property=\"og:title\" content=\"L&#039;origine del Male - NonSoloMusicaMagazine\" \/>\n<meta property=\"og:description\" content=\"Kosovo\" \/>\n<meta property=\"og:url\" content=\"https:\/\/www.nonsolomusicamagazine.it\/?p=14130\" \/>\n<meta property=\"og:site_name\" content=\"NonSoloMusicaMagazine\" \/>\n<meta property=\"article:published_time\" content=\"2026-01-28T11:22:06+00:00\" \/>\n<meta property=\"article:modified_time\" content=\"2026-01-28T16:44:28+00:00\" \/>\n<meta property=\"og:image\" content=\"https:\/\/www.nonsolomusicamagazine.it\/wp-content\/uploads\/2026\/01\/1000104663.gif\" \/>\n\t<meta property=\"og:image:width\" content=\"324\" \/>\n\t<meta property=\"og:image:height\" content=\"349\" \/>\n\t<meta property=\"og:image:type\" content=\"image\/gif\" \/>\n<meta name=\"author\" content=\"nonsolomusica\" \/>\n<meta name=\"twitter:card\" content=\"summary_large_image\" \/>\n<meta name=\"twitter:label1\" content=\"Scritto da\" \/>\n\t<meta name=\"twitter:data1\" content=\"nonsolomusica\" \/>\n\t<meta name=\"twitter:label2\" content=\"Tempo di lettura stimato\" \/>\n\t<meta name=\"twitter:data2\" content=\"9 minuti\" \/>\n<script type=\"application\/ld+json\" class=\"yoast-schema-graph\">{\"@context\":\"https:\\\/\\\/schema.org\",\"@graph\":[{\"@type\":\"Article\",\"@id\":\"https:\\\/\\\/www.nonsolomusicamagazine.it\\\/?p=14130#article\",\"isPartOf\":{\"@id\":\"https:\\\/\\\/www.nonsolomusicamagazine.it\\\/?p=14130\"},\"author\":{\"name\":\"nonsolomusica\",\"@id\":\"https:\\\/\\\/www.nonsolomusicamagazine.it\\\/#\\\/schema\\\/person\\\/a3349ad02300d046472d46cf6d31ae46\"},\"headline\":\"L&#8217;origine del Male\",\"datePublished\":\"2026-01-28T11:22:06+00:00\",\"dateModified\":\"2026-01-28T16:44:28+00:00\",\"mainEntityOfPage\":{\"@id\":\"https:\\\/\\\/www.nonsolomusicamagazine.it\\\/?p=14130\"},\"wordCount\":1589,\"commentCount\":0,\"image\":{\"@id\":\"https:\\\/\\\/www.nonsolomusicamagazine.it\\\/?p=14130#primaryimage\"},\"thumbnailUrl\":\"https:\\\/\\\/www.nonsolomusicamagazine.it\\\/wp-content\\\/uploads\\\/2026\\\/01\\\/1000104663.gif\",\"keywords\":[\"Guerra\",\"Jugoslavia\",\"Kosovo\",\"Nato\",\"Serbia\",\"Unione europea\"],\"articleSection\":[\"Esteri\",\"Politica\",\"Storia\"],\"inLanguage\":\"it-IT\",\"potentialAction\":[{\"@type\":\"CommentAction\",\"name\":\"Comment\",\"target\":[\"https:\\\/\\\/www.nonsolomusicamagazine.it\\\/?p=14130#respond\"]}]},{\"@type\":\"WebPage\",\"@id\":\"https:\\\/\\\/www.nonsolomusicamagazine.it\\\/?p=14130\",\"url\":\"https:\\\/\\\/www.nonsolomusicamagazine.it\\\/?p=14130\",\"name\":\"L'origine del Male - NonSoloMusicaMagazine\",\"isPartOf\":{\"@id\":\"https:\\\/\\\/www.nonsolomusicamagazine.it\\\/#website\"},\"primaryImageOfPage\":{\"@id\":\"https:\\\/\\\/www.nonsolomusicamagazine.it\\\/?p=14130#primaryimage\"},\"image\":{\"@id\":\"https:\\\/\\\/www.nonsolomusicamagazine.it\\\/?p=14130#primaryimage\"},\"thumbnailUrl\":\"https:\\\/\\\/www.nonsolomusicamagazine.it\\\/wp-content\\\/uploads\\\/2026\\\/01\\\/1000104663.gif\",\"datePublished\":\"2026-01-28T11:22:06+00:00\",\"dateModified\":\"2026-01-28T16:44:28+00:00\",\"author\":{\"@id\":\"https:\\\/\\\/www.nonsolomusicamagazine.it\\\/#\\\/schema\\\/person\\\/a3349ad02300d046472d46cf6d31ae46\"},\"description\":\"Kosovo\",\"breadcrumb\":{\"@id\":\"https:\\\/\\\/www.nonsolomusicamagazine.it\\\/?p=14130#breadcrumb\"},\"inLanguage\":\"it-IT\",\"potentialAction\":[{\"@type\":\"ReadAction\",\"target\":[\"https:\\\/\\\/www.nonsolomusicamagazine.it\\\/?p=14130\"]}]},{\"@type\":\"ImageObject\",\"inLanguage\":\"it-IT\",\"@id\":\"https:\\\/\\\/www.nonsolomusicamagazine.it\\\/?p=14130#primaryimage\",\"url\":\"https:\\\/\\\/www.nonsolomusicamagazine.it\\\/wp-content\\\/uploads\\\/2026\\\/01\\\/1000104663.gif\",\"contentUrl\":\"https:\\\/\\\/www.nonsolomusicamagazine.it\\\/wp-content\\\/uploads\\\/2026\\\/01\\\/1000104663.gif\",\"width\":324,\"height\":349},{\"@type\":\"BreadcrumbList\",\"@id\":\"https:\\\/\\\/www.nonsolomusicamagazine.it\\\/?p=14130#breadcrumb\",\"itemListElement\":[{\"@type\":\"ListItem\",\"position\":1,\"name\":\"Home\",\"item\":\"https:\\\/\\\/www.nonsolomusicamagazine.it\\\/\"},{\"@type\":\"ListItem\",\"position\":2,\"name\":\"L&#8217;origine del Male\"}]},{\"@type\":\"WebSite\",\"@id\":\"https:\\\/\\\/www.nonsolomusicamagazine.it\\\/#website\",\"url\":\"https:\\\/\\\/www.nonsolomusicamagazine.it\\\/\",\"name\":\"Nonsolomusicamagazine\",\"description\":\"Dir. responsabile Manuel M Buccarella\",\"potentialAction\":[{\"@type\":\"SearchAction\",\"target\":{\"@type\":\"EntryPoint\",\"urlTemplate\":\"https:\\\/\\\/www.nonsolomusicamagazine.it\\\/?s={search_term_string}\"},\"query-input\":{\"@type\":\"PropertyValueSpecification\",\"valueRequired\":true,\"valueName\":\"search_term_string\"}}],\"inLanguage\":\"it-IT\"},{\"@type\":\"Person\",\"@id\":\"https:\\\/\\\/www.nonsolomusicamagazine.it\\\/#\\\/schema\\\/person\\\/a3349ad02300d046472d46cf6d31ae46\",\"name\":\"nonsolomusica\",\"image\":{\"@type\":\"ImageObject\",\"inLanguage\":\"it-IT\",\"@id\":\"https:\\\/\\\/www.nonsolomusicamagazine.it\\\/wp-content\\\/litespeed\\\/avatar\\\/3a675484bc84db6aba78d43bfc8b7197.jpg?ver=1776880798\",\"url\":\"https:\\\/\\\/www.nonsolomusicamagazine.it\\\/wp-content\\\/litespeed\\\/avatar\\\/3a675484bc84db6aba78d43bfc8b7197.jpg?ver=1776880798\",\"contentUrl\":\"https:\\\/\\\/www.nonsolomusicamagazine.it\\\/wp-content\\\/litespeed\\\/avatar\\\/3a675484bc84db6aba78d43bfc8b7197.jpg?ver=1776880798\",\"caption\":\"nonsolomusica\"},\"sameAs\":[\"https:\\\/\\\/www.nonsolomusicamagazine.it\"],\"url\":\"https:\\\/\\\/www.nonsolomusicamagazine.it\\\/?author=1\"}]}<\/script>\n<!-- \/ Yoast SEO plugin. -->","yoast_head_json":{"title":"L'origine del Male - NonSoloMusicaMagazine","description":"Kosovo","robots":{"index":"index","follow":"follow","max-snippet":"max-snippet:-1","max-image-preview":"max-image-preview:large","max-video-preview":"max-video-preview:-1"},"canonical":"https:\/\/www.nonsolomusicamagazine.it\/?p=14130","og_locale":"it_IT","og_type":"article","og_title":"L'origine del Male - NonSoloMusicaMagazine","og_description":"Kosovo","og_url":"https:\/\/www.nonsolomusicamagazine.it\/?p=14130","og_site_name":"NonSoloMusicaMagazine","article_published_time":"2026-01-28T11:22:06+00:00","article_modified_time":"2026-01-28T16:44:28+00:00","og_image":[{"width":324,"height":349,"url":"https:\/\/www.nonsolomusicamagazine.it\/wp-content\/uploads\/2026\/01\/1000104663.gif","type":"image\/gif"}],"author":"nonsolomusica","twitter_card":"summary_large_image","twitter_misc":{"Scritto da":"nonsolomusica","Tempo di lettura stimato":"9 minuti"},"schema":{"@context":"https:\/\/schema.org","@graph":[{"@type":"Article","@id":"https:\/\/www.nonsolomusicamagazine.it\/?p=14130#article","isPartOf":{"@id":"https:\/\/www.nonsolomusicamagazine.it\/?p=14130"},"author":{"name":"nonsolomusica","@id":"https:\/\/www.nonsolomusicamagazine.it\/#\/schema\/person\/a3349ad02300d046472d46cf6d31ae46"},"headline":"L&#8217;origine del Male","datePublished":"2026-01-28T11:22:06+00:00","dateModified":"2026-01-28T16:44:28+00:00","mainEntityOfPage":{"@id":"https:\/\/www.nonsolomusicamagazine.it\/?p=14130"},"wordCount":1589,"commentCount":0,"image":{"@id":"https:\/\/www.nonsolomusicamagazine.it\/?p=14130#primaryimage"},"thumbnailUrl":"https:\/\/www.nonsolomusicamagazine.it\/wp-content\/uploads\/2026\/01\/1000104663.gif","keywords":["Guerra","Jugoslavia","Kosovo","Nato","Serbia","Unione europea"],"articleSection":["Esteri","Politica","Storia"],"inLanguage":"it-IT","potentialAction":[{"@type":"CommentAction","name":"Comment","target":["https:\/\/www.nonsolomusicamagazine.it\/?p=14130#respond"]}]},{"@type":"WebPage","@id":"https:\/\/www.nonsolomusicamagazine.it\/?p=14130","url":"https:\/\/www.nonsolomusicamagazine.it\/?p=14130","name":"L'origine del Male - NonSoloMusicaMagazine","isPartOf":{"@id":"https:\/\/www.nonsolomusicamagazine.it\/#website"},"primaryImageOfPage":{"@id":"https:\/\/www.nonsolomusicamagazine.it\/?p=14130#primaryimage"},"image":{"@id":"https:\/\/www.nonsolomusicamagazine.it\/?p=14130#primaryimage"},"thumbnailUrl":"https:\/\/www.nonsolomusicamagazine.it\/wp-content\/uploads\/2026\/01\/1000104663.gif","datePublished":"2026-01-28T11:22:06+00:00","dateModified":"2026-01-28T16:44:28+00:00","author":{"@id":"https:\/\/www.nonsolomusicamagazine.it\/#\/schema\/person\/a3349ad02300d046472d46cf6d31ae46"},"description":"Kosovo","breadcrumb":{"@id":"https:\/\/www.nonsolomusicamagazine.it\/?p=14130#breadcrumb"},"inLanguage":"it-IT","potentialAction":[{"@type":"ReadAction","target":["https:\/\/www.nonsolomusicamagazine.it\/?p=14130"]}]},{"@type":"ImageObject","inLanguage":"it-IT","@id":"https:\/\/www.nonsolomusicamagazine.it\/?p=14130#primaryimage","url":"https:\/\/www.nonsolomusicamagazine.it\/wp-content\/uploads\/2026\/01\/1000104663.gif","contentUrl":"https:\/\/www.nonsolomusicamagazine.it\/wp-content\/uploads\/2026\/01\/1000104663.gif","width":324,"height":349},{"@type":"BreadcrumbList","@id":"https:\/\/www.nonsolomusicamagazine.it\/?p=14130#breadcrumb","itemListElement":[{"@type":"ListItem","position":1,"name":"Home","item":"https:\/\/www.nonsolomusicamagazine.it\/"},{"@type":"ListItem","position":2,"name":"L&#8217;origine del Male"}]},{"@type":"WebSite","@id":"https:\/\/www.nonsolomusicamagazine.it\/#website","url":"https:\/\/www.nonsolomusicamagazine.it\/","name":"Nonsolomusicamagazine","description":"Dir. responsabile Manuel M Buccarella","potentialAction":[{"@type":"SearchAction","target":{"@type":"EntryPoint","urlTemplate":"https:\/\/www.nonsolomusicamagazine.it\/?s={search_term_string}"},"query-input":{"@type":"PropertyValueSpecification","valueRequired":true,"valueName":"search_term_string"}}],"inLanguage":"it-IT"},{"@type":"Person","@id":"https:\/\/www.nonsolomusicamagazine.it\/#\/schema\/person\/a3349ad02300d046472d46cf6d31ae46","name":"nonsolomusica","image":{"@type":"ImageObject","inLanguage":"it-IT","@id":"https:\/\/www.nonsolomusicamagazine.it\/wp-content\/litespeed\/avatar\/3a675484bc84db6aba78d43bfc8b7197.jpg?ver=1776880798","url":"https:\/\/www.nonsolomusicamagazine.it\/wp-content\/litespeed\/avatar\/3a675484bc84db6aba78d43bfc8b7197.jpg?ver=1776880798","contentUrl":"https:\/\/www.nonsolomusicamagazine.it\/wp-content\/litespeed\/avatar\/3a675484bc84db6aba78d43bfc8b7197.jpg?ver=1776880798","caption":"nonsolomusica"},"sameAs":["https:\/\/www.nonsolomusicamagazine.it"],"url":"https:\/\/www.nonsolomusicamagazine.it\/?author=1"}]}},"amp_enabled":true,"_links":{"self":[{"href":"https:\/\/www.nonsolomusicamagazine.it\/index.php?rest_route=\/wp\/v2\/posts\/14130","targetHints":{"allow":["GET"]}}],"collection":[{"href":"https:\/\/www.nonsolomusicamagazine.it\/index.php?rest_route=\/wp\/v2\/posts"}],"about":[{"href":"https:\/\/www.nonsolomusicamagazine.it\/index.php?rest_route=\/wp\/v2\/types\/post"}],"author":[{"embeddable":true,"href":"https:\/\/www.nonsolomusicamagazine.it\/index.php?rest_route=\/wp\/v2\/users\/1"}],"replies":[{"embeddable":true,"href":"https:\/\/www.nonsolomusicamagazine.it\/index.php?rest_route=%2Fwp%2Fv2%2Fcomments&post=14130"}],"version-history":[{"count":3,"href":"https:\/\/www.nonsolomusicamagazine.it\/index.php?rest_route=\/wp\/v2\/posts\/14130\/revisions"}],"predecessor-version":[{"id":14136,"href":"https:\/\/www.nonsolomusicamagazine.it\/index.php?rest_route=\/wp\/v2\/posts\/14130\/revisions\/14136"}],"wp:featuredmedia":[{"embeddable":true,"href":"https:\/\/www.nonsolomusicamagazine.it\/index.php?rest_route=\/wp\/v2\/media\/14131"}],"wp:attachment":[{"href":"https:\/\/www.nonsolomusicamagazine.it\/index.php?rest_route=%2Fwp%2Fv2%2Fmedia&parent=14130"}],"wp:term":[{"taxonomy":"category","embeddable":true,"href":"https:\/\/www.nonsolomusicamagazine.it\/index.php?rest_route=%2Fwp%2Fv2%2Fcategories&post=14130"},{"taxonomy":"post_tag","embeddable":true,"href":"https:\/\/www.nonsolomusicamagazine.it\/index.php?rest_route=%2Fwp%2Fv2%2Ftags&post=14130"}],"curies":[{"name":"wp","href":"https:\/\/api.w.org\/{rel}","templated":true}]}}