{"id":14749,"date":"2026-03-11T21:13:39","date_gmt":"2026-03-11T20:13:39","guid":{"rendered":"https:\/\/www.nonsolomusicamagazine.it\/?p=14749"},"modified":"2026-03-11T21:13:42","modified_gmt":"2026-03-11T20:13:42","slug":"11-marzo-1949-il-consiglio-dei-ministri-italiano-presieduto-da-de-gasperi-approva-ladesione-dellitalia-allalleanza-atlantica-il-disappunto-di-sandro-pertini-2","status":"publish","type":"post","link":"https:\/\/www.nonsolomusicamagazine.it\/?p=14749","title":{"rendered":"11 marzo 1949: il Consiglio dei ministri italiano presieduto da De Gasperi approva l\u2019adesione dell\u2019Italia all\u2019Alleanza Atlantica. Il disappunto di Sandro Pertini."},"content":{"rendered":"\n<p class=\"has-text-align-center\"><strong>Manuel M Buccarella <\/strong><\/p>\n\n\n\n<p>L\u201911 marzo 1949 il Consiglio dei ministri italiano, presidente il democristiano Alcide De Gasperi, approva la partecipazione dell\u2019Italia all\u2019Alleanza Atlantica. Il Patto atlantico verr\u00e0 formalizzato il 9 aprile a Washington con il relativo trattato.<\/p>\n\n\n\n<p>De Gasperi present\u00f2 alle Camere la decisione a cose praticamente fatte. L\u2019opposizione di sinistra contest\u00f2 al governo di aver fornito informazioni approssimative sulla questione di fare rischiare al paese una condizione di sudditanza verso gli Stati Uniti ed una riduzione di sovranit\u00e0.<\/p>\n\n\n\n<p>Il 7 marzo 1949, in Senato Sandro Pertini fece un discorso appassionato contro l\u2019adesione del paese all\u2019Alleanza Atlantica.<\/p>\n\n\n\n<p>\u201cNoi siamo contro il Patto Atlantico, prima di tutto perch\u00e9 questo Patto \u00e8 uno strumento di guerra\u201d. Pertini vot\u00f2 contro l\u2019adesione dell\u2019Italia alla Nato. Da socialista spieg\u00f2 che quel voto era in realt\u00e0 ispirato anche ad un\u2019altra ragione. \u201cQuesto Patto Atlantico in funzione antisovietica varr\u00e0 a dividere maggiormente l\u2019Europa, scaver\u00e0 sempre pi\u00f9 profondo il solco che gi\u00e0 separa questo nostro tormentato continente\u201d.<\/p>\n\n\n\n<p>Pertini parl\u00f2 della Nato come di una Santa Alleanza in funzione antisovietica, un\u2019associazione di nazioni, quindi, che avrebbe portato in s\u00e9 le premesse di una nuova guerra \u201c\u2026e non le premesse di una pace sicura e duratura\u201d.\u201dNoi siamo contro questo Patto Atlantico dato che esso \u00e8 in funzione antisovietica. Perch\u00e9 non dimentichiamo, infatti, come invece dimenticano i vostri padroni di oltre Oceano, quello che l\u2019Unione Sovietica ha fatto durante l\u2019ultima guerra. Essa \u00e8 la Nazione che ha pagato il pi\u00f9 alto prezzo di sangue. Senza il suo sforzo eroico le Potenze occidentali non sarebbero riuscite da sole a liberare l\u2019Europa dalla dittatura nazifascista\u201d.<\/p>\n\n\n\n<p>\u201cE noi socialisti sentiamo che se domani, per dannata ipotesi \u2013 soltanto per dannata ipotesi, non illudetevi \u2013 dovesse crollare l\u2019Unione Sovietica sotto la prepotenza della nuova Santa Alleanza, con l\u2019Unione Sovietica crollerebbe il movimento operaio e crolleremmo noi socialisti\u201d.<\/p>\n\n\n\n<figure class=\"wp-block-image size-full\"><img decoding=\"async\" width=\"768\" height=\"432\" src=\"https:\/\/www.nonsolomusicamagazine.it\/wp-content\/uploads\/2026\/03\/1000114598.webp\" alt=\"\" class=\"wp-image-14750\" srcset=\"https:\/\/www.nonsolomusicamagazine.it\/wp-content\/uploads\/2026\/03\/1000114598.webp 768w, https:\/\/www.nonsolomusicamagazine.it\/wp-content\/uploads\/2026\/03\/1000114598-300x169.webp 300w\" sizes=\"(max-width: 768px) 100vw, 768px\" \/><\/figure>\n\n\n\n<p><\/p>\n","protected":false},"excerpt":{"rendered":"<p>Manuel M Buccarella L\u201911 marzo 1949 il Consiglio dei ministri italiano, presidente il democristiano Alcide De Gasperi, approva la partecipazione dell\u2019Italia all\u2019Alleanza Atlantica. Il Patto atlantico verr\u00e0 formalizzato il 9 aprile a Washington con il relativo trattato. De Gasperi present\u00f2 alle Camere la decisione a cose praticamente fatte. L\u2019opposizione di sinistra contest\u00f2 al governo di [&hellip;]<\/p>\n","protected":false},"author":1,"featured_media":14750,"comment_status":"open","ping_status":"closed","sticky":false,"template":"","format":"standard","meta":{"footnotes":""},"categories":[5,1321],"tags":[5762,5518,65,5382,186],"class_list":["post-14749","post","type-post","status-publish","format-standard","has-post-thumbnail","hentry","category-politica","category-storia","tag-alcide-de-gasperi","tag-patto-atlantico","tag-sandro-pertini","tag-stati-uniti-damerica","tag-unione-sovietica"],"yoast_head":"<!-- This site is optimized with the Yoast SEO plugin v27.4 - https:\/\/yoast.com\/product\/yoast-seo-wordpress\/ -->\n<title>11 marzo 1949: il Consiglio dei ministri italiano presieduto da De Gasperi approva l\u2019adesione dell\u2019Italia all\u2019Alleanza Atlantica. Il disappunto di Sandro Pertini. - NonSoloMusicaMagazine<\/title>\n<meta name=\"description\" content=\"Patto Atlantico\" \/>\n<meta name=\"robots\" content=\"index, follow, max-snippet:-1, max-image-preview:large, max-video-preview:-1\" \/>\n<link rel=\"canonical\" href=\"https:\/\/www.nonsolomusicamagazine.it\/?p=14749\" \/>\n<meta property=\"og:locale\" content=\"it_IT\" \/>\n<meta property=\"og:type\" content=\"article\" \/>\n<meta property=\"og:title\" content=\"11 marzo 1949: il Consiglio dei ministri italiano presieduto da De Gasperi approva l\u2019adesione dell\u2019Italia all\u2019Alleanza Atlantica. Il disappunto di Sandro Pertini. - NonSoloMusicaMagazine\" \/>\n<meta property=\"og:description\" content=\"Patto Atlantico\" \/>\n<meta property=\"og:url\" content=\"https:\/\/www.nonsolomusicamagazine.it\/?p=14749\" \/>\n<meta property=\"og:site_name\" content=\"NonSoloMusicaMagazine\" \/>\n<meta property=\"article:published_time\" content=\"2026-03-11T20:13:39+00:00\" \/>\n<meta property=\"article:modified_time\" content=\"2026-03-11T20:13:42+00:00\" \/>\n<meta property=\"og:image\" content=\"https:\/\/www.nonsolomusicamagazine.it\/wp-content\/uploads\/2026\/03\/1000114598.webp\" \/>\n\t<meta property=\"og:image:width\" content=\"768\" \/>\n\t<meta property=\"og:image:height\" content=\"432\" \/>\n\t<meta property=\"og:image:type\" content=\"image\/webp\" \/>\n<meta name=\"author\" content=\"nonsolomusica\" \/>\n<meta name=\"twitter:card\" content=\"summary_large_image\" \/>\n<meta name=\"twitter:label1\" content=\"Scritto da\" \/>\n\t<meta name=\"twitter:data1\" content=\"nonsolomusica\" \/>\n\t<meta name=\"twitter:label2\" content=\"Tempo di lettura stimato\" \/>\n\t<meta name=\"twitter:data2\" content=\"2 minuti\" \/>\n<script type=\"application\/ld+json\" class=\"yoast-schema-graph\">{\"@context\":\"https:\\\/\\\/schema.org\",\"@graph\":[{\"@type\":\"Article\",\"@id\":\"https:\\\/\\\/www.nonsolomusicamagazine.it\\\/?p=14749#article\",\"isPartOf\":{\"@id\":\"https:\\\/\\\/www.nonsolomusicamagazine.it\\\/?p=14749\"},\"author\":{\"name\":\"nonsolomusica\",\"@id\":\"https:\\\/\\\/www.nonsolomusicamagazine.it\\\/#\\\/schema\\\/person\\\/a3349ad02300d046472d46cf6d31ae46\"},\"headline\":\"11 marzo 1949: il Consiglio dei ministri italiano presieduto da De Gasperi approva l\u2019adesione dell\u2019Italia all\u2019Alleanza Atlantica. Il disappunto di Sandro Pertini.\",\"datePublished\":\"2026-03-11T20:13:39+00:00\",\"dateModified\":\"2026-03-11T20:13:42+00:00\",\"mainEntityOfPage\":{\"@id\":\"https:\\\/\\\/www.nonsolomusicamagazine.it\\\/?p=14749\"},\"wordCount\":332,\"commentCount\":0,\"image\":{\"@id\":\"https:\\\/\\\/www.nonsolomusicamagazine.it\\\/?p=14749#primaryimage\"},\"thumbnailUrl\":\"https:\\\/\\\/www.nonsolomusicamagazine.it\\\/wp-content\\\/uploads\\\/2026\\\/03\\\/1000114598.webp\",\"keywords\":[\"Alcide De Gasperi\",\"Patto Atlantico\",\"Sandro Pertini\",\"Stati Uniti d'America\",\"Unione Sovietica\"],\"articleSection\":[\"Politica\",\"Storia\"],\"inLanguage\":\"it-IT\",\"potentialAction\":[{\"@type\":\"CommentAction\",\"name\":\"Comment\",\"target\":[\"https:\\\/\\\/www.nonsolomusicamagazine.it\\\/?p=14749#respond\"]}]},{\"@type\":\"WebPage\",\"@id\":\"https:\\\/\\\/www.nonsolomusicamagazine.it\\\/?p=14749\",\"url\":\"https:\\\/\\\/www.nonsolomusicamagazine.it\\\/?p=14749\",\"name\":\"11 marzo 1949: il Consiglio dei ministri italiano presieduto da De Gasperi approva l\u2019adesione dell\u2019Italia all\u2019Alleanza Atlantica. Il disappunto di Sandro Pertini. - NonSoloMusicaMagazine\",\"isPartOf\":{\"@id\":\"https:\\\/\\\/www.nonsolomusicamagazine.it\\\/#website\"},\"primaryImageOfPage\":{\"@id\":\"https:\\\/\\\/www.nonsolomusicamagazine.it\\\/?p=14749#primaryimage\"},\"image\":{\"@id\":\"https:\\\/\\\/www.nonsolomusicamagazine.it\\\/?p=14749#primaryimage\"},\"thumbnailUrl\":\"https:\\\/\\\/www.nonsolomusicamagazine.it\\\/wp-content\\\/uploads\\\/2026\\\/03\\\/1000114598.webp\",\"datePublished\":\"2026-03-11T20:13:39+00:00\",\"dateModified\":\"2026-03-11T20:13:42+00:00\",\"author\":{\"@id\":\"https:\\\/\\\/www.nonsolomusicamagazine.it\\\/#\\\/schema\\\/person\\\/a3349ad02300d046472d46cf6d31ae46\"},\"description\":\"Patto Atlantico\",\"breadcrumb\":{\"@id\":\"https:\\\/\\\/www.nonsolomusicamagazine.it\\\/?p=14749#breadcrumb\"},\"inLanguage\":\"it-IT\",\"potentialAction\":[{\"@type\":\"ReadAction\",\"target\":[\"https:\\\/\\\/www.nonsolomusicamagazine.it\\\/?p=14749\"]}]},{\"@type\":\"ImageObject\",\"inLanguage\":\"it-IT\",\"@id\":\"https:\\\/\\\/www.nonsolomusicamagazine.it\\\/?p=14749#primaryimage\",\"url\":\"https:\\\/\\\/www.nonsolomusicamagazine.it\\\/wp-content\\\/uploads\\\/2026\\\/03\\\/1000114598.webp\",\"contentUrl\":\"https:\\\/\\\/www.nonsolomusicamagazine.it\\\/wp-content\\\/uploads\\\/2026\\\/03\\\/1000114598.webp\",\"width\":768,\"height\":432},{\"@type\":\"BreadcrumbList\",\"@id\":\"https:\\\/\\\/www.nonsolomusicamagazine.it\\\/?p=14749#breadcrumb\",\"itemListElement\":[{\"@type\":\"ListItem\",\"position\":1,\"name\":\"Home\",\"item\":\"https:\\\/\\\/www.nonsolomusicamagazine.it\\\/\"},{\"@type\":\"ListItem\",\"position\":2,\"name\":\"11 marzo 1949: il Consiglio dei ministri italiano presieduto da De Gasperi approva l\u2019adesione dell\u2019Italia all\u2019Alleanza Atlantica. Il disappunto di Sandro Pertini.\"}]},{\"@type\":\"WebSite\",\"@id\":\"https:\\\/\\\/www.nonsolomusicamagazine.it\\\/#website\",\"url\":\"https:\\\/\\\/www.nonsolomusicamagazine.it\\\/\",\"name\":\"Nonsolomusicamagazine\",\"description\":\"Dir. responsabile Manuel M Buccarella\",\"potentialAction\":[{\"@type\":\"SearchAction\",\"target\":{\"@type\":\"EntryPoint\",\"urlTemplate\":\"https:\\\/\\\/www.nonsolomusicamagazine.it\\\/?s={search_term_string}\"},\"query-input\":{\"@type\":\"PropertyValueSpecification\",\"valueRequired\":true,\"valueName\":\"search_term_string\"}}],\"inLanguage\":\"it-IT\"},{\"@type\":\"Person\",\"@id\":\"https:\\\/\\\/www.nonsolomusicamagazine.it\\\/#\\\/schema\\\/person\\\/a3349ad02300d046472d46cf6d31ae46\",\"name\":\"nonsolomusica\",\"image\":{\"@type\":\"ImageObject\",\"inLanguage\":\"it-IT\",\"@id\":\"https:\\\/\\\/www.nonsolomusicamagazine.it\\\/wp-content\\\/litespeed\\\/avatar\\\/3a675484bc84db6aba78d43bfc8b7197.jpg?ver=1776880798\",\"url\":\"https:\\\/\\\/www.nonsolomusicamagazine.it\\\/wp-content\\\/litespeed\\\/avatar\\\/3a675484bc84db6aba78d43bfc8b7197.jpg?ver=1776880798\",\"contentUrl\":\"https:\\\/\\\/www.nonsolomusicamagazine.it\\\/wp-content\\\/litespeed\\\/avatar\\\/3a675484bc84db6aba78d43bfc8b7197.jpg?ver=1776880798\",\"caption\":\"nonsolomusica\"},\"sameAs\":[\"https:\\\/\\\/www.nonsolomusicamagazine.it\"],\"url\":\"https:\\\/\\\/www.nonsolomusicamagazine.it\\\/?author=1\"}]}<\/script>\n<!-- \/ Yoast SEO plugin. -->","yoast_head_json":{"title":"11 marzo 1949: il Consiglio dei ministri italiano presieduto da De Gasperi approva l\u2019adesione dell\u2019Italia all\u2019Alleanza Atlantica. Il disappunto di Sandro Pertini. - NonSoloMusicaMagazine","description":"Patto Atlantico","robots":{"index":"index","follow":"follow","max-snippet":"max-snippet:-1","max-image-preview":"max-image-preview:large","max-video-preview":"max-video-preview:-1"},"canonical":"https:\/\/www.nonsolomusicamagazine.it\/?p=14749","og_locale":"it_IT","og_type":"article","og_title":"11 marzo 1949: il Consiglio dei ministri italiano presieduto da De Gasperi approva l\u2019adesione dell\u2019Italia all\u2019Alleanza Atlantica. Il disappunto di Sandro Pertini. - NonSoloMusicaMagazine","og_description":"Patto Atlantico","og_url":"https:\/\/www.nonsolomusicamagazine.it\/?p=14749","og_site_name":"NonSoloMusicaMagazine","article_published_time":"2026-03-11T20:13:39+00:00","article_modified_time":"2026-03-11T20:13:42+00:00","og_image":[{"width":768,"height":432,"url":"https:\/\/www.nonsolomusicamagazine.it\/wp-content\/uploads\/2026\/03\/1000114598.webp","type":"image\/webp"}],"author":"nonsolomusica","twitter_card":"summary_large_image","twitter_misc":{"Scritto da":"nonsolomusica","Tempo di lettura stimato":"2 minuti"},"schema":{"@context":"https:\/\/schema.org","@graph":[{"@type":"Article","@id":"https:\/\/www.nonsolomusicamagazine.it\/?p=14749#article","isPartOf":{"@id":"https:\/\/www.nonsolomusicamagazine.it\/?p=14749"},"author":{"name":"nonsolomusica","@id":"https:\/\/www.nonsolomusicamagazine.it\/#\/schema\/person\/a3349ad02300d046472d46cf6d31ae46"},"headline":"11 marzo 1949: il Consiglio dei ministri italiano presieduto da De Gasperi approva l\u2019adesione dell\u2019Italia all\u2019Alleanza Atlantica. Il disappunto di Sandro Pertini.","datePublished":"2026-03-11T20:13:39+00:00","dateModified":"2026-03-11T20:13:42+00:00","mainEntityOfPage":{"@id":"https:\/\/www.nonsolomusicamagazine.it\/?p=14749"},"wordCount":332,"commentCount":0,"image":{"@id":"https:\/\/www.nonsolomusicamagazine.it\/?p=14749#primaryimage"},"thumbnailUrl":"https:\/\/www.nonsolomusicamagazine.it\/wp-content\/uploads\/2026\/03\/1000114598.webp","keywords":["Alcide De Gasperi","Patto Atlantico","Sandro Pertini","Stati Uniti d'America","Unione Sovietica"],"articleSection":["Politica","Storia"],"inLanguage":"it-IT","potentialAction":[{"@type":"CommentAction","name":"Comment","target":["https:\/\/www.nonsolomusicamagazine.it\/?p=14749#respond"]}]},{"@type":"WebPage","@id":"https:\/\/www.nonsolomusicamagazine.it\/?p=14749","url":"https:\/\/www.nonsolomusicamagazine.it\/?p=14749","name":"11 marzo 1949: il Consiglio dei ministri italiano presieduto da De Gasperi approva l\u2019adesione dell\u2019Italia all\u2019Alleanza Atlantica. Il disappunto di Sandro Pertini. - NonSoloMusicaMagazine","isPartOf":{"@id":"https:\/\/www.nonsolomusicamagazine.it\/#website"},"primaryImageOfPage":{"@id":"https:\/\/www.nonsolomusicamagazine.it\/?p=14749#primaryimage"},"image":{"@id":"https:\/\/www.nonsolomusicamagazine.it\/?p=14749#primaryimage"},"thumbnailUrl":"https:\/\/www.nonsolomusicamagazine.it\/wp-content\/uploads\/2026\/03\/1000114598.webp","datePublished":"2026-03-11T20:13:39+00:00","dateModified":"2026-03-11T20:13:42+00:00","author":{"@id":"https:\/\/www.nonsolomusicamagazine.it\/#\/schema\/person\/a3349ad02300d046472d46cf6d31ae46"},"description":"Patto Atlantico","breadcrumb":{"@id":"https:\/\/www.nonsolomusicamagazine.it\/?p=14749#breadcrumb"},"inLanguage":"it-IT","potentialAction":[{"@type":"ReadAction","target":["https:\/\/www.nonsolomusicamagazine.it\/?p=14749"]}]},{"@type":"ImageObject","inLanguage":"it-IT","@id":"https:\/\/www.nonsolomusicamagazine.it\/?p=14749#primaryimage","url":"https:\/\/www.nonsolomusicamagazine.it\/wp-content\/uploads\/2026\/03\/1000114598.webp","contentUrl":"https:\/\/www.nonsolomusicamagazine.it\/wp-content\/uploads\/2026\/03\/1000114598.webp","width":768,"height":432},{"@type":"BreadcrumbList","@id":"https:\/\/www.nonsolomusicamagazine.it\/?p=14749#breadcrumb","itemListElement":[{"@type":"ListItem","position":1,"name":"Home","item":"https:\/\/www.nonsolomusicamagazine.it\/"},{"@type":"ListItem","position":2,"name":"11 marzo 1949: il Consiglio dei ministri italiano presieduto da De Gasperi approva l\u2019adesione dell\u2019Italia all\u2019Alleanza Atlantica. Il disappunto di Sandro Pertini."}]},{"@type":"WebSite","@id":"https:\/\/www.nonsolomusicamagazine.it\/#website","url":"https:\/\/www.nonsolomusicamagazine.it\/","name":"Nonsolomusicamagazine","description":"Dir. responsabile Manuel M Buccarella","potentialAction":[{"@type":"SearchAction","target":{"@type":"EntryPoint","urlTemplate":"https:\/\/www.nonsolomusicamagazine.it\/?s={search_term_string}"},"query-input":{"@type":"PropertyValueSpecification","valueRequired":true,"valueName":"search_term_string"}}],"inLanguage":"it-IT"},{"@type":"Person","@id":"https:\/\/www.nonsolomusicamagazine.it\/#\/schema\/person\/a3349ad02300d046472d46cf6d31ae46","name":"nonsolomusica","image":{"@type":"ImageObject","inLanguage":"it-IT","@id":"https:\/\/www.nonsolomusicamagazine.it\/wp-content\/litespeed\/avatar\/3a675484bc84db6aba78d43bfc8b7197.jpg?ver=1776880798","url":"https:\/\/www.nonsolomusicamagazine.it\/wp-content\/litespeed\/avatar\/3a675484bc84db6aba78d43bfc8b7197.jpg?ver=1776880798","contentUrl":"https:\/\/www.nonsolomusicamagazine.it\/wp-content\/litespeed\/avatar\/3a675484bc84db6aba78d43bfc8b7197.jpg?ver=1776880798","caption":"nonsolomusica"},"sameAs":["https:\/\/www.nonsolomusicamagazine.it"],"url":"https:\/\/www.nonsolomusicamagazine.it\/?author=1"}]}},"amp_enabled":true,"_links":{"self":[{"href":"https:\/\/www.nonsolomusicamagazine.it\/index.php?rest_route=\/wp\/v2\/posts\/14749","targetHints":{"allow":["GET"]}}],"collection":[{"href":"https:\/\/www.nonsolomusicamagazine.it\/index.php?rest_route=\/wp\/v2\/posts"}],"about":[{"href":"https:\/\/www.nonsolomusicamagazine.it\/index.php?rest_route=\/wp\/v2\/types\/post"}],"author":[{"embeddable":true,"href":"https:\/\/www.nonsolomusicamagazine.it\/index.php?rest_route=\/wp\/v2\/users\/1"}],"replies":[{"embeddable":true,"href":"https:\/\/www.nonsolomusicamagazine.it\/index.php?rest_route=%2Fwp%2Fv2%2Fcomments&post=14749"}],"version-history":[{"count":1,"href":"https:\/\/www.nonsolomusicamagazine.it\/index.php?rest_route=\/wp\/v2\/posts\/14749\/revisions"}],"predecessor-version":[{"id":14751,"href":"https:\/\/www.nonsolomusicamagazine.it\/index.php?rest_route=\/wp\/v2\/posts\/14749\/revisions\/14751"}],"wp:featuredmedia":[{"embeddable":true,"href":"https:\/\/www.nonsolomusicamagazine.it\/index.php?rest_route=\/wp\/v2\/media\/14750"}],"wp:attachment":[{"href":"https:\/\/www.nonsolomusicamagazine.it\/index.php?rest_route=%2Fwp%2Fv2%2Fmedia&parent=14749"}],"wp:term":[{"taxonomy":"category","embeddable":true,"href":"https:\/\/www.nonsolomusicamagazine.it\/index.php?rest_route=%2Fwp%2Fv2%2Fcategories&post=14749"},{"taxonomy":"post_tag","embeddable":true,"href":"https:\/\/www.nonsolomusicamagazine.it\/index.php?rest_route=%2Fwp%2Fv2%2Ftags&post=14749"}],"curies":[{"name":"wp","href":"https:\/\/api.w.org\/{rel}","templated":true}]}}