{"id":15318,"date":"2026-04-27T17:25:03","date_gmt":"2026-04-27T15:25:03","guid":{"rendered":"https:\/\/www.nonsolomusicamagazine.it\/?p=15318"},"modified":"2026-04-27T17:25:07","modified_gmt":"2026-04-27T15:25:07","slug":"lintramontabile-antonio","status":"publish","type":"post","link":"https:\/\/www.nonsolomusicamagazine.it\/?p=15318","title":{"rendered":"L\u2019INTRAMONTABILE ANTONIO"},"content":{"rendered":"\n<p class=\"has-text-align-center\"><strong>Alfredo Facchini<\/strong><\/p>\n\n\n\n<p>Roma, Clinica Quisisana. \u00c8 la notte tra il 26 e il 27 aprile 1937. Antonio Gramsci \u00e8 disteso, immobile. Gli occhi chiusi, il volto scavato, la pelle sottile come carta. Respira a fatica. Un\u2019emorragia silenziosa invade il suo cervello. Accanto a lui, Tatiana Schucht gli bagna le labbra, gli aggiusta il lenzuolo. Tatiana \u00e8 la cognata di Gramsci, sorella maggiore di sua moglie, Giulia Schucht che vive in URSS con i figli e non pu\u00f2 rientrare in Italia. Alle 4:10 del mattino, Antonio Gramsci smette di respirare.<\/p>\n\n\n\n<p>L\u20198 novembre 1926 il regime arresta Gramsci, calpestando l\u2019immunit\u00e0 parlamentare. Temono le sue idee. Lo rinchiudono a Regina Coeli. Lo accusano di cospirazione. Di guerra civile. Di odio di classe. Il 28 maggio 1928, a Roma, la condanna. Vent\u2019anni, quattro mesi, cinque giorni. Una sentenza pensata per seppellirlo.Poco prima, scrive alla madre:\u00ab\u2026 vorrei che tu comprendessi bene, anche col sentimento, che io sono un detenuto politico e sar\u00f2 un condannato politico, che non ho e non avr\u00f2 mai da vergognarmi di questa situazione\u2026\u00bb<\/p>\n\n\n\n<p>In carcere Gramsci non si arrende.Scrive. Pensa. Resiste. Trentatr\u00e9 quaderni. Centinaia di lettere. Parole che attraversano le sbarre. Sfidano il tempo. Gramsci resta il saggista italiano pi\u00f9 letto nel mondo. Ma pi\u00f9 ancora resta il suo esempio: parteggiare, scegliere, rifiutare l\u2019indifferenza.<\/p>\n\n\n\n<p>\u00abOdio gli indifferenti. Credo che vivere voglia dire essere partigiani. Chi vive veramente non pu\u00f2 non essere cittadino e partigiano. L\u2019indifferenza \u00e8 abulia, \u00e8 parassitismo, \u00e8 vigliaccheria, non \u00e8 vita.\u00bb<\/p>\n\n\n\n<p>Mussolini voleva &#8220;impedire a quel cervello di funzionare&#8221;, voleva che Antonio Gramsci morisse dimenticato da tutti. Ma il potere, anche quello pi\u00f9 feroce, commette sempre un errore di calcolo. Non tiene mai conto del coraggio di chi resta. E quel coraggio, in questa storia, ha un nome: Tatiana Schucht. Tatiana non \u00e8 solo &#8220;la cognata&#8221;. \u00c8 il polmone che permette a Gramsci di continuare a respirare mentre il fascismo cerca di soffocarlo. Nata a Samara, nel cuore della Russia, Tatiana sceglie l&#8217;inferno dell&#8217;Italia fascista. Decide di restare in trincea mentre la sorella Giulia \u00e8 lontana, a Mosca. Tatiana diventa l&#8217;unico filo di seta che unisce un uomo distrutto fisicamente, ma integro nello spirito, alla vita.Provate a immaginare cosa significasse allora. Tatiana attraversa le anticamere polverose dei tribunali, subisce l&#8217;umiliazione delle perquisizioni, si batte contro una burocrazia spietata per portargli un farmaco, un pezzo di cibo, una maglia di lana. Ma fa molto di pi\u00f9. \u00c8 un&#8217;agente di collegamento. In un mondo di spie e delatori, lei \u00e8 il tramite fedelissimo tra Gramsci e il mondo. Parla con Piero Sraffa, tiene vivi i contatti con il Partito, muove fili invisibili sotto il naso dell&#8217;OVRA. <\/p>\n\n\n\n<p>L&#8217;ultimo atto: salvare la memoria. Recupera quei trentatr\u00e9 quaderni, densi di un pensiero che il mondo ancora non conosce. Li cataloga, li numera, li nasconde. Sa che se quei fogli cadono in mano alla polizia politica, verranno bruciati.Tatiana riesce a farli uscire dall&#8217;Italia, facendoli arrivare a Mosca attraverso i canali diplomatici. Senza Tatiana Schucht, oggi non avremmo i Quaderni del Carcere. Non avremmo l&#8217;analisi del potere, dell&#8217;egemonia, della cultura come strumento di liberazione. Il potere ha cercato di fermare un cervello. Una donna, con la sola forza della sua dedizione, ha reso Gramsci intramontabile. Antonio Gramsci \u00e8 ancora qui. Vive dove si sceglie.<\/p>\n\n\n\n<figure class=\"wp-block-image size-large\"><img decoding=\"async\" width=\"724\" height=\"1024\" src=\"https:\/\/www.nonsolomusicamagazine.it\/wp-content\/uploads\/2026\/04\/1000124694-724x1024.jpg\" alt=\"\" class=\"wp-image-15319\" srcset=\"https:\/\/www.nonsolomusicamagazine.it\/wp-content\/uploads\/2026\/04\/1000124694-724x1024.jpg 724w, https:\/\/www.nonsolomusicamagazine.it\/wp-content\/uploads\/2026\/04\/1000124694-212x300.jpg 212w, https:\/\/www.nonsolomusicamagazine.it\/wp-content\/uploads\/2026\/04\/1000124694-768x1087.jpg 768w, https:\/\/www.nonsolomusicamagazine.it\/wp-content\/uploads\/2026\/04\/1000124694.jpg 848w\" sizes=\"(max-width: 724px) 100vw, 724px\" \/><\/figure>\n","protected":false},"excerpt":{"rendered":"<p>Alfredo Facchini Roma, Clinica Quisisana. \u00c8 la notte tra il 26 e il 27 aprile 1937. Antonio Gramsci \u00e8 disteso, immobile. Gli occhi chiusi, il volto scavato, la pelle sottile come carta. Respira a fatica. Un\u2019emorragia silenziosa invade il suo cervello. Accanto a lui, Tatiana Schucht gli bagna le labbra, gli aggiusta il lenzuolo. Tatiana [&hellip;]<\/p>\n","protected":false},"author":1,"featured_media":15319,"comment_status":"open","ping_status":"closed","sticky":false,"template":"","format":"standard","meta":{"footnotes":""},"categories":[106,5,1321],"tags":[2740,3717,3712,5901],"class_list":["post-15318","post","type-post","status-publish","format-standard","has-post-thumbnail","hentry","category-cultura","category-politica","category-storia","tag-antonio-gramsci","tag-gramsci","tag-pcdi","tag-quaderni-dal-carcere"],"yoast_head":"<!-- This site is optimized with the Yoast SEO plugin v27.4 - https:\/\/yoast.com\/product\/yoast-seo-wordpress\/ -->\n<title>L\u2019INTRAMONTABILE ANTONIO - NonSoloMusicaMagazine<\/title>\n<meta name=\"robots\" content=\"index, follow, max-snippet:-1, max-image-preview:large, max-video-preview:-1\" \/>\n<link rel=\"canonical\" href=\"https:\/\/www.nonsolomusicamagazine.it\/?p=15318\" \/>\n<meta property=\"og:locale\" content=\"it_IT\" \/>\n<meta property=\"og:type\" content=\"article\" \/>\n<meta property=\"og:title\" content=\"L\u2019INTRAMONTABILE ANTONIO - NonSoloMusicaMagazine\" \/>\n<meta property=\"og:description\" content=\"Alfredo Facchini Roma, Clinica Quisisana. \u00c8 la notte tra il 26 e il 27 aprile 1937. Antonio Gramsci \u00e8 disteso, immobile. Gli occhi chiusi, il volto scavato, la pelle sottile come carta. Respira a fatica. Un\u2019emorragia silenziosa invade il suo cervello. Accanto a lui, Tatiana Schucht gli bagna le labbra, gli aggiusta il lenzuolo. Tatiana [&hellip;]\" \/>\n<meta property=\"og:url\" content=\"https:\/\/www.nonsolomusicamagazine.it\/?p=15318\" \/>\n<meta property=\"og:site_name\" content=\"NonSoloMusicaMagazine\" \/>\n<meta property=\"article:published_time\" content=\"2026-04-27T15:25:03+00:00\" \/>\n<meta property=\"article:modified_time\" content=\"2026-04-27T15:25:07+00:00\" \/>\n<meta property=\"og:image\" content=\"https:\/\/www.nonsolomusicamagazine.it\/wp-content\/uploads\/2026\/04\/1000124694.jpg\" \/>\n\t<meta property=\"og:image:width\" content=\"848\" \/>\n\t<meta property=\"og:image:height\" content=\"1200\" \/>\n\t<meta property=\"og:image:type\" content=\"image\/jpeg\" \/>\n<meta name=\"author\" content=\"nonsolomusica\" \/>\n<meta name=\"twitter:card\" content=\"summary_large_image\" \/>\n<meta name=\"twitter:label1\" content=\"Scritto da\" \/>\n\t<meta name=\"twitter:data1\" content=\"nonsolomusica\" \/>\n\t<meta name=\"twitter:label2\" content=\"Tempo di lettura stimato\" \/>\n\t<meta name=\"twitter:data2\" content=\"4 minuti\" \/>\n<script type=\"application\/ld+json\" class=\"yoast-schema-graph\">{\"@context\":\"https:\\\/\\\/schema.org\",\"@graph\":[{\"@type\":\"Article\",\"@id\":\"https:\\\/\\\/www.nonsolomusicamagazine.it\\\/?p=15318#article\",\"isPartOf\":{\"@id\":\"https:\\\/\\\/www.nonsolomusicamagazine.it\\\/?p=15318\"},\"author\":{\"name\":\"nonsolomusica\",\"@id\":\"https:\\\/\\\/www.nonsolomusicamagazine.it\\\/#\\\/schema\\\/person\\\/a3349ad02300d046472d46cf6d31ae46\"},\"headline\":\"L\u2019INTRAMONTABILE ANTONIO\",\"datePublished\":\"2026-04-27T15:25:03+00:00\",\"dateModified\":\"2026-04-27T15:25:07+00:00\",\"mainEntityOfPage\":{\"@id\":\"https:\\\/\\\/www.nonsolomusicamagazine.it\\\/?p=15318\"},\"wordCount\":541,\"commentCount\":0,\"image\":{\"@id\":\"https:\\\/\\\/www.nonsolomusicamagazine.it\\\/?p=15318#primaryimage\"},\"thumbnailUrl\":\"https:\\\/\\\/www.nonsolomusicamagazine.it\\\/wp-content\\\/uploads\\\/2026\\\/04\\\/1000124694.jpg\",\"keywords\":[\"Antonio Gramsci\",\"Gramsci\",\"Pcd'I\",\"Quaderni dal Carcere\"],\"articleSection\":[\"Cultura\",\"Politica\",\"Storia\"],\"inLanguage\":\"it-IT\",\"potentialAction\":[{\"@type\":\"CommentAction\",\"name\":\"Comment\",\"target\":[\"https:\\\/\\\/www.nonsolomusicamagazine.it\\\/?p=15318#respond\"]}]},{\"@type\":\"WebPage\",\"@id\":\"https:\\\/\\\/www.nonsolomusicamagazine.it\\\/?p=15318\",\"url\":\"https:\\\/\\\/www.nonsolomusicamagazine.it\\\/?p=15318\",\"name\":\"L\u2019INTRAMONTABILE ANTONIO - NonSoloMusicaMagazine\",\"isPartOf\":{\"@id\":\"https:\\\/\\\/www.nonsolomusicamagazine.it\\\/#website\"},\"primaryImageOfPage\":{\"@id\":\"https:\\\/\\\/www.nonsolomusicamagazine.it\\\/?p=15318#primaryimage\"},\"image\":{\"@id\":\"https:\\\/\\\/www.nonsolomusicamagazine.it\\\/?p=15318#primaryimage\"},\"thumbnailUrl\":\"https:\\\/\\\/www.nonsolomusicamagazine.it\\\/wp-content\\\/uploads\\\/2026\\\/04\\\/1000124694.jpg\",\"datePublished\":\"2026-04-27T15:25:03+00:00\",\"dateModified\":\"2026-04-27T15:25:07+00:00\",\"author\":{\"@id\":\"https:\\\/\\\/www.nonsolomusicamagazine.it\\\/#\\\/schema\\\/person\\\/a3349ad02300d046472d46cf6d31ae46\"},\"breadcrumb\":{\"@id\":\"https:\\\/\\\/www.nonsolomusicamagazine.it\\\/?p=15318#breadcrumb\"},\"inLanguage\":\"it-IT\",\"potentialAction\":[{\"@type\":\"ReadAction\",\"target\":[\"https:\\\/\\\/www.nonsolomusicamagazine.it\\\/?p=15318\"]}]},{\"@type\":\"ImageObject\",\"inLanguage\":\"it-IT\",\"@id\":\"https:\\\/\\\/www.nonsolomusicamagazine.it\\\/?p=15318#primaryimage\",\"url\":\"https:\\\/\\\/www.nonsolomusicamagazine.it\\\/wp-content\\\/uploads\\\/2026\\\/04\\\/1000124694.jpg\",\"contentUrl\":\"https:\\\/\\\/www.nonsolomusicamagazine.it\\\/wp-content\\\/uploads\\\/2026\\\/04\\\/1000124694.jpg\",\"width\":848,\"height\":1200},{\"@type\":\"BreadcrumbList\",\"@id\":\"https:\\\/\\\/www.nonsolomusicamagazine.it\\\/?p=15318#breadcrumb\",\"itemListElement\":[{\"@type\":\"ListItem\",\"position\":1,\"name\":\"Home\",\"item\":\"https:\\\/\\\/www.nonsolomusicamagazine.it\\\/\"},{\"@type\":\"ListItem\",\"position\":2,\"name\":\"L\u2019INTRAMONTABILE ANTONIO\"}]},{\"@type\":\"WebSite\",\"@id\":\"https:\\\/\\\/www.nonsolomusicamagazine.it\\\/#website\",\"url\":\"https:\\\/\\\/www.nonsolomusicamagazine.it\\\/\",\"name\":\"Nonsolomusicamagazine\",\"description\":\"Dir. responsabile Manuel M Buccarella\",\"potentialAction\":[{\"@type\":\"SearchAction\",\"target\":{\"@type\":\"EntryPoint\",\"urlTemplate\":\"https:\\\/\\\/www.nonsolomusicamagazine.it\\\/?s={search_term_string}\"},\"query-input\":{\"@type\":\"PropertyValueSpecification\",\"valueRequired\":true,\"valueName\":\"search_term_string\"}}],\"inLanguage\":\"it-IT\"},{\"@type\":\"Person\",\"@id\":\"https:\\\/\\\/www.nonsolomusicamagazine.it\\\/#\\\/schema\\\/person\\\/a3349ad02300d046472d46cf6d31ae46\",\"name\":\"nonsolomusica\",\"image\":{\"@type\":\"ImageObject\",\"inLanguage\":\"it-IT\",\"@id\":\"https:\\\/\\\/www.nonsolomusicamagazine.it\\\/wp-content\\\/litespeed\\\/avatar\\\/3a675484bc84db6aba78d43bfc8b7197.jpg?ver=1776880798\",\"url\":\"https:\\\/\\\/www.nonsolomusicamagazine.it\\\/wp-content\\\/litespeed\\\/avatar\\\/3a675484bc84db6aba78d43bfc8b7197.jpg?ver=1776880798\",\"contentUrl\":\"https:\\\/\\\/www.nonsolomusicamagazine.it\\\/wp-content\\\/litespeed\\\/avatar\\\/3a675484bc84db6aba78d43bfc8b7197.jpg?ver=1776880798\",\"caption\":\"nonsolomusica\"},\"sameAs\":[\"https:\\\/\\\/www.nonsolomusicamagazine.it\"],\"url\":\"https:\\\/\\\/www.nonsolomusicamagazine.it\\\/?author=1\"}]}<\/script>\n<!-- \/ Yoast SEO plugin. -->","yoast_head_json":{"title":"L\u2019INTRAMONTABILE ANTONIO - NonSoloMusicaMagazine","robots":{"index":"index","follow":"follow","max-snippet":"max-snippet:-1","max-image-preview":"max-image-preview:large","max-video-preview":"max-video-preview:-1"},"canonical":"https:\/\/www.nonsolomusicamagazine.it\/?p=15318","og_locale":"it_IT","og_type":"article","og_title":"L\u2019INTRAMONTABILE ANTONIO - NonSoloMusicaMagazine","og_description":"Alfredo Facchini Roma, Clinica Quisisana. \u00c8 la notte tra il 26 e il 27 aprile 1937. Antonio Gramsci \u00e8 disteso, immobile. Gli occhi chiusi, il volto scavato, la pelle sottile come carta. Respira a fatica. Un\u2019emorragia silenziosa invade il suo cervello. Accanto a lui, Tatiana Schucht gli bagna le labbra, gli aggiusta il lenzuolo. Tatiana [&hellip;]","og_url":"https:\/\/www.nonsolomusicamagazine.it\/?p=15318","og_site_name":"NonSoloMusicaMagazine","article_published_time":"2026-04-27T15:25:03+00:00","article_modified_time":"2026-04-27T15:25:07+00:00","og_image":[{"width":848,"height":1200,"url":"https:\/\/www.nonsolomusicamagazine.it\/wp-content\/uploads\/2026\/04\/1000124694.jpg","type":"image\/jpeg"}],"author":"nonsolomusica","twitter_card":"summary_large_image","twitter_misc":{"Scritto da":"nonsolomusica","Tempo di lettura stimato":"4 minuti"},"schema":{"@context":"https:\/\/schema.org","@graph":[{"@type":"Article","@id":"https:\/\/www.nonsolomusicamagazine.it\/?p=15318#article","isPartOf":{"@id":"https:\/\/www.nonsolomusicamagazine.it\/?p=15318"},"author":{"name":"nonsolomusica","@id":"https:\/\/www.nonsolomusicamagazine.it\/#\/schema\/person\/a3349ad02300d046472d46cf6d31ae46"},"headline":"L\u2019INTRAMONTABILE ANTONIO","datePublished":"2026-04-27T15:25:03+00:00","dateModified":"2026-04-27T15:25:07+00:00","mainEntityOfPage":{"@id":"https:\/\/www.nonsolomusicamagazine.it\/?p=15318"},"wordCount":541,"commentCount":0,"image":{"@id":"https:\/\/www.nonsolomusicamagazine.it\/?p=15318#primaryimage"},"thumbnailUrl":"https:\/\/www.nonsolomusicamagazine.it\/wp-content\/uploads\/2026\/04\/1000124694.jpg","keywords":["Antonio Gramsci","Gramsci","Pcd'I","Quaderni dal Carcere"],"articleSection":["Cultura","Politica","Storia"],"inLanguage":"it-IT","potentialAction":[{"@type":"CommentAction","name":"Comment","target":["https:\/\/www.nonsolomusicamagazine.it\/?p=15318#respond"]}]},{"@type":"WebPage","@id":"https:\/\/www.nonsolomusicamagazine.it\/?p=15318","url":"https:\/\/www.nonsolomusicamagazine.it\/?p=15318","name":"L\u2019INTRAMONTABILE ANTONIO - NonSoloMusicaMagazine","isPartOf":{"@id":"https:\/\/www.nonsolomusicamagazine.it\/#website"},"primaryImageOfPage":{"@id":"https:\/\/www.nonsolomusicamagazine.it\/?p=15318#primaryimage"},"image":{"@id":"https:\/\/www.nonsolomusicamagazine.it\/?p=15318#primaryimage"},"thumbnailUrl":"https:\/\/www.nonsolomusicamagazine.it\/wp-content\/uploads\/2026\/04\/1000124694.jpg","datePublished":"2026-04-27T15:25:03+00:00","dateModified":"2026-04-27T15:25:07+00:00","author":{"@id":"https:\/\/www.nonsolomusicamagazine.it\/#\/schema\/person\/a3349ad02300d046472d46cf6d31ae46"},"breadcrumb":{"@id":"https:\/\/www.nonsolomusicamagazine.it\/?p=15318#breadcrumb"},"inLanguage":"it-IT","potentialAction":[{"@type":"ReadAction","target":["https:\/\/www.nonsolomusicamagazine.it\/?p=15318"]}]},{"@type":"ImageObject","inLanguage":"it-IT","@id":"https:\/\/www.nonsolomusicamagazine.it\/?p=15318#primaryimage","url":"https:\/\/www.nonsolomusicamagazine.it\/wp-content\/uploads\/2026\/04\/1000124694.jpg","contentUrl":"https:\/\/www.nonsolomusicamagazine.it\/wp-content\/uploads\/2026\/04\/1000124694.jpg","width":848,"height":1200},{"@type":"BreadcrumbList","@id":"https:\/\/www.nonsolomusicamagazine.it\/?p=15318#breadcrumb","itemListElement":[{"@type":"ListItem","position":1,"name":"Home","item":"https:\/\/www.nonsolomusicamagazine.it\/"},{"@type":"ListItem","position":2,"name":"L\u2019INTRAMONTABILE ANTONIO"}]},{"@type":"WebSite","@id":"https:\/\/www.nonsolomusicamagazine.it\/#website","url":"https:\/\/www.nonsolomusicamagazine.it\/","name":"Nonsolomusicamagazine","description":"Dir. responsabile Manuel M Buccarella","potentialAction":[{"@type":"SearchAction","target":{"@type":"EntryPoint","urlTemplate":"https:\/\/www.nonsolomusicamagazine.it\/?s={search_term_string}"},"query-input":{"@type":"PropertyValueSpecification","valueRequired":true,"valueName":"search_term_string"}}],"inLanguage":"it-IT"},{"@type":"Person","@id":"https:\/\/www.nonsolomusicamagazine.it\/#\/schema\/person\/a3349ad02300d046472d46cf6d31ae46","name":"nonsolomusica","image":{"@type":"ImageObject","inLanguage":"it-IT","@id":"https:\/\/www.nonsolomusicamagazine.it\/wp-content\/litespeed\/avatar\/3a675484bc84db6aba78d43bfc8b7197.jpg?ver=1776880798","url":"https:\/\/www.nonsolomusicamagazine.it\/wp-content\/litespeed\/avatar\/3a675484bc84db6aba78d43bfc8b7197.jpg?ver=1776880798","contentUrl":"https:\/\/www.nonsolomusicamagazine.it\/wp-content\/litespeed\/avatar\/3a675484bc84db6aba78d43bfc8b7197.jpg?ver=1776880798","caption":"nonsolomusica"},"sameAs":["https:\/\/www.nonsolomusicamagazine.it"],"url":"https:\/\/www.nonsolomusicamagazine.it\/?author=1"}]}},"amp_enabled":true,"_links":{"self":[{"href":"https:\/\/www.nonsolomusicamagazine.it\/index.php?rest_route=\/wp\/v2\/posts\/15318","targetHints":{"allow":["GET"]}}],"collection":[{"href":"https:\/\/www.nonsolomusicamagazine.it\/index.php?rest_route=\/wp\/v2\/posts"}],"about":[{"href":"https:\/\/www.nonsolomusicamagazine.it\/index.php?rest_route=\/wp\/v2\/types\/post"}],"author":[{"embeddable":true,"href":"https:\/\/www.nonsolomusicamagazine.it\/index.php?rest_route=\/wp\/v2\/users\/1"}],"replies":[{"embeddable":true,"href":"https:\/\/www.nonsolomusicamagazine.it\/index.php?rest_route=%2Fwp%2Fv2%2Fcomments&post=15318"}],"version-history":[{"count":1,"href":"https:\/\/www.nonsolomusicamagazine.it\/index.php?rest_route=\/wp\/v2\/posts\/15318\/revisions"}],"predecessor-version":[{"id":15320,"href":"https:\/\/www.nonsolomusicamagazine.it\/index.php?rest_route=\/wp\/v2\/posts\/15318\/revisions\/15320"}],"wp:featuredmedia":[{"embeddable":true,"href":"https:\/\/www.nonsolomusicamagazine.it\/index.php?rest_route=\/wp\/v2\/media\/15319"}],"wp:attachment":[{"href":"https:\/\/www.nonsolomusicamagazine.it\/index.php?rest_route=%2Fwp%2Fv2%2Fmedia&parent=15318"}],"wp:term":[{"taxonomy":"category","embeddable":true,"href":"https:\/\/www.nonsolomusicamagazine.it\/index.php?rest_route=%2Fwp%2Fv2%2Fcategories&post=15318"},{"taxonomy":"post_tag","embeddable":true,"href":"https:\/\/www.nonsolomusicamagazine.it\/index.php?rest_route=%2Fwp%2Fv2%2Ftags&post=15318"}],"curies":[{"name":"wp","href":"https:\/\/api.w.org\/{rel}","templated":true}]}}