{"id":15341,"date":"2026-04-28T18:09:43","date_gmt":"2026-04-28T16:09:43","guid":{"rendered":"https:\/\/www.nonsolomusicamagazine.it\/?p=15341"},"modified":"2026-04-28T18:09:46","modified_gmt":"2026-04-28T16:09:46","slug":"81-anni-fa-la-fine-di-benito-mussolini","status":"publish","type":"post","link":"https:\/\/www.nonsolomusicamagazine.it\/?p=15341","title":{"rendered":"81 anni fa la fine di Benito Mussolini"},"content":{"rendered":"\n<p>Il 28 aprile 1945 rappresenta una data cruciale nella storia italiana: quel giorno, Benito Mussolini, il dittatore fascista che aveva governato l\u2019Italia per oltre vent\u2019anni, venne ucciso a Giulino di Mezzegra, piccola frazione sul Lago di Como.<\/p>\n\n\n\n<p>Dopo il crollo del regime fascista e l\u2019avanzata degli Alleati, Mussolini tent\u00f2 di fuggire verso la Svizzera con la sua amante Clara Petacci e alcuni gerarchi fascisti.Il 27 aprile un gruppo di partigiani della 52\u00aa Brigata Garibaldi intercett\u00f2 il convoglio tedesco in cui Mussolini viaggiava travestito da soldato tedesco.Il giorno seguente, il 28 aprile 1945, il comandante partigiano Walter Audisio (nome di battaglia \u201cColonnello Valerio\u201d) esegu\u00ec la condanna a morte di Mussolini e della Petacci. L\u2019esecuzione avvenne intorno alle 16:10 davanti al cancello di Villa Belmonte a Giulino di Mezzegra.L\u2019operazione avrebbe dato esecuzione all\u2019ultimatum del 19 aprile 1945 e all\u2019articolo 5 del Decreto sui poteri giurisdizionali del CLNAI, approvato a Milano il 25 aprile dal Comitato di Liberazione Nazionale Alta Italia (CLNAI).I corpi di Mussolini, della Petacci e di altri gerarchi fascisti furono poi trasportati a Milano ed esposti in Piazzale Loreto, dove il 10 agosto dell\u2019anno precedente i nazifascisti avevano esposto i cadaveri di 15 partigiani giustiziati.<\/p>\n\n\n\n<p>La morte di Mussolini segn\u00f2 simbolicamente la fine del fascismo in Italia e venne seguita, pochi giorni dopo, dalla resa della Germania nazista, portando cos\u00ec alla conclusione della Seconda Guerra Mondiale in Europa.<\/p>\n\n\n\n<p>Sulla dinamica esatta dell\u2019uccisione esistono diverse versioni e teorie, alcune delle quali hanno alimentato dibattiti storici che continuano fino ai giorni nostri.<\/p>\n\n\n\n<h5 class=\"wp-block-heading\">Gli ultimi giorni della Repubblica Sociale Italiana<\/h5>\n\n\n\n<p>Nell\u2019aprile del 1945 le sorti della guerra erano ormai segnate. Le forze alleate avanzavano rapidamente nella pianura padana mentre le truppe tedesche si ritiravano verso nord.Il 18 aprile Milano venne liberata dall\u2019insurrezione partigiana e il 25 aprile il Comitato di Liberazione Nazionale Alta Italia (CLNAI) proclam\u00f2 l\u2019insurrezione generale nei territori ancora occupati dai nazifascisti.In questo contesto di disfatta militare Benito Mussolini, che dal settembre 1943 guidava la Repubblica Sociale Italiana (RSI) con sede a Sal\u00f2, si trovava in una situazione sempre pi\u00f9 disperata. Il 18 aprile il Duce si trasfer\u00ec a Milano, dove tent\u00f2 un ultimo disperato negoziato con il CLNAI tramite l\u2019intermediazione del cardinale Ildefonso Schuster, arcivescovo della citt\u00e0.<\/p>\n\n\n\n<h5 class=\"wp-block-heading\">La fuga verso la Svizzera<\/h5>\n\n\n\n<p>Fallito ogni tentativo di mediazione, il 25 aprile Mussolini lasci\u00f2 Milano dirigendosi verso Como, accompagnato da alcuni fedelissimi e da Clara Petacci, sua amante. Il piano era quello di raggiungere la Valtellina, dove alcune unit\u00e0 fasciste avrebbero dovuto organizzare un\u2019ultima resistenza, oppure tentare la fuga verso la Svizzera.Il 27 aprile Mussolini si un\u00ec a una colonna tedesca in ritirata verso il confine svizzero. Era travestito da soldato tedesco, con un cappotto e un elmetto della Wehrmacht, sperando di non essere riconosciuto. La colonna di veicoli comprendeva anche alcuni gerarchi fascisti in fuga, tra cui Alessandro Pavolini, segretario del Partito Fascista Repubblicano.<\/p>\n\n\n\n<h5 class=\"wp-block-heading\">La cattura a Dongo<\/h5>\n\n\n\n<p>La mattina del 27 aprile la colonna tedesca venne fermata da un posto di blocco partigiano nei pressi di Musso, sul lago di Como. I partigiani della 52\u00aa Brigata Garibaldi \u201cLuigi Clerici\u201d, comandati da Pier Luigi Bellini delle Stelle (nome di battaglia \u201cPedro\u201d), imposero ai tedeschi di consegnare eventuali italiani presenti nella colonna.Durante un controllo dei veicoli a Dongo, il partigiano Giuseppe Negri riconobbe Mussolini nonostante il travestimento. Secondo le testimonianze, il Duce sarebbe stato identificato proprio mentre cercava di nascondersi in un camion tedesco, coprendosi con una coperta e fingendosi ubriaco o malato.Insieme a Mussolini vennero catturati altri 15 gerarchi fascisti, tra cui Pavolini, Nicola Bombacci, ex socialista divenuto fascista, e Francesco Maria Barracu, sottosegretario alla presidenza del Consiglio della RSI.Clara Petacci, che aveva seguito volontariamente Mussolini, venne anch\u2019essa arrestata.<\/p>\n\n\n\n<h5 class=\"wp-block-heading\">La detenzione a Giulino di Mezzegra<\/h5>\n\n\n\n<p>Dopo la cattura, Mussolini venne temporaneamente detenuto nella caserma della Guardia di Finanza di Dongo. Nel pomeriggio dello stesso giorno fu trasferito a Giulino di Mezzegra, frazione del comune di Tremezzina, e rinchiuso nella casa dei contadini De Maria, insieme a Clara Petacci.Nel frattempo, il Comitato di Liberazione Nazionale Alta Italia aveva gi\u00e0 deciso la sorte di Mussolini.Secondo le testimonianze storiche, nella notte tra il 27 e il 28 aprile, il comandante generale del Corpo Volontari della Libert\u00e0, Raffaele Cadorna, ricevette a Milano l\u2019ordine di procedere all\u2019esecuzione del Duce e dei gerarchi catturati.<\/p>\n\n\n\n<h5 class=\"wp-block-heading\">L\u2019esecuzione<\/h5>\n\n\n\n<p>Il 28 aprile 1945, intorno alle 15:30, un gruppo di partigiani guidati da Walter Audisio, nome di battaglia \u201cColonnello Valerio\u201d, giunse a Giulino di Mezzegra. Audisio, membro dei Gruppi di Azione Patriottica (GAP) e del Partito Comunista, era stato incaricato dal CLNAI di eseguire la condanna a morte di Mussolini.Audisio e due suoi compagni, Aldo Lampredi (nome di battaglia \u201cGuido\u201d) e Michele Moretti (\u201cPietro\u201d), prelevarono Mussolini e la Petacci dalla casa dei De Maria.<\/p>\n\n\n\n<p>Secondo la versione ufficiale degli eventi, Audisio li condusse fino al cancello di Villa Belmonte, pochi metri pi\u00f9 avanti sulla via XXIV Maggio.Qui, intorno alle 16:10, Audisio avrebbe letto una breve sentenza di condanna a morte \u201cin nome del popolo italiano\u201d e poi avrebbe sparato a Mussolini e alla Petacci con un mitra MAS 38 di fabbricazione francese. Secondo questa ricostruzione, Mussolini non avrebbe opposto resistenza, mentre Clara Petacci avrebbe tentato di fare scudo con il proprio corpo al Duce, venendo cos\u00ec colpita anche lei.<\/p>\n\n\n\n<h5 class=\"wp-block-heading\">Le versioni contrastanti<\/h5>\n\n\n\n<p>Esistono tuttavia diverse versioni contrastanti sulle esatte circostanze dell\u2019uccisione. Alcuni testimoni e storici hanno messo in dubbio il racconto di Audisio, suggerendo scenari alternativi.<\/p>\n\n\n\n<h5 class=\"wp-block-heading\">Versione dei servizi segreti britannici<\/h5>\n\n\n\n<p>Secondo alcune teorie, agenti britannici avrebbero partecipato all\u2019esecuzione o l\u2019avrebbero addirittura ordinata per recuperare carteggi compromettenti che Mussolini avrebbe potuto usare come merce di scambio.<\/p>\n\n\n\n<h5 class=\"wp-block-heading\">Versione di Luigi Longo<\/h5>\n\n\n\n<p>Secondo una variante, l\u2019esecuzione sarebbe stata compiuta da un altro partigiano, Luigi Longo (futuro segretario del PCI), sotto lo pseudonimo di \u201cColonnello Valerio\u201d.<\/p>\n\n\n\n<h5 class=\"wp-block-heading\">Versione di Bruno Giovanni Lonati<\/h5>\n\n\n\n<p>Questo ex partigiano sostenne in un libro pubblicato negli anni \u201990 di aver partecipato all\u2019esecuzione insieme a un agente britannico di nome \u201cJohn\u201d, e che l\u2019uccisione sarebbe avvenuta alle 11 del mattino e non nel pomeriggio.<\/p>\n\n\n\n<h5 class=\"wp-block-heading\">Teoria dell\u2019esecuzione in casa De Maria<\/h5>\n\n\n\n<p>Secondo alcune testimonianze, Mussolini e la Petacci sarebbero stati uccisi all\u2019interno della casa dei De Maria e poi i corpi sarebbero stati trasportati sul luogo \u201cufficiale\u201d dell\u2019esecuzione.<\/p>\n\n\n\n<h5 class=\"wp-block-heading\">Piazzale Loreto<\/h5>\n\n\n\n<p>Dopo l\u2019esecuzione, i corpi di Mussolini e della Petacci furono caricati su un furgone e trasportati a Milano, dove giunsero nella notte tra il 28 e il 29 aprile. All\u2019alba del 29 aprile, i cadaveri di Mussolini, della Petacci e di 15 gerarchi fucilati a Dongo furono esposti pubblicamente a Piazzale Loreto.<\/p>\n\n\n\n<p>La scelta di Piazzale Loreto non fu casuale: proprio in quel luogo, il 10 agosto 1944, i nazifascisti avevano esposto i corpi di 15 partigiani e civili giustiziati per rappresaglia. I corpi rimasero esposti per l\u2019intera giornata, mentre una folla numerosa si radun\u00f2 attorno ad essi, in alcuni casi infierendo sui cadaveri.Le immagini di Mussolini e degli altri gerarchi appesi a testa in gi\u00f9 alla pensilina di un distributore di benzina in Piazzale Loreto divennero uno dei simboli pi\u00f9 potenti della fine del fascismo in Italia.<\/p>\n\n\n\n<h5 class=\"wp-block-heading\">Conseguenze e significato storico<\/h5>\n\n\n\n<p>L\u2019uccisione di Benito Mussolini segn\u00f2 simbolicamente la fine del ventennio fascista in Italia. Pochi giorni dopo, il 2 maggio, le forze tedesche in Italia firmarono la resa, e il 7 maggio la Germania nazista si arrese agli Alleati, ponendo fine alla Seconda Guerra Mondiale in Europa. <\/p>\n\n\n\n<figure class=\"wp-block-image size-full\"><img decoding=\"async\" width=\"768\" height=\"755\" src=\"https:\/\/www.nonsolomusicamagazine.it\/wp-content\/uploads\/2026\/04\/1000124868.webp\" alt=\"\" class=\"wp-image-15342\" srcset=\"https:\/\/www.nonsolomusicamagazine.it\/wp-content\/uploads\/2026\/04\/1000124868.webp 768w, https:\/\/www.nonsolomusicamagazine.it\/wp-content\/uploads\/2026\/04\/1000124868-300x295.webp 300w\" sizes=\"(max-width: 768px) 100vw, 768px\" \/><\/figure>\n","protected":false},"excerpt":{"rendered":"<p>Il 28 aprile 1945 rappresenta una data cruciale nella storia italiana: quel giorno, Benito Mussolini, il dittatore fascista che aveva governato l\u2019Italia per oltre vent\u2019anni, venne ucciso a Giulino di Mezzegra, piccola frazione sul Lago di Como. Dopo il crollo del regime fascista e l\u2019avanzata degli Alleati, Mussolini tent\u00f2 di fuggire verso la Svizzera con [&hellip;]<\/p>\n","protected":false},"author":1,"featured_media":15342,"comment_status":"open","ping_status":"closed","sticky":false,"template":"","format":"standard","meta":{"footnotes":""},"categories":[1321],"tags":[2956,4157,4158,746,66],"class_list":["post-15341","post","type-post","status-publish","format-standard","has-post-thumbnail","hentry","category-storia","tag-benito-mussolini","tag-claretta-petacci","tag-clnai","tag-morte","tag-mussolini"],"yoast_head":"<!-- This site is optimized with the Yoast SEO plugin v27.5 - https:\/\/yoast.com\/product\/yoast-seo-wordpress\/ -->\n<title>81 anni fa la fine di Benito Mussolini - NonSoloMusicaMagazine<\/title>\n<meta name=\"description\" content=\"Benito Mussolini\" \/>\n<meta name=\"robots\" content=\"index, follow, max-snippet:-1, max-image-preview:large, max-video-preview:-1\" \/>\n<link rel=\"canonical\" href=\"https:\/\/www.nonsolomusicamagazine.it\/?p=15341\" \/>\n<meta property=\"og:locale\" content=\"it_IT\" \/>\n<meta property=\"og:type\" content=\"article\" \/>\n<meta property=\"og:title\" content=\"81 anni fa la fine di Benito Mussolini - NonSoloMusicaMagazine\" \/>\n<meta property=\"og:description\" content=\"Benito Mussolini\" \/>\n<meta property=\"og:url\" content=\"https:\/\/www.nonsolomusicamagazine.it\/?p=15341\" \/>\n<meta property=\"og:site_name\" content=\"NonSoloMusicaMagazine\" \/>\n<meta property=\"article:published_time\" content=\"2026-04-28T16:09:43+00:00\" \/>\n<meta property=\"article:modified_time\" content=\"2026-04-28T16:09:46+00:00\" \/>\n<meta property=\"og:image\" content=\"https:\/\/www.nonsolomusicamagazine.it\/wp-content\/uploads\/2026\/04\/1000124868.webp\" \/>\n\t<meta property=\"og:image:width\" content=\"768\" \/>\n\t<meta property=\"og:image:height\" content=\"755\" \/>\n\t<meta property=\"og:image:type\" content=\"image\/webp\" \/>\n<meta name=\"author\" content=\"nonsolomusica\" \/>\n<meta name=\"twitter:card\" content=\"summary_large_image\" \/>\n<meta name=\"twitter:label1\" content=\"Scritto da\" \/>\n\t<meta name=\"twitter:data1\" content=\"nonsolomusica\" \/>\n\t<meta name=\"twitter:label2\" content=\"Tempo di lettura stimato\" \/>\n\t<meta name=\"twitter:data2\" content=\"7 minuti\" \/>\n<script type=\"application\/ld+json\" class=\"yoast-schema-graph\">{\"@context\":\"https:\\\/\\\/schema.org\",\"@graph\":[{\"@type\":\"Article\",\"@id\":\"https:\\\/\\\/www.nonsolomusicamagazine.it\\\/?p=15341#article\",\"isPartOf\":{\"@id\":\"https:\\\/\\\/www.nonsolomusicamagazine.it\\\/?p=15341\"},\"author\":{\"name\":\"nonsolomusica\",\"@id\":\"https:\\\/\\\/www.nonsolomusicamagazine.it\\\/#\\\/schema\\\/person\\\/a3349ad02300d046472d46cf6d31ae46\"},\"headline\":\"81 anni fa la fine di Benito Mussolini\",\"datePublished\":\"2026-04-28T16:09:43+00:00\",\"dateModified\":\"2026-04-28T16:09:46+00:00\",\"mainEntityOfPage\":{\"@id\":\"https:\\\/\\\/www.nonsolomusicamagazine.it\\\/?p=15341\"},\"wordCount\":1227,\"commentCount\":0,\"image\":{\"@id\":\"https:\\\/\\\/www.nonsolomusicamagazine.it\\\/?p=15341#primaryimage\"},\"thumbnailUrl\":\"https:\\\/\\\/www.nonsolomusicamagazine.it\\\/wp-content\\\/uploads\\\/2026\\\/04\\\/1000124868.webp\",\"keywords\":[\"Benito Mussolini\",\"Claretta Petacci\",\"CLNAI\",\"Morte\",\"Mussolini\"],\"articleSection\":[\"Storia\"],\"inLanguage\":\"it-IT\",\"potentialAction\":[{\"@type\":\"CommentAction\",\"name\":\"Comment\",\"target\":[\"https:\\\/\\\/www.nonsolomusicamagazine.it\\\/?p=15341#respond\"]}]},{\"@type\":\"WebPage\",\"@id\":\"https:\\\/\\\/www.nonsolomusicamagazine.it\\\/?p=15341\",\"url\":\"https:\\\/\\\/www.nonsolomusicamagazine.it\\\/?p=15341\",\"name\":\"81 anni fa la fine di Benito Mussolini - NonSoloMusicaMagazine\",\"isPartOf\":{\"@id\":\"https:\\\/\\\/www.nonsolomusicamagazine.it\\\/#website\"},\"primaryImageOfPage\":{\"@id\":\"https:\\\/\\\/www.nonsolomusicamagazine.it\\\/?p=15341#primaryimage\"},\"image\":{\"@id\":\"https:\\\/\\\/www.nonsolomusicamagazine.it\\\/?p=15341#primaryimage\"},\"thumbnailUrl\":\"https:\\\/\\\/www.nonsolomusicamagazine.it\\\/wp-content\\\/uploads\\\/2026\\\/04\\\/1000124868.webp\",\"datePublished\":\"2026-04-28T16:09:43+00:00\",\"dateModified\":\"2026-04-28T16:09:46+00:00\",\"author\":{\"@id\":\"https:\\\/\\\/www.nonsolomusicamagazine.it\\\/#\\\/schema\\\/person\\\/a3349ad02300d046472d46cf6d31ae46\"},\"description\":\"Benito Mussolini\",\"breadcrumb\":{\"@id\":\"https:\\\/\\\/www.nonsolomusicamagazine.it\\\/?p=15341#breadcrumb\"},\"inLanguage\":\"it-IT\",\"potentialAction\":[{\"@type\":\"ReadAction\",\"target\":[\"https:\\\/\\\/www.nonsolomusicamagazine.it\\\/?p=15341\"]}]},{\"@type\":\"ImageObject\",\"inLanguage\":\"it-IT\",\"@id\":\"https:\\\/\\\/www.nonsolomusicamagazine.it\\\/?p=15341#primaryimage\",\"url\":\"https:\\\/\\\/www.nonsolomusicamagazine.it\\\/wp-content\\\/uploads\\\/2026\\\/04\\\/1000124868.webp\",\"contentUrl\":\"https:\\\/\\\/www.nonsolomusicamagazine.it\\\/wp-content\\\/uploads\\\/2026\\\/04\\\/1000124868.webp\",\"width\":768,\"height\":755},{\"@type\":\"BreadcrumbList\",\"@id\":\"https:\\\/\\\/www.nonsolomusicamagazine.it\\\/?p=15341#breadcrumb\",\"itemListElement\":[{\"@type\":\"ListItem\",\"position\":1,\"name\":\"Home\",\"item\":\"https:\\\/\\\/www.nonsolomusicamagazine.it\\\/\"},{\"@type\":\"ListItem\",\"position\":2,\"name\":\"81 anni fa la fine di Benito Mussolini\"}]},{\"@type\":\"WebSite\",\"@id\":\"https:\\\/\\\/www.nonsolomusicamagazine.it\\\/#website\",\"url\":\"https:\\\/\\\/www.nonsolomusicamagazine.it\\\/\",\"name\":\"Nonsolomusicamagazine\",\"description\":\"Dir. responsabile Manuel M Buccarella\",\"potentialAction\":[{\"@type\":\"SearchAction\",\"target\":{\"@type\":\"EntryPoint\",\"urlTemplate\":\"https:\\\/\\\/www.nonsolomusicamagazine.it\\\/?s={search_term_string}\"},\"query-input\":{\"@type\":\"PropertyValueSpecification\",\"valueRequired\":true,\"valueName\":\"search_term_string\"}}],\"inLanguage\":\"it-IT\"},{\"@type\":\"Person\",\"@id\":\"https:\\\/\\\/www.nonsolomusicamagazine.it\\\/#\\\/schema\\\/person\\\/a3349ad02300d046472d46cf6d31ae46\",\"name\":\"nonsolomusica\",\"image\":{\"@type\":\"ImageObject\",\"inLanguage\":\"it-IT\",\"@id\":\"https:\\\/\\\/www.nonsolomusicamagazine.it\\\/wp-content\\\/litespeed\\\/avatar\\\/3a675484bc84db6aba78d43bfc8b7197.jpg?ver=1776880798\",\"url\":\"https:\\\/\\\/www.nonsolomusicamagazine.it\\\/wp-content\\\/litespeed\\\/avatar\\\/3a675484bc84db6aba78d43bfc8b7197.jpg?ver=1776880798\",\"contentUrl\":\"https:\\\/\\\/www.nonsolomusicamagazine.it\\\/wp-content\\\/litespeed\\\/avatar\\\/3a675484bc84db6aba78d43bfc8b7197.jpg?ver=1776880798\",\"caption\":\"nonsolomusica\"},\"sameAs\":[\"https:\\\/\\\/www.nonsolomusicamagazine.it\"],\"url\":\"https:\\\/\\\/www.nonsolomusicamagazine.it\\\/?author=1\"}]}<\/script>\n<!-- \/ Yoast SEO plugin. -->","yoast_head_json":{"title":"81 anni fa la fine di Benito Mussolini - NonSoloMusicaMagazine","description":"Benito Mussolini","robots":{"index":"index","follow":"follow","max-snippet":"max-snippet:-1","max-image-preview":"max-image-preview:large","max-video-preview":"max-video-preview:-1"},"canonical":"https:\/\/www.nonsolomusicamagazine.it\/?p=15341","og_locale":"it_IT","og_type":"article","og_title":"81 anni fa la fine di Benito Mussolini - NonSoloMusicaMagazine","og_description":"Benito Mussolini","og_url":"https:\/\/www.nonsolomusicamagazine.it\/?p=15341","og_site_name":"NonSoloMusicaMagazine","article_published_time":"2026-04-28T16:09:43+00:00","article_modified_time":"2026-04-28T16:09:46+00:00","og_image":[{"width":768,"height":755,"url":"https:\/\/www.nonsolomusicamagazine.it\/wp-content\/uploads\/2026\/04\/1000124868.webp","type":"image\/webp"}],"author":"nonsolomusica","twitter_card":"summary_large_image","twitter_misc":{"Scritto da":"nonsolomusica","Tempo di lettura stimato":"7 minuti"},"schema":{"@context":"https:\/\/schema.org","@graph":[{"@type":"Article","@id":"https:\/\/www.nonsolomusicamagazine.it\/?p=15341#article","isPartOf":{"@id":"https:\/\/www.nonsolomusicamagazine.it\/?p=15341"},"author":{"name":"nonsolomusica","@id":"https:\/\/www.nonsolomusicamagazine.it\/#\/schema\/person\/a3349ad02300d046472d46cf6d31ae46"},"headline":"81 anni fa la fine di Benito Mussolini","datePublished":"2026-04-28T16:09:43+00:00","dateModified":"2026-04-28T16:09:46+00:00","mainEntityOfPage":{"@id":"https:\/\/www.nonsolomusicamagazine.it\/?p=15341"},"wordCount":1227,"commentCount":0,"image":{"@id":"https:\/\/www.nonsolomusicamagazine.it\/?p=15341#primaryimage"},"thumbnailUrl":"https:\/\/www.nonsolomusicamagazine.it\/wp-content\/uploads\/2026\/04\/1000124868.webp","keywords":["Benito Mussolini","Claretta Petacci","CLNAI","Morte","Mussolini"],"articleSection":["Storia"],"inLanguage":"it-IT","potentialAction":[{"@type":"CommentAction","name":"Comment","target":["https:\/\/www.nonsolomusicamagazine.it\/?p=15341#respond"]}]},{"@type":"WebPage","@id":"https:\/\/www.nonsolomusicamagazine.it\/?p=15341","url":"https:\/\/www.nonsolomusicamagazine.it\/?p=15341","name":"81 anni fa la fine di Benito Mussolini - NonSoloMusicaMagazine","isPartOf":{"@id":"https:\/\/www.nonsolomusicamagazine.it\/#website"},"primaryImageOfPage":{"@id":"https:\/\/www.nonsolomusicamagazine.it\/?p=15341#primaryimage"},"image":{"@id":"https:\/\/www.nonsolomusicamagazine.it\/?p=15341#primaryimage"},"thumbnailUrl":"https:\/\/www.nonsolomusicamagazine.it\/wp-content\/uploads\/2026\/04\/1000124868.webp","datePublished":"2026-04-28T16:09:43+00:00","dateModified":"2026-04-28T16:09:46+00:00","author":{"@id":"https:\/\/www.nonsolomusicamagazine.it\/#\/schema\/person\/a3349ad02300d046472d46cf6d31ae46"},"description":"Benito Mussolini","breadcrumb":{"@id":"https:\/\/www.nonsolomusicamagazine.it\/?p=15341#breadcrumb"},"inLanguage":"it-IT","potentialAction":[{"@type":"ReadAction","target":["https:\/\/www.nonsolomusicamagazine.it\/?p=15341"]}]},{"@type":"ImageObject","inLanguage":"it-IT","@id":"https:\/\/www.nonsolomusicamagazine.it\/?p=15341#primaryimage","url":"https:\/\/www.nonsolomusicamagazine.it\/wp-content\/uploads\/2026\/04\/1000124868.webp","contentUrl":"https:\/\/www.nonsolomusicamagazine.it\/wp-content\/uploads\/2026\/04\/1000124868.webp","width":768,"height":755},{"@type":"BreadcrumbList","@id":"https:\/\/www.nonsolomusicamagazine.it\/?p=15341#breadcrumb","itemListElement":[{"@type":"ListItem","position":1,"name":"Home","item":"https:\/\/www.nonsolomusicamagazine.it\/"},{"@type":"ListItem","position":2,"name":"81 anni fa la fine di Benito Mussolini"}]},{"@type":"WebSite","@id":"https:\/\/www.nonsolomusicamagazine.it\/#website","url":"https:\/\/www.nonsolomusicamagazine.it\/","name":"Nonsolomusicamagazine","description":"Dir. responsabile Manuel M Buccarella","potentialAction":[{"@type":"SearchAction","target":{"@type":"EntryPoint","urlTemplate":"https:\/\/www.nonsolomusicamagazine.it\/?s={search_term_string}"},"query-input":{"@type":"PropertyValueSpecification","valueRequired":true,"valueName":"search_term_string"}}],"inLanguage":"it-IT"},{"@type":"Person","@id":"https:\/\/www.nonsolomusicamagazine.it\/#\/schema\/person\/a3349ad02300d046472d46cf6d31ae46","name":"nonsolomusica","image":{"@type":"ImageObject","inLanguage":"it-IT","@id":"https:\/\/www.nonsolomusicamagazine.it\/wp-content\/litespeed\/avatar\/3a675484bc84db6aba78d43bfc8b7197.jpg?ver=1776880798","url":"https:\/\/www.nonsolomusicamagazine.it\/wp-content\/litespeed\/avatar\/3a675484bc84db6aba78d43bfc8b7197.jpg?ver=1776880798","contentUrl":"https:\/\/www.nonsolomusicamagazine.it\/wp-content\/litespeed\/avatar\/3a675484bc84db6aba78d43bfc8b7197.jpg?ver=1776880798","caption":"nonsolomusica"},"sameAs":["https:\/\/www.nonsolomusicamagazine.it"],"url":"https:\/\/www.nonsolomusicamagazine.it\/?author=1"}]}},"amp_enabled":true,"_links":{"self":[{"href":"https:\/\/www.nonsolomusicamagazine.it\/index.php?rest_route=\/wp\/v2\/posts\/15341","targetHints":{"allow":["GET"]}}],"collection":[{"href":"https:\/\/www.nonsolomusicamagazine.it\/index.php?rest_route=\/wp\/v2\/posts"}],"about":[{"href":"https:\/\/www.nonsolomusicamagazine.it\/index.php?rest_route=\/wp\/v2\/types\/post"}],"author":[{"embeddable":true,"href":"https:\/\/www.nonsolomusicamagazine.it\/index.php?rest_route=\/wp\/v2\/users\/1"}],"replies":[{"embeddable":true,"href":"https:\/\/www.nonsolomusicamagazine.it\/index.php?rest_route=%2Fwp%2Fv2%2Fcomments&post=15341"}],"version-history":[{"count":1,"href":"https:\/\/www.nonsolomusicamagazine.it\/index.php?rest_route=\/wp\/v2\/posts\/15341\/revisions"}],"predecessor-version":[{"id":15343,"href":"https:\/\/www.nonsolomusicamagazine.it\/index.php?rest_route=\/wp\/v2\/posts\/15341\/revisions\/15343"}],"wp:featuredmedia":[{"embeddable":true,"href":"https:\/\/www.nonsolomusicamagazine.it\/index.php?rest_route=\/wp\/v2\/media\/15342"}],"wp:attachment":[{"href":"https:\/\/www.nonsolomusicamagazine.it\/index.php?rest_route=%2Fwp%2Fv2%2Fmedia&parent=15341"}],"wp:term":[{"taxonomy":"category","embeddable":true,"href":"https:\/\/www.nonsolomusicamagazine.it\/index.php?rest_route=%2Fwp%2Fv2%2Fcategories&post=15341"},{"taxonomy":"post_tag","embeddable":true,"href":"https:\/\/www.nonsolomusicamagazine.it\/index.php?rest_route=%2Fwp%2Fv2%2Ftags&post=15341"}],"curies":[{"name":"wp","href":"https:\/\/api.w.org\/{rel}","templated":true}]}}