{"id":15359,"date":"2026-04-30T21:01:12","date_gmt":"2026-04-30T19:01:12","guid":{"rendered":"https:\/\/www.nonsolomusicamagazine.it\/?p=15359"},"modified":"2026-04-30T21:11:12","modified_gmt":"2026-04-30T19:11:12","slug":"30-aprile-1945-la-fine-di-adolfo-hitler","status":"publish","type":"post","link":"https:\/\/www.nonsolomusicamagazine.it\/?p=15359","title":{"rendered":"30 aprile 1945, la fine di Adolf Hitler"},"content":{"rendered":"\n<p>Il 30 aprile 1945 passa alla storia per la morte di Adolf Hitler e della moglie ,Eva Braun. Hitler e la moglie, sposata solo il giorno prima, si suicidarono nel bunker della Cancelleria di Berlino, mentre l\u2019Armata Rossa avanzava nella citt\u00e0 e la Germania nazista stava per capitolare.Secondo le ricostruzioni storiche, Hitler si spar\u00f2 alla tempia con una pistola mentre contemporaneamente inger\u00ec una capsula di cianuro. Eva Braun, che aveva sposato Hitler appena un giorno prima in una cerimonia privata nel bunker, si suicid\u00f2 ingerendo una capsula di cianuro.<\/p>\n\n\n\n<p>Seguendo gli ordini lasciati da Hitler, i loro corpi furono portati nel giardino della Cancelleria, cosparsi di benzina e bruciati nel tentativo di impedire che cadessero in mano sovietica. Tuttavia, i sovietici recuperarono i resti e condussero un\u2019autopsia che conferm\u00f2 le modalit\u00e0 del suicidio.<\/p>\n\n\n\n<p>Questo evento segn\u00f2 la fine del Terzo Reich, con la resa ufficiale della Germania che avvenne pochi giorni dopo, l\u20198 maggio 1945.Benito Mussolini era morto due giorni prima ed esposto assieme a Claretta Petacci e ad alcuni gerarchi fascisti, a testa in gi\u00f9 a Piazzale Loreto, Milano, il 29 aprile.<\/p>\n\n\n\n<figure class=\"wp-block-image size-large\"><img decoding=\"async\" width=\"1024\" height=\"576\" src=\"https:\/\/www.nonsolomusicamagazine.it\/wp-content\/uploads\/2026\/04\/1000125423-1024x576.jpg\" alt=\"\" class=\"wp-image-15360\" srcset=\"https:\/\/www.nonsolomusicamagazine.it\/wp-content\/uploads\/2026\/04\/1000125423-1024x576.jpg 1024w, https:\/\/www.nonsolomusicamagazine.it\/wp-content\/uploads\/2026\/04\/1000125423-300x169.jpg 300w, https:\/\/www.nonsolomusicamagazine.it\/wp-content\/uploads\/2026\/04\/1000125423-768x432.jpg 768w, https:\/\/www.nonsolomusicamagazine.it\/wp-content\/uploads\/2026\/04\/1000125423-1536x864.jpg 1536w, https:\/\/www.nonsolomusicamagazine.it\/wp-content\/uploads\/2026\/04\/1000125423-1320x743.jpg 1320w, https:\/\/www.nonsolomusicamagazine.it\/wp-content\/uploads\/2026\/04\/1000125423.jpg 1920w\" sizes=\"(max-width: 1024px) 100vw, 1024px\" \/><\/figure>\n","protected":false},"excerpt":{"rendered":"<p>Il 30 aprile 1945 passa alla storia per la morte di Adolf Hitler e della moglie ,Eva Braun. Hitler e la moglie, sposata solo il giorno prima, si suicidarono nel bunker della Cancelleria di Berlino, mentre l\u2019Armata Rossa avanzava nella citt\u00e0 e la Germania nazista stava per capitolare.Secondo le ricostruzioni storiche, Hitler si spar\u00f2 alla [&hellip;]<\/p>\n","protected":false},"author":1,"featured_media":15360,"comment_status":"open","ping_status":"closed","sticky":false,"template":"","format":"standard","meta":{"footnotes":""},"categories":[1321],"tags":[2804,746,2265],"class_list":["post-15359","post","type-post","status-publish","format-standard","has-post-thumbnail","hentry","category-storia","tag-adolf-hitler","tag-morte","tag-nazismo"],"yoast_head":"<!-- This site is optimized with the Yoast SEO plugin v27.5 - https:\/\/yoast.com\/product\/yoast-seo-wordpress\/ -->\n<title>30 aprile 1945, la fine di Adolf Hitler - NonSoloMusicaMagazine<\/title>\n<meta name=\"description\" content=\"Hitler\" \/>\n<meta name=\"robots\" content=\"index, follow, max-snippet:-1, max-image-preview:large, max-video-preview:-1\" \/>\n<link rel=\"canonical\" href=\"https:\/\/www.nonsolomusicamagazine.it\/?p=15359\" \/>\n<meta property=\"og:locale\" content=\"it_IT\" \/>\n<meta property=\"og:type\" content=\"article\" \/>\n<meta property=\"og:title\" content=\"30 aprile 1945, la fine di Adolf Hitler - NonSoloMusicaMagazine\" \/>\n<meta property=\"og:description\" content=\"Hitler\" \/>\n<meta property=\"og:url\" content=\"https:\/\/www.nonsolomusicamagazine.it\/?p=15359\" \/>\n<meta property=\"og:site_name\" content=\"NonSoloMusicaMagazine\" \/>\n<meta property=\"article:published_time\" content=\"2026-04-30T19:01:12+00:00\" \/>\n<meta property=\"article:modified_time\" content=\"2026-04-30T19:11:12+00:00\" \/>\n<meta property=\"og:image\" content=\"https:\/\/www.nonsolomusicamagazine.it\/wp-content\/uploads\/2026\/04\/1000125423.jpg\" \/>\n\t<meta property=\"og:image:width\" content=\"1920\" \/>\n\t<meta property=\"og:image:height\" content=\"1080\" \/>\n\t<meta property=\"og:image:type\" content=\"image\/jpeg\" \/>\n<meta name=\"author\" content=\"nonsolomusica\" \/>\n<meta name=\"twitter:card\" content=\"summary_large_image\" \/>\n<meta name=\"twitter:label1\" content=\"Scritto da\" \/>\n\t<meta name=\"twitter:data1\" content=\"nonsolomusica\" \/>\n\t<meta name=\"twitter:label2\" content=\"Tempo di lettura stimato\" \/>\n\t<meta name=\"twitter:data2\" content=\"2 minuti\" \/>\n<script type=\"application\/ld+json\" class=\"yoast-schema-graph\">{\"@context\":\"https:\\\/\\\/schema.org\",\"@graph\":[{\"@type\":\"Article\",\"@id\":\"https:\\\/\\\/www.nonsolomusicamagazine.it\\\/?p=15359#article\",\"isPartOf\":{\"@id\":\"https:\\\/\\\/www.nonsolomusicamagazine.it\\\/?p=15359\"},\"author\":{\"name\":\"nonsolomusica\",\"@id\":\"https:\\\/\\\/www.nonsolomusicamagazine.it\\\/#\\\/schema\\\/person\\\/a3349ad02300d046472d46cf6d31ae46\"},\"headline\":\"30 aprile 1945, la fine di Adolf Hitler\",\"datePublished\":\"2026-04-30T19:01:12+00:00\",\"dateModified\":\"2026-04-30T19:11:12+00:00\",\"mainEntityOfPage\":{\"@id\":\"https:\\\/\\\/www.nonsolomusicamagazine.it\\\/?p=15359\"},\"wordCount\":189,\"commentCount\":0,\"image\":{\"@id\":\"https:\\\/\\\/www.nonsolomusicamagazine.it\\\/?p=15359#primaryimage\"},\"thumbnailUrl\":\"https:\\\/\\\/www.nonsolomusicamagazine.it\\\/wp-content\\\/uploads\\\/2026\\\/04\\\/1000125423.jpg\",\"keywords\":[\"Adolf Hitler\",\"Morte\",\"Nazismo\"],\"articleSection\":[\"Storia\"],\"inLanguage\":\"it-IT\",\"potentialAction\":[{\"@type\":\"CommentAction\",\"name\":\"Comment\",\"target\":[\"https:\\\/\\\/www.nonsolomusicamagazine.it\\\/?p=15359#respond\"]}]},{\"@type\":\"WebPage\",\"@id\":\"https:\\\/\\\/www.nonsolomusicamagazine.it\\\/?p=15359\",\"url\":\"https:\\\/\\\/www.nonsolomusicamagazine.it\\\/?p=15359\",\"name\":\"30 aprile 1945, la fine di Adolf Hitler - NonSoloMusicaMagazine\",\"isPartOf\":{\"@id\":\"https:\\\/\\\/www.nonsolomusicamagazine.it\\\/#website\"},\"primaryImageOfPage\":{\"@id\":\"https:\\\/\\\/www.nonsolomusicamagazine.it\\\/?p=15359#primaryimage\"},\"image\":{\"@id\":\"https:\\\/\\\/www.nonsolomusicamagazine.it\\\/?p=15359#primaryimage\"},\"thumbnailUrl\":\"https:\\\/\\\/www.nonsolomusicamagazine.it\\\/wp-content\\\/uploads\\\/2026\\\/04\\\/1000125423.jpg\",\"datePublished\":\"2026-04-30T19:01:12+00:00\",\"dateModified\":\"2026-04-30T19:11:12+00:00\",\"author\":{\"@id\":\"https:\\\/\\\/www.nonsolomusicamagazine.it\\\/#\\\/schema\\\/person\\\/a3349ad02300d046472d46cf6d31ae46\"},\"description\":\"Hitler\",\"breadcrumb\":{\"@id\":\"https:\\\/\\\/www.nonsolomusicamagazine.it\\\/?p=15359#breadcrumb\"},\"inLanguage\":\"it-IT\",\"potentialAction\":[{\"@type\":\"ReadAction\",\"target\":[\"https:\\\/\\\/www.nonsolomusicamagazine.it\\\/?p=15359\"]}]},{\"@type\":\"ImageObject\",\"inLanguage\":\"it-IT\",\"@id\":\"https:\\\/\\\/www.nonsolomusicamagazine.it\\\/?p=15359#primaryimage\",\"url\":\"https:\\\/\\\/www.nonsolomusicamagazine.it\\\/wp-content\\\/uploads\\\/2026\\\/04\\\/1000125423.jpg\",\"contentUrl\":\"https:\\\/\\\/www.nonsolomusicamagazine.it\\\/wp-content\\\/uploads\\\/2026\\\/04\\\/1000125423.jpg\",\"width\":1920,\"height\":1080},{\"@type\":\"BreadcrumbList\",\"@id\":\"https:\\\/\\\/www.nonsolomusicamagazine.it\\\/?p=15359#breadcrumb\",\"itemListElement\":[{\"@type\":\"ListItem\",\"position\":1,\"name\":\"Home\",\"item\":\"https:\\\/\\\/www.nonsolomusicamagazine.it\\\/\"},{\"@type\":\"ListItem\",\"position\":2,\"name\":\"30 aprile 1945, la fine di Adolf Hitler\"}]},{\"@type\":\"WebSite\",\"@id\":\"https:\\\/\\\/www.nonsolomusicamagazine.it\\\/#website\",\"url\":\"https:\\\/\\\/www.nonsolomusicamagazine.it\\\/\",\"name\":\"Nonsolomusicamagazine\",\"description\":\"Dir. responsabile Manuel M Buccarella\",\"potentialAction\":[{\"@type\":\"SearchAction\",\"target\":{\"@type\":\"EntryPoint\",\"urlTemplate\":\"https:\\\/\\\/www.nonsolomusicamagazine.it\\\/?s={search_term_string}\"},\"query-input\":{\"@type\":\"PropertyValueSpecification\",\"valueRequired\":true,\"valueName\":\"search_term_string\"}}],\"inLanguage\":\"it-IT\"},{\"@type\":\"Person\",\"@id\":\"https:\\\/\\\/www.nonsolomusicamagazine.it\\\/#\\\/schema\\\/person\\\/a3349ad02300d046472d46cf6d31ae46\",\"name\":\"nonsolomusica\",\"image\":{\"@type\":\"ImageObject\",\"inLanguage\":\"it-IT\",\"@id\":\"https:\\\/\\\/www.nonsolomusicamagazine.it\\\/wp-content\\\/litespeed\\\/avatar\\\/3a675484bc84db6aba78d43bfc8b7197.jpg?ver=1777485663\",\"url\":\"https:\\\/\\\/www.nonsolomusicamagazine.it\\\/wp-content\\\/litespeed\\\/avatar\\\/3a675484bc84db6aba78d43bfc8b7197.jpg?ver=1777485663\",\"contentUrl\":\"https:\\\/\\\/www.nonsolomusicamagazine.it\\\/wp-content\\\/litespeed\\\/avatar\\\/3a675484bc84db6aba78d43bfc8b7197.jpg?ver=1777485663\",\"caption\":\"nonsolomusica\"},\"sameAs\":[\"https:\\\/\\\/www.nonsolomusicamagazine.it\"],\"url\":\"https:\\\/\\\/www.nonsolomusicamagazine.it\\\/?author=1\"}]}<\/script>\n<!-- \/ Yoast SEO plugin. -->","yoast_head_json":{"title":"30 aprile 1945, la fine di Adolf Hitler - NonSoloMusicaMagazine","description":"Hitler","robots":{"index":"index","follow":"follow","max-snippet":"max-snippet:-1","max-image-preview":"max-image-preview:large","max-video-preview":"max-video-preview:-1"},"canonical":"https:\/\/www.nonsolomusicamagazine.it\/?p=15359","og_locale":"it_IT","og_type":"article","og_title":"30 aprile 1945, la fine di Adolf Hitler - NonSoloMusicaMagazine","og_description":"Hitler","og_url":"https:\/\/www.nonsolomusicamagazine.it\/?p=15359","og_site_name":"NonSoloMusicaMagazine","article_published_time":"2026-04-30T19:01:12+00:00","article_modified_time":"2026-04-30T19:11:12+00:00","og_image":[{"width":1920,"height":1080,"url":"https:\/\/www.nonsolomusicamagazine.it\/wp-content\/uploads\/2026\/04\/1000125423.jpg","type":"image\/jpeg"}],"author":"nonsolomusica","twitter_card":"summary_large_image","twitter_misc":{"Scritto da":"nonsolomusica","Tempo di lettura stimato":"2 minuti"},"schema":{"@context":"https:\/\/schema.org","@graph":[{"@type":"Article","@id":"https:\/\/www.nonsolomusicamagazine.it\/?p=15359#article","isPartOf":{"@id":"https:\/\/www.nonsolomusicamagazine.it\/?p=15359"},"author":{"name":"nonsolomusica","@id":"https:\/\/www.nonsolomusicamagazine.it\/#\/schema\/person\/a3349ad02300d046472d46cf6d31ae46"},"headline":"30 aprile 1945, la fine di Adolf Hitler","datePublished":"2026-04-30T19:01:12+00:00","dateModified":"2026-04-30T19:11:12+00:00","mainEntityOfPage":{"@id":"https:\/\/www.nonsolomusicamagazine.it\/?p=15359"},"wordCount":189,"commentCount":0,"image":{"@id":"https:\/\/www.nonsolomusicamagazine.it\/?p=15359#primaryimage"},"thumbnailUrl":"https:\/\/www.nonsolomusicamagazine.it\/wp-content\/uploads\/2026\/04\/1000125423.jpg","keywords":["Adolf Hitler","Morte","Nazismo"],"articleSection":["Storia"],"inLanguage":"it-IT","potentialAction":[{"@type":"CommentAction","name":"Comment","target":["https:\/\/www.nonsolomusicamagazine.it\/?p=15359#respond"]}]},{"@type":"WebPage","@id":"https:\/\/www.nonsolomusicamagazine.it\/?p=15359","url":"https:\/\/www.nonsolomusicamagazine.it\/?p=15359","name":"30 aprile 1945, la fine di Adolf Hitler - NonSoloMusicaMagazine","isPartOf":{"@id":"https:\/\/www.nonsolomusicamagazine.it\/#website"},"primaryImageOfPage":{"@id":"https:\/\/www.nonsolomusicamagazine.it\/?p=15359#primaryimage"},"image":{"@id":"https:\/\/www.nonsolomusicamagazine.it\/?p=15359#primaryimage"},"thumbnailUrl":"https:\/\/www.nonsolomusicamagazine.it\/wp-content\/uploads\/2026\/04\/1000125423.jpg","datePublished":"2026-04-30T19:01:12+00:00","dateModified":"2026-04-30T19:11:12+00:00","author":{"@id":"https:\/\/www.nonsolomusicamagazine.it\/#\/schema\/person\/a3349ad02300d046472d46cf6d31ae46"},"description":"Hitler","breadcrumb":{"@id":"https:\/\/www.nonsolomusicamagazine.it\/?p=15359#breadcrumb"},"inLanguage":"it-IT","potentialAction":[{"@type":"ReadAction","target":["https:\/\/www.nonsolomusicamagazine.it\/?p=15359"]}]},{"@type":"ImageObject","inLanguage":"it-IT","@id":"https:\/\/www.nonsolomusicamagazine.it\/?p=15359#primaryimage","url":"https:\/\/www.nonsolomusicamagazine.it\/wp-content\/uploads\/2026\/04\/1000125423.jpg","contentUrl":"https:\/\/www.nonsolomusicamagazine.it\/wp-content\/uploads\/2026\/04\/1000125423.jpg","width":1920,"height":1080},{"@type":"BreadcrumbList","@id":"https:\/\/www.nonsolomusicamagazine.it\/?p=15359#breadcrumb","itemListElement":[{"@type":"ListItem","position":1,"name":"Home","item":"https:\/\/www.nonsolomusicamagazine.it\/"},{"@type":"ListItem","position":2,"name":"30 aprile 1945, la fine di Adolf Hitler"}]},{"@type":"WebSite","@id":"https:\/\/www.nonsolomusicamagazine.it\/#website","url":"https:\/\/www.nonsolomusicamagazine.it\/","name":"Nonsolomusicamagazine","description":"Dir. responsabile Manuel M Buccarella","potentialAction":[{"@type":"SearchAction","target":{"@type":"EntryPoint","urlTemplate":"https:\/\/www.nonsolomusicamagazine.it\/?s={search_term_string}"},"query-input":{"@type":"PropertyValueSpecification","valueRequired":true,"valueName":"search_term_string"}}],"inLanguage":"it-IT"},{"@type":"Person","@id":"https:\/\/www.nonsolomusicamagazine.it\/#\/schema\/person\/a3349ad02300d046472d46cf6d31ae46","name":"nonsolomusica","image":{"@type":"ImageObject","inLanguage":"it-IT","@id":"https:\/\/www.nonsolomusicamagazine.it\/wp-content\/litespeed\/avatar\/3a675484bc84db6aba78d43bfc8b7197.jpg?ver=1777485663","url":"https:\/\/www.nonsolomusicamagazine.it\/wp-content\/litespeed\/avatar\/3a675484bc84db6aba78d43bfc8b7197.jpg?ver=1777485663","contentUrl":"https:\/\/www.nonsolomusicamagazine.it\/wp-content\/litespeed\/avatar\/3a675484bc84db6aba78d43bfc8b7197.jpg?ver=1777485663","caption":"nonsolomusica"},"sameAs":["https:\/\/www.nonsolomusicamagazine.it"],"url":"https:\/\/www.nonsolomusicamagazine.it\/?author=1"}]}},"amp_enabled":true,"_links":{"self":[{"href":"https:\/\/www.nonsolomusicamagazine.it\/index.php?rest_route=\/wp\/v2\/posts\/15359","targetHints":{"allow":["GET"]}}],"collection":[{"href":"https:\/\/www.nonsolomusicamagazine.it\/index.php?rest_route=\/wp\/v2\/posts"}],"about":[{"href":"https:\/\/www.nonsolomusicamagazine.it\/index.php?rest_route=\/wp\/v2\/types\/post"}],"author":[{"embeddable":true,"href":"https:\/\/www.nonsolomusicamagazine.it\/index.php?rest_route=\/wp\/v2\/users\/1"}],"replies":[{"embeddable":true,"href":"https:\/\/www.nonsolomusicamagazine.it\/index.php?rest_route=%2Fwp%2Fv2%2Fcomments&post=15359"}],"version-history":[{"count":2,"href":"https:\/\/www.nonsolomusicamagazine.it\/index.php?rest_route=\/wp\/v2\/posts\/15359\/revisions"}],"predecessor-version":[{"id":15363,"href":"https:\/\/www.nonsolomusicamagazine.it\/index.php?rest_route=\/wp\/v2\/posts\/15359\/revisions\/15363"}],"wp:featuredmedia":[{"embeddable":true,"href":"https:\/\/www.nonsolomusicamagazine.it\/index.php?rest_route=\/wp\/v2\/media\/15360"}],"wp:attachment":[{"href":"https:\/\/www.nonsolomusicamagazine.it\/index.php?rest_route=%2Fwp%2Fv2%2Fmedia&parent=15359"}],"wp:term":[{"taxonomy":"category","embeddable":true,"href":"https:\/\/www.nonsolomusicamagazine.it\/index.php?rest_route=%2Fwp%2Fv2%2Fcategories&post=15359"},{"taxonomy":"post_tag","embeddable":true,"href":"https:\/\/www.nonsolomusicamagazine.it\/index.php?rest_route=%2Fwp%2Fv2%2Ftags&post=15359"}],"curies":[{"name":"wp","href":"https:\/\/api.w.org\/{rel}","templated":true}]}}