{"id":15369,"date":"2026-05-02T10:49:50","date_gmt":"2026-05-02T08:49:50","guid":{"rendered":"https:\/\/www.nonsolomusicamagazine.it\/?p=15369"},"modified":"2026-05-02T10:49:55","modified_gmt":"2026-05-02T08:49:55","slug":"le-22-imbarcazioni-della-flotilla-intercettate-presso-creta-ed-il-caso-eithan-bondi-del-25-aprile-analisi-di-due-avvenimenti-solo-apparentemente-scollegati","status":"publish","type":"post","link":"https:\/\/www.nonsolomusicamagazine.it\/?p=15369","title":{"rendered":"LE 22 IMBARCAZIONI DELLA FLOTILLA INTERCETTATE PRESSO CRETA ED IL \u201cCASO\u201d EITHAN BONDI DEL 25 APRILE: ANALISI DI DUE AVVENIMENTI SOLO APPARENTEMENTE SCOLLEGATI"},"content":{"rendered":"\n<p class=\"has-text-align-center\"><strong>Luciano Graziuso<\/strong><\/p>\n\n\n\n<h5 class=\"wp-block-heading\">I DUE FATTI<\/h5>\n\n\n\n<p>Nella notte tra il 29 ed il 30 aprile scorso 22 delle 57 navi della Global Sumud Flotilla dirette verso Gaza sono state letteralmente prese d\u2019assalto dall\u2019esercito israeliano in acque internazionali, come gi\u00e0 successo lo scorso anno; c\u2019\u00e8 per\u00f2, rispetto all\u2019abbordaggio avvenuto nel 2025, una differenza che pu\u00f2 sembrare di poco conto ma che in realt\u00e0 \u00e8 molto significativa: mentre l\u2019anno scorso le imbarcazioni furono intercettate non troppo lontano dal territorio palestinese, in questa occasione esse sono state bloccate molto prima, addirittura presso Creta.<\/p>\n\n\n\n<p>Lo scorso 25 aprile, il 21enne di origine ebraica Eithan Bondi ha colpito due iscritti all\u2019ANPI sparando da uno scooter con un fucile ad aria compressa, fortunatamente senza causare gravi conseguenze, nonostante avesse mirato ad altezza d\u2019uomo. Praticamente un atto terroristico.Cosa accomuna questi due fatti di cronaca all\u2019apparenza cos\u00ec distanti tra loro?<\/p>\n\n\n\n<h5 class=\"wp-block-heading\">L\u2019ATTACCO ALLA FLOTILLA<\/h5>\n\n\n\n<p>Partiamo dall\u2019analisi del primo avvenimento. Perch\u00e9 nel 2025 l\u2019abbordaggio avvenne non troppo lontano da Gaza, mentre qualche giorno fa l\u2019IDF si \u00e8 spinto addirittura fino a Creta per sbarrare la strada alle imbarcazioni (<em>con maltrattamenti e violenze perpetrati immancabilmente da soldati di Idf nei confronti di alcuni attivisti ndr<\/em>)?La risposta a tale domanda va ovviamente ricercata nelle \u201creazioni\u201d (se cos\u00ec si possono chiamare\u2026) dei leader di Italia e UE nei confronti di Israele per il primo atto terroristico commesso in acque internazionali. L\u2019Unione Europea, tanto inflessibile con la Russia quanto supina verso Israele, si limit\u00f2 a qualche pavida dichiarazione di circostanza e di finto buonismo ed a minacciare l\u2019applicazione di un pacchetto di sanzioni, mai messo in atto, ai danni dello Stato sionista; ancora peggiori furono il posizionamento e le dichiarazioni del governo italiano in seguito a questa vicenda. La premier Meloni, invece di condannare il gravissimo attacco israeliano e di lodare il coraggio dei marinai della Flotilla, non disse niente contro Netanyahu, mentre nei confronti della missione umanitaria e degli attivisti us\u00f2 parole di fuoco: la prima venne definita \u201cinutile\u201d, un\u2019iniziativa che \u201calimentava il conflitto e ostacolava la pace\u201d ; peggio ancora and\u00f2 ai marinai, etichettati come \u201cirresponsabili\u201d e addirittura accusati di \u201cstrumentalizzazione politica\u201d e di \u201cusare la missione della Flotilla contro il governo\u201d (!).Anche la risposta della quasi totalit\u00e0 del sistema informativo occidentale fu molto deludente: al netto di pochissimi giornalisti, come Marco Travaglio del \u201cFatto Quotidiano\u201d, che condannarono senza se e senza ma il vile atto israeliano, l\u2019abbordaggio e il sequestro degli attivisti vennero affrontati come un qualcosa di inevitabile, se non addirittura normale, con lo scopo di non far percepire ai cittadini la gravit\u00e0 e la totale illegittimit\u00e0 dell\u2019\u201doperazione\u201d dell\u2019IDF. Certi giornali andarono anche oltre, arrivando a descrivere i coraggiosi marinai come \u201cfannulloni, \u201cdelinquenti\u201d e \u201cviolenti\u201d.Ecco spiegato, dunque, il motivo per cui qualche giorno fa l\u2019assalto alle imbarcazioni \u00e8 avvenuto ben lontano dalla Palestina, addirittura a Creta! Netanyahu ha preso atto del posizionamento tenuto in risposta al primo abbordaggio (niente sanzioni, pochissime condanne, qualche parola vuota pronunciata dai leader UE, appoggio a Israele e criminalizzazione degli attivisti da parte del governo italiano) ed ha quindi recepito il messaggio indiretto che gli \u00e8 stato inviato: \u201cSpingiti oltre, puoi fare quello che vuoi\u201d. <\/p>\n\n\n\n<p>Conoscendo la crudelt\u00e0, la disumanit\u00e0 e la totale assenza di freni inibitori da sempre dimostrate dallo Stato sionista e dal suo leader attuale, appare quindi evidente l\u2019enorme e sempre maggiore rischio che corriamo reagendo in maniera cos\u00ec \u201cmolle\u201d nei confronti dei suoi crimini.Il pericolo non \u00e8 stato per\u00f2 fiutato dal nostro mainstream, che continua nella maggior parte dei casi a minimizzare la gravit\u00e0 delle azioni illecite commesse da Israele ed a volte tende addirittura a giustificarle e ad invertire le responsabilit\u00e0. \u201cLibero\u201d, ad esempio, ha parlato di missione non umanitaria, ma ideologizzata e provocatoria; \u201cIl Giornale\u201d si \u00e8 spinto addirittura oltre, descrivendo gli attivisti come \u201cmilitanti\u201d pi\u00f9 che operatori umanitari e sbandierando il diritto di Israele ad intervenire contro un\u2019iniziativa contestata.Soltanto la Meloni si \u00e8 leggermente riposizionata rispetto alle vecchie dichiarazioni, ma sempre senza attaccare Netanyahu: pur ribadendo il fatto che secondo lei la missione sia \u201cinutile\u201d, stavolta ha assunto una posizione pi\u00f9 istituzionale, chiedendo almeno la liberazione degli italiani fermati. Appare tuttavia piuttosto probabile che abbia fatto questo intervento strumentalmente, essendo il suo esecutivo vicino alla scadenza ed avendo constatato che la quasi totalit\u00e0 del popolo italiano ha molto a cuore le sorti dei Palestinesi e condanna fermamente il genocidio perpetrato da Israele.Insomma, anche stavolta abbiamo fatto capire allo Stato sionista che ci\u00f2 che ha fatto \u00e8 \u201cnormale\u201d; di questo passo, un\u2019eventuale futura flottiglia umanitaria potrebbe essere bloccata direttamente in Sicilia\u2026(FINE PRIMA PARTE)<\/p>\n\n\n\n<figure class=\"wp-block-image size-large\"><img decoding=\"async\" width=\"1024\" height=\"576\" src=\"https:\/\/www.nonsolomusicamagazine.it\/wp-content\/uploads\/2026\/05\/1000125412-1024x576.jpg\" alt=\"\" class=\"wp-image-15370\" srcset=\"https:\/\/www.nonsolomusicamagazine.it\/wp-content\/uploads\/2026\/05\/1000125412-1024x576.jpg 1024w, https:\/\/www.nonsolomusicamagazine.it\/wp-content\/uploads\/2026\/05\/1000125412-300x169.jpg 300w, https:\/\/www.nonsolomusicamagazine.it\/wp-content\/uploads\/2026\/05\/1000125412-768x432.jpg 768w, https:\/\/www.nonsolomusicamagazine.it\/wp-content\/uploads\/2026\/05\/1000125412.jpg 1080w\" sizes=\"(max-width: 1024px) 100vw, 1024px\" \/><\/figure>\n","protected":false},"excerpt":{"rendered":"<p>Luciano Graziuso I DUE FATTI Nella notte tra il 29 ed il 30 aprile scorso 22 delle 57 navi della Global Sumud Flotilla dirette verso Gaza sono state letteralmente prese d\u2019assalto dall\u2019esercito israeliano in acque internazionali, come gi\u00e0 successo lo scorso anno; c\u2019\u00e8 per\u00f2, rispetto all\u2019abbordaggio avvenuto nel 2025, una differenza che pu\u00f2 sembrare di [&hellip;]<\/p>\n","protected":false},"author":1,"featured_media":15370,"comment_status":"open","ping_status":"closed","sticky":false,"template":"","format":"standard","meta":{"footnotes":""},"categories":[991,6,5],"tags":[5908,4829,5911,456,4673,3253,216],"class_list":["post-15369","post","type-post","status-publish","format-standard","has-post-thumbnail","hentry","category-cronaca","category-esteri","category-politica","tag-brigata-ebraica","tag-creta","tag-eithan-bondi","tag-giorgia-meloni","tag-global-sumud-flotilla","tag-idf","tag-israele"],"yoast_head":"<!-- This site is optimized with the Yoast SEO plugin v27.5 - https:\/\/yoast.com\/product\/yoast-seo-wordpress\/ -->\n<title>LE 22 IMBARCAZIONI DELLA FLOTILLA INTERCETTATE PRESSO CRETA ED IL \u201cCASO\u201d EITHAN BONDI DEL 25 APRILE: ANALISI DI DUE AVVENIMENTI SOLO APPARENTEMENTE SCOLLEGATI - NonSoloMusicaMagazine<\/title>\n<meta name=\"description\" content=\"Flotilla Eithan Bondi\" \/>\n<meta name=\"robots\" content=\"index, follow, max-snippet:-1, max-image-preview:large, max-video-preview:-1\" \/>\n<link rel=\"canonical\" href=\"https:\/\/www.nonsolomusicamagazine.it\/?p=15369\" \/>\n<meta property=\"og:locale\" content=\"it_IT\" \/>\n<meta property=\"og:type\" content=\"article\" \/>\n<meta property=\"og:title\" content=\"LE 22 IMBARCAZIONI DELLA FLOTILLA INTERCETTATE PRESSO CRETA ED IL \u201cCASO\u201d EITHAN BONDI DEL 25 APRILE: ANALISI DI DUE AVVENIMENTI SOLO APPARENTEMENTE SCOLLEGATI - NonSoloMusicaMagazine\" \/>\n<meta property=\"og:description\" content=\"Flotilla Eithan Bondi\" \/>\n<meta property=\"og:url\" content=\"https:\/\/www.nonsolomusicamagazine.it\/?p=15369\" \/>\n<meta property=\"og:site_name\" content=\"NonSoloMusicaMagazine\" \/>\n<meta property=\"article:published_time\" content=\"2026-05-02T08:49:50+00:00\" \/>\n<meta property=\"article:modified_time\" content=\"2026-05-02T08:49:55+00:00\" \/>\n<meta property=\"og:image\" content=\"https:\/\/www.nonsolomusicamagazine.it\/wp-content\/uploads\/2026\/05\/1000125412.jpg\" \/>\n\t<meta property=\"og:image:width\" content=\"1080\" \/>\n\t<meta property=\"og:image:height\" content=\"608\" \/>\n\t<meta property=\"og:image:type\" content=\"image\/jpeg\" \/>\n<meta name=\"author\" content=\"nonsolomusica\" \/>\n<meta name=\"twitter:card\" content=\"summary_large_image\" \/>\n<meta name=\"twitter:label1\" content=\"Scritto da\" \/>\n\t<meta name=\"twitter:data1\" content=\"nonsolomusica\" \/>\n\t<meta name=\"twitter:label2\" content=\"Tempo di lettura stimato\" \/>\n\t<meta name=\"twitter:data2\" content=\"5 minuti\" \/>\n<script type=\"application\/ld+json\" class=\"yoast-schema-graph\">{\"@context\":\"https:\\\/\\\/schema.org\",\"@graph\":[{\"@type\":\"Article\",\"@id\":\"https:\\\/\\\/www.nonsolomusicamagazine.it\\\/?p=15369#article\",\"isPartOf\":{\"@id\":\"https:\\\/\\\/www.nonsolomusicamagazine.it\\\/?p=15369\"},\"author\":{\"name\":\"nonsolomusica\",\"@id\":\"https:\\\/\\\/www.nonsolomusicamagazine.it\\\/#\\\/schema\\\/person\\\/a3349ad02300d046472d46cf6d31ae46\"},\"headline\":\"LE 22 IMBARCAZIONI DELLA FLOTILLA INTERCETTATE PRESSO CRETA ED IL \u201cCASO\u201d EITHAN BONDI DEL 25 APRILE: ANALISI DI DUE AVVENIMENTI SOLO APPARENTEMENTE SCOLLEGATI\",\"datePublished\":\"2026-05-02T08:49:50+00:00\",\"dateModified\":\"2026-05-02T08:49:55+00:00\",\"mainEntityOfPage\":{\"@id\":\"https:\\\/\\\/www.nonsolomusicamagazine.it\\\/?p=15369\"},\"wordCount\":786,\"commentCount\":0,\"image\":{\"@id\":\"https:\\\/\\\/www.nonsolomusicamagazine.it\\\/?p=15369#primaryimage\"},\"thumbnailUrl\":\"https:\\\/\\\/www.nonsolomusicamagazine.it\\\/wp-content\\\/uploads\\\/2026\\\/05\\\/1000125412.jpg\",\"keywords\":[\"Brigata ebraica\",\"Creta\",\"Eithan Bondi\",\"Giorgia Meloni\",\"Global Sumud Flotilla\",\"Idf\",\"Israele\"],\"articleSection\":[\"Cronaca\",\"Esteri\",\"Politica\"],\"inLanguage\":\"it-IT\",\"potentialAction\":[{\"@type\":\"CommentAction\",\"name\":\"Comment\",\"target\":[\"https:\\\/\\\/www.nonsolomusicamagazine.it\\\/?p=15369#respond\"]}]},{\"@type\":\"WebPage\",\"@id\":\"https:\\\/\\\/www.nonsolomusicamagazine.it\\\/?p=15369\",\"url\":\"https:\\\/\\\/www.nonsolomusicamagazine.it\\\/?p=15369\",\"name\":\"LE 22 IMBARCAZIONI DELLA FLOTILLA INTERCETTATE PRESSO CRETA ED IL \u201cCASO\u201d EITHAN BONDI DEL 25 APRILE: ANALISI DI DUE AVVENIMENTI SOLO APPARENTEMENTE SCOLLEGATI - NonSoloMusicaMagazine\",\"isPartOf\":{\"@id\":\"https:\\\/\\\/www.nonsolomusicamagazine.it\\\/#website\"},\"primaryImageOfPage\":{\"@id\":\"https:\\\/\\\/www.nonsolomusicamagazine.it\\\/?p=15369#primaryimage\"},\"image\":{\"@id\":\"https:\\\/\\\/www.nonsolomusicamagazine.it\\\/?p=15369#primaryimage\"},\"thumbnailUrl\":\"https:\\\/\\\/www.nonsolomusicamagazine.it\\\/wp-content\\\/uploads\\\/2026\\\/05\\\/1000125412.jpg\",\"datePublished\":\"2026-05-02T08:49:50+00:00\",\"dateModified\":\"2026-05-02T08:49:55+00:00\",\"author\":{\"@id\":\"https:\\\/\\\/www.nonsolomusicamagazine.it\\\/#\\\/schema\\\/person\\\/a3349ad02300d046472d46cf6d31ae46\"},\"description\":\"Flotilla Eithan Bondi\",\"breadcrumb\":{\"@id\":\"https:\\\/\\\/www.nonsolomusicamagazine.it\\\/?p=15369#breadcrumb\"},\"inLanguage\":\"it-IT\",\"potentialAction\":[{\"@type\":\"ReadAction\",\"target\":[\"https:\\\/\\\/www.nonsolomusicamagazine.it\\\/?p=15369\"]}]},{\"@type\":\"ImageObject\",\"inLanguage\":\"it-IT\",\"@id\":\"https:\\\/\\\/www.nonsolomusicamagazine.it\\\/?p=15369#primaryimage\",\"url\":\"https:\\\/\\\/www.nonsolomusicamagazine.it\\\/wp-content\\\/uploads\\\/2026\\\/05\\\/1000125412.jpg\",\"contentUrl\":\"https:\\\/\\\/www.nonsolomusicamagazine.it\\\/wp-content\\\/uploads\\\/2026\\\/05\\\/1000125412.jpg\",\"width\":1080,\"height\":608},{\"@type\":\"BreadcrumbList\",\"@id\":\"https:\\\/\\\/www.nonsolomusicamagazine.it\\\/?p=15369#breadcrumb\",\"itemListElement\":[{\"@type\":\"ListItem\",\"position\":1,\"name\":\"Home\",\"item\":\"https:\\\/\\\/www.nonsolomusicamagazine.it\\\/\"},{\"@type\":\"ListItem\",\"position\":2,\"name\":\"LE 22 IMBARCAZIONI DELLA FLOTILLA INTERCETTATE PRESSO CRETA ED IL \u201cCASO\u201d EITHAN BONDI DEL 25 APRILE: ANALISI DI DUE AVVENIMENTI SOLO APPARENTEMENTE SCOLLEGATI\"}]},{\"@type\":\"WebSite\",\"@id\":\"https:\\\/\\\/www.nonsolomusicamagazine.it\\\/#website\",\"url\":\"https:\\\/\\\/www.nonsolomusicamagazine.it\\\/\",\"name\":\"Nonsolomusicamagazine\",\"description\":\"Dir. responsabile Manuel M Buccarella\",\"potentialAction\":[{\"@type\":\"SearchAction\",\"target\":{\"@type\":\"EntryPoint\",\"urlTemplate\":\"https:\\\/\\\/www.nonsolomusicamagazine.it\\\/?s={search_term_string}\"},\"query-input\":{\"@type\":\"PropertyValueSpecification\",\"valueRequired\":true,\"valueName\":\"search_term_string\"}}],\"inLanguage\":\"it-IT\"},{\"@type\":\"Person\",\"@id\":\"https:\\\/\\\/www.nonsolomusicamagazine.it\\\/#\\\/schema\\\/person\\\/a3349ad02300d046472d46cf6d31ae46\",\"name\":\"nonsolomusica\",\"image\":{\"@type\":\"ImageObject\",\"inLanguage\":\"it-IT\",\"@id\":\"https:\\\/\\\/www.nonsolomusicamagazine.it\\\/wp-content\\\/litespeed\\\/avatar\\\/3a675484bc84db6aba78d43bfc8b7197.jpg?ver=1777485663\",\"url\":\"https:\\\/\\\/www.nonsolomusicamagazine.it\\\/wp-content\\\/litespeed\\\/avatar\\\/3a675484bc84db6aba78d43bfc8b7197.jpg?ver=1777485663\",\"contentUrl\":\"https:\\\/\\\/www.nonsolomusicamagazine.it\\\/wp-content\\\/litespeed\\\/avatar\\\/3a675484bc84db6aba78d43bfc8b7197.jpg?ver=1777485663\",\"caption\":\"nonsolomusica\"},\"sameAs\":[\"https:\\\/\\\/www.nonsolomusicamagazine.it\"],\"url\":\"https:\\\/\\\/www.nonsolomusicamagazine.it\\\/?author=1\"}]}<\/script>\n<!-- \/ Yoast SEO plugin. -->","yoast_head_json":{"title":"LE 22 IMBARCAZIONI DELLA FLOTILLA INTERCETTATE PRESSO CRETA ED IL \u201cCASO\u201d EITHAN BONDI DEL 25 APRILE: ANALISI DI DUE AVVENIMENTI SOLO APPARENTEMENTE SCOLLEGATI - NonSoloMusicaMagazine","description":"Flotilla Eithan Bondi","robots":{"index":"index","follow":"follow","max-snippet":"max-snippet:-1","max-image-preview":"max-image-preview:large","max-video-preview":"max-video-preview:-1"},"canonical":"https:\/\/www.nonsolomusicamagazine.it\/?p=15369","og_locale":"it_IT","og_type":"article","og_title":"LE 22 IMBARCAZIONI DELLA FLOTILLA INTERCETTATE PRESSO CRETA ED IL \u201cCASO\u201d EITHAN BONDI DEL 25 APRILE: ANALISI DI DUE AVVENIMENTI SOLO APPARENTEMENTE SCOLLEGATI - NonSoloMusicaMagazine","og_description":"Flotilla Eithan Bondi","og_url":"https:\/\/www.nonsolomusicamagazine.it\/?p=15369","og_site_name":"NonSoloMusicaMagazine","article_published_time":"2026-05-02T08:49:50+00:00","article_modified_time":"2026-05-02T08:49:55+00:00","og_image":[{"width":1080,"height":608,"url":"https:\/\/www.nonsolomusicamagazine.it\/wp-content\/uploads\/2026\/05\/1000125412.jpg","type":"image\/jpeg"}],"author":"nonsolomusica","twitter_card":"summary_large_image","twitter_misc":{"Scritto da":"nonsolomusica","Tempo di lettura stimato":"5 minuti"},"schema":{"@context":"https:\/\/schema.org","@graph":[{"@type":"Article","@id":"https:\/\/www.nonsolomusicamagazine.it\/?p=15369#article","isPartOf":{"@id":"https:\/\/www.nonsolomusicamagazine.it\/?p=15369"},"author":{"name":"nonsolomusica","@id":"https:\/\/www.nonsolomusicamagazine.it\/#\/schema\/person\/a3349ad02300d046472d46cf6d31ae46"},"headline":"LE 22 IMBARCAZIONI DELLA FLOTILLA INTERCETTATE PRESSO CRETA ED IL \u201cCASO\u201d EITHAN BONDI DEL 25 APRILE: ANALISI DI DUE AVVENIMENTI SOLO APPARENTEMENTE SCOLLEGATI","datePublished":"2026-05-02T08:49:50+00:00","dateModified":"2026-05-02T08:49:55+00:00","mainEntityOfPage":{"@id":"https:\/\/www.nonsolomusicamagazine.it\/?p=15369"},"wordCount":786,"commentCount":0,"image":{"@id":"https:\/\/www.nonsolomusicamagazine.it\/?p=15369#primaryimage"},"thumbnailUrl":"https:\/\/www.nonsolomusicamagazine.it\/wp-content\/uploads\/2026\/05\/1000125412.jpg","keywords":["Brigata ebraica","Creta","Eithan Bondi","Giorgia Meloni","Global Sumud Flotilla","Idf","Israele"],"articleSection":["Cronaca","Esteri","Politica"],"inLanguage":"it-IT","potentialAction":[{"@type":"CommentAction","name":"Comment","target":["https:\/\/www.nonsolomusicamagazine.it\/?p=15369#respond"]}]},{"@type":"WebPage","@id":"https:\/\/www.nonsolomusicamagazine.it\/?p=15369","url":"https:\/\/www.nonsolomusicamagazine.it\/?p=15369","name":"LE 22 IMBARCAZIONI DELLA FLOTILLA INTERCETTATE PRESSO CRETA ED IL \u201cCASO\u201d EITHAN BONDI DEL 25 APRILE: ANALISI DI DUE AVVENIMENTI SOLO APPARENTEMENTE SCOLLEGATI - NonSoloMusicaMagazine","isPartOf":{"@id":"https:\/\/www.nonsolomusicamagazine.it\/#website"},"primaryImageOfPage":{"@id":"https:\/\/www.nonsolomusicamagazine.it\/?p=15369#primaryimage"},"image":{"@id":"https:\/\/www.nonsolomusicamagazine.it\/?p=15369#primaryimage"},"thumbnailUrl":"https:\/\/www.nonsolomusicamagazine.it\/wp-content\/uploads\/2026\/05\/1000125412.jpg","datePublished":"2026-05-02T08:49:50+00:00","dateModified":"2026-05-02T08:49:55+00:00","author":{"@id":"https:\/\/www.nonsolomusicamagazine.it\/#\/schema\/person\/a3349ad02300d046472d46cf6d31ae46"},"description":"Flotilla Eithan Bondi","breadcrumb":{"@id":"https:\/\/www.nonsolomusicamagazine.it\/?p=15369#breadcrumb"},"inLanguage":"it-IT","potentialAction":[{"@type":"ReadAction","target":["https:\/\/www.nonsolomusicamagazine.it\/?p=15369"]}]},{"@type":"ImageObject","inLanguage":"it-IT","@id":"https:\/\/www.nonsolomusicamagazine.it\/?p=15369#primaryimage","url":"https:\/\/www.nonsolomusicamagazine.it\/wp-content\/uploads\/2026\/05\/1000125412.jpg","contentUrl":"https:\/\/www.nonsolomusicamagazine.it\/wp-content\/uploads\/2026\/05\/1000125412.jpg","width":1080,"height":608},{"@type":"BreadcrumbList","@id":"https:\/\/www.nonsolomusicamagazine.it\/?p=15369#breadcrumb","itemListElement":[{"@type":"ListItem","position":1,"name":"Home","item":"https:\/\/www.nonsolomusicamagazine.it\/"},{"@type":"ListItem","position":2,"name":"LE 22 IMBARCAZIONI DELLA FLOTILLA INTERCETTATE PRESSO CRETA ED IL \u201cCASO\u201d EITHAN BONDI DEL 25 APRILE: ANALISI DI DUE AVVENIMENTI SOLO APPARENTEMENTE SCOLLEGATI"}]},{"@type":"WebSite","@id":"https:\/\/www.nonsolomusicamagazine.it\/#website","url":"https:\/\/www.nonsolomusicamagazine.it\/","name":"Nonsolomusicamagazine","description":"Dir. responsabile Manuel M Buccarella","potentialAction":[{"@type":"SearchAction","target":{"@type":"EntryPoint","urlTemplate":"https:\/\/www.nonsolomusicamagazine.it\/?s={search_term_string}"},"query-input":{"@type":"PropertyValueSpecification","valueRequired":true,"valueName":"search_term_string"}}],"inLanguage":"it-IT"},{"@type":"Person","@id":"https:\/\/www.nonsolomusicamagazine.it\/#\/schema\/person\/a3349ad02300d046472d46cf6d31ae46","name":"nonsolomusica","image":{"@type":"ImageObject","inLanguage":"it-IT","@id":"https:\/\/www.nonsolomusicamagazine.it\/wp-content\/litespeed\/avatar\/3a675484bc84db6aba78d43bfc8b7197.jpg?ver=1777485663","url":"https:\/\/www.nonsolomusicamagazine.it\/wp-content\/litespeed\/avatar\/3a675484bc84db6aba78d43bfc8b7197.jpg?ver=1777485663","contentUrl":"https:\/\/www.nonsolomusicamagazine.it\/wp-content\/litespeed\/avatar\/3a675484bc84db6aba78d43bfc8b7197.jpg?ver=1777485663","caption":"nonsolomusica"},"sameAs":["https:\/\/www.nonsolomusicamagazine.it"],"url":"https:\/\/www.nonsolomusicamagazine.it\/?author=1"}]}},"amp_enabled":true,"_links":{"self":[{"href":"https:\/\/www.nonsolomusicamagazine.it\/index.php?rest_route=\/wp\/v2\/posts\/15369","targetHints":{"allow":["GET"]}}],"collection":[{"href":"https:\/\/www.nonsolomusicamagazine.it\/index.php?rest_route=\/wp\/v2\/posts"}],"about":[{"href":"https:\/\/www.nonsolomusicamagazine.it\/index.php?rest_route=\/wp\/v2\/types\/post"}],"author":[{"embeddable":true,"href":"https:\/\/www.nonsolomusicamagazine.it\/index.php?rest_route=\/wp\/v2\/users\/1"}],"replies":[{"embeddable":true,"href":"https:\/\/www.nonsolomusicamagazine.it\/index.php?rest_route=%2Fwp%2Fv2%2Fcomments&post=15369"}],"version-history":[{"count":1,"href":"https:\/\/www.nonsolomusicamagazine.it\/index.php?rest_route=\/wp\/v2\/posts\/15369\/revisions"}],"predecessor-version":[{"id":15371,"href":"https:\/\/www.nonsolomusicamagazine.it\/index.php?rest_route=\/wp\/v2\/posts\/15369\/revisions\/15371"}],"wp:featuredmedia":[{"embeddable":true,"href":"https:\/\/www.nonsolomusicamagazine.it\/index.php?rest_route=\/wp\/v2\/media\/15370"}],"wp:attachment":[{"href":"https:\/\/www.nonsolomusicamagazine.it\/index.php?rest_route=%2Fwp%2Fv2%2Fmedia&parent=15369"}],"wp:term":[{"taxonomy":"category","embeddable":true,"href":"https:\/\/www.nonsolomusicamagazine.it\/index.php?rest_route=%2Fwp%2Fv2%2Fcategories&post=15369"},{"taxonomy":"post_tag","embeddable":true,"href":"https:\/\/www.nonsolomusicamagazine.it\/index.php?rest_route=%2Fwp%2Fv2%2Ftags&post=15369"}],"curies":[{"name":"wp","href":"https:\/\/api.w.org\/{rel}","templated":true}]}}