{"id":15388,"date":"2026-05-03T09:20:41","date_gmt":"2026-05-03T07:20:41","guid":{"rendered":"https:\/\/www.nonsolomusicamagazine.it\/?p=15388"},"modified":"2026-05-03T09:20:44","modified_gmt":"2026-05-03T07:20:44","slug":"15388","status":"publish","type":"post","link":"https:\/\/www.nonsolomusicamagazine.it\/?p=15388","title":{"rendered":""},"content":{"rendered":"\n<p>La Global Sumud Flotilla ha denunciato Israele e l\u2019Italia alla Corte Europa dei Diritti dell\u2019Uomo per pirateria, torture ma anche &#8211; nel caso dello Stato italiano &#8211; \u201cper non aver fatto nulla per prevenirlo\u201d.Nel mirino del team legale il caso dei due attivisti, Thiago Avila e Saif Abukeshek, \u201cattualmente detenuti arbitrariamente dalle autorit\u00e0 israeliane, in regime di incomunicabilit\u00e0, senza accesso a difensori, familiari o autorit\u00e0 consolari\u201d.In particolare, la Flotilla ha contestato a Israele la palese violazione degli articoli 2 e 3 della Convenzione europea dei diritti dell\u2019uomo che vietano la tortura e i trattamenti inumani e degradanti.Esattamente quello che stanno subendo i due attivisti.Non solo. Nel mirino del team legale della Flotilla \u00e8 finito anche lo Stato italiano, e il motivo \u00e8 semplice: perch\u00e9 la nave su cui erano a bordo i due attivisti sequestrati e torturati era battente bandiera italiana.Per questo motivo, secondo le norme internazionali, la giurisdizione sugli attivisti a bordo spettava all\u2019Italia, e in particolare al governo italiano, che invece &#8211; denuncia la Flotilla &#8211; \u201cnon ha fatto nulla per prevenire violazioni prevedibili dei diritti fondamentali\u201d.Non bastano le finte, generiche condanne della Presidente Meloni. Servono i fatti.E i fatti sono questi. L\u2019Italia \u00e8 chiamata ancora una volta a rispondere di quello che ha fatto e, soprattutto, di quello che NON ha fatto.Io sto con la Flotilla, con l\u2019augurio che vada fino in fondo. E che abbia giustizia.<\/p>\n\n\n\n<figure class=\"wp-block-image size-large\"><img decoding=\"async\" width=\"857\" height=\"1024\" src=\"https:\/\/www.nonsolomusicamagazine.it\/wp-content\/uploads\/2026\/05\/1000126052-857x1024.jpg\" alt=\"\" class=\"wp-image-15389\" srcset=\"https:\/\/www.nonsolomusicamagazine.it\/wp-content\/uploads\/2026\/05\/1000126052-857x1024.jpg 857w, https:\/\/www.nonsolomusicamagazine.it\/wp-content\/uploads\/2026\/05\/1000126052-251x300.jpg 251w, https:\/\/www.nonsolomusicamagazine.it\/wp-content\/uploads\/2026\/05\/1000126052-768x918.jpg 768w, https:\/\/www.nonsolomusicamagazine.it\/wp-content\/uploads\/2026\/05\/1000126052.jpg 1170w\" sizes=\"(max-width: 857px) 100vw, 857px\" \/><\/figure>\n","protected":false},"excerpt":{"rendered":"<p>La Global Sumud Flotilla ha denunciato Israele e l\u2019Italia alla Corte Europa dei Diritti dell\u2019Uomo per pirateria, torture ma anche &#8211; nel caso dello Stato italiano &#8211; \u201cper non aver fatto nulla per prevenirlo\u201d.Nel mirino del team legale il caso dei due attivisti, Thiago Avila e Saif Abukeshek, \u201cattualmente detenuti arbitrariamente dalle autorit\u00e0 israeliane, in [&hellip;]<\/p>\n","protected":false},"author":1,"featured_media":15389,"comment_status":"open","ping_status":"closed","sticky":false,"template":"","format":"standard","meta":{"footnotes":""},"categories":[6,969,20],"tags":[],"class_list":["post-15388","post","type-post","status-publish","format-standard","has-post-thumbnail","hentry","category-esteri","category-giustizia","category-societa"],"yoast_head":"<!-- This site is optimized with the Yoast SEO plugin v27.5 - https:\/\/yoast.com\/product\/yoast-seo-wordpress\/ -->\n<title>- NonSoloMusicaMagazine<\/title>\n<meta name=\"robots\" content=\"index, follow, max-snippet:-1, max-image-preview:large, max-video-preview:-1\" \/>\n<link rel=\"canonical\" href=\"https:\/\/www.nonsolomusicamagazine.it\/?p=15388\" \/>\n<meta property=\"og:locale\" content=\"it_IT\" \/>\n<meta property=\"og:type\" content=\"article\" \/>\n<meta property=\"og:title\" content=\"- NonSoloMusicaMagazine\" \/>\n<meta property=\"og:description\" content=\"La Global Sumud Flotilla ha denunciato Israele e l\u2019Italia alla Corte Europa dei Diritti dell\u2019Uomo per pirateria, torture ma anche &#8211; nel caso dello Stato italiano &#8211; \u201cper non aver fatto nulla per prevenirlo\u201d.Nel mirino del team legale il caso dei due attivisti, Thiago Avila e Saif Abukeshek, \u201cattualmente detenuti arbitrariamente dalle autorit\u00e0 israeliane, in [&hellip;]\" \/>\n<meta property=\"og:url\" content=\"https:\/\/www.nonsolomusicamagazine.it\/?p=15388\" \/>\n<meta property=\"og:site_name\" content=\"NonSoloMusicaMagazine\" \/>\n<meta property=\"article:published_time\" content=\"2026-05-03T07:20:41+00:00\" \/>\n<meta property=\"article:modified_time\" content=\"2026-05-03T07:20:44+00:00\" \/>\n<meta property=\"og:image\" content=\"https:\/\/www.nonsolomusicamagazine.it\/wp-content\/uploads\/2026\/05\/1000126052.jpg\" \/>\n\t<meta property=\"og:image:width\" content=\"1170\" \/>\n\t<meta property=\"og:image:height\" content=\"1398\" \/>\n\t<meta property=\"og:image:type\" content=\"image\/jpeg\" \/>\n<meta name=\"author\" content=\"nonsolomusica\" \/>\n<meta name=\"twitter:card\" content=\"summary_large_image\" \/>\n<meta name=\"twitter:label1\" content=\"Scritto da\" \/>\n\t<meta name=\"twitter:data1\" content=\"nonsolomusica\" \/>\n\t<meta name=\"twitter:label2\" content=\"Tempo di lettura stimato\" \/>\n\t<meta name=\"twitter:data2\" content=\"2 minuti\" \/>\n<script type=\"application\/ld+json\" class=\"yoast-schema-graph\">{\"@context\":\"https:\\\/\\\/schema.org\",\"@graph\":[{\"@type\":\"Article\",\"@id\":\"https:\\\/\\\/www.nonsolomusicamagazine.it\\\/?p=15388#article\",\"isPartOf\":{\"@id\":\"https:\\\/\\\/www.nonsolomusicamagazine.it\\\/?p=15388\"},\"author\":{\"name\":\"nonsolomusica\",\"@id\":\"https:\\\/\\\/www.nonsolomusicamagazine.it\\\/#\\\/schema\\\/person\\\/a3349ad02300d046472d46cf6d31ae46\"},\"headline\":\"Nessun titolo\",\"datePublished\":\"2026-05-03T07:20:41+00:00\",\"dateModified\":\"2026-05-03T07:20:44+00:00\",\"mainEntityOfPage\":{\"@id\":\"https:\\\/\\\/www.nonsolomusicamagazine.it\\\/?p=15388\"},\"wordCount\":239,\"commentCount\":0,\"image\":{\"@id\":\"https:\\\/\\\/www.nonsolomusicamagazine.it\\\/?p=15388#primaryimage\"},\"thumbnailUrl\":\"https:\\\/\\\/www.nonsolomusicamagazine.it\\\/wp-content\\\/uploads\\\/2026\\\/05\\\/1000126052.jpg\",\"articleSection\":[\"Esteri\",\"Giustizia\",\"Societ\u00e0\"],\"inLanguage\":\"it-IT\",\"potentialAction\":[{\"@type\":\"CommentAction\",\"name\":\"Comment\",\"target\":[\"https:\\\/\\\/www.nonsolomusicamagazine.it\\\/?p=15388#respond\"]}]},{\"@type\":\"WebPage\",\"@id\":\"https:\\\/\\\/www.nonsolomusicamagazine.it\\\/?p=15388\",\"url\":\"https:\\\/\\\/www.nonsolomusicamagazine.it\\\/?p=15388\",\"name\":\"- NonSoloMusicaMagazine\",\"isPartOf\":{\"@id\":\"https:\\\/\\\/www.nonsolomusicamagazine.it\\\/#website\"},\"primaryImageOfPage\":{\"@id\":\"https:\\\/\\\/www.nonsolomusicamagazine.it\\\/?p=15388#primaryimage\"},\"image\":{\"@id\":\"https:\\\/\\\/www.nonsolomusicamagazine.it\\\/?p=15388#primaryimage\"},\"thumbnailUrl\":\"https:\\\/\\\/www.nonsolomusicamagazine.it\\\/wp-content\\\/uploads\\\/2026\\\/05\\\/1000126052.jpg\",\"datePublished\":\"2026-05-03T07:20:41+00:00\",\"dateModified\":\"2026-05-03T07:20:44+00:00\",\"author\":{\"@id\":\"https:\\\/\\\/www.nonsolomusicamagazine.it\\\/#\\\/schema\\\/person\\\/a3349ad02300d046472d46cf6d31ae46\"},\"inLanguage\":\"it-IT\",\"potentialAction\":[{\"@type\":\"ReadAction\",\"target\":[\"https:\\\/\\\/www.nonsolomusicamagazine.it\\\/?p=15388\"]}]},{\"@type\":\"ImageObject\",\"inLanguage\":\"it-IT\",\"@id\":\"https:\\\/\\\/www.nonsolomusicamagazine.it\\\/?p=15388#primaryimage\",\"url\":\"https:\\\/\\\/www.nonsolomusicamagazine.it\\\/wp-content\\\/uploads\\\/2026\\\/05\\\/1000126052.jpg\",\"contentUrl\":\"https:\\\/\\\/www.nonsolomusicamagazine.it\\\/wp-content\\\/uploads\\\/2026\\\/05\\\/1000126052.jpg\",\"width\":1170,\"height\":1398},{\"@type\":\"WebSite\",\"@id\":\"https:\\\/\\\/www.nonsolomusicamagazine.it\\\/#website\",\"url\":\"https:\\\/\\\/www.nonsolomusicamagazine.it\\\/\",\"name\":\"Nonsolomusicamagazine\",\"description\":\"Dir. responsabile Manuel M Buccarella\",\"potentialAction\":[{\"@type\":\"SearchAction\",\"target\":{\"@type\":\"EntryPoint\",\"urlTemplate\":\"https:\\\/\\\/www.nonsolomusicamagazine.it\\\/?s={search_term_string}\"},\"query-input\":{\"@type\":\"PropertyValueSpecification\",\"valueRequired\":true,\"valueName\":\"search_term_string\"}}],\"inLanguage\":\"it-IT\"},{\"@type\":\"Person\",\"@id\":\"https:\\\/\\\/www.nonsolomusicamagazine.it\\\/#\\\/schema\\\/person\\\/a3349ad02300d046472d46cf6d31ae46\",\"name\":\"nonsolomusica\",\"image\":{\"@type\":\"ImageObject\",\"inLanguage\":\"it-IT\",\"@id\":\"https:\\\/\\\/www.nonsolomusicamagazine.it\\\/wp-content\\\/litespeed\\\/avatar\\\/3a675484bc84db6aba78d43bfc8b7197.jpg?ver=1777485663\",\"url\":\"https:\\\/\\\/www.nonsolomusicamagazine.it\\\/wp-content\\\/litespeed\\\/avatar\\\/3a675484bc84db6aba78d43bfc8b7197.jpg?ver=1777485663\",\"contentUrl\":\"https:\\\/\\\/www.nonsolomusicamagazine.it\\\/wp-content\\\/litespeed\\\/avatar\\\/3a675484bc84db6aba78d43bfc8b7197.jpg?ver=1777485663\",\"caption\":\"nonsolomusica\"},\"sameAs\":[\"https:\\\/\\\/www.nonsolomusicamagazine.it\"],\"url\":\"https:\\\/\\\/www.nonsolomusicamagazine.it\\\/?author=1\"}]}<\/script>\n<!-- \/ Yoast SEO plugin. -->","yoast_head_json":{"title":"- NonSoloMusicaMagazine","robots":{"index":"index","follow":"follow","max-snippet":"max-snippet:-1","max-image-preview":"max-image-preview:large","max-video-preview":"max-video-preview:-1"},"canonical":"https:\/\/www.nonsolomusicamagazine.it\/?p=15388","og_locale":"it_IT","og_type":"article","og_title":"- NonSoloMusicaMagazine","og_description":"La Global Sumud Flotilla ha denunciato Israele e l\u2019Italia alla Corte Europa dei Diritti dell\u2019Uomo per pirateria, torture ma anche &#8211; nel caso dello Stato italiano &#8211; \u201cper non aver fatto nulla per prevenirlo\u201d.Nel mirino del team legale il caso dei due attivisti, Thiago Avila e Saif Abukeshek, \u201cattualmente detenuti arbitrariamente dalle autorit\u00e0 israeliane, in [&hellip;]","og_url":"https:\/\/www.nonsolomusicamagazine.it\/?p=15388","og_site_name":"NonSoloMusicaMagazine","article_published_time":"2026-05-03T07:20:41+00:00","article_modified_time":"2026-05-03T07:20:44+00:00","og_image":[{"width":1170,"height":1398,"url":"https:\/\/www.nonsolomusicamagazine.it\/wp-content\/uploads\/2026\/05\/1000126052.jpg","type":"image\/jpeg"}],"author":"nonsolomusica","twitter_card":"summary_large_image","twitter_misc":{"Scritto da":"nonsolomusica","Tempo di lettura stimato":"2 minuti"},"schema":{"@context":"https:\/\/schema.org","@graph":[{"@type":"Article","@id":"https:\/\/www.nonsolomusicamagazine.it\/?p=15388#article","isPartOf":{"@id":"https:\/\/www.nonsolomusicamagazine.it\/?p=15388"},"author":{"name":"nonsolomusica","@id":"https:\/\/www.nonsolomusicamagazine.it\/#\/schema\/person\/a3349ad02300d046472d46cf6d31ae46"},"headline":"Nessun titolo","datePublished":"2026-05-03T07:20:41+00:00","dateModified":"2026-05-03T07:20:44+00:00","mainEntityOfPage":{"@id":"https:\/\/www.nonsolomusicamagazine.it\/?p=15388"},"wordCount":239,"commentCount":0,"image":{"@id":"https:\/\/www.nonsolomusicamagazine.it\/?p=15388#primaryimage"},"thumbnailUrl":"https:\/\/www.nonsolomusicamagazine.it\/wp-content\/uploads\/2026\/05\/1000126052.jpg","articleSection":["Esteri","Giustizia","Societ\u00e0"],"inLanguage":"it-IT","potentialAction":[{"@type":"CommentAction","name":"Comment","target":["https:\/\/www.nonsolomusicamagazine.it\/?p=15388#respond"]}]},{"@type":"WebPage","@id":"https:\/\/www.nonsolomusicamagazine.it\/?p=15388","url":"https:\/\/www.nonsolomusicamagazine.it\/?p=15388","name":"- NonSoloMusicaMagazine","isPartOf":{"@id":"https:\/\/www.nonsolomusicamagazine.it\/#website"},"primaryImageOfPage":{"@id":"https:\/\/www.nonsolomusicamagazine.it\/?p=15388#primaryimage"},"image":{"@id":"https:\/\/www.nonsolomusicamagazine.it\/?p=15388#primaryimage"},"thumbnailUrl":"https:\/\/www.nonsolomusicamagazine.it\/wp-content\/uploads\/2026\/05\/1000126052.jpg","datePublished":"2026-05-03T07:20:41+00:00","dateModified":"2026-05-03T07:20:44+00:00","author":{"@id":"https:\/\/www.nonsolomusicamagazine.it\/#\/schema\/person\/a3349ad02300d046472d46cf6d31ae46"},"inLanguage":"it-IT","potentialAction":[{"@type":"ReadAction","target":["https:\/\/www.nonsolomusicamagazine.it\/?p=15388"]}]},{"@type":"ImageObject","inLanguage":"it-IT","@id":"https:\/\/www.nonsolomusicamagazine.it\/?p=15388#primaryimage","url":"https:\/\/www.nonsolomusicamagazine.it\/wp-content\/uploads\/2026\/05\/1000126052.jpg","contentUrl":"https:\/\/www.nonsolomusicamagazine.it\/wp-content\/uploads\/2026\/05\/1000126052.jpg","width":1170,"height":1398},{"@type":"WebSite","@id":"https:\/\/www.nonsolomusicamagazine.it\/#website","url":"https:\/\/www.nonsolomusicamagazine.it\/","name":"Nonsolomusicamagazine","description":"Dir. responsabile Manuel M Buccarella","potentialAction":[{"@type":"SearchAction","target":{"@type":"EntryPoint","urlTemplate":"https:\/\/www.nonsolomusicamagazine.it\/?s={search_term_string}"},"query-input":{"@type":"PropertyValueSpecification","valueRequired":true,"valueName":"search_term_string"}}],"inLanguage":"it-IT"},{"@type":"Person","@id":"https:\/\/www.nonsolomusicamagazine.it\/#\/schema\/person\/a3349ad02300d046472d46cf6d31ae46","name":"nonsolomusica","image":{"@type":"ImageObject","inLanguage":"it-IT","@id":"https:\/\/www.nonsolomusicamagazine.it\/wp-content\/litespeed\/avatar\/3a675484bc84db6aba78d43bfc8b7197.jpg?ver=1777485663","url":"https:\/\/www.nonsolomusicamagazine.it\/wp-content\/litespeed\/avatar\/3a675484bc84db6aba78d43bfc8b7197.jpg?ver=1777485663","contentUrl":"https:\/\/www.nonsolomusicamagazine.it\/wp-content\/litespeed\/avatar\/3a675484bc84db6aba78d43bfc8b7197.jpg?ver=1777485663","caption":"nonsolomusica"},"sameAs":["https:\/\/www.nonsolomusicamagazine.it"],"url":"https:\/\/www.nonsolomusicamagazine.it\/?author=1"}]}},"amp_enabled":true,"_links":{"self":[{"href":"https:\/\/www.nonsolomusicamagazine.it\/index.php?rest_route=\/wp\/v2\/posts\/15388","targetHints":{"allow":["GET"]}}],"collection":[{"href":"https:\/\/www.nonsolomusicamagazine.it\/index.php?rest_route=\/wp\/v2\/posts"}],"about":[{"href":"https:\/\/www.nonsolomusicamagazine.it\/index.php?rest_route=\/wp\/v2\/types\/post"}],"author":[{"embeddable":true,"href":"https:\/\/www.nonsolomusicamagazine.it\/index.php?rest_route=\/wp\/v2\/users\/1"}],"replies":[{"embeddable":true,"href":"https:\/\/www.nonsolomusicamagazine.it\/index.php?rest_route=%2Fwp%2Fv2%2Fcomments&post=15388"}],"version-history":[{"count":1,"href":"https:\/\/www.nonsolomusicamagazine.it\/index.php?rest_route=\/wp\/v2\/posts\/15388\/revisions"}],"predecessor-version":[{"id":15390,"href":"https:\/\/www.nonsolomusicamagazine.it\/index.php?rest_route=\/wp\/v2\/posts\/15388\/revisions\/15390"}],"wp:featuredmedia":[{"embeddable":true,"href":"https:\/\/www.nonsolomusicamagazine.it\/index.php?rest_route=\/wp\/v2\/media\/15389"}],"wp:attachment":[{"href":"https:\/\/www.nonsolomusicamagazine.it\/index.php?rest_route=%2Fwp%2Fv2%2Fmedia&parent=15388"}],"wp:term":[{"taxonomy":"category","embeddable":true,"href":"https:\/\/www.nonsolomusicamagazine.it\/index.php?rest_route=%2Fwp%2Fv2%2Fcategories&post=15388"},{"taxonomy":"post_tag","embeddable":true,"href":"https:\/\/www.nonsolomusicamagazine.it\/index.php?rest_route=%2Fwp%2Fv2%2Ftags&post=15388"}],"curies":[{"name":"wp","href":"https:\/\/api.w.org\/{rel}","templated":true}]}}