{"id":1575,"date":"2023-06-15T05:49:57","date_gmt":"2023-06-15T05:49:57","guid":{"rendered":"https:\/\/www.nonsolomusicamagazine.it\/?p=1575"},"modified":"2023-06-15T05:51:39","modified_gmt":"2023-06-15T05:51:39","slug":"lecce-presentazione-del-rapporto-di-amnesty-international-sullapartheid-israeliano-in-palestina","status":"publish","type":"post","link":"https:\/\/www.nonsolomusicamagazine.it\/?p=1575","title":{"rendered":"Lecce, presentazione del rapporto di Amnesty International sull&#8217;apartheid israeliano in Palestina."},"content":{"rendered":"\n<p>Oggi alle ore 18 a Lecce<br>presso la sala auditorium del museo Sigismondo Castromediano, presentazione<strong>\u00a0<\/strong>del<strong>\u00a0rapporto di Amnesty International sul regime di apartheid israeliano in Palestina.<\/strong><\/p>\n\n\n\n<p>Interverranno&nbsp;<strong>Nabil Bey Salameh<\/strong>&nbsp;(palestinese, docente, attivista e fondatore dei Radiodervish),&nbsp;<strong>Tina Marinari<\/strong>&nbsp;(coordinatrice campagne di Amnesty),&nbsp;<strong>Carlo Mileti<\/strong>&nbsp;(cooperante, presidente SudSud MADE in DIGNITY Lecce).<\/p>\n\n\n\n<p>Con il patrocinio del Comune di Lecce e del Polo Bibliomuseale di Lecce.<\/p>\n\n\n\n<p>L\u2019iniziativa si pone come obiettivo quello di far luce e sensibilizzare sulle violazioni dei diritti umani ai danni dei cittadini palestinesi in Israele, denunciate da diversi enti e associazioni che operano a livello internazionale.<\/p>\n\n\n\n<p>La prima a parlare di apartheid \u00e8 stata nel gennaio 2021 B\u2019tselem, la pi\u00f9 grande organizzazione per i diritti umani di Israele, estendendo l\u2019utilizzo della parola \u00abapartheid\u00bb, alla totalit\u00e0 delle forme di governo applicate dallo Stato di Israele sui palestinesi sotto la sua giurisdizione, siano essi cittadini israeliani o meno e dichiarando lo stesso un \u201csistema di supremazia ebraica dal Giordano al Mediterraneo\u201d.Ad aprile 2021 l\u2019organizzazione internazionale Human Rights Watch nel suo rapporto dichiara che \u201cle autorit\u00e0 di Israele stanno commettendo crimini contro l\u2019umanit\u00e0, crimini di apartheid e persecuzione razziale\u201d.Amnesty International poi il 1 febbraio del 2022 lanciava una campagna accompagnata dalla pubblicazione di un rapporto nel quale denunciava il sistema istituzionalizzato di oppressione e dominazione nei confronti dei palestinesi attuato da Israele che \u201cimpone un sistema di oppressione e dominazione sui palestinesi in tutte le aree sotto il suo controllo in Israele e nei territori occupati\u201d.Il rapporto che presentiamo a Lecce \u2013 si legge nel comunicato \u2013 dimostra come le leggi e le politiche israeliane vengano applicate col prevalente obiettivo di mantenere una maggioranza demografica ebraica e massimizzare il controllo sulla terra e sulle risorse, cosicch\u00e9 a beneficiarne siano unicamente gli ebrei israeliani.Attraverso la ricerca, l\u2019analisi, le testimonianze, l\u2019osservazione sul campo, Amnesty \u00e8 riuscita a verificare il mancato riconoscimento dei diritti fondamentali nei confronti dei palestinesi, documentando le uccisioni da parte delle autorit\u00e0 israeliane, soprattutto nel corso dei sempre pi\u00f9 frequenti raid militari e delle operazioni d\u2019arresto, cos\u00ec come la costante ed impunita violenza perpetrata da parte dei civili israeliani, siano esse a danno di persone o di propriet\u00e0.Risulta pi\u00f9 che mai importante comprendere la situazione drammatica in cui versano centinaia di migliaia di persone da troppi anni, ribadendo la necessit\u00e0 di una netta presa di responsabilit\u00e0 da parte delle autorit\u00e0 israeliane e del conseguente rispetto del diritto internazionale dei diritti umani, al pari del discostamento dal sostegno da parte della comunit\u00e0 internazionale nei confronti di quegli stati, nello specifico Israele, che si macchiano di crimini contro l\u2019umanit\u00e0.<\/p>\n\n\n<figure class=\"wp-block-post-featured-image\"><img decoding=\"async\" width=\"720\" height=\"378\" src=\"https:\/\/www.nonsolomusicamagazine.it\/wp-content\/uploads\/2023\/06\/FB_IMG_1686759927338.jpg\" class=\"attachment-post-thumbnail size-post-thumbnail wp-post-image\" alt=\"\" style=\"object-fit:cover;\" srcset=\"https:\/\/www.nonsolomusicamagazine.it\/wp-content\/uploads\/2023\/06\/FB_IMG_1686759927338.jpg 720w, https:\/\/www.nonsolomusicamagazine.it\/wp-content\/uploads\/2023\/06\/FB_IMG_1686759927338-300x158.jpg 300w\" sizes=\"(max-width: 720px) 100vw, 720px\" \/><\/figure>","protected":false},"excerpt":{"rendered":"<p>Oggi alle ore 18 a Leccepresso la sala auditorium del museo Sigismondo Castromediano, presentazione\u00a0del\u00a0rapporto di Amnesty International sul regime di apartheid israeliano in Palestina. Interverranno&nbsp;Nabil Bey Salameh&nbsp;(palestinese, docente, attivista e fondatore dei Radiodervish),&nbsp;Tina Marinari&nbsp;(coordinatrice campagne di Amnesty),&nbsp;Carlo Mileti&nbsp;(cooperante, presidente SudSud MADE in DIGNITY Lecce). Con il patrocinio del Comune di Lecce e del Polo Bibliomuseale [&hellip;]<\/p>\n","protected":false},"author":1,"featured_media":1561,"comment_status":"open","ping_status":"closed","sticky":false,"template":"","format":"standard","meta":{"footnotes":""},"categories":[6],"tags":[1136,1137,216,266,217,1147],"class_list":["post-1575","post","type-post","status-publish","format-standard","has-post-thumbnail","hentry","category-esteri","tag-amnesty-international","tag-apartheid","tag-israele","tag-nabil-bey","tag-palestina","tag-rapporto"],"yoast_head":"<!-- This site is optimized with the Yoast SEO plugin v27.5 - https:\/\/yoast.com\/product\/yoast-seo-wordpress\/ -->\n<title>Lecce, presentazione del rapporto di Amnesty International sull&#039;apartheid israeliano in Palestina. - NonSoloMusicaMagazine<\/title>\n<meta name=\"description\" content=\"Lecce, presentazione del rapporto di Amnesty International sull&#039;apartheid israeliano in Palestina.\" \/>\n<meta name=\"robots\" content=\"index, follow, max-snippet:-1, max-image-preview:large, max-video-preview:-1\" \/>\n<link rel=\"canonical\" href=\"https:\/\/www.nonsolomusicamagazine.it\/?p=1575\" \/>\n<meta property=\"og:locale\" content=\"it_IT\" \/>\n<meta property=\"og:type\" content=\"article\" \/>\n<meta property=\"og:title\" content=\"Lecce, presentazione del rapporto di Amnesty International sull&#039;apartheid israeliano in Palestina. - NonSoloMusicaMagazine\" \/>\n<meta property=\"og:description\" content=\"Lecce, presentazione del rapporto di Amnesty International sull&#039;apartheid israeliano in Palestina.\" \/>\n<meta property=\"og:url\" content=\"https:\/\/www.nonsolomusicamagazine.it\/?p=1575\" \/>\n<meta property=\"og:site_name\" content=\"NonSoloMusicaMagazine\" \/>\n<meta property=\"article:published_time\" content=\"2023-06-15T05:49:57+00:00\" \/>\n<meta property=\"article:modified_time\" content=\"2023-06-15T05:51:39+00:00\" \/>\n<meta property=\"og:image\" content=\"https:\/\/www.nonsolomusicamagazine.it\/wp-content\/uploads\/2023\/06\/FB_IMG_1686759927338.jpg\" \/>\n\t<meta property=\"og:image:width\" content=\"720\" \/>\n\t<meta property=\"og:image:height\" content=\"378\" \/>\n\t<meta property=\"og:image:type\" content=\"image\/jpeg\" \/>\n<meta name=\"author\" content=\"nonsolomusica\" \/>\n<meta name=\"twitter:card\" content=\"summary_large_image\" \/>\n<meta name=\"twitter:label1\" content=\"Scritto da\" \/>\n\t<meta name=\"twitter:data1\" content=\"nonsolomusica\" \/>\n\t<meta name=\"twitter:label2\" content=\"Tempo di lettura stimato\" \/>\n\t<meta name=\"twitter:data2\" content=\"3 minuti\" \/>\n<script type=\"application\/ld+json\" class=\"yoast-schema-graph\">{\"@context\":\"https:\\\/\\\/schema.org\",\"@graph\":[{\"@type\":\"Article\",\"@id\":\"https:\\\/\\\/www.nonsolomusicamagazine.it\\\/?p=1575#article\",\"isPartOf\":{\"@id\":\"https:\\\/\\\/www.nonsolomusicamagazine.it\\\/?p=1575\"},\"author\":{\"name\":\"nonsolomusica\",\"@id\":\"https:\\\/\\\/www.nonsolomusicamagazine.it\\\/#\\\/schema\\\/person\\\/a3349ad02300d046472d46cf6d31ae46\"},\"headline\":\"Lecce, presentazione del rapporto di Amnesty International sull&#8217;apartheid israeliano in Palestina.\",\"datePublished\":\"2023-06-15T05:49:57+00:00\",\"dateModified\":\"2023-06-15T05:51:39+00:00\",\"mainEntityOfPage\":{\"@id\":\"https:\\\/\\\/www.nonsolomusicamagazine.it\\\/?p=1575\"},\"wordCount\":451,\"commentCount\":1,\"image\":{\"@id\":\"https:\\\/\\\/www.nonsolomusicamagazine.it\\\/?p=1575#primaryimage\"},\"thumbnailUrl\":\"https:\\\/\\\/www.nonsolomusicamagazine.it\\\/wp-content\\\/uploads\\\/2023\\\/06\\\/FB_IMG_1686759927338.jpg\",\"keywords\":[\"Amnesty International\",\"apartheid\",\"Israele\",\"Nabil Bey\",\"Palestina\",\"Rapporto\"],\"articleSection\":[\"Esteri\"],\"inLanguage\":\"it-IT\",\"potentialAction\":[{\"@type\":\"CommentAction\",\"name\":\"Comment\",\"target\":[\"https:\\\/\\\/www.nonsolomusicamagazine.it\\\/?p=1575#respond\"]}]},{\"@type\":\"WebPage\",\"@id\":\"https:\\\/\\\/www.nonsolomusicamagazine.it\\\/?p=1575\",\"url\":\"https:\\\/\\\/www.nonsolomusicamagazine.it\\\/?p=1575\",\"name\":\"Lecce, presentazione del rapporto di Amnesty International sull'apartheid israeliano in Palestina. - NonSoloMusicaMagazine\",\"isPartOf\":{\"@id\":\"https:\\\/\\\/www.nonsolomusicamagazine.it\\\/#website\"},\"primaryImageOfPage\":{\"@id\":\"https:\\\/\\\/www.nonsolomusicamagazine.it\\\/?p=1575#primaryimage\"},\"image\":{\"@id\":\"https:\\\/\\\/www.nonsolomusicamagazine.it\\\/?p=1575#primaryimage\"},\"thumbnailUrl\":\"https:\\\/\\\/www.nonsolomusicamagazine.it\\\/wp-content\\\/uploads\\\/2023\\\/06\\\/FB_IMG_1686759927338.jpg\",\"datePublished\":\"2023-06-15T05:49:57+00:00\",\"dateModified\":\"2023-06-15T05:51:39+00:00\",\"author\":{\"@id\":\"https:\\\/\\\/www.nonsolomusicamagazine.it\\\/#\\\/schema\\\/person\\\/a3349ad02300d046472d46cf6d31ae46\"},\"description\":\"Lecce, presentazione del rapporto di Amnesty International sull'apartheid israeliano in Palestina.\",\"breadcrumb\":{\"@id\":\"https:\\\/\\\/www.nonsolomusicamagazine.it\\\/?p=1575#breadcrumb\"},\"inLanguage\":\"it-IT\",\"potentialAction\":[{\"@type\":\"ReadAction\",\"target\":[\"https:\\\/\\\/www.nonsolomusicamagazine.it\\\/?p=1575\"]}]},{\"@type\":\"ImageObject\",\"inLanguage\":\"it-IT\",\"@id\":\"https:\\\/\\\/www.nonsolomusicamagazine.it\\\/?p=1575#primaryimage\",\"url\":\"https:\\\/\\\/www.nonsolomusicamagazine.it\\\/wp-content\\\/uploads\\\/2023\\\/06\\\/FB_IMG_1686759927338.jpg\",\"contentUrl\":\"https:\\\/\\\/www.nonsolomusicamagazine.it\\\/wp-content\\\/uploads\\\/2023\\\/06\\\/FB_IMG_1686759927338.jpg\",\"width\":720,\"height\":378},{\"@type\":\"BreadcrumbList\",\"@id\":\"https:\\\/\\\/www.nonsolomusicamagazine.it\\\/?p=1575#breadcrumb\",\"itemListElement\":[{\"@type\":\"ListItem\",\"position\":1,\"name\":\"Home\",\"item\":\"https:\\\/\\\/www.nonsolomusicamagazine.it\\\/\"},{\"@type\":\"ListItem\",\"position\":2,\"name\":\"Lecce, presentazione del rapporto di Amnesty International sull&#8217;apartheid israeliano in Palestina.\"}]},{\"@type\":\"WebSite\",\"@id\":\"https:\\\/\\\/www.nonsolomusicamagazine.it\\\/#website\",\"url\":\"https:\\\/\\\/www.nonsolomusicamagazine.it\\\/\",\"name\":\"Nonsolomusicamagazine\",\"description\":\"Dir. responsabile Manuel M Buccarella\",\"potentialAction\":[{\"@type\":\"SearchAction\",\"target\":{\"@type\":\"EntryPoint\",\"urlTemplate\":\"https:\\\/\\\/www.nonsolomusicamagazine.it\\\/?s={search_term_string}\"},\"query-input\":{\"@type\":\"PropertyValueSpecification\",\"valueRequired\":true,\"valueName\":\"search_term_string\"}}],\"inLanguage\":\"it-IT\"},{\"@type\":\"Person\",\"@id\":\"https:\\\/\\\/www.nonsolomusicamagazine.it\\\/#\\\/schema\\\/person\\\/a3349ad02300d046472d46cf6d31ae46\",\"name\":\"nonsolomusica\",\"image\":{\"@type\":\"ImageObject\",\"inLanguage\":\"it-IT\",\"@id\":\"https:\\\/\\\/www.nonsolomusicamagazine.it\\\/wp-content\\\/litespeed\\\/avatar\\\/3a675484bc84db6aba78d43bfc8b7197.jpg?ver=1777485663\",\"url\":\"https:\\\/\\\/www.nonsolomusicamagazine.it\\\/wp-content\\\/litespeed\\\/avatar\\\/3a675484bc84db6aba78d43bfc8b7197.jpg?ver=1777485663\",\"contentUrl\":\"https:\\\/\\\/www.nonsolomusicamagazine.it\\\/wp-content\\\/litespeed\\\/avatar\\\/3a675484bc84db6aba78d43bfc8b7197.jpg?ver=1777485663\",\"caption\":\"nonsolomusica\"},\"sameAs\":[\"https:\\\/\\\/www.nonsolomusicamagazine.it\"],\"url\":\"https:\\\/\\\/www.nonsolomusicamagazine.it\\\/?author=1\"}]}<\/script>\n<!-- \/ Yoast SEO plugin. -->","yoast_head_json":{"title":"Lecce, presentazione del rapporto di Amnesty International sull'apartheid israeliano in Palestina. - NonSoloMusicaMagazine","description":"Lecce, presentazione del rapporto di Amnesty International sull'apartheid israeliano in Palestina.","robots":{"index":"index","follow":"follow","max-snippet":"max-snippet:-1","max-image-preview":"max-image-preview:large","max-video-preview":"max-video-preview:-1"},"canonical":"https:\/\/www.nonsolomusicamagazine.it\/?p=1575","og_locale":"it_IT","og_type":"article","og_title":"Lecce, presentazione del rapporto di Amnesty International sull'apartheid israeliano in Palestina. - NonSoloMusicaMagazine","og_description":"Lecce, presentazione del rapporto di Amnesty International sull'apartheid israeliano in Palestina.","og_url":"https:\/\/www.nonsolomusicamagazine.it\/?p=1575","og_site_name":"NonSoloMusicaMagazine","article_published_time":"2023-06-15T05:49:57+00:00","article_modified_time":"2023-06-15T05:51:39+00:00","og_image":[{"width":720,"height":378,"url":"https:\/\/www.nonsolomusicamagazine.it\/wp-content\/uploads\/2023\/06\/FB_IMG_1686759927338.jpg","type":"image\/jpeg"}],"author":"nonsolomusica","twitter_card":"summary_large_image","twitter_misc":{"Scritto da":"nonsolomusica","Tempo di lettura stimato":"3 minuti"},"schema":{"@context":"https:\/\/schema.org","@graph":[{"@type":"Article","@id":"https:\/\/www.nonsolomusicamagazine.it\/?p=1575#article","isPartOf":{"@id":"https:\/\/www.nonsolomusicamagazine.it\/?p=1575"},"author":{"name":"nonsolomusica","@id":"https:\/\/www.nonsolomusicamagazine.it\/#\/schema\/person\/a3349ad02300d046472d46cf6d31ae46"},"headline":"Lecce, presentazione del rapporto di Amnesty International sull&#8217;apartheid israeliano in Palestina.","datePublished":"2023-06-15T05:49:57+00:00","dateModified":"2023-06-15T05:51:39+00:00","mainEntityOfPage":{"@id":"https:\/\/www.nonsolomusicamagazine.it\/?p=1575"},"wordCount":451,"commentCount":1,"image":{"@id":"https:\/\/www.nonsolomusicamagazine.it\/?p=1575#primaryimage"},"thumbnailUrl":"https:\/\/www.nonsolomusicamagazine.it\/wp-content\/uploads\/2023\/06\/FB_IMG_1686759927338.jpg","keywords":["Amnesty International","apartheid","Israele","Nabil Bey","Palestina","Rapporto"],"articleSection":["Esteri"],"inLanguage":"it-IT","potentialAction":[{"@type":"CommentAction","name":"Comment","target":["https:\/\/www.nonsolomusicamagazine.it\/?p=1575#respond"]}]},{"@type":"WebPage","@id":"https:\/\/www.nonsolomusicamagazine.it\/?p=1575","url":"https:\/\/www.nonsolomusicamagazine.it\/?p=1575","name":"Lecce, presentazione del rapporto di Amnesty International sull'apartheid israeliano in Palestina. - NonSoloMusicaMagazine","isPartOf":{"@id":"https:\/\/www.nonsolomusicamagazine.it\/#website"},"primaryImageOfPage":{"@id":"https:\/\/www.nonsolomusicamagazine.it\/?p=1575#primaryimage"},"image":{"@id":"https:\/\/www.nonsolomusicamagazine.it\/?p=1575#primaryimage"},"thumbnailUrl":"https:\/\/www.nonsolomusicamagazine.it\/wp-content\/uploads\/2023\/06\/FB_IMG_1686759927338.jpg","datePublished":"2023-06-15T05:49:57+00:00","dateModified":"2023-06-15T05:51:39+00:00","author":{"@id":"https:\/\/www.nonsolomusicamagazine.it\/#\/schema\/person\/a3349ad02300d046472d46cf6d31ae46"},"description":"Lecce, presentazione del rapporto di Amnesty International sull'apartheid israeliano in Palestina.","breadcrumb":{"@id":"https:\/\/www.nonsolomusicamagazine.it\/?p=1575#breadcrumb"},"inLanguage":"it-IT","potentialAction":[{"@type":"ReadAction","target":["https:\/\/www.nonsolomusicamagazine.it\/?p=1575"]}]},{"@type":"ImageObject","inLanguage":"it-IT","@id":"https:\/\/www.nonsolomusicamagazine.it\/?p=1575#primaryimage","url":"https:\/\/www.nonsolomusicamagazine.it\/wp-content\/uploads\/2023\/06\/FB_IMG_1686759927338.jpg","contentUrl":"https:\/\/www.nonsolomusicamagazine.it\/wp-content\/uploads\/2023\/06\/FB_IMG_1686759927338.jpg","width":720,"height":378},{"@type":"BreadcrumbList","@id":"https:\/\/www.nonsolomusicamagazine.it\/?p=1575#breadcrumb","itemListElement":[{"@type":"ListItem","position":1,"name":"Home","item":"https:\/\/www.nonsolomusicamagazine.it\/"},{"@type":"ListItem","position":2,"name":"Lecce, presentazione del rapporto di Amnesty International sull&#8217;apartheid israeliano in Palestina."}]},{"@type":"WebSite","@id":"https:\/\/www.nonsolomusicamagazine.it\/#website","url":"https:\/\/www.nonsolomusicamagazine.it\/","name":"Nonsolomusicamagazine","description":"Dir. responsabile Manuel M Buccarella","potentialAction":[{"@type":"SearchAction","target":{"@type":"EntryPoint","urlTemplate":"https:\/\/www.nonsolomusicamagazine.it\/?s={search_term_string}"},"query-input":{"@type":"PropertyValueSpecification","valueRequired":true,"valueName":"search_term_string"}}],"inLanguage":"it-IT"},{"@type":"Person","@id":"https:\/\/www.nonsolomusicamagazine.it\/#\/schema\/person\/a3349ad02300d046472d46cf6d31ae46","name":"nonsolomusica","image":{"@type":"ImageObject","inLanguage":"it-IT","@id":"https:\/\/www.nonsolomusicamagazine.it\/wp-content\/litespeed\/avatar\/3a675484bc84db6aba78d43bfc8b7197.jpg?ver=1777485663","url":"https:\/\/www.nonsolomusicamagazine.it\/wp-content\/litespeed\/avatar\/3a675484bc84db6aba78d43bfc8b7197.jpg?ver=1777485663","contentUrl":"https:\/\/www.nonsolomusicamagazine.it\/wp-content\/litespeed\/avatar\/3a675484bc84db6aba78d43bfc8b7197.jpg?ver=1777485663","caption":"nonsolomusica"},"sameAs":["https:\/\/www.nonsolomusicamagazine.it"],"url":"https:\/\/www.nonsolomusicamagazine.it\/?author=1"}]}},"amp_enabled":true,"_links":{"self":[{"href":"https:\/\/www.nonsolomusicamagazine.it\/index.php?rest_route=\/wp\/v2\/posts\/1575","targetHints":{"allow":["GET"]}}],"collection":[{"href":"https:\/\/www.nonsolomusicamagazine.it\/index.php?rest_route=\/wp\/v2\/posts"}],"about":[{"href":"https:\/\/www.nonsolomusicamagazine.it\/index.php?rest_route=\/wp\/v2\/types\/post"}],"author":[{"embeddable":true,"href":"https:\/\/www.nonsolomusicamagazine.it\/index.php?rest_route=\/wp\/v2\/users\/1"}],"replies":[{"embeddable":true,"href":"https:\/\/www.nonsolomusicamagazine.it\/index.php?rest_route=%2Fwp%2Fv2%2Fcomments&post=1575"}],"version-history":[{"count":0,"href":"https:\/\/www.nonsolomusicamagazine.it\/index.php?rest_route=\/wp\/v2\/posts\/1575\/revisions"}],"wp:featuredmedia":[{"embeddable":true,"href":"https:\/\/www.nonsolomusicamagazine.it\/index.php?rest_route=\/wp\/v2\/media\/1561"}],"wp:attachment":[{"href":"https:\/\/www.nonsolomusicamagazine.it\/index.php?rest_route=%2Fwp%2Fv2%2Fmedia&parent=1575"}],"wp:term":[{"taxonomy":"category","embeddable":true,"href":"https:\/\/www.nonsolomusicamagazine.it\/index.php?rest_route=%2Fwp%2Fv2%2Fcategories&post=1575"},{"taxonomy":"post_tag","embeddable":true,"href":"https:\/\/www.nonsolomusicamagazine.it\/index.php?rest_route=%2Fwp%2Fv2%2Ftags&post=1575"}],"curies":[{"name":"wp","href":"https:\/\/api.w.org\/{rel}","templated":true}]}}