{"id":1763,"date":"2023-06-27T18:03:58","date_gmt":"2023-06-27T18:03:58","guid":{"rendered":"https:\/\/www.nonsolomusicamagazine.it\/?p=1763"},"modified":"2023-06-27T18:03:59","modified_gmt":"2023-06-27T18:03:59","slug":"il-cardinale-zuppi-in-missione-di-pace-a-mosca-domani-e-giovedi","status":"publish","type":"post","link":"https:\/\/www.nonsolomusicamagazine.it\/?p=1763","title":{"rendered":"Il cardinale Zuppi in missione &#8220;di pace&#8221; a Mosca domani e gioved\u00ec"},"content":{"rendered":"\n<p>&#8220;Si comunica che nei giorni 28 e 29 giugno 2023, il Card. Matteo Maria Zuppi, Arcivescovo di Bologna e Presidente della Conferenza Episcopale Italiana, accompagnato da un Officiale della Segreteria di Stato, compir\u00e0 una visita a Mosca, quale Inviato di Papa Francesco&#8221;. Lo comunica la Santa Sede. &#8220;Scopo principale dell&#8217;iniziativa \u00e8 incoraggiare gesti di umanit\u00e0, che possano contribuire a favorire una soluzione alla tragica situazione attuale e trovare vie per raggiungere una giusta pace&#8221;.   Sono passate solo tre settimane dalla missione del card. Zuppi del 5 e 6 giugno a Kiev e gi\u00e0 \u00e8 maturata anche la seconda tappa della sua &#8220;missione di pace&#8221; come inviato del Pontefice nella capitale russa. Al momento non \u00e8 ancora dato sapere chi incontrer\u00e0 il presidente della Cei a Mosca, in particolare sul piano governativo, ma nei giorni scorsi Zuppi aveva espresso la speranza di vedere, tra gli altri, il patriarca ortodosso Kirill.<\/p>\n\n\n\n<p>Comunque la missione di &#8220;diplomazia umanitaria&#8221; promossa dal Pontefice non viene rallentata dagli ultimi sommovimenti in Russia, tutt&#8217;altro.Tre settimane fa a Kiev, il card. Zuppi aveva avuto incontro al massimo livello politico, col presidente Volodymyr Zelensky e i suoi pi\u00f9 stretti collaboratori, la vicepremier Iryna Vereshuck, i referenti dell&#8217;esecutivo per i problemi umanitari, il commissario parlamentare ucraino per i diritti umani, Dmytro Lubinets.   &#8220;I risultati di tali colloqui &#8211; informava una nota della Santa Sede alla fine della missione di due giorni &#8211; come quelli con i Rappresentanti religiosi, nonch\u00e9 l&#8217;esperienza diretta dell&#8217;atroce sofferenza del popolo ucraino a causa della guerra in corso, verranno portati all&#8217;attenzione del Santo Padre e saranno senz&#8217;altro utili per valutare i passi da continuare a  compiere sia a livello umanitario che nella ricerca di percorsi per una pace giusta e duratura&#8221;.      <\/p>\n\n\n\n<p>Anche a Mosca, l&#8217;obiettivo della missione in questa fase \u00e8 soprattutto quello dell'&#8221;ascolto&#8221; e dell&#8217;incoraggiamento di &#8220;gesti di umanit\u00e0&#8221;. Dopo i giorni difficili appena passati in Russia con la ribellione della brigata Wagner, resta aperto lo spazio per negoziati &#8220;umanitari&#8221;, in particolare per la questione &#8211; sollecitata con forza da Kiev &#8211; del possibile ritorno in patria dei bambini ucraini deportati in Russia: accusa che \u00e8 costata tra l&#8217;altro a Vladimir Putin l&#8217;incriminazione per &#8220;crimini di guerra&#8221; dalla Corte internazionale dell&#8217;Aja.  <\/p>\n\n\n\n<p>  Mercoled\u00ec scorso, commentando le prime reazioni di Mosca alla prossima visita del cardinale Zuppi il segretario di Stato vaticano, cardinale Pietro Parolin, ha detto: &#8220;Mi pare siano positive, fin dall&#8217;inizio hanno manifestato la loro disponibilit\u00e0 a riceverlo, adesso si tratter\u00e0 di vedere a che livello sar\u00e0 ricevuto e non posso prevedere i risultati di questa visita&#8221;. &#8220;A Mosca c&#8217;\u00e8 dunque la disponibilit\u00e0 a riceverlo &#8211; ha aggiunto -, non so per\u00f2 se da parte di Putin: su questo non saprei proprio rispondere&#8221;.   &#8220;Per la pace in Ucraina &#8211; ha sottolineato Parolin &#8211; bisogna cominciare a parlare un po&#8217; pi\u00f9 di pace, non si deve rimanere prigionieri di una logica di schieramenti e di guerra e poi si deve offrire spazi di mediazione. Come gi\u00e0 si sta facendo da pi\u00f9 parti &#8211; ha continuato &#8211; e cercare di convincere responsabili dei due Paesi che l&#8217;unica strada per costruire qualcosa di solido \u00e8 quella della pace, anche mettendo in luce i disastri che la guerra provoca sul versante umanitario&#8221;. (ANSA)<\/p>\n\n\n<figure class=\"wp-block-post-featured-image\"><img decoding=\"async\" width=\"768\" height=\"1234\" src=\"https:\/\/www.nonsolomusicamagazine.it\/wp-content\/uploads\/2023\/05\/SKMBT_C22019111512500-e1573829957989-768x1234-1.jpg\" class=\"attachment-post-thumbnail size-post-thumbnail wp-post-image\" alt=\"\" style=\"object-fit:cover;\" srcset=\"https:\/\/www.nonsolomusicamagazine.it\/wp-content\/uploads\/2023\/05\/SKMBT_C22019111512500-e1573829957989-768x1234-1.jpg 768w, https:\/\/www.nonsolomusicamagazine.it\/wp-content\/uploads\/2023\/05\/SKMBT_C22019111512500-e1573829957989-768x1234-1-187x300.jpg 187w, https:\/\/www.nonsolomusicamagazine.it\/wp-content\/uploads\/2023\/05\/SKMBT_C22019111512500-e1573829957989-768x1234-1-637x1024.jpg 637w\" sizes=\"(max-width: 768px) 100vw, 768px\" \/><\/figure>","protected":false},"excerpt":{"rendered":"<p>&#8220;Si comunica che nei giorni 28 e 29 giugno 2023, il Card. Matteo Maria Zuppi, Arcivescovo di Bologna e Presidente della Conferenza Episcopale Italiana, accompagnato da un Officiale della Segreteria di Stato, compir\u00e0 una visita a Mosca, quale Inviato di Papa Francesco&#8221;. Lo comunica la Santa Sede. &#8220;Scopo principale dell&#8217;iniziativa \u00e8 incoraggiare gesti di umanit\u00e0, [&hellip;]<\/p>\n","protected":false},"author":1,"featured_media":1331,"comment_status":"open","ping_status":"closed","sticky":false,"template":"","format":"standard","meta":{"footnotes":""},"categories":[6],"tags":[221,618,69,376,12,13,903],"class_list":["post-1763","post","type-post","status-publish","format-standard","has-post-thumbnail","hentry","category-esteri","tag-guerra","tag-mosca","tag-pace","tag-papa-francesco","tag-russia","tag-ucraina","tag-zuppi"],"yoast_head":"<!-- This site is optimized with the Yoast SEO plugin v27.4 - https:\/\/yoast.com\/product\/yoast-seo-wordpress\/ -->\n<title>Il cardinale Zuppi in missione &quot;di pace&quot; a Mosca domani e gioved\u00ec - NonSoloMusicaMagazine<\/title>\n<meta name=\"description\" content=\"Il cardinale Zuppi in missione &quot;di pace&quot; a Mosca domani e gioved\u00ec\" \/>\n<meta name=\"robots\" content=\"index, follow, max-snippet:-1, max-image-preview:large, max-video-preview:-1\" \/>\n<link rel=\"canonical\" href=\"https:\/\/www.nonsolomusicamagazine.it\/?p=1763\" \/>\n<meta property=\"og:locale\" content=\"it_IT\" \/>\n<meta property=\"og:type\" content=\"article\" \/>\n<meta property=\"og:title\" content=\"Il cardinale Zuppi in missione &quot;di pace&quot; a Mosca domani e gioved\u00ec - NonSoloMusicaMagazine\" \/>\n<meta property=\"og:description\" content=\"Il cardinale Zuppi in missione &quot;di pace&quot; a Mosca domani e gioved\u00ec\" \/>\n<meta property=\"og:url\" content=\"https:\/\/www.nonsolomusicamagazine.it\/?p=1763\" \/>\n<meta property=\"og:site_name\" content=\"NonSoloMusicaMagazine\" \/>\n<meta property=\"article:published_time\" content=\"2023-06-27T18:03:58+00:00\" \/>\n<meta property=\"article:modified_time\" content=\"2023-06-27T18:03:59+00:00\" \/>\n<meta property=\"og:image\" content=\"https:\/\/www.nonsolomusicamagazine.it\/wp-content\/uploads\/2023\/05\/SKMBT_C22019111512500-e1573829957989-768x1234-1.jpg\" \/>\n\t<meta property=\"og:image:width\" content=\"768\" \/>\n\t<meta property=\"og:image:height\" content=\"1234\" \/>\n\t<meta property=\"og:image:type\" content=\"image\/jpeg\" \/>\n<meta name=\"author\" content=\"nonsolomusica\" \/>\n<meta name=\"twitter:card\" content=\"summary_large_image\" \/>\n<meta name=\"twitter:label1\" content=\"Scritto da\" \/>\n\t<meta name=\"twitter:data1\" content=\"nonsolomusica\" \/>\n\t<meta name=\"twitter:label2\" content=\"Tempo di lettura stimato\" \/>\n\t<meta name=\"twitter:data2\" content=\"3 minuti\" \/>\n<script type=\"application\/ld+json\" class=\"yoast-schema-graph\">{\"@context\":\"https:\\\/\\\/schema.org\",\"@graph\":[{\"@type\":\"Article\",\"@id\":\"https:\\\/\\\/www.nonsolomusicamagazine.it\\\/?p=1763#article\",\"isPartOf\":{\"@id\":\"https:\\\/\\\/www.nonsolomusicamagazine.it\\\/?p=1763\"},\"author\":{\"name\":\"nonsolomusica\",\"@id\":\"https:\\\/\\\/www.nonsolomusicamagazine.it\\\/#\\\/schema\\\/person\\\/a3349ad02300d046472d46cf6d31ae46\"},\"headline\":\"Il cardinale Zuppi in missione &#8220;di pace&#8221; a Mosca domani e gioved\u00ec\",\"datePublished\":\"2023-06-27T18:03:58+00:00\",\"dateModified\":\"2023-06-27T18:03:59+00:00\",\"mainEntityOfPage\":{\"@id\":\"https:\\\/\\\/www.nonsolomusicamagazine.it\\\/?p=1763\"},\"wordCount\":551,\"commentCount\":0,\"image\":{\"@id\":\"https:\\\/\\\/www.nonsolomusicamagazine.it\\\/?p=1763#primaryimage\"},\"thumbnailUrl\":\"https:\\\/\\\/www.nonsolomusicamagazine.it\\\/wp-content\\\/uploads\\\/2023\\\/05\\\/SKMBT_C22019111512500-e1573829957989-768x1234-1.jpg\",\"keywords\":[\"Guerra\",\"Mosca\",\"Pace\",\"Papa Francesco\",\"Russia\",\"Ucraina\",\"Zuppi\"],\"articleSection\":[\"Esteri\"],\"inLanguage\":\"it-IT\",\"potentialAction\":[{\"@type\":\"CommentAction\",\"name\":\"Comment\",\"target\":[\"https:\\\/\\\/www.nonsolomusicamagazine.it\\\/?p=1763#respond\"]}]},{\"@type\":\"WebPage\",\"@id\":\"https:\\\/\\\/www.nonsolomusicamagazine.it\\\/?p=1763\",\"url\":\"https:\\\/\\\/www.nonsolomusicamagazine.it\\\/?p=1763\",\"name\":\"Il cardinale Zuppi in missione \\\"di pace\\\" a Mosca domani e gioved\u00ec - NonSoloMusicaMagazine\",\"isPartOf\":{\"@id\":\"https:\\\/\\\/www.nonsolomusicamagazine.it\\\/#website\"},\"primaryImageOfPage\":{\"@id\":\"https:\\\/\\\/www.nonsolomusicamagazine.it\\\/?p=1763#primaryimage\"},\"image\":{\"@id\":\"https:\\\/\\\/www.nonsolomusicamagazine.it\\\/?p=1763#primaryimage\"},\"thumbnailUrl\":\"https:\\\/\\\/www.nonsolomusicamagazine.it\\\/wp-content\\\/uploads\\\/2023\\\/05\\\/SKMBT_C22019111512500-e1573829957989-768x1234-1.jpg\",\"datePublished\":\"2023-06-27T18:03:58+00:00\",\"dateModified\":\"2023-06-27T18:03:59+00:00\",\"author\":{\"@id\":\"https:\\\/\\\/www.nonsolomusicamagazine.it\\\/#\\\/schema\\\/person\\\/a3349ad02300d046472d46cf6d31ae46\"},\"description\":\"Il cardinale Zuppi in missione \\\"di pace\\\" a Mosca domani e gioved\u00ec\",\"breadcrumb\":{\"@id\":\"https:\\\/\\\/www.nonsolomusicamagazine.it\\\/?p=1763#breadcrumb\"},\"inLanguage\":\"it-IT\",\"potentialAction\":[{\"@type\":\"ReadAction\",\"target\":[\"https:\\\/\\\/www.nonsolomusicamagazine.it\\\/?p=1763\"]}]},{\"@type\":\"ImageObject\",\"inLanguage\":\"it-IT\",\"@id\":\"https:\\\/\\\/www.nonsolomusicamagazine.it\\\/?p=1763#primaryimage\",\"url\":\"https:\\\/\\\/www.nonsolomusicamagazine.it\\\/wp-content\\\/uploads\\\/2023\\\/05\\\/SKMBT_C22019111512500-e1573829957989-768x1234-1.jpg\",\"contentUrl\":\"https:\\\/\\\/www.nonsolomusicamagazine.it\\\/wp-content\\\/uploads\\\/2023\\\/05\\\/SKMBT_C22019111512500-e1573829957989-768x1234-1.jpg\",\"width\":768,\"height\":1234},{\"@type\":\"BreadcrumbList\",\"@id\":\"https:\\\/\\\/www.nonsolomusicamagazine.it\\\/?p=1763#breadcrumb\",\"itemListElement\":[{\"@type\":\"ListItem\",\"position\":1,\"name\":\"Home\",\"item\":\"https:\\\/\\\/www.nonsolomusicamagazine.it\\\/\"},{\"@type\":\"ListItem\",\"position\":2,\"name\":\"Il cardinale Zuppi in missione &#8220;di pace&#8221; a Mosca domani e gioved\u00ec\"}]},{\"@type\":\"WebSite\",\"@id\":\"https:\\\/\\\/www.nonsolomusicamagazine.it\\\/#website\",\"url\":\"https:\\\/\\\/www.nonsolomusicamagazine.it\\\/\",\"name\":\"Nonsolomusicamagazine\",\"description\":\"Dir. responsabile Manuel M Buccarella\",\"potentialAction\":[{\"@type\":\"SearchAction\",\"target\":{\"@type\":\"EntryPoint\",\"urlTemplate\":\"https:\\\/\\\/www.nonsolomusicamagazine.it\\\/?s={search_term_string}\"},\"query-input\":{\"@type\":\"PropertyValueSpecification\",\"valueRequired\":true,\"valueName\":\"search_term_string\"}}],\"inLanguage\":\"it-IT\"},{\"@type\":\"Person\",\"@id\":\"https:\\\/\\\/www.nonsolomusicamagazine.it\\\/#\\\/schema\\\/person\\\/a3349ad02300d046472d46cf6d31ae46\",\"name\":\"nonsolomusica\",\"image\":{\"@type\":\"ImageObject\",\"inLanguage\":\"it-IT\",\"@id\":\"https:\\\/\\\/www.nonsolomusicamagazine.it\\\/wp-content\\\/litespeed\\\/avatar\\\/3a675484bc84db6aba78d43bfc8b7197.jpg?ver=1776880798\",\"url\":\"https:\\\/\\\/www.nonsolomusicamagazine.it\\\/wp-content\\\/litespeed\\\/avatar\\\/3a675484bc84db6aba78d43bfc8b7197.jpg?ver=1776880798\",\"contentUrl\":\"https:\\\/\\\/www.nonsolomusicamagazine.it\\\/wp-content\\\/litespeed\\\/avatar\\\/3a675484bc84db6aba78d43bfc8b7197.jpg?ver=1776880798\",\"caption\":\"nonsolomusica\"},\"sameAs\":[\"https:\\\/\\\/www.nonsolomusicamagazine.it\"],\"url\":\"https:\\\/\\\/www.nonsolomusicamagazine.it\\\/?author=1\"}]}<\/script>\n<!-- \/ Yoast SEO plugin. -->","yoast_head_json":{"title":"Il cardinale Zuppi in missione \"di pace\" a Mosca domani e gioved\u00ec - NonSoloMusicaMagazine","description":"Il cardinale Zuppi in missione \"di pace\" a Mosca domani e gioved\u00ec","robots":{"index":"index","follow":"follow","max-snippet":"max-snippet:-1","max-image-preview":"max-image-preview:large","max-video-preview":"max-video-preview:-1"},"canonical":"https:\/\/www.nonsolomusicamagazine.it\/?p=1763","og_locale":"it_IT","og_type":"article","og_title":"Il cardinale Zuppi in missione \"di pace\" a Mosca domani e gioved\u00ec - NonSoloMusicaMagazine","og_description":"Il cardinale Zuppi in missione \"di pace\" a Mosca domani e gioved\u00ec","og_url":"https:\/\/www.nonsolomusicamagazine.it\/?p=1763","og_site_name":"NonSoloMusicaMagazine","article_published_time":"2023-06-27T18:03:58+00:00","article_modified_time":"2023-06-27T18:03:59+00:00","og_image":[{"width":768,"height":1234,"url":"https:\/\/www.nonsolomusicamagazine.it\/wp-content\/uploads\/2023\/05\/SKMBT_C22019111512500-e1573829957989-768x1234-1.jpg","type":"image\/jpeg"}],"author":"nonsolomusica","twitter_card":"summary_large_image","twitter_misc":{"Scritto da":"nonsolomusica","Tempo di lettura stimato":"3 minuti"},"schema":{"@context":"https:\/\/schema.org","@graph":[{"@type":"Article","@id":"https:\/\/www.nonsolomusicamagazine.it\/?p=1763#article","isPartOf":{"@id":"https:\/\/www.nonsolomusicamagazine.it\/?p=1763"},"author":{"name":"nonsolomusica","@id":"https:\/\/www.nonsolomusicamagazine.it\/#\/schema\/person\/a3349ad02300d046472d46cf6d31ae46"},"headline":"Il cardinale Zuppi in missione &#8220;di pace&#8221; a Mosca domani e gioved\u00ec","datePublished":"2023-06-27T18:03:58+00:00","dateModified":"2023-06-27T18:03:59+00:00","mainEntityOfPage":{"@id":"https:\/\/www.nonsolomusicamagazine.it\/?p=1763"},"wordCount":551,"commentCount":0,"image":{"@id":"https:\/\/www.nonsolomusicamagazine.it\/?p=1763#primaryimage"},"thumbnailUrl":"https:\/\/www.nonsolomusicamagazine.it\/wp-content\/uploads\/2023\/05\/SKMBT_C22019111512500-e1573829957989-768x1234-1.jpg","keywords":["Guerra","Mosca","Pace","Papa Francesco","Russia","Ucraina","Zuppi"],"articleSection":["Esteri"],"inLanguage":"it-IT","potentialAction":[{"@type":"CommentAction","name":"Comment","target":["https:\/\/www.nonsolomusicamagazine.it\/?p=1763#respond"]}]},{"@type":"WebPage","@id":"https:\/\/www.nonsolomusicamagazine.it\/?p=1763","url":"https:\/\/www.nonsolomusicamagazine.it\/?p=1763","name":"Il cardinale Zuppi in missione \"di pace\" a Mosca domani e gioved\u00ec - NonSoloMusicaMagazine","isPartOf":{"@id":"https:\/\/www.nonsolomusicamagazine.it\/#website"},"primaryImageOfPage":{"@id":"https:\/\/www.nonsolomusicamagazine.it\/?p=1763#primaryimage"},"image":{"@id":"https:\/\/www.nonsolomusicamagazine.it\/?p=1763#primaryimage"},"thumbnailUrl":"https:\/\/www.nonsolomusicamagazine.it\/wp-content\/uploads\/2023\/05\/SKMBT_C22019111512500-e1573829957989-768x1234-1.jpg","datePublished":"2023-06-27T18:03:58+00:00","dateModified":"2023-06-27T18:03:59+00:00","author":{"@id":"https:\/\/www.nonsolomusicamagazine.it\/#\/schema\/person\/a3349ad02300d046472d46cf6d31ae46"},"description":"Il cardinale Zuppi in missione \"di pace\" a Mosca domani e gioved\u00ec","breadcrumb":{"@id":"https:\/\/www.nonsolomusicamagazine.it\/?p=1763#breadcrumb"},"inLanguage":"it-IT","potentialAction":[{"@type":"ReadAction","target":["https:\/\/www.nonsolomusicamagazine.it\/?p=1763"]}]},{"@type":"ImageObject","inLanguage":"it-IT","@id":"https:\/\/www.nonsolomusicamagazine.it\/?p=1763#primaryimage","url":"https:\/\/www.nonsolomusicamagazine.it\/wp-content\/uploads\/2023\/05\/SKMBT_C22019111512500-e1573829957989-768x1234-1.jpg","contentUrl":"https:\/\/www.nonsolomusicamagazine.it\/wp-content\/uploads\/2023\/05\/SKMBT_C22019111512500-e1573829957989-768x1234-1.jpg","width":768,"height":1234},{"@type":"BreadcrumbList","@id":"https:\/\/www.nonsolomusicamagazine.it\/?p=1763#breadcrumb","itemListElement":[{"@type":"ListItem","position":1,"name":"Home","item":"https:\/\/www.nonsolomusicamagazine.it\/"},{"@type":"ListItem","position":2,"name":"Il cardinale Zuppi in missione &#8220;di pace&#8221; a Mosca domani e gioved\u00ec"}]},{"@type":"WebSite","@id":"https:\/\/www.nonsolomusicamagazine.it\/#website","url":"https:\/\/www.nonsolomusicamagazine.it\/","name":"Nonsolomusicamagazine","description":"Dir. responsabile Manuel M Buccarella","potentialAction":[{"@type":"SearchAction","target":{"@type":"EntryPoint","urlTemplate":"https:\/\/www.nonsolomusicamagazine.it\/?s={search_term_string}"},"query-input":{"@type":"PropertyValueSpecification","valueRequired":true,"valueName":"search_term_string"}}],"inLanguage":"it-IT"},{"@type":"Person","@id":"https:\/\/www.nonsolomusicamagazine.it\/#\/schema\/person\/a3349ad02300d046472d46cf6d31ae46","name":"nonsolomusica","image":{"@type":"ImageObject","inLanguage":"it-IT","@id":"https:\/\/www.nonsolomusicamagazine.it\/wp-content\/litespeed\/avatar\/3a675484bc84db6aba78d43bfc8b7197.jpg?ver=1776880798","url":"https:\/\/www.nonsolomusicamagazine.it\/wp-content\/litespeed\/avatar\/3a675484bc84db6aba78d43bfc8b7197.jpg?ver=1776880798","contentUrl":"https:\/\/www.nonsolomusicamagazine.it\/wp-content\/litespeed\/avatar\/3a675484bc84db6aba78d43bfc8b7197.jpg?ver=1776880798","caption":"nonsolomusica"},"sameAs":["https:\/\/www.nonsolomusicamagazine.it"],"url":"https:\/\/www.nonsolomusicamagazine.it\/?author=1"}]}},"amp_enabled":true,"_links":{"self":[{"href":"https:\/\/www.nonsolomusicamagazine.it\/index.php?rest_route=\/wp\/v2\/posts\/1763","targetHints":{"allow":["GET"]}}],"collection":[{"href":"https:\/\/www.nonsolomusicamagazine.it\/index.php?rest_route=\/wp\/v2\/posts"}],"about":[{"href":"https:\/\/www.nonsolomusicamagazine.it\/index.php?rest_route=\/wp\/v2\/types\/post"}],"author":[{"embeddable":true,"href":"https:\/\/www.nonsolomusicamagazine.it\/index.php?rest_route=\/wp\/v2\/users\/1"}],"replies":[{"embeddable":true,"href":"https:\/\/www.nonsolomusicamagazine.it\/index.php?rest_route=%2Fwp%2Fv2%2Fcomments&post=1763"}],"version-history":[{"count":0,"href":"https:\/\/www.nonsolomusicamagazine.it\/index.php?rest_route=\/wp\/v2\/posts\/1763\/revisions"}],"wp:featuredmedia":[{"embeddable":true,"href":"https:\/\/www.nonsolomusicamagazine.it\/index.php?rest_route=\/wp\/v2\/media\/1331"}],"wp:attachment":[{"href":"https:\/\/www.nonsolomusicamagazine.it\/index.php?rest_route=%2Fwp%2Fv2%2Fmedia&parent=1763"}],"wp:term":[{"taxonomy":"category","embeddable":true,"href":"https:\/\/www.nonsolomusicamagazine.it\/index.php?rest_route=%2Fwp%2Fv2%2Fcategories&post=1763"},{"taxonomy":"post_tag","embeddable":true,"href":"https:\/\/www.nonsolomusicamagazine.it\/index.php?rest_route=%2Fwp%2Fv2%2Ftags&post=1763"}],"curies":[{"name":"wp","href":"https:\/\/api.w.org\/{rel}","templated":true}]}}