{"id":1779,"date":"2023-06-28T16:53:37","date_gmt":"2023-06-28T16:53:37","guid":{"rendered":"https:\/\/www.nonsolomusicamagazine.it\/?p=1779"},"modified":"2023-06-28T16:53:37","modified_gmt":"2023-06-28T16:53:37","slug":"figliuolo-e-santanche-due-vicende-simboliche-per-capire-il-modus-operandi-del-governo","status":"publish","type":"post","link":"https:\/\/www.nonsolomusicamagazine.it\/?p=1779","title":{"rendered":"FIGLIUOLO E SANTANCHE\u2019: DUE VICENDE SIMBOLICHE PER CAPIRE IL \u201cMODUS OPERANDI\u201d DEL GOVERNO"},"content":{"rendered":"\n<h5 class=\"wp-block-heading\"><em>COME OCCUPARE TUTTI I POSTI DISPONIBILI E NON DIMETTERSI MAI<\/em><\/h5>\n\n\n\n<p class=\"has-text-align-center\"><strong>Luciano Graziuso<\/strong><\/p>\n\n\n\n<p>Il generale Francesco Paolo Figliuolo e la ministra del turismo Daniela Santanch\u00e8 sono due personaggi coinvolti in situazioni all\u2019apparenza del tutto diverse, ma facilmente accomunabili dal solito malcostume con cui questo governo continua ad operare senza sosta dal giorno in cui si \u00e8 insediato: analizziamo nel dettaglio entrambe le vicende che li riguardano<\/p>\n\n\n\n<h5 class=\"wp-block-heading\">FIGLIUOLO NOMINATO COMMISSARIO PER LA RICOSTRUZIONE POST-ALLUVIONE IN ROMAGNA!<\/h5>\n\n\n\n<p>Se qualcuno leggesse la frase precedente senza conoscere i retroscena, potrebbe benissimo pensare:\u201d Beh, cosa c\u2019\u00e8 di strano? Si tratta semplicemente di un nome come un altro\u201d; vi sono per\u00f2 alcune considerazioni di varia natura da fare al proposito, delle quali adesso parleremo. Prima fra tutte, notare come spesso capita, ai governi di destra, di occupare tutti i ruoli, tutte le istituzioni e tutti i gangli del potere con propri uomini e non lasciare neanche uno strapuntino alle opposizioni (infatti, per esempio la Meloni fa fuori Bonaccini, che invece, in quanto presidente della Regione Emilia-Romagna, magari sarebbe stato pi\u00f9 idoneo a ricoprire la carica in questione, come profondo conoscitore di tutte le realt\u00e0 del proprio territorio); tanto pi\u00f9 \u201cstellare\u201d sarebbe stato pensare ad un\u2019investitura \u201cin quota 5 Stelle\u201d, odiati e invisi come sono costoro a tutto il \u201cmainstream\u201d italico; in secondo luogo, la premier dimostra di essere in perfetta continuit\u00e0 con l\u2019\u201dagenda\u201d Draghi, prendendo platealmente in giro gli italiani se solo questi sian capaci di riflettere un attimo sul fatto che all\u2019epoca di quell\u2019esecutivo sbandierava ai quattro venti di incarnare la sola vera opposizione facendosene motivo di continuo vanto, mentre oggi \u00e8 la pi\u00f9 fedele esecutrice della linea politica draghiana; per finire, il generale Figliuolo, nei precedenti ruoli che ha ricoperto, non ultimo in occasione dell\u2019emergenza Covid, non ha di certo brillato per singolari e portentose capacit\u00e0 gestionali.<\/p>\n\n\n\n<h5 class=\"wp-block-heading\">SANTANCHE\u2019, COME TUTTO TORNA: DOPO 40 ANNI DI BERLUSCONISMO E\u2019 L\u2019ITALIA PEGGIORE CHE RITIENE LE SIA TUTTO DOVUTO<\/h5>\n\n\n\n<p>Nella vita non tutti siamo uguali, anche se qualcuno scioccamente continua ancora a crederlo; \u00e8 quello che pu\u00f2 aver pensato la Santanch\u00e8 quando ha commesso qualche errore nella gestione delle sue imprese, non pagando puntualmente oppure licenziando direttamente i suoi dipendenti, mentre si circondava di beni di lusso a go-go. Questo almeno secondo alcune trasmissioni tv come Report e alcuni quotidiani come \u201cIl Fatto\u201d di Travaglio, anche se la ministra ha assicurato pi\u00f9 volte che chiarir\u00e0 tutto perfino in Parlamento, naturalmente dopo che membri dell\u2019opposizione avevano presentato istanze formali in questo senso. Peccato che il governo, di cui fa parte anche lei, abbia deciso di rinviare il suo \u201credde rationem\u201d al 5 luglio, quando presumibilmente lo scandalo si sar\u00e0 \u201craffreddato\u201d, molti cittadini saranno gi\u00e0 in ferie e l\u2019attenzione sul caso si sar\u00e0 in buona parte esaurita anche per il sopraggiungere di nuove \u201cemergenze\u201d, come spesso \u00e8 accaduto e accade. In questo, bisogna darne atto, la destra (e non solo lei) \u00e8 maestra e insuperabile. Peccato che a pagarne le conseguenze \u00e8 la democrazia e dunque sono i cittadini. Inoltre, non vorremmo pensar male, l\u2019esecutivo ha pensato bene di cambiare la modalit\u00e0 del \u201cquestion-time\u201d in \u201cinformativa al Parlamento\u201d, cosa che oggettivamente favorisce la Santanch\u00e8: nessuna domanda dai rappresentanti del popolo, solo una sua \u201cprolusione\u201d autoassolutoria\u2026<\/p>\n\n\n<figure class=\"wp-block-post-featured-image\"><img decoding=\"async\" width=\"200\" height=\"276\" src=\"https:\/\/www.nonsolomusicamagazine.it\/wp-content\/uploads\/2023\/06\/senato-nuovo-6.jpg\" class=\"attachment-post-thumbnail size-post-thumbnail wp-post-image\" alt=\"\" style=\"object-fit:cover;\" \/><\/figure>","protected":false},"excerpt":{"rendered":"<p>COME OCCUPARE TUTTI I POSTI DISPONIBILI E NON DIMETTERSI MAI Luciano Graziuso Il generale Francesco Paolo Figliuolo e la ministra del turismo Daniela Santanch\u00e8 sono due personaggi coinvolti in situazioni all\u2019apparenza del tutto diverse, ma facilmente accomunabili dal solito malcostume con cui questo governo continua ad operare senza sosta dal giorno in cui si \u00e8 [&hellip;]<\/p>\n","protected":false},"author":1,"featured_media":1780,"comment_status":"open","ping_status":"closed","sticky":false,"template":"","format":"standard","meta":{"footnotes":""},"categories":[5,20],"tags":[1318,1319,114,899,1320],"class_list":["post-1779","post","type-post","status-publish","format-standard","has-post-thumbnail","hentry","category-politica","category-societa","tag-daniela-santanche","tag-figliuolo","tag-governo","tag-politica","tag-scandali"],"yoast_head":"<!-- This site is optimized with the Yoast SEO plugin v27.4 - https:\/\/yoast.com\/product\/yoast-seo-wordpress\/ -->\n<title>FIGLIUOLO E SANTANCHE\u2019: DUE VICENDE SIMBOLICHE PER CAPIRE IL \u201cMODUS OPERANDI\u201d DEL GOVERNO - NonSoloMusicaMagazine<\/title>\n<meta name=\"description\" content=\"FIGLIUOLO E SANTANCHE\u2019: DUE VICENDE SIMBOLICHE PER CAPIRE IL \u201cMODUS OPERANDI\u201d DEL GOVERNO\" \/>\n<meta name=\"robots\" content=\"index, follow, max-snippet:-1, max-image-preview:large, max-video-preview:-1\" \/>\n<link rel=\"canonical\" href=\"https:\/\/www.nonsolomusicamagazine.it\/?p=1779\" \/>\n<meta property=\"og:locale\" content=\"it_IT\" \/>\n<meta property=\"og:type\" content=\"article\" \/>\n<meta property=\"og:title\" content=\"FIGLIUOLO E SANTANCHE\u2019: DUE VICENDE SIMBOLICHE PER CAPIRE IL \u201cMODUS OPERANDI\u201d DEL GOVERNO - NonSoloMusicaMagazine\" \/>\n<meta property=\"og:description\" content=\"FIGLIUOLO E SANTANCHE\u2019: DUE VICENDE SIMBOLICHE PER CAPIRE IL \u201cMODUS OPERANDI\u201d DEL GOVERNO\" \/>\n<meta property=\"og:url\" content=\"https:\/\/www.nonsolomusicamagazine.it\/?p=1779\" \/>\n<meta property=\"og:site_name\" content=\"NonSoloMusicaMagazine\" \/>\n<meta property=\"article:published_time\" content=\"2023-06-28T16:53:37+00:00\" \/>\n<meta property=\"og:image\" content=\"https:\/\/www.nonsolomusicamagazine.it\/wp-content\/uploads\/2023\/06\/senato-nuovo-6.jpg\" \/>\n\t<meta property=\"og:image:width\" content=\"200\" \/>\n\t<meta property=\"og:image:height\" content=\"276\" \/>\n\t<meta property=\"og:image:type\" content=\"image\/jpeg\" \/>\n<meta name=\"author\" content=\"nonsolomusica\" \/>\n<meta name=\"twitter:card\" content=\"summary_large_image\" \/>\n<meta name=\"twitter:label1\" content=\"Scritto da\" \/>\n\t<meta name=\"twitter:data1\" content=\"nonsolomusica\" \/>\n\t<meta name=\"twitter:label2\" content=\"Tempo di lettura stimato\" \/>\n\t<meta name=\"twitter:data2\" content=\"3 minuti\" \/>\n<script type=\"application\/ld+json\" class=\"yoast-schema-graph\">{\"@context\":\"https:\\\/\\\/schema.org\",\"@graph\":[{\"@type\":\"Article\",\"@id\":\"https:\\\/\\\/www.nonsolomusicamagazine.it\\\/?p=1779#article\",\"isPartOf\":{\"@id\":\"https:\\\/\\\/www.nonsolomusicamagazine.it\\\/?p=1779\"},\"author\":{\"name\":\"nonsolomusica\",\"@id\":\"https:\\\/\\\/www.nonsolomusicamagazine.it\\\/#\\\/schema\\\/person\\\/a3349ad02300d046472d46cf6d31ae46\"},\"headline\":\"FIGLIUOLO E SANTANCHE\u2019: DUE VICENDE SIMBOLICHE PER CAPIRE IL \u201cMODUS OPERANDI\u201d DEL GOVERNO\",\"datePublished\":\"2023-06-28T16:53:37+00:00\",\"mainEntityOfPage\":{\"@id\":\"https:\\\/\\\/www.nonsolomusicamagazine.it\\\/?p=1779\"},\"wordCount\":548,\"commentCount\":2,\"image\":{\"@id\":\"https:\\\/\\\/www.nonsolomusicamagazine.it\\\/?p=1779#primaryimage\"},\"thumbnailUrl\":\"https:\\\/\\\/www.nonsolomusicamagazine.it\\\/wp-content\\\/uploads\\\/2023\\\/06\\\/senato-nuovo-6.jpg\",\"keywords\":[\"Daniela Santanch\u00e8\",\"Figliuolo\",\"Governo\",\"politica\",\"Scandali\"],\"articleSection\":[\"Politica\",\"Societ\u00e0\"],\"inLanguage\":\"it-IT\",\"potentialAction\":[{\"@type\":\"CommentAction\",\"name\":\"Comment\",\"target\":[\"https:\\\/\\\/www.nonsolomusicamagazine.it\\\/?p=1779#respond\"]}]},{\"@type\":\"WebPage\",\"@id\":\"https:\\\/\\\/www.nonsolomusicamagazine.it\\\/?p=1779\",\"url\":\"https:\\\/\\\/www.nonsolomusicamagazine.it\\\/?p=1779\",\"name\":\"FIGLIUOLO E SANTANCHE\u2019: DUE VICENDE SIMBOLICHE PER CAPIRE IL \u201cMODUS OPERANDI\u201d DEL GOVERNO - NonSoloMusicaMagazine\",\"isPartOf\":{\"@id\":\"https:\\\/\\\/www.nonsolomusicamagazine.it\\\/#website\"},\"primaryImageOfPage\":{\"@id\":\"https:\\\/\\\/www.nonsolomusicamagazine.it\\\/?p=1779#primaryimage\"},\"image\":{\"@id\":\"https:\\\/\\\/www.nonsolomusicamagazine.it\\\/?p=1779#primaryimage\"},\"thumbnailUrl\":\"https:\\\/\\\/www.nonsolomusicamagazine.it\\\/wp-content\\\/uploads\\\/2023\\\/06\\\/senato-nuovo-6.jpg\",\"datePublished\":\"2023-06-28T16:53:37+00:00\",\"author\":{\"@id\":\"https:\\\/\\\/www.nonsolomusicamagazine.it\\\/#\\\/schema\\\/person\\\/a3349ad02300d046472d46cf6d31ae46\"},\"description\":\"FIGLIUOLO E SANTANCHE\u2019: DUE VICENDE SIMBOLICHE PER CAPIRE IL \u201cMODUS OPERANDI\u201d DEL GOVERNO\",\"breadcrumb\":{\"@id\":\"https:\\\/\\\/www.nonsolomusicamagazine.it\\\/?p=1779#breadcrumb\"},\"inLanguage\":\"it-IT\",\"potentialAction\":[{\"@type\":\"ReadAction\",\"target\":[\"https:\\\/\\\/www.nonsolomusicamagazine.it\\\/?p=1779\"]}]},{\"@type\":\"ImageObject\",\"inLanguage\":\"it-IT\",\"@id\":\"https:\\\/\\\/www.nonsolomusicamagazine.it\\\/?p=1779#primaryimage\",\"url\":\"https:\\\/\\\/www.nonsolomusicamagazine.it\\\/wp-content\\\/uploads\\\/2023\\\/06\\\/senato-nuovo-6.jpg\",\"contentUrl\":\"https:\\\/\\\/www.nonsolomusicamagazine.it\\\/wp-content\\\/uploads\\\/2023\\\/06\\\/senato-nuovo-6.jpg\",\"width\":200,\"height\":276},{\"@type\":\"BreadcrumbList\",\"@id\":\"https:\\\/\\\/www.nonsolomusicamagazine.it\\\/?p=1779#breadcrumb\",\"itemListElement\":[{\"@type\":\"ListItem\",\"position\":1,\"name\":\"Home\",\"item\":\"https:\\\/\\\/www.nonsolomusicamagazine.it\\\/\"},{\"@type\":\"ListItem\",\"position\":2,\"name\":\"FIGLIUOLO E SANTANCHE\u2019: DUE VICENDE SIMBOLICHE PER CAPIRE IL \u201cMODUS OPERANDI\u201d DEL GOVERNO\"}]},{\"@type\":\"WebSite\",\"@id\":\"https:\\\/\\\/www.nonsolomusicamagazine.it\\\/#website\",\"url\":\"https:\\\/\\\/www.nonsolomusicamagazine.it\\\/\",\"name\":\"Nonsolomusicamagazine\",\"description\":\"Dir. responsabile Manuel M Buccarella\",\"potentialAction\":[{\"@type\":\"SearchAction\",\"target\":{\"@type\":\"EntryPoint\",\"urlTemplate\":\"https:\\\/\\\/www.nonsolomusicamagazine.it\\\/?s={search_term_string}\"},\"query-input\":{\"@type\":\"PropertyValueSpecification\",\"valueRequired\":true,\"valueName\":\"search_term_string\"}}],\"inLanguage\":\"it-IT\"},{\"@type\":\"Person\",\"@id\":\"https:\\\/\\\/www.nonsolomusicamagazine.it\\\/#\\\/schema\\\/person\\\/a3349ad02300d046472d46cf6d31ae46\",\"name\":\"nonsolomusica\",\"image\":{\"@type\":\"ImageObject\",\"inLanguage\":\"it-IT\",\"@id\":\"https:\\\/\\\/www.nonsolomusicamagazine.it\\\/wp-content\\\/litespeed\\\/avatar\\\/3a675484bc84db6aba78d43bfc8b7197.jpg?ver=1776880798\",\"url\":\"https:\\\/\\\/www.nonsolomusicamagazine.it\\\/wp-content\\\/litespeed\\\/avatar\\\/3a675484bc84db6aba78d43bfc8b7197.jpg?ver=1776880798\",\"contentUrl\":\"https:\\\/\\\/www.nonsolomusicamagazine.it\\\/wp-content\\\/litespeed\\\/avatar\\\/3a675484bc84db6aba78d43bfc8b7197.jpg?ver=1776880798\",\"caption\":\"nonsolomusica\"},\"sameAs\":[\"https:\\\/\\\/www.nonsolomusicamagazine.it\"],\"url\":\"https:\\\/\\\/www.nonsolomusicamagazine.it\\\/?author=1\"}]}<\/script>\n<!-- \/ Yoast SEO plugin. -->","yoast_head_json":{"title":"FIGLIUOLO E SANTANCHE\u2019: DUE VICENDE SIMBOLICHE PER CAPIRE IL \u201cMODUS OPERANDI\u201d DEL GOVERNO - NonSoloMusicaMagazine","description":"FIGLIUOLO E SANTANCHE\u2019: DUE VICENDE SIMBOLICHE PER CAPIRE IL \u201cMODUS OPERANDI\u201d DEL GOVERNO","robots":{"index":"index","follow":"follow","max-snippet":"max-snippet:-1","max-image-preview":"max-image-preview:large","max-video-preview":"max-video-preview:-1"},"canonical":"https:\/\/www.nonsolomusicamagazine.it\/?p=1779","og_locale":"it_IT","og_type":"article","og_title":"FIGLIUOLO E SANTANCHE\u2019: DUE VICENDE SIMBOLICHE PER CAPIRE IL \u201cMODUS OPERANDI\u201d DEL GOVERNO - NonSoloMusicaMagazine","og_description":"FIGLIUOLO E SANTANCHE\u2019: DUE VICENDE SIMBOLICHE PER CAPIRE IL \u201cMODUS OPERANDI\u201d DEL GOVERNO","og_url":"https:\/\/www.nonsolomusicamagazine.it\/?p=1779","og_site_name":"NonSoloMusicaMagazine","article_published_time":"2023-06-28T16:53:37+00:00","og_image":[{"width":200,"height":276,"url":"https:\/\/www.nonsolomusicamagazine.it\/wp-content\/uploads\/2023\/06\/senato-nuovo-6.jpg","type":"image\/jpeg"}],"author":"nonsolomusica","twitter_card":"summary_large_image","twitter_misc":{"Scritto da":"nonsolomusica","Tempo di lettura stimato":"3 minuti"},"schema":{"@context":"https:\/\/schema.org","@graph":[{"@type":"Article","@id":"https:\/\/www.nonsolomusicamagazine.it\/?p=1779#article","isPartOf":{"@id":"https:\/\/www.nonsolomusicamagazine.it\/?p=1779"},"author":{"name":"nonsolomusica","@id":"https:\/\/www.nonsolomusicamagazine.it\/#\/schema\/person\/a3349ad02300d046472d46cf6d31ae46"},"headline":"FIGLIUOLO E SANTANCHE\u2019: DUE VICENDE SIMBOLICHE PER CAPIRE IL \u201cMODUS OPERANDI\u201d DEL GOVERNO","datePublished":"2023-06-28T16:53:37+00:00","mainEntityOfPage":{"@id":"https:\/\/www.nonsolomusicamagazine.it\/?p=1779"},"wordCount":548,"commentCount":2,"image":{"@id":"https:\/\/www.nonsolomusicamagazine.it\/?p=1779#primaryimage"},"thumbnailUrl":"https:\/\/www.nonsolomusicamagazine.it\/wp-content\/uploads\/2023\/06\/senato-nuovo-6.jpg","keywords":["Daniela Santanch\u00e8","Figliuolo","Governo","politica","Scandali"],"articleSection":["Politica","Societ\u00e0"],"inLanguage":"it-IT","potentialAction":[{"@type":"CommentAction","name":"Comment","target":["https:\/\/www.nonsolomusicamagazine.it\/?p=1779#respond"]}]},{"@type":"WebPage","@id":"https:\/\/www.nonsolomusicamagazine.it\/?p=1779","url":"https:\/\/www.nonsolomusicamagazine.it\/?p=1779","name":"FIGLIUOLO E SANTANCHE\u2019: DUE VICENDE SIMBOLICHE PER CAPIRE IL \u201cMODUS OPERANDI\u201d DEL GOVERNO - NonSoloMusicaMagazine","isPartOf":{"@id":"https:\/\/www.nonsolomusicamagazine.it\/#website"},"primaryImageOfPage":{"@id":"https:\/\/www.nonsolomusicamagazine.it\/?p=1779#primaryimage"},"image":{"@id":"https:\/\/www.nonsolomusicamagazine.it\/?p=1779#primaryimage"},"thumbnailUrl":"https:\/\/www.nonsolomusicamagazine.it\/wp-content\/uploads\/2023\/06\/senato-nuovo-6.jpg","datePublished":"2023-06-28T16:53:37+00:00","author":{"@id":"https:\/\/www.nonsolomusicamagazine.it\/#\/schema\/person\/a3349ad02300d046472d46cf6d31ae46"},"description":"FIGLIUOLO E SANTANCHE\u2019: DUE VICENDE SIMBOLICHE PER CAPIRE IL \u201cMODUS OPERANDI\u201d DEL GOVERNO","breadcrumb":{"@id":"https:\/\/www.nonsolomusicamagazine.it\/?p=1779#breadcrumb"},"inLanguage":"it-IT","potentialAction":[{"@type":"ReadAction","target":["https:\/\/www.nonsolomusicamagazine.it\/?p=1779"]}]},{"@type":"ImageObject","inLanguage":"it-IT","@id":"https:\/\/www.nonsolomusicamagazine.it\/?p=1779#primaryimage","url":"https:\/\/www.nonsolomusicamagazine.it\/wp-content\/uploads\/2023\/06\/senato-nuovo-6.jpg","contentUrl":"https:\/\/www.nonsolomusicamagazine.it\/wp-content\/uploads\/2023\/06\/senato-nuovo-6.jpg","width":200,"height":276},{"@type":"BreadcrumbList","@id":"https:\/\/www.nonsolomusicamagazine.it\/?p=1779#breadcrumb","itemListElement":[{"@type":"ListItem","position":1,"name":"Home","item":"https:\/\/www.nonsolomusicamagazine.it\/"},{"@type":"ListItem","position":2,"name":"FIGLIUOLO E SANTANCHE\u2019: DUE VICENDE SIMBOLICHE PER CAPIRE IL \u201cMODUS OPERANDI\u201d DEL GOVERNO"}]},{"@type":"WebSite","@id":"https:\/\/www.nonsolomusicamagazine.it\/#website","url":"https:\/\/www.nonsolomusicamagazine.it\/","name":"Nonsolomusicamagazine","description":"Dir. responsabile Manuel M Buccarella","potentialAction":[{"@type":"SearchAction","target":{"@type":"EntryPoint","urlTemplate":"https:\/\/www.nonsolomusicamagazine.it\/?s={search_term_string}"},"query-input":{"@type":"PropertyValueSpecification","valueRequired":true,"valueName":"search_term_string"}}],"inLanguage":"it-IT"},{"@type":"Person","@id":"https:\/\/www.nonsolomusicamagazine.it\/#\/schema\/person\/a3349ad02300d046472d46cf6d31ae46","name":"nonsolomusica","image":{"@type":"ImageObject","inLanguage":"it-IT","@id":"https:\/\/www.nonsolomusicamagazine.it\/wp-content\/litespeed\/avatar\/3a675484bc84db6aba78d43bfc8b7197.jpg?ver=1776880798","url":"https:\/\/www.nonsolomusicamagazine.it\/wp-content\/litespeed\/avatar\/3a675484bc84db6aba78d43bfc8b7197.jpg?ver=1776880798","contentUrl":"https:\/\/www.nonsolomusicamagazine.it\/wp-content\/litespeed\/avatar\/3a675484bc84db6aba78d43bfc8b7197.jpg?ver=1776880798","caption":"nonsolomusica"},"sameAs":["https:\/\/www.nonsolomusicamagazine.it"],"url":"https:\/\/www.nonsolomusicamagazine.it\/?author=1"}]}},"amp_enabled":true,"_links":{"self":[{"href":"https:\/\/www.nonsolomusicamagazine.it\/index.php?rest_route=\/wp\/v2\/posts\/1779","targetHints":{"allow":["GET"]}}],"collection":[{"href":"https:\/\/www.nonsolomusicamagazine.it\/index.php?rest_route=\/wp\/v2\/posts"}],"about":[{"href":"https:\/\/www.nonsolomusicamagazine.it\/index.php?rest_route=\/wp\/v2\/types\/post"}],"author":[{"embeddable":true,"href":"https:\/\/www.nonsolomusicamagazine.it\/index.php?rest_route=\/wp\/v2\/users\/1"}],"replies":[{"embeddable":true,"href":"https:\/\/www.nonsolomusicamagazine.it\/index.php?rest_route=%2Fwp%2Fv2%2Fcomments&post=1779"}],"version-history":[{"count":0,"href":"https:\/\/www.nonsolomusicamagazine.it\/index.php?rest_route=\/wp\/v2\/posts\/1779\/revisions"}],"wp:featuredmedia":[{"embeddable":true,"href":"https:\/\/www.nonsolomusicamagazine.it\/index.php?rest_route=\/wp\/v2\/media\/1780"}],"wp:attachment":[{"href":"https:\/\/www.nonsolomusicamagazine.it\/index.php?rest_route=%2Fwp%2Fv2%2Fmedia&parent=1779"}],"wp:term":[{"taxonomy":"category","embeddable":true,"href":"https:\/\/www.nonsolomusicamagazine.it\/index.php?rest_route=%2Fwp%2Fv2%2Fcategories&post=1779"},{"taxonomy":"post_tag","embeddable":true,"href":"https:\/\/www.nonsolomusicamagazine.it\/index.php?rest_route=%2Fwp%2Fv2%2Ftags&post=1779"}],"curies":[{"name":"wp","href":"https:\/\/api.w.org\/{rel}","templated":true}]}}