{"id":1791,"date":"2023-06-29T11:50:37","date_gmt":"2023-06-29T11:50:37","guid":{"rendered":"https:\/\/www.nonsolomusicamagazine.it\/?p=1791"},"modified":"2023-06-29T11:50:38","modified_gmt":"2023-06-29T11:50:38","slug":"lotte-di-ieri-lotte-di-oggi-problematiche-e-prospettive-chiude-a-san-donato-di-lecce-la-rassegna-sugli-anni-70","status":"publish","type":"post","link":"https:\/\/www.nonsolomusicamagazine.it\/?p=1791","title":{"rendered":"\u201cLotte di ieri, lotte di oggi (Problematiche e prospettive)&#8221; chiude a San Donato di Lecce la rassegna sugli anni &#8217;70"},"content":{"rendered":"\n<p>Si conclude stasera alle ore 19 con un dibattito pubblico a tema \u201cLotte di ieri, lotte di oggi (Problematiche e prospettive)&#8221; a San Donato di Lecce, presso il Museo di civilt\u00e0 contadina (via Specchia 35, largo Chiesa), la manifestazione \u201cGli Anni \u201970, una formidabile stagione di lotta\u201d. <\/p>\n\n\n\n<p>L\u2019incontro vedr\u00e0 gli interventi di Fabio De Nardis, ordinario di sociologia politica presso le Universit\u00e0 di Foggia e del Salento, di Simone Rollo Ergot (Officine Ergot) e di Andrea Ferreri (associazione B.Fake). Seguir\u00e0 la proiezione del docufilm di Giuliano Capani \u201c50 anni dal \u201968\u201d e l\u2019esibizione musicale live di Elia Dell\u2019Anna. La manifestazione che si conclude stasera, \u00e8 incentrata sulla mostra fotografica delle lotte e manifestazioni politiche degli anni 70 nel Salento .La manifestazione \u00e8 organizzata da Biblioteca Giovanni De Blasi, Associazione Amici del Presepe, I Presidi del libro. <\/p>\n\n\n<figure class=\"wp-block-post-featured-image\"><img decoding=\"async\" width=\"1080\" height=\"1321\" src=\"https:\/\/www.nonsolomusicamagazine.it\/wp-content\/uploads\/2023\/06\/b595bb9f80baccacbbea49df700aad08.0.jpg\" class=\"attachment-post-thumbnail size-post-thumbnail wp-post-image\" alt=\"\" style=\"object-fit:cover;\" srcset=\"https:\/\/www.nonsolomusicamagazine.it\/wp-content\/uploads\/2023\/06\/b595bb9f80baccacbbea49df700aad08.0.jpg 1080w, https:\/\/www.nonsolomusicamagazine.it\/wp-content\/uploads\/2023\/06\/b595bb9f80baccacbbea49df700aad08.0-245x300.jpg 245w, https:\/\/www.nonsolomusicamagazine.it\/wp-content\/uploads\/2023\/06\/b595bb9f80baccacbbea49df700aad08.0-837x1024.jpg 837w, https:\/\/www.nonsolomusicamagazine.it\/wp-content\/uploads\/2023\/06\/b595bb9f80baccacbbea49df700aad08.0-768x939.jpg 768w\" sizes=\"(max-width: 1080px) 100vw, 1080px\" \/><\/figure>","protected":false},"excerpt":{"rendered":"<p>Si conclude stasera alle ore 19 con un dibattito pubblico a tema \u201cLotte di ieri, lotte di oggi (Problematiche e prospettive)&#8221; a San Donato di Lecce, presso il Museo di civilt\u00e0 contadina (via Specchia 35, largo Chiesa), la manifestazione \u201cGli Anni \u201970, una formidabile stagione di lotta\u201d. L\u2019incontro vedr\u00e0 gli interventi di Fabio De Nardis, [&hellip;]<\/p>\n","protected":false},"author":1,"featured_media":1738,"comment_status":"open","ping_status":"closed","sticky":false,"template":"","format":"standard","meta":{"footnotes":""},"categories":[106,5],"tags":[1289,1291,382,1290],"class_list":["post-1791","post","type-post","status-publish","format-standard","has-post-thumbnail","hentry","category-cultura","category-politica","tag-anni-70","tag-lotte","tag-manifestazione","tag-san-donato"],"yoast_head":"<!-- This site is optimized with the Yoast SEO plugin v27.4 - https:\/\/yoast.com\/product\/yoast-seo-wordpress\/ -->\n<title>\u201cLotte di ieri, lotte di oggi (Problematiche e prospettive)&quot; chiude a San Donato di Lecce la rassegna sugli anni &#039;70 - NonSoloMusicaMagazine<\/title>\n<meta name=\"description\" content=\"\u201cLotte di ieri, lotte di oggi (Problematiche e prospettive)&quot; chiude a San Donato di Lecce la rassegna sugli anni &#039;70\" \/>\n<meta name=\"robots\" content=\"index, follow, max-snippet:-1, max-image-preview:large, max-video-preview:-1\" \/>\n<link rel=\"canonical\" href=\"https:\/\/www.nonsolomusicamagazine.it\/?p=1791\" \/>\n<meta property=\"og:locale\" content=\"it_IT\" \/>\n<meta property=\"og:type\" content=\"article\" \/>\n<meta property=\"og:title\" content=\"\u201cLotte di ieri, lotte di oggi (Problematiche e prospettive)&quot; chiude a San Donato di Lecce la rassegna sugli anni &#039;70 - NonSoloMusicaMagazine\" \/>\n<meta property=\"og:description\" content=\"\u201cLotte di ieri, lotte di oggi (Problematiche e prospettive)&quot; chiude a San Donato di Lecce la rassegna sugli anni &#039;70\" \/>\n<meta property=\"og:url\" content=\"https:\/\/www.nonsolomusicamagazine.it\/?p=1791\" \/>\n<meta property=\"og:site_name\" content=\"NonSoloMusicaMagazine\" \/>\n<meta property=\"article:published_time\" content=\"2023-06-29T11:50:37+00:00\" \/>\n<meta property=\"article:modified_time\" content=\"2023-06-29T11:50:38+00:00\" \/>\n<meta property=\"og:image\" content=\"https:\/\/www.nonsolomusicamagazine.it\/wp-content\/uploads\/2023\/06\/b595bb9f80baccacbbea49df700aad08.0.jpg\" \/>\n\t<meta property=\"og:image:width\" content=\"1080\" \/>\n\t<meta property=\"og:image:height\" content=\"1321\" \/>\n\t<meta property=\"og:image:type\" content=\"image\/jpeg\" \/>\n<meta name=\"author\" content=\"nonsolomusica\" \/>\n<meta name=\"twitter:card\" content=\"summary_large_image\" \/>\n<meta name=\"twitter:label1\" content=\"Scritto da\" \/>\n\t<meta name=\"twitter:data1\" content=\"nonsolomusica\" \/>\n\t<meta name=\"twitter:label2\" content=\"Tempo di lettura stimato\" \/>\n\t<meta name=\"twitter:data2\" content=\"1 minuto\" \/>\n<script type=\"application\/ld+json\" class=\"yoast-schema-graph\">{\"@context\":\"https:\\\/\\\/schema.org\",\"@graph\":[{\"@type\":\"Article\",\"@id\":\"https:\\\/\\\/www.nonsolomusicamagazine.it\\\/?p=1791#article\",\"isPartOf\":{\"@id\":\"https:\\\/\\\/www.nonsolomusicamagazine.it\\\/?p=1791\"},\"author\":{\"name\":\"nonsolomusica\",\"@id\":\"https:\\\/\\\/www.nonsolomusicamagazine.it\\\/#\\\/schema\\\/person\\\/a3349ad02300d046472d46cf6d31ae46\"},\"headline\":\"\u201cLotte di ieri, lotte di oggi (Problematiche e prospettive)&#8221; chiude a San Donato di Lecce la rassegna sugli anni &#8217;70\",\"datePublished\":\"2023-06-29T11:50:37+00:00\",\"dateModified\":\"2023-06-29T11:50:38+00:00\",\"mainEntityOfPage\":{\"@id\":\"https:\\\/\\\/www.nonsolomusicamagazine.it\\\/?p=1791\"},\"wordCount\":151,\"commentCount\":0,\"image\":{\"@id\":\"https:\\\/\\\/www.nonsolomusicamagazine.it\\\/?p=1791#primaryimage\"},\"thumbnailUrl\":\"https:\\\/\\\/www.nonsolomusicamagazine.it\\\/wp-content\\\/uploads\\\/2023\\\/06\\\/b595bb9f80baccacbbea49df700aad08.0.jpg\",\"keywords\":[\"Anni 70\",\"lotte\",\"Manifestazione\",\"San Donato\"],\"articleSection\":[\"Cultura\",\"Politica\"],\"inLanguage\":\"it-IT\",\"potentialAction\":[{\"@type\":\"CommentAction\",\"name\":\"Comment\",\"target\":[\"https:\\\/\\\/www.nonsolomusicamagazine.it\\\/?p=1791#respond\"]}]},{\"@type\":\"WebPage\",\"@id\":\"https:\\\/\\\/www.nonsolomusicamagazine.it\\\/?p=1791\",\"url\":\"https:\\\/\\\/www.nonsolomusicamagazine.it\\\/?p=1791\",\"name\":\"\u201cLotte di ieri, lotte di oggi (Problematiche e prospettive)\\\" chiude a San Donato di Lecce la rassegna sugli anni '70 - NonSoloMusicaMagazine\",\"isPartOf\":{\"@id\":\"https:\\\/\\\/www.nonsolomusicamagazine.it\\\/#website\"},\"primaryImageOfPage\":{\"@id\":\"https:\\\/\\\/www.nonsolomusicamagazine.it\\\/?p=1791#primaryimage\"},\"image\":{\"@id\":\"https:\\\/\\\/www.nonsolomusicamagazine.it\\\/?p=1791#primaryimage\"},\"thumbnailUrl\":\"https:\\\/\\\/www.nonsolomusicamagazine.it\\\/wp-content\\\/uploads\\\/2023\\\/06\\\/b595bb9f80baccacbbea49df700aad08.0.jpg\",\"datePublished\":\"2023-06-29T11:50:37+00:00\",\"dateModified\":\"2023-06-29T11:50:38+00:00\",\"author\":{\"@id\":\"https:\\\/\\\/www.nonsolomusicamagazine.it\\\/#\\\/schema\\\/person\\\/a3349ad02300d046472d46cf6d31ae46\"},\"description\":\"\u201cLotte di ieri, lotte di oggi (Problematiche e prospettive)\\\" chiude a San Donato di Lecce la rassegna sugli anni '70\",\"breadcrumb\":{\"@id\":\"https:\\\/\\\/www.nonsolomusicamagazine.it\\\/?p=1791#breadcrumb\"},\"inLanguage\":\"it-IT\",\"potentialAction\":[{\"@type\":\"ReadAction\",\"target\":[\"https:\\\/\\\/www.nonsolomusicamagazine.it\\\/?p=1791\"]}]},{\"@type\":\"ImageObject\",\"inLanguage\":\"it-IT\",\"@id\":\"https:\\\/\\\/www.nonsolomusicamagazine.it\\\/?p=1791#primaryimage\",\"url\":\"https:\\\/\\\/www.nonsolomusicamagazine.it\\\/wp-content\\\/uploads\\\/2023\\\/06\\\/b595bb9f80baccacbbea49df700aad08.0.jpg\",\"contentUrl\":\"https:\\\/\\\/www.nonsolomusicamagazine.it\\\/wp-content\\\/uploads\\\/2023\\\/06\\\/b595bb9f80baccacbbea49df700aad08.0.jpg\",\"width\":1080,\"height\":1321},{\"@type\":\"BreadcrumbList\",\"@id\":\"https:\\\/\\\/www.nonsolomusicamagazine.it\\\/?p=1791#breadcrumb\",\"itemListElement\":[{\"@type\":\"ListItem\",\"position\":1,\"name\":\"Home\",\"item\":\"https:\\\/\\\/www.nonsolomusicamagazine.it\\\/\"},{\"@type\":\"ListItem\",\"position\":2,\"name\":\"\u201cLotte di ieri, lotte di oggi (Problematiche e prospettive)&#8221; chiude a San Donato di Lecce la rassegna sugli anni &#8217;70\"}]},{\"@type\":\"WebSite\",\"@id\":\"https:\\\/\\\/www.nonsolomusicamagazine.it\\\/#website\",\"url\":\"https:\\\/\\\/www.nonsolomusicamagazine.it\\\/\",\"name\":\"Nonsolomusicamagazine\",\"description\":\"Dir. responsabile Manuel M Buccarella\",\"potentialAction\":[{\"@type\":\"SearchAction\",\"target\":{\"@type\":\"EntryPoint\",\"urlTemplate\":\"https:\\\/\\\/www.nonsolomusicamagazine.it\\\/?s={search_term_string}\"},\"query-input\":{\"@type\":\"PropertyValueSpecification\",\"valueRequired\":true,\"valueName\":\"search_term_string\"}}],\"inLanguage\":\"it-IT\"},{\"@type\":\"Person\",\"@id\":\"https:\\\/\\\/www.nonsolomusicamagazine.it\\\/#\\\/schema\\\/person\\\/a3349ad02300d046472d46cf6d31ae46\",\"name\":\"nonsolomusica\",\"image\":{\"@type\":\"ImageObject\",\"inLanguage\":\"it-IT\",\"@id\":\"https:\\\/\\\/www.nonsolomusicamagazine.it\\\/wp-content\\\/litespeed\\\/avatar\\\/3a675484bc84db6aba78d43bfc8b7197.jpg?ver=1776880798\",\"url\":\"https:\\\/\\\/www.nonsolomusicamagazine.it\\\/wp-content\\\/litespeed\\\/avatar\\\/3a675484bc84db6aba78d43bfc8b7197.jpg?ver=1776880798\",\"contentUrl\":\"https:\\\/\\\/www.nonsolomusicamagazine.it\\\/wp-content\\\/litespeed\\\/avatar\\\/3a675484bc84db6aba78d43bfc8b7197.jpg?ver=1776880798\",\"caption\":\"nonsolomusica\"},\"sameAs\":[\"https:\\\/\\\/www.nonsolomusicamagazine.it\"],\"url\":\"https:\\\/\\\/www.nonsolomusicamagazine.it\\\/?author=1\"}]}<\/script>\n<!-- \/ Yoast SEO plugin. -->","yoast_head_json":{"title":"\u201cLotte di ieri, lotte di oggi (Problematiche e prospettive)\" chiude a San Donato di Lecce la rassegna sugli anni '70 - NonSoloMusicaMagazine","description":"\u201cLotte di ieri, lotte di oggi (Problematiche e prospettive)\" chiude a San Donato di Lecce la rassegna sugli anni '70","robots":{"index":"index","follow":"follow","max-snippet":"max-snippet:-1","max-image-preview":"max-image-preview:large","max-video-preview":"max-video-preview:-1"},"canonical":"https:\/\/www.nonsolomusicamagazine.it\/?p=1791","og_locale":"it_IT","og_type":"article","og_title":"\u201cLotte di ieri, lotte di oggi (Problematiche e prospettive)\" chiude a San Donato di Lecce la rassegna sugli anni '70 - NonSoloMusicaMagazine","og_description":"\u201cLotte di ieri, lotte di oggi (Problematiche e prospettive)\" chiude a San Donato di Lecce la rassegna sugli anni '70","og_url":"https:\/\/www.nonsolomusicamagazine.it\/?p=1791","og_site_name":"NonSoloMusicaMagazine","article_published_time":"2023-06-29T11:50:37+00:00","article_modified_time":"2023-06-29T11:50:38+00:00","og_image":[{"width":1080,"height":1321,"url":"https:\/\/www.nonsolomusicamagazine.it\/wp-content\/uploads\/2023\/06\/b595bb9f80baccacbbea49df700aad08.0.jpg","type":"image\/jpeg"}],"author":"nonsolomusica","twitter_card":"summary_large_image","twitter_misc":{"Scritto da":"nonsolomusica","Tempo di lettura stimato":"1 minuto"},"schema":{"@context":"https:\/\/schema.org","@graph":[{"@type":"Article","@id":"https:\/\/www.nonsolomusicamagazine.it\/?p=1791#article","isPartOf":{"@id":"https:\/\/www.nonsolomusicamagazine.it\/?p=1791"},"author":{"name":"nonsolomusica","@id":"https:\/\/www.nonsolomusicamagazine.it\/#\/schema\/person\/a3349ad02300d046472d46cf6d31ae46"},"headline":"\u201cLotte di ieri, lotte di oggi (Problematiche e prospettive)&#8221; chiude a San Donato di Lecce la rassegna sugli anni &#8217;70","datePublished":"2023-06-29T11:50:37+00:00","dateModified":"2023-06-29T11:50:38+00:00","mainEntityOfPage":{"@id":"https:\/\/www.nonsolomusicamagazine.it\/?p=1791"},"wordCount":151,"commentCount":0,"image":{"@id":"https:\/\/www.nonsolomusicamagazine.it\/?p=1791#primaryimage"},"thumbnailUrl":"https:\/\/www.nonsolomusicamagazine.it\/wp-content\/uploads\/2023\/06\/b595bb9f80baccacbbea49df700aad08.0.jpg","keywords":["Anni 70","lotte","Manifestazione","San Donato"],"articleSection":["Cultura","Politica"],"inLanguage":"it-IT","potentialAction":[{"@type":"CommentAction","name":"Comment","target":["https:\/\/www.nonsolomusicamagazine.it\/?p=1791#respond"]}]},{"@type":"WebPage","@id":"https:\/\/www.nonsolomusicamagazine.it\/?p=1791","url":"https:\/\/www.nonsolomusicamagazine.it\/?p=1791","name":"\u201cLotte di ieri, lotte di oggi (Problematiche e prospettive)\" chiude a San Donato di Lecce la rassegna sugli anni '70 - NonSoloMusicaMagazine","isPartOf":{"@id":"https:\/\/www.nonsolomusicamagazine.it\/#website"},"primaryImageOfPage":{"@id":"https:\/\/www.nonsolomusicamagazine.it\/?p=1791#primaryimage"},"image":{"@id":"https:\/\/www.nonsolomusicamagazine.it\/?p=1791#primaryimage"},"thumbnailUrl":"https:\/\/www.nonsolomusicamagazine.it\/wp-content\/uploads\/2023\/06\/b595bb9f80baccacbbea49df700aad08.0.jpg","datePublished":"2023-06-29T11:50:37+00:00","dateModified":"2023-06-29T11:50:38+00:00","author":{"@id":"https:\/\/www.nonsolomusicamagazine.it\/#\/schema\/person\/a3349ad02300d046472d46cf6d31ae46"},"description":"\u201cLotte di ieri, lotte di oggi (Problematiche e prospettive)\" chiude a San Donato di Lecce la rassegna sugli anni '70","breadcrumb":{"@id":"https:\/\/www.nonsolomusicamagazine.it\/?p=1791#breadcrumb"},"inLanguage":"it-IT","potentialAction":[{"@type":"ReadAction","target":["https:\/\/www.nonsolomusicamagazine.it\/?p=1791"]}]},{"@type":"ImageObject","inLanguage":"it-IT","@id":"https:\/\/www.nonsolomusicamagazine.it\/?p=1791#primaryimage","url":"https:\/\/www.nonsolomusicamagazine.it\/wp-content\/uploads\/2023\/06\/b595bb9f80baccacbbea49df700aad08.0.jpg","contentUrl":"https:\/\/www.nonsolomusicamagazine.it\/wp-content\/uploads\/2023\/06\/b595bb9f80baccacbbea49df700aad08.0.jpg","width":1080,"height":1321},{"@type":"BreadcrumbList","@id":"https:\/\/www.nonsolomusicamagazine.it\/?p=1791#breadcrumb","itemListElement":[{"@type":"ListItem","position":1,"name":"Home","item":"https:\/\/www.nonsolomusicamagazine.it\/"},{"@type":"ListItem","position":2,"name":"\u201cLotte di ieri, lotte di oggi (Problematiche e prospettive)&#8221; chiude a San Donato di Lecce la rassegna sugli anni &#8217;70"}]},{"@type":"WebSite","@id":"https:\/\/www.nonsolomusicamagazine.it\/#website","url":"https:\/\/www.nonsolomusicamagazine.it\/","name":"Nonsolomusicamagazine","description":"Dir. responsabile Manuel M Buccarella","potentialAction":[{"@type":"SearchAction","target":{"@type":"EntryPoint","urlTemplate":"https:\/\/www.nonsolomusicamagazine.it\/?s={search_term_string}"},"query-input":{"@type":"PropertyValueSpecification","valueRequired":true,"valueName":"search_term_string"}}],"inLanguage":"it-IT"},{"@type":"Person","@id":"https:\/\/www.nonsolomusicamagazine.it\/#\/schema\/person\/a3349ad02300d046472d46cf6d31ae46","name":"nonsolomusica","image":{"@type":"ImageObject","inLanguage":"it-IT","@id":"https:\/\/www.nonsolomusicamagazine.it\/wp-content\/litespeed\/avatar\/3a675484bc84db6aba78d43bfc8b7197.jpg?ver=1776880798","url":"https:\/\/www.nonsolomusicamagazine.it\/wp-content\/litespeed\/avatar\/3a675484bc84db6aba78d43bfc8b7197.jpg?ver=1776880798","contentUrl":"https:\/\/www.nonsolomusicamagazine.it\/wp-content\/litespeed\/avatar\/3a675484bc84db6aba78d43bfc8b7197.jpg?ver=1776880798","caption":"nonsolomusica"},"sameAs":["https:\/\/www.nonsolomusicamagazine.it"],"url":"https:\/\/www.nonsolomusicamagazine.it\/?author=1"}]}},"amp_enabled":true,"_links":{"self":[{"href":"https:\/\/www.nonsolomusicamagazine.it\/index.php?rest_route=\/wp\/v2\/posts\/1791","targetHints":{"allow":["GET"]}}],"collection":[{"href":"https:\/\/www.nonsolomusicamagazine.it\/index.php?rest_route=\/wp\/v2\/posts"}],"about":[{"href":"https:\/\/www.nonsolomusicamagazine.it\/index.php?rest_route=\/wp\/v2\/types\/post"}],"author":[{"embeddable":true,"href":"https:\/\/www.nonsolomusicamagazine.it\/index.php?rest_route=\/wp\/v2\/users\/1"}],"replies":[{"embeddable":true,"href":"https:\/\/www.nonsolomusicamagazine.it\/index.php?rest_route=%2Fwp%2Fv2%2Fcomments&post=1791"}],"version-history":[{"count":0,"href":"https:\/\/www.nonsolomusicamagazine.it\/index.php?rest_route=\/wp\/v2\/posts\/1791\/revisions"}],"wp:featuredmedia":[{"embeddable":true,"href":"https:\/\/www.nonsolomusicamagazine.it\/index.php?rest_route=\/wp\/v2\/media\/1738"}],"wp:attachment":[{"href":"https:\/\/www.nonsolomusicamagazine.it\/index.php?rest_route=%2Fwp%2Fv2%2Fmedia&parent=1791"}],"wp:term":[{"taxonomy":"category","embeddable":true,"href":"https:\/\/www.nonsolomusicamagazine.it\/index.php?rest_route=%2Fwp%2Fv2%2Fcategories&post=1791"},{"taxonomy":"post_tag","embeddable":true,"href":"https:\/\/www.nonsolomusicamagazine.it\/index.php?rest_route=%2Fwp%2Fv2%2Ftags&post=1791"}],"curies":[{"name":"wp","href":"https:\/\/api.w.org\/{rel}","templated":true}]}}