{"id":1803,"date":"2023-06-29T20:08:15","date_gmt":"2023-06-29T20:08:15","guid":{"rendered":"https:\/\/www.nonsolomusicamagazine.it\/?p=1803"},"modified":"2023-06-29T20:10:56","modified_gmt":"2023-06-29T20:10:56","slug":"ambiente-e-diritti-umani-taranto-chiama-lonu-risponde","status":"publish","type":"post","link":"https:\/\/www.nonsolomusicamagazine.it\/?p=1803","title":{"rendered":"Ambiente e diritti umani:\u00a0Taranto chiama, l\u2019Onu\u00a0risponde"},"content":{"rendered":"\n<p>Le riprese cinematografiche del documentario-inchiesta \u201cTaranto chiama\u201d toccano la sede delle Nazioni Unite. La giornalista <strong>Rosy Battaglia<\/strong>  intervista il Relatore Speciale delle Nazioni Unite su inquinamento e diritti umani, <strong>Marcos Orellana<\/strong>: \u201cIl diritto a respirare aria pulita \u00e8 una componente essenziale del diritto umano ad un ambiente pulito, sano e sostenibile. Il rispetto di questo diritto include l\u2019osservanza dei pi\u00f9 alti standard di qualit\u00e0 dell\u2019aria dell\u2019Organizzazione Mondiale della Sanit\u00e0. Questo \u00e8 fondamentale ora pi\u00f9 che mai a Taranto. Visti i livelli intollerabili di inquinamento a Taranto da decenni, nel nostro recente rapporto sul diritto ad un ambiente non inquinato, l\u2019abbiamo definita una \u201czona di sacrificio\u201c.  Sono le parole di Marcos Orellana, UN Special Rapporteur on toxics and human rights, intervistato a Palazzo Wilson dalla giornalista investigativa e regista italiana, Rosy Battaglia, al lavoro per il documentario-inchiesta \u201cTaranto chiama\u201c. FIlm sul destino e il futuro di Taranto, citt\u00e0 italiana, gi\u00e0 capitale della Magna Grecia, ora sito di interesse nazionale per le bonifiche e sede della pi\u00f9 grande acciaieria europea. <\/p>\n\n\n\n<p>\u201cMi \u00e8 sembrato fondamentale inserire, nel racconto puntuale di ci\u00f2 che \u00e8 davvero sostenibile per la vita umana, nel viaggio che mi sta portando da Trieste a Taranto, la voce indipendente del relatore speciale Orellana e mostrare il volto di chi ha a cuore il destino di una comunit\u00e0 vessata dall\u2019ingiustizia ambientale come quella tarantina\u201d. Missione resa possibile grazie al sostegno economico di\u00a0oltre 300 donatori italiani, tra enti, cittadini, media e fondazioni con il patrocinio dell\u2019Ordine Nazionale dei Giornalisti e Articolo 21, che hanno co-prodotto in crowdfunding con l\u2019associazione Cittadini Reattivi il terzo documentario-inchiesta della regista indipendente.\u00a0<\/p>\n\n\n\n<p>\u201cIl mio lavoro \u00e8 rivolto soprattutto alla generazione Fridays for Future, quella che sta subendo oltre gli effetti del cambiamento climatico, quelli dell\u2019inquinamento industriale. Sia del passato che del presente\u201d. Proprio nelle scorse settimane, come riporta l\u2019agenzia Ansa,\u00a0 il sindaco di Taranto, Rinaldo Melucci. ha emesso un\u2019ordinanza in cui ha richiamato l\u2019attuale gestore di Ilva, Acciaierie d\u2019Italia, al rispetto delle emissioni e in particolare del benzene, sostanza cancerogena certa, secondo lo IARC.\u00a0<\/p>\n\n\n\n<p>Tutto ci\u00f2 succede, come lo stesso Rapporto delle Nazioni Unite ricorda, a neppure due mesi dalla scadenza dell\u2019autorizzazione ambientale integrata (AIA) che nel 2017 aveva indicato in una serie di prescrizioni, gli adempimenti necessari per rendere sostenibile la produzione di acciaio. Tra cui, il bio-monitoraggio sulla presenza di diossine nel latte materno delle madri tarantine.\u00a0<\/p>\n\n\n\n<p>Intanto,\u00a0Marcos Orellana\u00a0ha anche ricordato che \u201cla Corte europea dei diritti dell\u2019uomo ha condannato lo Stato italiano per non aver protetto i residenti locali dalla contaminazione ambientale causata dallo stabilimento Ilva, avendo privilegiato la produzione di acciaio rispetto al diritto alla vita privata dei cittadini di Taranto\u201d.<\/p>\n\n\n<figure class=\"wp-block-post-featured-image\"><img decoding=\"async\" width=\"1024\" height=\"768\" src=\"https:\/\/www.nonsolomusicamagazine.it\/wp-content\/uploads\/2023\/06\/copertina-Taranto-chiamaJPG.jpg\" class=\"attachment-post-thumbnail size-post-thumbnail wp-post-image\" alt=\"\" style=\"object-fit:cover;\" srcset=\"https:\/\/www.nonsolomusicamagazine.it\/wp-content\/uploads\/2023\/06\/copertina-Taranto-chiamaJPG.jpg 1024w, https:\/\/www.nonsolomusicamagazine.it\/wp-content\/uploads\/2023\/06\/copertina-Taranto-chiamaJPG-300x225.jpg 300w, https:\/\/www.nonsolomusicamagazine.it\/wp-content\/uploads\/2023\/06\/copertina-Taranto-chiamaJPG-768x576.jpg 768w\" sizes=\"(max-width: 1024px) 100vw, 1024px\" \/><\/figure>","protected":false},"excerpt":{"rendered":"<p>Le riprese cinematografiche del documentario-inchiesta \u201cTaranto chiama\u201d toccano la sede delle Nazioni Unite. La giornalista Rosy Battaglia intervista il Relatore Speciale delle Nazioni Unite su inquinamento e diritti umani, Marcos Orellana: \u201cIl diritto a respirare aria pulita \u00e8 una componente essenziale del diritto umano ad un ambiente pulito, sano e sostenibile. Il rispetto di questo [&hellip;]<\/p>\n","protected":false},"author":1,"featured_media":1804,"comment_status":"open","ping_status":"closed","sticky":false,"template":"","format":"standard","meta":{"footnotes":""},"categories":[107],"tags":[1339,1341,1337,1338],"class_list":["post-1803","post","type-post","status-publish","format-standard","has-post-thumbnail","hentry","category-salute","tag-giusy-battaglia","tag-orellana","tag-taranto","tag-taranto-chiama"],"yoast_head":"<!-- This site is optimized with the Yoast SEO plugin v27.5 - https:\/\/yoast.com\/product\/yoast-seo-wordpress\/ -->\n<title>Ambiente e diritti umani:\u00a0Taranto chiama, l\u2019Onu\u00a0risponde - NonSoloMusicaMagazine<\/title>\n<meta name=\"description\" content=\"Ambiente e diritti umani:\u00a0Taranto chiama, l\u2019Onu\u00a0risponde\" \/>\n<meta name=\"robots\" content=\"index, follow, max-snippet:-1, max-image-preview:large, max-video-preview:-1\" \/>\n<link rel=\"canonical\" href=\"https:\/\/www.nonsolomusicamagazine.it\/?p=1803\" \/>\n<meta property=\"og:locale\" content=\"it_IT\" \/>\n<meta property=\"og:type\" content=\"article\" \/>\n<meta property=\"og:title\" content=\"Ambiente e diritti umani:\u00a0Taranto chiama, l\u2019Onu\u00a0risponde - NonSoloMusicaMagazine\" \/>\n<meta property=\"og:description\" content=\"Ambiente e diritti umani:\u00a0Taranto chiama, l\u2019Onu\u00a0risponde\" \/>\n<meta property=\"og:url\" content=\"https:\/\/www.nonsolomusicamagazine.it\/?p=1803\" \/>\n<meta property=\"og:site_name\" content=\"NonSoloMusicaMagazine\" \/>\n<meta property=\"article:published_time\" content=\"2023-06-29T20:08:15+00:00\" \/>\n<meta property=\"article:modified_time\" content=\"2023-06-29T20:10:56+00:00\" \/>\n<meta property=\"og:image\" content=\"https:\/\/www.nonsolomusicamagazine.it\/wp-content\/uploads\/2023\/06\/copertina-Taranto-chiamaJPG.jpg\" \/>\n\t<meta property=\"og:image:width\" content=\"1024\" \/>\n\t<meta property=\"og:image:height\" content=\"768\" \/>\n\t<meta property=\"og:image:type\" content=\"image\/jpeg\" \/>\n<meta name=\"author\" content=\"nonsolomusica\" \/>\n<meta name=\"twitter:card\" content=\"summary_large_image\" \/>\n<meta name=\"twitter:label1\" content=\"Scritto da\" \/>\n\t<meta name=\"twitter:data1\" content=\"nonsolomusica\" \/>\n\t<meta name=\"twitter:label2\" content=\"Tempo di lettura stimato\" \/>\n\t<meta name=\"twitter:data2\" content=\"3 minuti\" \/>\n<script type=\"application\/ld+json\" class=\"yoast-schema-graph\">{\"@context\":\"https:\\\/\\\/schema.org\",\"@graph\":[{\"@type\":\"Article\",\"@id\":\"https:\\\/\\\/www.nonsolomusicamagazine.it\\\/?p=1803#article\",\"isPartOf\":{\"@id\":\"https:\\\/\\\/www.nonsolomusicamagazine.it\\\/?p=1803\"},\"author\":{\"name\":\"nonsolomusica\",\"@id\":\"https:\\\/\\\/www.nonsolomusicamagazine.it\\\/#\\\/schema\\\/person\\\/a3349ad02300d046472d46cf6d31ae46\"},\"headline\":\"Ambiente e diritti umani:\u00a0Taranto chiama, l\u2019Onu\u00a0risponde\",\"datePublished\":\"2023-06-29T20:08:15+00:00\",\"dateModified\":\"2023-06-29T20:10:56+00:00\",\"mainEntityOfPage\":{\"@id\":\"https:\\\/\\\/www.nonsolomusicamagazine.it\\\/?p=1803\"},\"wordCount\":456,\"commentCount\":0,\"image\":{\"@id\":\"https:\\\/\\\/www.nonsolomusicamagazine.it\\\/?p=1803#primaryimage\"},\"thumbnailUrl\":\"https:\\\/\\\/www.nonsolomusicamagazine.it\\\/wp-content\\\/uploads\\\/2023\\\/06\\\/copertina-Taranto-chiamaJPG.jpg\",\"keywords\":[\"Giusy Battaglia\",\"Orellana\",\"Taranto\",\"Taranto chiama\"],\"articleSection\":[\"Salute\"],\"inLanguage\":\"it-IT\",\"potentialAction\":[{\"@type\":\"CommentAction\",\"name\":\"Comment\",\"target\":[\"https:\\\/\\\/www.nonsolomusicamagazine.it\\\/?p=1803#respond\"]}]},{\"@type\":\"WebPage\",\"@id\":\"https:\\\/\\\/www.nonsolomusicamagazine.it\\\/?p=1803\",\"url\":\"https:\\\/\\\/www.nonsolomusicamagazine.it\\\/?p=1803\",\"name\":\"Ambiente e diritti umani:\u00a0Taranto chiama, l\u2019Onu\u00a0risponde - NonSoloMusicaMagazine\",\"isPartOf\":{\"@id\":\"https:\\\/\\\/www.nonsolomusicamagazine.it\\\/#website\"},\"primaryImageOfPage\":{\"@id\":\"https:\\\/\\\/www.nonsolomusicamagazine.it\\\/?p=1803#primaryimage\"},\"image\":{\"@id\":\"https:\\\/\\\/www.nonsolomusicamagazine.it\\\/?p=1803#primaryimage\"},\"thumbnailUrl\":\"https:\\\/\\\/www.nonsolomusicamagazine.it\\\/wp-content\\\/uploads\\\/2023\\\/06\\\/copertina-Taranto-chiamaJPG.jpg\",\"datePublished\":\"2023-06-29T20:08:15+00:00\",\"dateModified\":\"2023-06-29T20:10:56+00:00\",\"author\":{\"@id\":\"https:\\\/\\\/www.nonsolomusicamagazine.it\\\/#\\\/schema\\\/person\\\/a3349ad02300d046472d46cf6d31ae46\"},\"description\":\"Ambiente e diritti umani:\u00a0Taranto chiama, l\u2019Onu\u00a0risponde\",\"breadcrumb\":{\"@id\":\"https:\\\/\\\/www.nonsolomusicamagazine.it\\\/?p=1803#breadcrumb\"},\"inLanguage\":\"it-IT\",\"potentialAction\":[{\"@type\":\"ReadAction\",\"target\":[\"https:\\\/\\\/www.nonsolomusicamagazine.it\\\/?p=1803\"]}]},{\"@type\":\"ImageObject\",\"inLanguage\":\"it-IT\",\"@id\":\"https:\\\/\\\/www.nonsolomusicamagazine.it\\\/?p=1803#primaryimage\",\"url\":\"https:\\\/\\\/www.nonsolomusicamagazine.it\\\/wp-content\\\/uploads\\\/2023\\\/06\\\/copertina-Taranto-chiamaJPG.jpg\",\"contentUrl\":\"https:\\\/\\\/www.nonsolomusicamagazine.it\\\/wp-content\\\/uploads\\\/2023\\\/06\\\/copertina-Taranto-chiamaJPG.jpg\",\"width\":1024,\"height\":768},{\"@type\":\"BreadcrumbList\",\"@id\":\"https:\\\/\\\/www.nonsolomusicamagazine.it\\\/?p=1803#breadcrumb\",\"itemListElement\":[{\"@type\":\"ListItem\",\"position\":1,\"name\":\"Home\",\"item\":\"https:\\\/\\\/www.nonsolomusicamagazine.it\\\/\"},{\"@type\":\"ListItem\",\"position\":2,\"name\":\"Ambiente e diritti umani:\u00a0Taranto chiama, l\u2019Onu\u00a0risponde\"}]},{\"@type\":\"WebSite\",\"@id\":\"https:\\\/\\\/www.nonsolomusicamagazine.it\\\/#website\",\"url\":\"https:\\\/\\\/www.nonsolomusicamagazine.it\\\/\",\"name\":\"Nonsolomusicamagazine\",\"description\":\"Dir. responsabile Manuel M Buccarella\",\"potentialAction\":[{\"@type\":\"SearchAction\",\"target\":{\"@type\":\"EntryPoint\",\"urlTemplate\":\"https:\\\/\\\/www.nonsolomusicamagazine.it\\\/?s={search_term_string}\"},\"query-input\":{\"@type\":\"PropertyValueSpecification\",\"valueRequired\":true,\"valueName\":\"search_term_string\"}}],\"inLanguage\":\"it-IT\"},{\"@type\":\"Person\",\"@id\":\"https:\\\/\\\/www.nonsolomusicamagazine.it\\\/#\\\/schema\\\/person\\\/a3349ad02300d046472d46cf6d31ae46\",\"name\":\"nonsolomusica\",\"image\":{\"@type\":\"ImageObject\",\"inLanguage\":\"it-IT\",\"@id\":\"https:\\\/\\\/www.nonsolomusicamagazine.it\\\/wp-content\\\/litespeed\\\/avatar\\\/3a675484bc84db6aba78d43bfc8b7197.jpg?ver=1776880798\",\"url\":\"https:\\\/\\\/www.nonsolomusicamagazine.it\\\/wp-content\\\/litespeed\\\/avatar\\\/3a675484bc84db6aba78d43bfc8b7197.jpg?ver=1776880798\",\"contentUrl\":\"https:\\\/\\\/www.nonsolomusicamagazine.it\\\/wp-content\\\/litespeed\\\/avatar\\\/3a675484bc84db6aba78d43bfc8b7197.jpg?ver=1776880798\",\"caption\":\"nonsolomusica\"},\"sameAs\":[\"https:\\\/\\\/www.nonsolomusicamagazine.it\"],\"url\":\"https:\\\/\\\/www.nonsolomusicamagazine.it\\\/?author=1\"}]}<\/script>\n<!-- \/ Yoast SEO plugin. -->","yoast_head_json":{"title":"Ambiente e diritti umani:\u00a0Taranto chiama, l\u2019Onu\u00a0risponde - NonSoloMusicaMagazine","description":"Ambiente e diritti umani:\u00a0Taranto chiama, l\u2019Onu\u00a0risponde","robots":{"index":"index","follow":"follow","max-snippet":"max-snippet:-1","max-image-preview":"max-image-preview:large","max-video-preview":"max-video-preview:-1"},"canonical":"https:\/\/www.nonsolomusicamagazine.it\/?p=1803","og_locale":"it_IT","og_type":"article","og_title":"Ambiente e diritti umani:\u00a0Taranto chiama, l\u2019Onu\u00a0risponde - NonSoloMusicaMagazine","og_description":"Ambiente e diritti umani:\u00a0Taranto chiama, l\u2019Onu\u00a0risponde","og_url":"https:\/\/www.nonsolomusicamagazine.it\/?p=1803","og_site_name":"NonSoloMusicaMagazine","article_published_time":"2023-06-29T20:08:15+00:00","article_modified_time":"2023-06-29T20:10:56+00:00","og_image":[{"width":1024,"height":768,"url":"https:\/\/www.nonsolomusicamagazine.it\/wp-content\/uploads\/2023\/06\/copertina-Taranto-chiamaJPG.jpg","type":"image\/jpeg"}],"author":"nonsolomusica","twitter_card":"summary_large_image","twitter_misc":{"Scritto da":"nonsolomusica","Tempo di lettura stimato":"3 minuti"},"schema":{"@context":"https:\/\/schema.org","@graph":[{"@type":"Article","@id":"https:\/\/www.nonsolomusicamagazine.it\/?p=1803#article","isPartOf":{"@id":"https:\/\/www.nonsolomusicamagazine.it\/?p=1803"},"author":{"name":"nonsolomusica","@id":"https:\/\/www.nonsolomusicamagazine.it\/#\/schema\/person\/a3349ad02300d046472d46cf6d31ae46"},"headline":"Ambiente e diritti umani:\u00a0Taranto chiama, l\u2019Onu\u00a0risponde","datePublished":"2023-06-29T20:08:15+00:00","dateModified":"2023-06-29T20:10:56+00:00","mainEntityOfPage":{"@id":"https:\/\/www.nonsolomusicamagazine.it\/?p=1803"},"wordCount":456,"commentCount":0,"image":{"@id":"https:\/\/www.nonsolomusicamagazine.it\/?p=1803#primaryimage"},"thumbnailUrl":"https:\/\/www.nonsolomusicamagazine.it\/wp-content\/uploads\/2023\/06\/copertina-Taranto-chiamaJPG.jpg","keywords":["Giusy Battaglia","Orellana","Taranto","Taranto chiama"],"articleSection":["Salute"],"inLanguage":"it-IT","potentialAction":[{"@type":"CommentAction","name":"Comment","target":["https:\/\/www.nonsolomusicamagazine.it\/?p=1803#respond"]}]},{"@type":"WebPage","@id":"https:\/\/www.nonsolomusicamagazine.it\/?p=1803","url":"https:\/\/www.nonsolomusicamagazine.it\/?p=1803","name":"Ambiente e diritti umani:\u00a0Taranto chiama, l\u2019Onu\u00a0risponde - NonSoloMusicaMagazine","isPartOf":{"@id":"https:\/\/www.nonsolomusicamagazine.it\/#website"},"primaryImageOfPage":{"@id":"https:\/\/www.nonsolomusicamagazine.it\/?p=1803#primaryimage"},"image":{"@id":"https:\/\/www.nonsolomusicamagazine.it\/?p=1803#primaryimage"},"thumbnailUrl":"https:\/\/www.nonsolomusicamagazine.it\/wp-content\/uploads\/2023\/06\/copertina-Taranto-chiamaJPG.jpg","datePublished":"2023-06-29T20:08:15+00:00","dateModified":"2023-06-29T20:10:56+00:00","author":{"@id":"https:\/\/www.nonsolomusicamagazine.it\/#\/schema\/person\/a3349ad02300d046472d46cf6d31ae46"},"description":"Ambiente e diritti umani:\u00a0Taranto chiama, l\u2019Onu\u00a0risponde","breadcrumb":{"@id":"https:\/\/www.nonsolomusicamagazine.it\/?p=1803#breadcrumb"},"inLanguage":"it-IT","potentialAction":[{"@type":"ReadAction","target":["https:\/\/www.nonsolomusicamagazine.it\/?p=1803"]}]},{"@type":"ImageObject","inLanguage":"it-IT","@id":"https:\/\/www.nonsolomusicamagazine.it\/?p=1803#primaryimage","url":"https:\/\/www.nonsolomusicamagazine.it\/wp-content\/uploads\/2023\/06\/copertina-Taranto-chiamaJPG.jpg","contentUrl":"https:\/\/www.nonsolomusicamagazine.it\/wp-content\/uploads\/2023\/06\/copertina-Taranto-chiamaJPG.jpg","width":1024,"height":768},{"@type":"BreadcrumbList","@id":"https:\/\/www.nonsolomusicamagazine.it\/?p=1803#breadcrumb","itemListElement":[{"@type":"ListItem","position":1,"name":"Home","item":"https:\/\/www.nonsolomusicamagazine.it\/"},{"@type":"ListItem","position":2,"name":"Ambiente e diritti umani:\u00a0Taranto chiama, l\u2019Onu\u00a0risponde"}]},{"@type":"WebSite","@id":"https:\/\/www.nonsolomusicamagazine.it\/#website","url":"https:\/\/www.nonsolomusicamagazine.it\/","name":"Nonsolomusicamagazine","description":"Dir. responsabile Manuel M Buccarella","potentialAction":[{"@type":"SearchAction","target":{"@type":"EntryPoint","urlTemplate":"https:\/\/www.nonsolomusicamagazine.it\/?s={search_term_string}"},"query-input":{"@type":"PropertyValueSpecification","valueRequired":true,"valueName":"search_term_string"}}],"inLanguage":"it-IT"},{"@type":"Person","@id":"https:\/\/www.nonsolomusicamagazine.it\/#\/schema\/person\/a3349ad02300d046472d46cf6d31ae46","name":"nonsolomusica","image":{"@type":"ImageObject","inLanguage":"it-IT","@id":"https:\/\/www.nonsolomusicamagazine.it\/wp-content\/litespeed\/avatar\/3a675484bc84db6aba78d43bfc8b7197.jpg?ver=1776880798","url":"https:\/\/www.nonsolomusicamagazine.it\/wp-content\/litespeed\/avatar\/3a675484bc84db6aba78d43bfc8b7197.jpg?ver=1776880798","contentUrl":"https:\/\/www.nonsolomusicamagazine.it\/wp-content\/litespeed\/avatar\/3a675484bc84db6aba78d43bfc8b7197.jpg?ver=1776880798","caption":"nonsolomusica"},"sameAs":["https:\/\/www.nonsolomusicamagazine.it"],"url":"https:\/\/www.nonsolomusicamagazine.it\/?author=1"}]}},"amp_enabled":true,"_links":{"self":[{"href":"https:\/\/www.nonsolomusicamagazine.it\/index.php?rest_route=\/wp\/v2\/posts\/1803","targetHints":{"allow":["GET"]}}],"collection":[{"href":"https:\/\/www.nonsolomusicamagazine.it\/index.php?rest_route=\/wp\/v2\/posts"}],"about":[{"href":"https:\/\/www.nonsolomusicamagazine.it\/index.php?rest_route=\/wp\/v2\/types\/post"}],"author":[{"embeddable":true,"href":"https:\/\/www.nonsolomusicamagazine.it\/index.php?rest_route=\/wp\/v2\/users\/1"}],"replies":[{"embeddable":true,"href":"https:\/\/www.nonsolomusicamagazine.it\/index.php?rest_route=%2Fwp%2Fv2%2Fcomments&post=1803"}],"version-history":[{"count":0,"href":"https:\/\/www.nonsolomusicamagazine.it\/index.php?rest_route=\/wp\/v2\/posts\/1803\/revisions"}],"wp:featuredmedia":[{"embeddable":true,"href":"https:\/\/www.nonsolomusicamagazine.it\/index.php?rest_route=\/wp\/v2\/media\/1804"}],"wp:attachment":[{"href":"https:\/\/www.nonsolomusicamagazine.it\/index.php?rest_route=%2Fwp%2Fv2%2Fmedia&parent=1803"}],"wp:term":[{"taxonomy":"category","embeddable":true,"href":"https:\/\/www.nonsolomusicamagazine.it\/index.php?rest_route=%2Fwp%2Fv2%2Fcategories&post=1803"},{"taxonomy":"post_tag","embeddable":true,"href":"https:\/\/www.nonsolomusicamagazine.it\/index.php?rest_route=%2Fwp%2Fv2%2Ftags&post=1803"}],"curies":[{"name":"wp","href":"https:\/\/api.w.org\/{rel}","templated":true}]}}