{"id":1814,"date":"2023-06-30T17:43:13","date_gmt":"2023-06-30T17:43:13","guid":{"rendered":"https:\/\/www.nonsolomusicamagazine.it\/?p=1814"},"modified":"2023-06-30T17:43:14","modified_gmt":"2023-06-30T17:43:14","slug":"appello-di-numerose-associazioni-costituite-in-coordinamento-rete-6v-m-contro-lipotesi-di-innalzare-i-limiti-per-lesposizione-ai-campi-elettromagnetici","status":"publish","type":"post","link":"https:\/\/www.nonsolomusicamagazine.it\/?p=1814","title":{"rendered":"Appello di numerose associazioni \u2013 costituite in coordinamento Rete 6V\/m \u2013 contro l\u2019ipotesi di innalzare i limiti per l\u2019esposizione ai campi elettromagnetici"},"content":{"rendered":"\n<p>Appello delle associazioni che si costituiscono nel coordinamento Rete 6V\/m: Legambiente, Lettelariamente APS, Comitato cittadini Ciampino no Antenna, ISDE Medici per l\u2019Ambiente, Associazione Nazionale Riconoscimento MCS OdV, Gruppo Stop 5G Emilia, Associazione Atto Primo Salute Ambiente Cultura ODV, Associazione La Libellula, Gruppo per l\u2019ambiente Valle del Serchio, e <strong>Fiorella Belpoggi<\/strong>, Direttrice Scientifica Emerita dell\u2019Istituto Ramazzini, Comitato Scientifico di ISDE Medici per l\u2019Ambiente, Comitato Etico Scientifico di Europa Verde, Consiglio Esecutivo del Collegium Ramazzini.<\/p>\n\n\n\n<p>Comitati e Associazioni possono aderire inviando una mail a energia@legambiente.it<\/p>\n\n\n\n<p>Tutti i cittadini possono partecipare a questa campagna firmando la petizione contro l\u2019aumento dei limiti: https:\/\/attivati.legambiente.it\/page\/67542\/petition\/1?locale=it-IT<\/p>\n\n\n\n<hr class=\"wp-block-separator has-alpha-channel-opacity\"\/>\n\n\n\n<p>Non esiste nessun motivo per innalzare il valore di attenzione per i campi elettromagnetici generati dalle alte frequenze se non quello economico da parte dei gestori delle telecomunicazioni che intendono, dopo aver acquistato le licenze per il 5G, risparmiare sui costi delle infrastrutture! Ed \u00e8 per questa ragione, e dopo che Associazioni e Comitati sono venuti a conoscenza di una proposta, da parte del Ministero dell\u2019Industria e del Made in Italy, di portare i limiti in vigore per il settore delle telecomunicazioni oltre la soglia di rischio, che nasce la Rete 6V\/m. Per difendere il diritto alla salute delle persone. A sostegno della proposta di innalzamento degli attuali limiti vi \u00e8 uno studio del Politecnico di Milano, condotto per conto di Asstel, l\u2019Associazione di categoria di Confindustria, che stima, come, con l\u2019attuale normativa, il 62% degli impianti risulterebbe non espandibile al 5G, il che comporterebbe, a livello nazionale, di dover reingegnerizzare o delocalizzare 27.900 impianti, con un esborso aggiuntivo di circa 4 miliardi di euro a carico degli Operatori radiomobili.<\/p>\n\n\n\n<p>Questo, quindi, il vero motivo che spinge il settore delle telecomunicazioni a richiedere, ormai da anni, di aumentare i limiti espositivi fino a 61 V\/m, valore stabilito a livello europeo per evitare il riscaldamento dei tessuti ma non per proteggere dagli effetti biologici avversi sugli organismi viventi, uomini, animali e piante.Eppure, sono tanti i motivi per non aumentare i limiti di esposizione, compresi quelli tecnici di sviluppo della tecnologia 5G che, anche a detta delle stesse Arpa, \u00e8 possibile attivare con gli attuali limiti purch\u00e9 si seguano criteri progettuali basati su un corretto dimensionamento e posizionamento degli impianti sul territorio. <\/p>\n\n\n\n<p>Le Agenzie Ambientali, inoltre, sottolineano come l\u2019avvento del 5G porti all\u2019attenzione anche un altro problema, quello legato alla \u201csaturazione dello spazio elettromagnetico\u201d: opinione condivisa fra i tecnici, infatti, \u00e8 che le potenze dichiarate da parte dei gestori che per primi arrivano in un sito, vengano massimizzate al fine di \u201caccaparrarsi\u201d pi\u00f9 spazio elettromagnetico possibile in vista di una eventuale futura implementazione di nuovi impianti, in una logica volta a limitare l\u2019azione della concorrenza.Inoltre, va ricordato che:i limiti indicati dalla Commissione Europea sono indicati come valori da non superare, e non da raggiungere;che tali valori, oggetto di analisi vecchie pi\u00f9 di 25 anni, sono indicati solo ed esclusivamente sulla base degli effetti termici. <\/p>\n\n\n\n<p>Sul tema risulta molto interessante l\u2019articolo scientifico pubblicato lo scorso 8 maggio 2023 da parte dell\u2019IEEE \u2013 Institute of Electrical and Electronic Engineers (Istituto degli ingegneri elettrici ed elettronici), la pi\u00f9 grande organizzazione almondo nell\u2019ambito dell\u2019ingegneria elettrica ed elettronica e delle tecnologie dell\u2019informazione \u2013 nel quale viene ribadito come il valore di 61 V\/m si riferisca solo agli effetti termici, cio\u00e8 al riscaldamento dei tessuti, e trascuri completamente gli ormai riconosciuti effetti biologici non termici, caratteristica per la quale alcune radiofrequenze vengono usate anche a scopo terapeutico;che oggi esistono evidenze scientifiche adeguate sulla presenza di rischi sanitari, anche a bassi livelli di esposizione, i quali devono essere tenuti in considerazione per la salute degli abitanti, con particolare attenzione per donne in gravidanza, bambini, elettrosensibili, coloro che sono affetti da patologie, ma anche ai fini del mantenimento della biodiversit\u00e0;<\/p>\n\n\n\n<p>che i \u201clivelli di riferimento\u201d di cui all\u2019allegato III della Raccomandazione del Consiglio 1999\/519\/CE di 61 V\/m per gli effetti termici, gli unici effetti considerati, risultano essere circa 10 volte pi\u00f9 elevati, in termini di campo elettrico, dei 6 V\/m previsti dal valore di attenzione vigente in Italia ma 100 volte pi\u00f9 alti in termini di densit\u00e0 della potenza. \u00c8 importante comprendere, quindi, che i 10 W\/mq previsti dalla Raccomandazione Europea, se confrontati con gli 0,1 W\/mq del nostro DPCM 8\/7\/2003 porterebbero ad un aumento dell\u2019esposizione di 100 volte;<\/p>\n\n\n\n<p>A questo si aggiunga che non esiste alcuna ragione normativa che costringa l\u2019Italia ad adeguare i propri limiti di esposizione. La stessa Raccomandazione 1999\/519\/CE afferma che \u201cgli Stati membri hanno facolt\u00e0, ai sensi del Trattato, di fornire un livello di protezione pi\u00f9 elevato di quello di cui alla presente Raccomandazione\u201d, specificando quindi che non esiste alcun obbligo di adeguamento agli standard europei.Comenon esiste neppure incompatibilit\u00e0 tra la normativa italiana e l\u2019implementazione delle nuove tecnologie. Mentre ci sono, al contrario, \u201cnuove\u201d evidenze scientifiche che necessitano di essere prese in considerazione nel momento in cui si vuole rimettere mano alla normativa nazionale sul tema \u2013 la legge 36\/2001 \u2013 che oltre a tutelare la popolazione dall\u2019esposizione ai campi elettromagnetici a radiofrequenza, cita per la prima volta il Principio di Precauzione, adottato nel codice dell\u2019Ambiente solo nel 2006 e il Principio di Minimizzazione ALARA (As Low As Reasonably Achievable, il pi\u00f9 basso ragionevolmente ottenibile -.<\/p>\n\n\n\n<p>Per tutti questi motivi, la Rete 6 V\/m e tutti i suoi firmatari chiedono con forza che venga ritirato ogni tentativo di innalzamento dei limiti elettromagnetici. Un punto fermo che ci vede uniti e sul quale non intendiamo fare un solo passo indietro.<\/p>\n\n\n<figure class=\"wp-block-post-featured-image\"><img decoding=\"async\" width=\"1280\" height=\"854\" src=\"https:\/\/www.nonsolomusicamagazine.it\/wp-content\/uploads\/2023\/06\/telecommunications-tower-7632805_1280.jpg\" class=\"attachment-post-thumbnail size-post-thumbnail wp-post-image\" alt=\"\" style=\"object-fit:cover;\" srcset=\"https:\/\/www.nonsolomusicamagazine.it\/wp-content\/uploads\/2023\/06\/telecommunications-tower-7632805_1280.jpg 1280w, https:\/\/www.nonsolomusicamagazine.it\/wp-content\/uploads\/2023\/06\/telecommunications-tower-7632805_1280-300x200.jpg 300w, https:\/\/www.nonsolomusicamagazine.it\/wp-content\/uploads\/2023\/06\/telecommunications-tower-7632805_1280-1024x683.jpg 1024w, https:\/\/www.nonsolomusicamagazine.it\/wp-content\/uploads\/2023\/06\/telecommunications-tower-7632805_1280-768x512.jpg 768w\" sizes=\"(max-width: 1280px) 100vw, 1280px\" \/><\/figure>","protected":false},"excerpt":{"rendered":"<p>Appello delle associazioni che si costituiscono nel coordinamento Rete 6V\/m: Legambiente, Lettelariamente APS, Comitato cittadini Ciampino no Antenna, ISDE Medici per l\u2019Ambiente, Associazione Nazionale Riconoscimento MCS OdV, Gruppo Stop 5G Emilia, Associazione Atto Primo Salute Ambiente Cultura ODV, Associazione La Libellula, Gruppo per l\u2019ambiente Valle del Serchio, e Fiorella Belpoggi, Direttrice Scientifica Emerita dell\u2019Istituto Ramazzini, [&hellip;]<\/p>\n","protected":false},"author":1,"featured_media":1594,"comment_status":"open","ping_status":"closed","sticky":false,"template":"","format":"standard","meta":{"footnotes":""},"categories":[107,1005],"tags":[1347,1346,1169,1348,1170],"class_list":["post-1814","post","type-post","status-publish","format-standard","has-post-thumbnail","hentry","category-salute","category-scienza","tag-5g","tag-campi-elettromagnetici","tag-elettromagnetismo","tag-elevazione","tag-limiti"],"yoast_head":"<!-- This site is optimized with the Yoast SEO plugin v27.5 - https:\/\/yoast.com\/product\/yoast-seo-wordpress\/ -->\n<title>Appello di numerose associazioni \u2013 costituite in coordinamento Rete 6V\/m \u2013 contro l\u2019ipotesi di innalzare i limiti per l\u2019esposizione ai campi elettromagnetici - NonSoloMusicaMagazine<\/title>\n<meta name=\"description\" content=\"Appello di numerose associazioni \u2013 costituite in coordinamento Rete 6V\/m \u2013 contro l\u2019ipotesi di innalzare i limiti per l\u2019esposizione ai campi elettromagnetici\" \/>\n<meta name=\"robots\" content=\"index, follow, max-snippet:-1, max-image-preview:large, max-video-preview:-1\" \/>\n<link rel=\"canonical\" href=\"https:\/\/www.nonsolomusicamagazine.it\/?p=1814\" \/>\n<meta property=\"og:locale\" content=\"it_IT\" \/>\n<meta property=\"og:type\" content=\"article\" \/>\n<meta property=\"og:title\" content=\"Appello di numerose associazioni \u2013 costituite in coordinamento Rete 6V\/m \u2013 contro l\u2019ipotesi di innalzare i limiti per l\u2019esposizione ai campi elettromagnetici - NonSoloMusicaMagazine\" \/>\n<meta property=\"og:description\" content=\"Appello di numerose associazioni \u2013 costituite in coordinamento Rete 6V\/m \u2013 contro l\u2019ipotesi di innalzare i limiti per l\u2019esposizione ai campi elettromagnetici\" \/>\n<meta property=\"og:url\" content=\"https:\/\/www.nonsolomusicamagazine.it\/?p=1814\" \/>\n<meta property=\"og:site_name\" content=\"NonSoloMusicaMagazine\" \/>\n<meta property=\"article:published_time\" content=\"2023-06-30T17:43:13+00:00\" \/>\n<meta property=\"article:modified_time\" content=\"2023-06-30T17:43:14+00:00\" \/>\n<meta property=\"og:image\" content=\"https:\/\/www.nonsolomusicamagazine.it\/wp-content\/uploads\/2023\/06\/telecommunications-tower-7632805_1280.jpg\" \/>\n\t<meta property=\"og:image:width\" content=\"1280\" \/>\n\t<meta property=\"og:image:height\" content=\"854\" \/>\n\t<meta property=\"og:image:type\" content=\"image\/jpeg\" \/>\n<meta name=\"author\" content=\"nonsolomusica\" \/>\n<meta name=\"twitter:card\" content=\"summary_large_image\" \/>\n<meta name=\"twitter:label1\" content=\"Scritto da\" \/>\n\t<meta name=\"twitter:data1\" content=\"nonsolomusica\" \/>\n\t<meta name=\"twitter:label2\" content=\"Tempo di lettura stimato\" \/>\n\t<meta name=\"twitter:data2\" content=\"5 minuti\" \/>\n<script type=\"application\/ld+json\" class=\"yoast-schema-graph\">{\"@context\":\"https:\\\/\\\/schema.org\",\"@graph\":[{\"@type\":\"Article\",\"@id\":\"https:\\\/\\\/www.nonsolomusicamagazine.it\\\/?p=1814#article\",\"isPartOf\":{\"@id\":\"https:\\\/\\\/www.nonsolomusicamagazine.it\\\/?p=1814\"},\"author\":{\"name\":\"nonsolomusica\",\"@id\":\"https:\\\/\\\/www.nonsolomusicamagazine.it\\\/#\\\/schema\\\/person\\\/a3349ad02300d046472d46cf6d31ae46\"},\"headline\":\"Appello di numerose associazioni \u2013 costituite in coordinamento Rete 6V\\\/m \u2013 contro l\u2019ipotesi di innalzare i limiti per l\u2019esposizione ai campi elettromagnetici\",\"datePublished\":\"2023-06-30T17:43:13+00:00\",\"dateModified\":\"2023-06-30T17:43:14+00:00\",\"mainEntityOfPage\":{\"@id\":\"https:\\\/\\\/www.nonsolomusicamagazine.it\\\/?p=1814\"},\"wordCount\":944,\"commentCount\":1,\"image\":{\"@id\":\"https:\\\/\\\/www.nonsolomusicamagazine.it\\\/?p=1814#primaryimage\"},\"thumbnailUrl\":\"https:\\\/\\\/www.nonsolomusicamagazine.it\\\/wp-content\\\/uploads\\\/2023\\\/06\\\/telecommunications-tower-7632805_1280.jpg\",\"keywords\":[\"5G\",\"Campi elettromagnetici\",\"Elettromagnetismo\",\"Elevazione\",\"Limiti\"],\"articleSection\":[\"Salute\",\"Scienza\"],\"inLanguage\":\"it-IT\",\"potentialAction\":[{\"@type\":\"CommentAction\",\"name\":\"Comment\",\"target\":[\"https:\\\/\\\/www.nonsolomusicamagazine.it\\\/?p=1814#respond\"]}]},{\"@type\":\"WebPage\",\"@id\":\"https:\\\/\\\/www.nonsolomusicamagazine.it\\\/?p=1814\",\"url\":\"https:\\\/\\\/www.nonsolomusicamagazine.it\\\/?p=1814\",\"name\":\"Appello di numerose associazioni \u2013 costituite in coordinamento Rete 6V\\\/m \u2013 contro l\u2019ipotesi di innalzare i limiti per l\u2019esposizione ai campi elettromagnetici - NonSoloMusicaMagazine\",\"isPartOf\":{\"@id\":\"https:\\\/\\\/www.nonsolomusicamagazine.it\\\/#website\"},\"primaryImageOfPage\":{\"@id\":\"https:\\\/\\\/www.nonsolomusicamagazine.it\\\/?p=1814#primaryimage\"},\"image\":{\"@id\":\"https:\\\/\\\/www.nonsolomusicamagazine.it\\\/?p=1814#primaryimage\"},\"thumbnailUrl\":\"https:\\\/\\\/www.nonsolomusicamagazine.it\\\/wp-content\\\/uploads\\\/2023\\\/06\\\/telecommunications-tower-7632805_1280.jpg\",\"datePublished\":\"2023-06-30T17:43:13+00:00\",\"dateModified\":\"2023-06-30T17:43:14+00:00\",\"author\":{\"@id\":\"https:\\\/\\\/www.nonsolomusicamagazine.it\\\/#\\\/schema\\\/person\\\/a3349ad02300d046472d46cf6d31ae46\"},\"description\":\"Appello di numerose associazioni \u2013 costituite in coordinamento Rete 6V\\\/m \u2013 contro l\u2019ipotesi di innalzare i limiti per l\u2019esposizione ai campi elettromagnetici\",\"breadcrumb\":{\"@id\":\"https:\\\/\\\/www.nonsolomusicamagazine.it\\\/?p=1814#breadcrumb\"},\"inLanguage\":\"it-IT\",\"potentialAction\":[{\"@type\":\"ReadAction\",\"target\":[\"https:\\\/\\\/www.nonsolomusicamagazine.it\\\/?p=1814\"]}]},{\"@type\":\"ImageObject\",\"inLanguage\":\"it-IT\",\"@id\":\"https:\\\/\\\/www.nonsolomusicamagazine.it\\\/?p=1814#primaryimage\",\"url\":\"https:\\\/\\\/www.nonsolomusicamagazine.it\\\/wp-content\\\/uploads\\\/2023\\\/06\\\/telecommunications-tower-7632805_1280.jpg\",\"contentUrl\":\"https:\\\/\\\/www.nonsolomusicamagazine.it\\\/wp-content\\\/uploads\\\/2023\\\/06\\\/telecommunications-tower-7632805_1280.jpg\",\"width\":1280,\"height\":854},{\"@type\":\"BreadcrumbList\",\"@id\":\"https:\\\/\\\/www.nonsolomusicamagazine.it\\\/?p=1814#breadcrumb\",\"itemListElement\":[{\"@type\":\"ListItem\",\"position\":1,\"name\":\"Home\",\"item\":\"https:\\\/\\\/www.nonsolomusicamagazine.it\\\/\"},{\"@type\":\"ListItem\",\"position\":2,\"name\":\"Appello di numerose associazioni \u2013 costituite in coordinamento Rete 6V\\\/m \u2013 contro l\u2019ipotesi di innalzare i limiti per l\u2019esposizione ai campi elettromagnetici\"}]},{\"@type\":\"WebSite\",\"@id\":\"https:\\\/\\\/www.nonsolomusicamagazine.it\\\/#website\",\"url\":\"https:\\\/\\\/www.nonsolomusicamagazine.it\\\/\",\"name\":\"Nonsolomusicamagazine\",\"description\":\"Dir. responsabile Manuel M Buccarella\",\"potentialAction\":[{\"@type\":\"SearchAction\",\"target\":{\"@type\":\"EntryPoint\",\"urlTemplate\":\"https:\\\/\\\/www.nonsolomusicamagazine.it\\\/?s={search_term_string}\"},\"query-input\":{\"@type\":\"PropertyValueSpecification\",\"valueRequired\":true,\"valueName\":\"search_term_string\"}}],\"inLanguage\":\"it-IT\"},{\"@type\":\"Person\",\"@id\":\"https:\\\/\\\/www.nonsolomusicamagazine.it\\\/#\\\/schema\\\/person\\\/a3349ad02300d046472d46cf6d31ae46\",\"name\":\"nonsolomusica\",\"image\":{\"@type\":\"ImageObject\",\"inLanguage\":\"it-IT\",\"@id\":\"https:\\\/\\\/www.nonsolomusicamagazine.it\\\/wp-content\\\/litespeed\\\/avatar\\\/3a675484bc84db6aba78d43bfc8b7197.jpg?ver=1776880798\",\"url\":\"https:\\\/\\\/www.nonsolomusicamagazine.it\\\/wp-content\\\/litespeed\\\/avatar\\\/3a675484bc84db6aba78d43bfc8b7197.jpg?ver=1776880798\",\"contentUrl\":\"https:\\\/\\\/www.nonsolomusicamagazine.it\\\/wp-content\\\/litespeed\\\/avatar\\\/3a675484bc84db6aba78d43bfc8b7197.jpg?ver=1776880798\",\"caption\":\"nonsolomusica\"},\"sameAs\":[\"https:\\\/\\\/www.nonsolomusicamagazine.it\"],\"url\":\"https:\\\/\\\/www.nonsolomusicamagazine.it\\\/?author=1\"}]}<\/script>\n<!-- \/ Yoast SEO plugin. -->","yoast_head_json":{"title":"Appello di numerose associazioni \u2013 costituite in coordinamento Rete 6V\/m \u2013 contro l\u2019ipotesi di innalzare i limiti per l\u2019esposizione ai campi elettromagnetici - NonSoloMusicaMagazine","description":"Appello di numerose associazioni \u2013 costituite in coordinamento Rete 6V\/m \u2013 contro l\u2019ipotesi di innalzare i limiti per l\u2019esposizione ai campi elettromagnetici","robots":{"index":"index","follow":"follow","max-snippet":"max-snippet:-1","max-image-preview":"max-image-preview:large","max-video-preview":"max-video-preview:-1"},"canonical":"https:\/\/www.nonsolomusicamagazine.it\/?p=1814","og_locale":"it_IT","og_type":"article","og_title":"Appello di numerose associazioni \u2013 costituite in coordinamento Rete 6V\/m \u2013 contro l\u2019ipotesi di innalzare i limiti per l\u2019esposizione ai campi elettromagnetici - NonSoloMusicaMagazine","og_description":"Appello di numerose associazioni \u2013 costituite in coordinamento Rete 6V\/m \u2013 contro l\u2019ipotesi di innalzare i limiti per l\u2019esposizione ai campi elettromagnetici","og_url":"https:\/\/www.nonsolomusicamagazine.it\/?p=1814","og_site_name":"NonSoloMusicaMagazine","article_published_time":"2023-06-30T17:43:13+00:00","article_modified_time":"2023-06-30T17:43:14+00:00","og_image":[{"width":1280,"height":854,"url":"https:\/\/www.nonsolomusicamagazine.it\/wp-content\/uploads\/2023\/06\/telecommunications-tower-7632805_1280.jpg","type":"image\/jpeg"}],"author":"nonsolomusica","twitter_card":"summary_large_image","twitter_misc":{"Scritto da":"nonsolomusica","Tempo di lettura stimato":"5 minuti"},"schema":{"@context":"https:\/\/schema.org","@graph":[{"@type":"Article","@id":"https:\/\/www.nonsolomusicamagazine.it\/?p=1814#article","isPartOf":{"@id":"https:\/\/www.nonsolomusicamagazine.it\/?p=1814"},"author":{"name":"nonsolomusica","@id":"https:\/\/www.nonsolomusicamagazine.it\/#\/schema\/person\/a3349ad02300d046472d46cf6d31ae46"},"headline":"Appello di numerose associazioni \u2013 costituite in coordinamento Rete 6V\/m \u2013 contro l\u2019ipotesi di innalzare i limiti per l\u2019esposizione ai campi elettromagnetici","datePublished":"2023-06-30T17:43:13+00:00","dateModified":"2023-06-30T17:43:14+00:00","mainEntityOfPage":{"@id":"https:\/\/www.nonsolomusicamagazine.it\/?p=1814"},"wordCount":944,"commentCount":1,"image":{"@id":"https:\/\/www.nonsolomusicamagazine.it\/?p=1814#primaryimage"},"thumbnailUrl":"https:\/\/www.nonsolomusicamagazine.it\/wp-content\/uploads\/2023\/06\/telecommunications-tower-7632805_1280.jpg","keywords":["5G","Campi elettromagnetici","Elettromagnetismo","Elevazione","Limiti"],"articleSection":["Salute","Scienza"],"inLanguage":"it-IT","potentialAction":[{"@type":"CommentAction","name":"Comment","target":["https:\/\/www.nonsolomusicamagazine.it\/?p=1814#respond"]}]},{"@type":"WebPage","@id":"https:\/\/www.nonsolomusicamagazine.it\/?p=1814","url":"https:\/\/www.nonsolomusicamagazine.it\/?p=1814","name":"Appello di numerose associazioni \u2013 costituite in coordinamento Rete 6V\/m \u2013 contro l\u2019ipotesi di innalzare i limiti per l\u2019esposizione ai campi elettromagnetici - NonSoloMusicaMagazine","isPartOf":{"@id":"https:\/\/www.nonsolomusicamagazine.it\/#website"},"primaryImageOfPage":{"@id":"https:\/\/www.nonsolomusicamagazine.it\/?p=1814#primaryimage"},"image":{"@id":"https:\/\/www.nonsolomusicamagazine.it\/?p=1814#primaryimage"},"thumbnailUrl":"https:\/\/www.nonsolomusicamagazine.it\/wp-content\/uploads\/2023\/06\/telecommunications-tower-7632805_1280.jpg","datePublished":"2023-06-30T17:43:13+00:00","dateModified":"2023-06-30T17:43:14+00:00","author":{"@id":"https:\/\/www.nonsolomusicamagazine.it\/#\/schema\/person\/a3349ad02300d046472d46cf6d31ae46"},"description":"Appello di numerose associazioni \u2013 costituite in coordinamento Rete 6V\/m \u2013 contro l\u2019ipotesi di innalzare i limiti per l\u2019esposizione ai campi elettromagnetici","breadcrumb":{"@id":"https:\/\/www.nonsolomusicamagazine.it\/?p=1814#breadcrumb"},"inLanguage":"it-IT","potentialAction":[{"@type":"ReadAction","target":["https:\/\/www.nonsolomusicamagazine.it\/?p=1814"]}]},{"@type":"ImageObject","inLanguage":"it-IT","@id":"https:\/\/www.nonsolomusicamagazine.it\/?p=1814#primaryimage","url":"https:\/\/www.nonsolomusicamagazine.it\/wp-content\/uploads\/2023\/06\/telecommunications-tower-7632805_1280.jpg","contentUrl":"https:\/\/www.nonsolomusicamagazine.it\/wp-content\/uploads\/2023\/06\/telecommunications-tower-7632805_1280.jpg","width":1280,"height":854},{"@type":"BreadcrumbList","@id":"https:\/\/www.nonsolomusicamagazine.it\/?p=1814#breadcrumb","itemListElement":[{"@type":"ListItem","position":1,"name":"Home","item":"https:\/\/www.nonsolomusicamagazine.it\/"},{"@type":"ListItem","position":2,"name":"Appello di numerose associazioni \u2013 costituite in coordinamento Rete 6V\/m \u2013 contro l\u2019ipotesi di innalzare i limiti per l\u2019esposizione ai campi elettromagnetici"}]},{"@type":"WebSite","@id":"https:\/\/www.nonsolomusicamagazine.it\/#website","url":"https:\/\/www.nonsolomusicamagazine.it\/","name":"Nonsolomusicamagazine","description":"Dir. responsabile Manuel M Buccarella","potentialAction":[{"@type":"SearchAction","target":{"@type":"EntryPoint","urlTemplate":"https:\/\/www.nonsolomusicamagazine.it\/?s={search_term_string}"},"query-input":{"@type":"PropertyValueSpecification","valueRequired":true,"valueName":"search_term_string"}}],"inLanguage":"it-IT"},{"@type":"Person","@id":"https:\/\/www.nonsolomusicamagazine.it\/#\/schema\/person\/a3349ad02300d046472d46cf6d31ae46","name":"nonsolomusica","image":{"@type":"ImageObject","inLanguage":"it-IT","@id":"https:\/\/www.nonsolomusicamagazine.it\/wp-content\/litespeed\/avatar\/3a675484bc84db6aba78d43bfc8b7197.jpg?ver=1776880798","url":"https:\/\/www.nonsolomusicamagazine.it\/wp-content\/litespeed\/avatar\/3a675484bc84db6aba78d43bfc8b7197.jpg?ver=1776880798","contentUrl":"https:\/\/www.nonsolomusicamagazine.it\/wp-content\/litespeed\/avatar\/3a675484bc84db6aba78d43bfc8b7197.jpg?ver=1776880798","caption":"nonsolomusica"},"sameAs":["https:\/\/www.nonsolomusicamagazine.it"],"url":"https:\/\/www.nonsolomusicamagazine.it\/?author=1"}]}},"amp_enabled":true,"_links":{"self":[{"href":"https:\/\/www.nonsolomusicamagazine.it\/index.php?rest_route=\/wp\/v2\/posts\/1814","targetHints":{"allow":["GET"]}}],"collection":[{"href":"https:\/\/www.nonsolomusicamagazine.it\/index.php?rest_route=\/wp\/v2\/posts"}],"about":[{"href":"https:\/\/www.nonsolomusicamagazine.it\/index.php?rest_route=\/wp\/v2\/types\/post"}],"author":[{"embeddable":true,"href":"https:\/\/www.nonsolomusicamagazine.it\/index.php?rest_route=\/wp\/v2\/users\/1"}],"replies":[{"embeddable":true,"href":"https:\/\/www.nonsolomusicamagazine.it\/index.php?rest_route=%2Fwp%2Fv2%2Fcomments&post=1814"}],"version-history":[{"count":0,"href":"https:\/\/www.nonsolomusicamagazine.it\/index.php?rest_route=\/wp\/v2\/posts\/1814\/revisions"}],"wp:featuredmedia":[{"embeddable":true,"href":"https:\/\/www.nonsolomusicamagazine.it\/index.php?rest_route=\/wp\/v2\/media\/1594"}],"wp:attachment":[{"href":"https:\/\/www.nonsolomusicamagazine.it\/index.php?rest_route=%2Fwp%2Fv2%2Fmedia&parent=1814"}],"wp:term":[{"taxonomy":"category","embeddable":true,"href":"https:\/\/www.nonsolomusicamagazine.it\/index.php?rest_route=%2Fwp%2Fv2%2Fcategories&post=1814"},{"taxonomy":"post_tag","embeddable":true,"href":"https:\/\/www.nonsolomusicamagazine.it\/index.php?rest_route=%2Fwp%2Fv2%2Ftags&post=1814"}],"curies":[{"name":"wp","href":"https:\/\/api.w.org\/{rel}","templated":true}]}}