{"id":1820,"date":"2023-06-30T20:26:13","date_gmt":"2023-06-30T20:26:13","guid":{"rendered":"https:\/\/www.nonsolomusicamagazine.it\/?p=1820"},"modified":"2023-06-30T20:26:13","modified_gmt":"2023-06-30T20:26:13","slug":"settimana-corta-benefici-anche-per-le-donne","status":"publish","type":"post","link":"https:\/\/www.nonsolomusicamagazine.it\/?p=1820","title":{"rendered":"Settimana corta: benefici anche per le donne."},"content":{"rendered":"\n<p class=\"has-text-align-center\"><em>ma. bu.<\/em><\/p>\n\n\n\n<p>Settimana corta, fatta di quattro giorni lavorativi e a parit\u00e0 d&#8217;orario, e a parit\u00e0 di salario. Incomincia a parlarsene anche in Italia, proposta per esempio da Banca Intesa Sanpaolo, ma vari e significativi esperimenti sono stati condotti in diversi paesi (Nuova Zelanda, Regno Unito, Islanda per citarne alcuni), i quali hanno avuto ottimi risultati. Conseguenze positive in termini di efficienza ma anche in termini di salute: il prestatore d&#8217;opera ha pi\u00f9 tempo per concentrarsi sul lavoro, anche se solo per quei quattro giorni, pi\u00f9 tempo per dedicarsi a s\u00e9 stessi, nel tempo libero. <\/p>\n\n\n\n<p>Quelli individuali non sono per\u00f2 gli unici vantaggi della \u201csettimana corta\u201d: ci si chiede, infatti, se questa rivoluzione dell\u2019orario di lavoro non possa essere anche uno stimolo per&nbsp;<strong>favorire l\u2019uguaglianza di gener<\/strong>e.<\/p>\n\n\n\n<p>Ne parla <strong>Zemorda Khelifi<\/strong>, vicepresidente della citt\u00e0 metropolitana francese di Lione, i cui dipendenti pubblici, a partire da settembre, potranno aderire volontariamente alla settimana lavorativa di quattro giorni. Khelifi \u00e8 anche membro del partito ecologista Europe Ecologie les Verts.<\/p>\n\n\n\n<p>La vicepresidente Khelifi spiega che nella municipalit\u00e0 di Lione l\u2019<strong>80% del personale impiegato a part-time \u00e8 composta da donne<\/strong>, la cui scelta spesso \u00e8 dettata dal volere, o dovere qualora non possano permettersi nido, babysitter o non possano contare sull\u2019aiuto dei nonni, passare pi\u00f9 tempo con i figli. Passare ad una settimana lavorativa breve consentirebbe loro di lavorare a tempo pieno, e stipendio pieno, ma con tre giorni di pausa. Sta ai singoli, e soprattutto alle singole, valutare pro e contro in relazione alla propria situazione personale.<\/p>\n\n\n\n<p>Chiaramente, aggiunge Khelifi, si tratta di un esperimento su base volontaria dettato dalla prospettiva di rendere pi\u00f9 attraenti i posti di lavoro nel settore pubblico. Sebbene le prospettive siano incoraggianti, non \u00e8 possibile prevederne gli effetti sin da ora: ne riparliamo tra sei mesi.<\/p>\n\n\n<figure class=\"wp-block-post-featured-image\"><img decoding=\"async\" width=\"1280\" height=\"853\" src=\"https:\/\/www.nonsolomusicamagazine.it\/wp-content\/uploads\/2023\/06\/woman-2003647_1280.jpg\" class=\"attachment-post-thumbnail size-post-thumbnail wp-post-image\" alt=\"\" style=\"object-fit:cover;\" srcset=\"https:\/\/www.nonsolomusicamagazine.it\/wp-content\/uploads\/2023\/06\/woman-2003647_1280.jpg 1280w, https:\/\/www.nonsolomusicamagazine.it\/wp-content\/uploads\/2023\/06\/woman-2003647_1280-300x200.jpg 300w, https:\/\/www.nonsolomusicamagazine.it\/wp-content\/uploads\/2023\/06\/woman-2003647_1280-1024x682.jpg 1024w, https:\/\/www.nonsolomusicamagazine.it\/wp-content\/uploads\/2023\/06\/woman-2003647_1280-768x512.jpg 768w\" sizes=\"(max-width: 1280px) 100vw, 1280px\" \/><\/figure>","protected":false},"excerpt":{"rendered":"<p>ma. bu. Settimana corta, fatta di quattro giorni lavorativi e a parit\u00e0 d&#8217;orario, e a parit\u00e0 di salario. Incomincia a parlarsene anche in Italia, proposta per esempio da Banca Intesa Sanpaolo, ma vari e significativi esperimenti sono stati condotti in diversi paesi (Nuova Zelanda, Regno Unito, Islanda per citarne alcuni), i quali hanno avuto ottimi [&hellip;]<\/p>\n","protected":false},"author":1,"featured_media":1821,"comment_status":"open","ping_status":"closed","sticky":false,"template":"","format":"standard","meta":{"footnotes":""},"categories":[113],"tags":[1350,213,1349,938],"class_list":["post-1820","post","type-post","status-publish","format-standard","has-post-thumbnail","hentry","category-economia","tag-efficacia","tag-lavoro","tag-part-time","tag-settimana-corta"],"yoast_head":"<!-- This site is optimized with the Yoast SEO plugin v27.5 - https:\/\/yoast.com\/product\/yoast-seo-wordpress\/ -->\n<title>Settimana corta: benefici anche per le donne. - NonSoloMusicaMagazine<\/title>\n<meta name=\"description\" content=\"Settimana corta: benefici anche per le donne.\" \/>\n<meta name=\"robots\" content=\"index, follow, max-snippet:-1, max-image-preview:large, max-video-preview:-1\" \/>\n<link rel=\"canonical\" href=\"https:\/\/www.nonsolomusicamagazine.it\/?p=1820\" \/>\n<meta property=\"og:locale\" content=\"it_IT\" \/>\n<meta property=\"og:type\" content=\"article\" \/>\n<meta property=\"og:title\" content=\"Settimana corta: benefici anche per le donne. - NonSoloMusicaMagazine\" \/>\n<meta property=\"og:description\" content=\"Settimana corta: benefici anche per le donne.\" \/>\n<meta property=\"og:url\" content=\"https:\/\/www.nonsolomusicamagazine.it\/?p=1820\" \/>\n<meta property=\"og:site_name\" content=\"NonSoloMusicaMagazine\" \/>\n<meta property=\"article:published_time\" content=\"2023-06-30T20:26:13+00:00\" \/>\n<meta property=\"og:image\" content=\"https:\/\/www.nonsolomusicamagazine.it\/wp-content\/uploads\/2023\/06\/woman-2003647_1280.jpg\" \/>\n\t<meta property=\"og:image:width\" content=\"1280\" \/>\n\t<meta property=\"og:image:height\" content=\"853\" \/>\n\t<meta property=\"og:image:type\" content=\"image\/jpeg\" \/>\n<meta name=\"author\" content=\"nonsolomusica\" \/>\n<meta name=\"twitter:card\" content=\"summary_large_image\" \/>\n<meta name=\"twitter:label1\" content=\"Scritto da\" \/>\n\t<meta name=\"twitter:data1\" content=\"nonsolomusica\" \/>\n\t<meta name=\"twitter:label2\" content=\"Tempo di lettura stimato\" \/>\n\t<meta name=\"twitter:data2\" content=\"2 minuti\" \/>\n<script type=\"application\/ld+json\" class=\"yoast-schema-graph\">{\"@context\":\"https:\\\/\\\/schema.org\",\"@graph\":[{\"@type\":\"Article\",\"@id\":\"https:\\\/\\\/www.nonsolomusicamagazine.it\\\/?p=1820#article\",\"isPartOf\":{\"@id\":\"https:\\\/\\\/www.nonsolomusicamagazine.it\\\/?p=1820\"},\"author\":{\"name\":\"nonsolomusica\",\"@id\":\"https:\\\/\\\/www.nonsolomusicamagazine.it\\\/#\\\/schema\\\/person\\\/a3349ad02300d046472d46cf6d31ae46\"},\"headline\":\"Settimana corta: benefici anche per le donne.\",\"datePublished\":\"2023-06-30T20:26:13+00:00\",\"mainEntityOfPage\":{\"@id\":\"https:\\\/\\\/www.nonsolomusicamagazine.it\\\/?p=1820\"},\"wordCount\":306,\"commentCount\":0,\"image\":{\"@id\":\"https:\\\/\\\/www.nonsolomusicamagazine.it\\\/?p=1820#primaryimage\"},\"thumbnailUrl\":\"https:\\\/\\\/www.nonsolomusicamagazine.it\\\/wp-content\\\/uploads\\\/2023\\\/06\\\/woman-2003647_1280.jpg\",\"keywords\":[\"Efficacia\",\"Lavoro\",\"Part time\",\"settimana corta\"],\"articleSection\":[\"Economia\"],\"inLanguage\":\"it-IT\",\"potentialAction\":[{\"@type\":\"CommentAction\",\"name\":\"Comment\",\"target\":[\"https:\\\/\\\/www.nonsolomusicamagazine.it\\\/?p=1820#respond\"]}]},{\"@type\":\"WebPage\",\"@id\":\"https:\\\/\\\/www.nonsolomusicamagazine.it\\\/?p=1820\",\"url\":\"https:\\\/\\\/www.nonsolomusicamagazine.it\\\/?p=1820\",\"name\":\"Settimana corta: benefici anche per le donne. - NonSoloMusicaMagazine\",\"isPartOf\":{\"@id\":\"https:\\\/\\\/www.nonsolomusicamagazine.it\\\/#website\"},\"primaryImageOfPage\":{\"@id\":\"https:\\\/\\\/www.nonsolomusicamagazine.it\\\/?p=1820#primaryimage\"},\"image\":{\"@id\":\"https:\\\/\\\/www.nonsolomusicamagazine.it\\\/?p=1820#primaryimage\"},\"thumbnailUrl\":\"https:\\\/\\\/www.nonsolomusicamagazine.it\\\/wp-content\\\/uploads\\\/2023\\\/06\\\/woman-2003647_1280.jpg\",\"datePublished\":\"2023-06-30T20:26:13+00:00\",\"author\":{\"@id\":\"https:\\\/\\\/www.nonsolomusicamagazine.it\\\/#\\\/schema\\\/person\\\/a3349ad02300d046472d46cf6d31ae46\"},\"description\":\"Settimana corta: benefici anche per le donne.\",\"breadcrumb\":{\"@id\":\"https:\\\/\\\/www.nonsolomusicamagazine.it\\\/?p=1820#breadcrumb\"},\"inLanguage\":\"it-IT\",\"potentialAction\":[{\"@type\":\"ReadAction\",\"target\":[\"https:\\\/\\\/www.nonsolomusicamagazine.it\\\/?p=1820\"]}]},{\"@type\":\"ImageObject\",\"inLanguage\":\"it-IT\",\"@id\":\"https:\\\/\\\/www.nonsolomusicamagazine.it\\\/?p=1820#primaryimage\",\"url\":\"https:\\\/\\\/www.nonsolomusicamagazine.it\\\/wp-content\\\/uploads\\\/2023\\\/06\\\/woman-2003647_1280.jpg\",\"contentUrl\":\"https:\\\/\\\/www.nonsolomusicamagazine.it\\\/wp-content\\\/uploads\\\/2023\\\/06\\\/woman-2003647_1280.jpg\",\"width\":1280,\"height\":853},{\"@type\":\"BreadcrumbList\",\"@id\":\"https:\\\/\\\/www.nonsolomusicamagazine.it\\\/?p=1820#breadcrumb\",\"itemListElement\":[{\"@type\":\"ListItem\",\"position\":1,\"name\":\"Home\",\"item\":\"https:\\\/\\\/www.nonsolomusicamagazine.it\\\/\"},{\"@type\":\"ListItem\",\"position\":2,\"name\":\"Settimana corta: benefici anche per le donne.\"}]},{\"@type\":\"WebSite\",\"@id\":\"https:\\\/\\\/www.nonsolomusicamagazine.it\\\/#website\",\"url\":\"https:\\\/\\\/www.nonsolomusicamagazine.it\\\/\",\"name\":\"Nonsolomusicamagazine\",\"description\":\"Dir. responsabile Manuel M Buccarella\",\"potentialAction\":[{\"@type\":\"SearchAction\",\"target\":{\"@type\":\"EntryPoint\",\"urlTemplate\":\"https:\\\/\\\/www.nonsolomusicamagazine.it\\\/?s={search_term_string}\"},\"query-input\":{\"@type\":\"PropertyValueSpecification\",\"valueRequired\":true,\"valueName\":\"search_term_string\"}}],\"inLanguage\":\"it-IT\"},{\"@type\":\"Person\",\"@id\":\"https:\\\/\\\/www.nonsolomusicamagazine.it\\\/#\\\/schema\\\/person\\\/a3349ad02300d046472d46cf6d31ae46\",\"name\":\"nonsolomusica\",\"image\":{\"@type\":\"ImageObject\",\"inLanguage\":\"it-IT\",\"@id\":\"https:\\\/\\\/www.nonsolomusicamagazine.it\\\/wp-content\\\/litespeed\\\/avatar\\\/3a675484bc84db6aba78d43bfc8b7197.jpg?ver=1776880798\",\"url\":\"https:\\\/\\\/www.nonsolomusicamagazine.it\\\/wp-content\\\/litespeed\\\/avatar\\\/3a675484bc84db6aba78d43bfc8b7197.jpg?ver=1776880798\",\"contentUrl\":\"https:\\\/\\\/www.nonsolomusicamagazine.it\\\/wp-content\\\/litespeed\\\/avatar\\\/3a675484bc84db6aba78d43bfc8b7197.jpg?ver=1776880798\",\"caption\":\"nonsolomusica\"},\"sameAs\":[\"https:\\\/\\\/www.nonsolomusicamagazine.it\"],\"url\":\"https:\\\/\\\/www.nonsolomusicamagazine.it\\\/?author=1\"}]}<\/script>\n<!-- \/ Yoast SEO plugin. -->","yoast_head_json":{"title":"Settimana corta: benefici anche per le donne. - NonSoloMusicaMagazine","description":"Settimana corta: benefici anche per le donne.","robots":{"index":"index","follow":"follow","max-snippet":"max-snippet:-1","max-image-preview":"max-image-preview:large","max-video-preview":"max-video-preview:-1"},"canonical":"https:\/\/www.nonsolomusicamagazine.it\/?p=1820","og_locale":"it_IT","og_type":"article","og_title":"Settimana corta: benefici anche per le donne. - NonSoloMusicaMagazine","og_description":"Settimana corta: benefici anche per le donne.","og_url":"https:\/\/www.nonsolomusicamagazine.it\/?p=1820","og_site_name":"NonSoloMusicaMagazine","article_published_time":"2023-06-30T20:26:13+00:00","og_image":[{"width":1280,"height":853,"url":"https:\/\/www.nonsolomusicamagazine.it\/wp-content\/uploads\/2023\/06\/woman-2003647_1280.jpg","type":"image\/jpeg"}],"author":"nonsolomusica","twitter_card":"summary_large_image","twitter_misc":{"Scritto da":"nonsolomusica","Tempo di lettura stimato":"2 minuti"},"schema":{"@context":"https:\/\/schema.org","@graph":[{"@type":"Article","@id":"https:\/\/www.nonsolomusicamagazine.it\/?p=1820#article","isPartOf":{"@id":"https:\/\/www.nonsolomusicamagazine.it\/?p=1820"},"author":{"name":"nonsolomusica","@id":"https:\/\/www.nonsolomusicamagazine.it\/#\/schema\/person\/a3349ad02300d046472d46cf6d31ae46"},"headline":"Settimana corta: benefici anche per le donne.","datePublished":"2023-06-30T20:26:13+00:00","mainEntityOfPage":{"@id":"https:\/\/www.nonsolomusicamagazine.it\/?p=1820"},"wordCount":306,"commentCount":0,"image":{"@id":"https:\/\/www.nonsolomusicamagazine.it\/?p=1820#primaryimage"},"thumbnailUrl":"https:\/\/www.nonsolomusicamagazine.it\/wp-content\/uploads\/2023\/06\/woman-2003647_1280.jpg","keywords":["Efficacia","Lavoro","Part time","settimana corta"],"articleSection":["Economia"],"inLanguage":"it-IT","potentialAction":[{"@type":"CommentAction","name":"Comment","target":["https:\/\/www.nonsolomusicamagazine.it\/?p=1820#respond"]}]},{"@type":"WebPage","@id":"https:\/\/www.nonsolomusicamagazine.it\/?p=1820","url":"https:\/\/www.nonsolomusicamagazine.it\/?p=1820","name":"Settimana corta: benefici anche per le donne. - NonSoloMusicaMagazine","isPartOf":{"@id":"https:\/\/www.nonsolomusicamagazine.it\/#website"},"primaryImageOfPage":{"@id":"https:\/\/www.nonsolomusicamagazine.it\/?p=1820#primaryimage"},"image":{"@id":"https:\/\/www.nonsolomusicamagazine.it\/?p=1820#primaryimage"},"thumbnailUrl":"https:\/\/www.nonsolomusicamagazine.it\/wp-content\/uploads\/2023\/06\/woman-2003647_1280.jpg","datePublished":"2023-06-30T20:26:13+00:00","author":{"@id":"https:\/\/www.nonsolomusicamagazine.it\/#\/schema\/person\/a3349ad02300d046472d46cf6d31ae46"},"description":"Settimana corta: benefici anche per le donne.","breadcrumb":{"@id":"https:\/\/www.nonsolomusicamagazine.it\/?p=1820#breadcrumb"},"inLanguage":"it-IT","potentialAction":[{"@type":"ReadAction","target":["https:\/\/www.nonsolomusicamagazine.it\/?p=1820"]}]},{"@type":"ImageObject","inLanguage":"it-IT","@id":"https:\/\/www.nonsolomusicamagazine.it\/?p=1820#primaryimage","url":"https:\/\/www.nonsolomusicamagazine.it\/wp-content\/uploads\/2023\/06\/woman-2003647_1280.jpg","contentUrl":"https:\/\/www.nonsolomusicamagazine.it\/wp-content\/uploads\/2023\/06\/woman-2003647_1280.jpg","width":1280,"height":853},{"@type":"BreadcrumbList","@id":"https:\/\/www.nonsolomusicamagazine.it\/?p=1820#breadcrumb","itemListElement":[{"@type":"ListItem","position":1,"name":"Home","item":"https:\/\/www.nonsolomusicamagazine.it\/"},{"@type":"ListItem","position":2,"name":"Settimana corta: benefici anche per le donne."}]},{"@type":"WebSite","@id":"https:\/\/www.nonsolomusicamagazine.it\/#website","url":"https:\/\/www.nonsolomusicamagazine.it\/","name":"Nonsolomusicamagazine","description":"Dir. responsabile Manuel M Buccarella","potentialAction":[{"@type":"SearchAction","target":{"@type":"EntryPoint","urlTemplate":"https:\/\/www.nonsolomusicamagazine.it\/?s={search_term_string}"},"query-input":{"@type":"PropertyValueSpecification","valueRequired":true,"valueName":"search_term_string"}}],"inLanguage":"it-IT"},{"@type":"Person","@id":"https:\/\/www.nonsolomusicamagazine.it\/#\/schema\/person\/a3349ad02300d046472d46cf6d31ae46","name":"nonsolomusica","image":{"@type":"ImageObject","inLanguage":"it-IT","@id":"https:\/\/www.nonsolomusicamagazine.it\/wp-content\/litespeed\/avatar\/3a675484bc84db6aba78d43bfc8b7197.jpg?ver=1776880798","url":"https:\/\/www.nonsolomusicamagazine.it\/wp-content\/litespeed\/avatar\/3a675484bc84db6aba78d43bfc8b7197.jpg?ver=1776880798","contentUrl":"https:\/\/www.nonsolomusicamagazine.it\/wp-content\/litespeed\/avatar\/3a675484bc84db6aba78d43bfc8b7197.jpg?ver=1776880798","caption":"nonsolomusica"},"sameAs":["https:\/\/www.nonsolomusicamagazine.it"],"url":"https:\/\/www.nonsolomusicamagazine.it\/?author=1"}]}},"amp_enabled":true,"_links":{"self":[{"href":"https:\/\/www.nonsolomusicamagazine.it\/index.php?rest_route=\/wp\/v2\/posts\/1820","targetHints":{"allow":["GET"]}}],"collection":[{"href":"https:\/\/www.nonsolomusicamagazine.it\/index.php?rest_route=\/wp\/v2\/posts"}],"about":[{"href":"https:\/\/www.nonsolomusicamagazine.it\/index.php?rest_route=\/wp\/v2\/types\/post"}],"author":[{"embeddable":true,"href":"https:\/\/www.nonsolomusicamagazine.it\/index.php?rest_route=\/wp\/v2\/users\/1"}],"replies":[{"embeddable":true,"href":"https:\/\/www.nonsolomusicamagazine.it\/index.php?rest_route=%2Fwp%2Fv2%2Fcomments&post=1820"}],"version-history":[{"count":0,"href":"https:\/\/www.nonsolomusicamagazine.it\/index.php?rest_route=\/wp\/v2\/posts\/1820\/revisions"}],"wp:featuredmedia":[{"embeddable":true,"href":"https:\/\/www.nonsolomusicamagazine.it\/index.php?rest_route=\/wp\/v2\/media\/1821"}],"wp:attachment":[{"href":"https:\/\/www.nonsolomusicamagazine.it\/index.php?rest_route=%2Fwp%2Fv2%2Fmedia&parent=1820"}],"wp:term":[{"taxonomy":"category","embeddable":true,"href":"https:\/\/www.nonsolomusicamagazine.it\/index.php?rest_route=%2Fwp%2Fv2%2Fcategories&post=1820"},{"taxonomy":"post_tag","embeddable":true,"href":"https:\/\/www.nonsolomusicamagazine.it\/index.php?rest_route=%2Fwp%2Fv2%2Ftags&post=1820"}],"curies":[{"name":"wp","href":"https:\/\/api.w.org\/{rel}","templated":true}]}}