{"id":2142,"date":"2023-07-23T20:47:58","date_gmt":"2023-07-23T20:47:58","guid":{"rendered":"https:\/\/www.nonsolomusicamagazine.it\/?p=2142"},"modified":"2023-07-23T20:47:58","modified_gmt":"2023-07-23T20:47:58","slug":"luglio-di-elisa-elodie-giorgia-e-roshelle","status":"publish","type":"post","link":"https:\/\/www.nonsolomusicamagazine.it\/?p=2142","title":{"rendered":"&#8220;Luglio&#8221; di Elisa, Elodie, Giorgia e Roshelle"},"content":{"rendered":"\n<p class=\"has-text-align-center\"><em>ma. bu.<\/em><\/p>\n\n\n\n<p>&#8220;Il tuo sorriso \u00e8 come il sole di luglio luglio, luglio&#8221;, cantano nel ritornello quattro apprezzate interpreti femminili italiane: Elisa, Elodie Giorgia e Roshelle. La canzone, &#8220;Luglio &#8221; \u00e8 dell&#8217;anno scorso ma non \u00e8 stata adeguatamente pubblicizzata. La ripeschiamo dunque noi di &#8220;nonsolomusicamagazine&#8221;, per dare spazio ogni domenica e fino alla fine del mese alle canzoni del mese di luglio.<\/p>\n\n\n\n<p>Il brano \u00e8 fresco e leggero, come spesso si conviene ad un brano estivo. Ma la melodia non confonda l&#8217;ascoltatore. In fondo nelle liriche c&#8217;\u00e8 l&#8217;esigenza di un qualcosa di catartico, c&#8217;\u00e8 la necessit\u00e0 di mettere da parte la sofferenza con la forza dell&#8217;amore.<\/p>\n\n\n\n<p>&#8220;Splendide le linee della mano<br>Che si intrecciano tra noi<br>Strette come fossero di nylon<br>E non le puoi strappare mai<\/p>\n\n\n\n<p>Amore, non fa niente<br>Anche se piove<br>Voglio ascoltare<br>Quando fa male<br>Amore mio, non serve<br>Scappare altrove<br>Scappare dove<br>Per non soffrire pi\u00f9<\/p>\n\n\n\n<p>Portami fuori <\/p>\n\n\n\n<p>A sentire dentro un mare<\/p>\n\n\n\n<p>E abbracci senza fine<\/p>\n\n\n\n<p>Dimmi che non \u00e8 Niente <\/p>\n\n\n\n<p>Ma quante stupide parole <\/p>\n\n\n\n<p>So solo che la vita \u00e8 un fiume<\/p>\n\n\n\n<p>E che non far\u00e0 buio<\/p>\n\n\n\n<p>Mai pi\u00f9, mai pi\u00f9&#8221;<\/p>\n\n\n<figure class=\"wp-block-post-featured-image\"><img decoding=\"async\" width=\"710\" height=\"407\" src=\"https:\/\/www.nonsolomusicamagazine.it\/wp-content\/uploads\/2023\/07\/Screenshot_2023-07-23-22-44-20-435_com.android.chrome.jpg\" class=\"attachment-post-thumbnail size-post-thumbnail wp-post-image\" alt=\"\" style=\"object-fit:cover;\" srcset=\"https:\/\/www.nonsolomusicamagazine.it\/wp-content\/uploads\/2023\/07\/Screenshot_2023-07-23-22-44-20-435_com.android.chrome.jpg 710w, https:\/\/www.nonsolomusicamagazine.it\/wp-content\/uploads\/2023\/07\/Screenshot_2023-07-23-22-44-20-435_com.android.chrome-300x172.jpg 300w\" sizes=\"(max-width: 710px) 100vw, 710px\" \/><\/figure>\n\n\n<figure class=\"wp-block-embed is-type-video is-provider-youtube wp-block-embed-youtube wp-embed-aspect-16-9 wp-has-aspect-ratio\"><div class=\"wp-block-embed__wrapper\">\n<iframe title=\"Elisa, Elodie, Giorgia, Roshelle - LUGLIO (Lyrics\/Testo)\" width=\"640\" height=\"360\" src=\"https:\/\/www.youtube.com\/embed\/h6l7r3AKffQ?feature=oembed\" frameborder=\"0\" allow=\"accelerometer; autoplay; clipboard-write; encrypted-media; gyroscope; picture-in-picture; web-share\" referrerpolicy=\"strict-origin-when-cross-origin\" allowfullscreen><\/iframe>\n<\/div><\/figure>\n","protected":false},"excerpt":{"rendered":"<p>ma. bu. &#8220;Il tuo sorriso \u00e8 come il sole di luglio luglio, luglio&#8221;, cantano nel ritornello quattro apprezzate interpreti femminili italiane: Elisa, Elodie Giorgia e Roshelle. La canzone, &#8220;Luglio &#8221; \u00e8 dell&#8217;anno scorso ma non \u00e8 stata adeguatamente pubblicizzata. La ripeschiamo dunque noi di &#8220;nonsolomusicamagazine&#8221;, per dare spazio ogni domenica e fino alla fine del [&hellip;]<\/p>\n","protected":false},"author":1,"featured_media":2143,"comment_status":"open","ping_status":"closed","sticky":false,"template":"","format":"standard","meta":{"footnotes":""},"categories":[1],"tags":[1548,1549,1550,1357,1551],"class_list":["post-2142","post","type-post","status-publish","format-standard","has-post-thumbnail","hentry","category-musica","tag-elisa","tag-elodie","tag-giorgia","tag-luglio","tag-roshelle"],"yoast_head":"<!-- This site is optimized with the Yoast SEO plugin v27.5 - https:\/\/yoast.com\/product\/yoast-seo-wordpress\/ -->\n<title>&quot;Luglio&quot; di Elisa, Elodie, Giorgia e Roshelle - NonSoloMusicaMagazine<\/title>\n<meta name=\"description\" content=\"&quot;Luglio&quot; di Elisa, Elodie, Giorgia e Roshelle\" \/>\n<meta name=\"robots\" content=\"index, follow, max-snippet:-1, max-image-preview:large, max-video-preview:-1\" \/>\n<link rel=\"canonical\" href=\"https:\/\/www.nonsolomusicamagazine.it\/?p=2142\" \/>\n<meta property=\"og:locale\" content=\"it_IT\" \/>\n<meta property=\"og:type\" content=\"article\" \/>\n<meta property=\"og:title\" content=\"&quot;Luglio&quot; di Elisa, Elodie, Giorgia e Roshelle - NonSoloMusicaMagazine\" \/>\n<meta property=\"og:description\" content=\"&quot;Luglio&quot; di Elisa, Elodie, Giorgia e Roshelle\" \/>\n<meta property=\"og:url\" content=\"https:\/\/www.nonsolomusicamagazine.it\/?p=2142\" \/>\n<meta property=\"og:site_name\" content=\"NonSoloMusicaMagazine\" \/>\n<meta property=\"article:published_time\" content=\"2023-07-23T20:47:58+00:00\" \/>\n<meta property=\"og:image\" content=\"https:\/\/www.nonsolomusicamagazine.it\/wp-content\/uploads\/2023\/07\/Screenshot_2023-07-23-22-44-20-435_com.android.chrome.jpg\" \/>\n\t<meta property=\"og:image:width\" content=\"710\" \/>\n\t<meta property=\"og:image:height\" content=\"407\" \/>\n\t<meta property=\"og:image:type\" content=\"image\/jpeg\" \/>\n<meta name=\"author\" content=\"nonsolomusica\" \/>\n<meta name=\"twitter:card\" content=\"summary_large_image\" \/>\n<meta name=\"twitter:label1\" content=\"Scritto da\" \/>\n\t<meta name=\"twitter:data1\" content=\"nonsolomusica\" \/>\n\t<meta name=\"twitter:label2\" content=\"Tempo di lettura stimato\" \/>\n\t<meta name=\"twitter:data2\" content=\"1 minuto\" \/>\n<script type=\"application\/ld+json\" class=\"yoast-schema-graph\">{\"@context\":\"https:\\\/\\\/schema.org\",\"@graph\":[{\"@type\":\"Article\",\"@id\":\"https:\\\/\\\/www.nonsolomusicamagazine.it\\\/?p=2142#article\",\"isPartOf\":{\"@id\":\"https:\\\/\\\/www.nonsolomusicamagazine.it\\\/?p=2142\"},\"author\":{\"name\":\"nonsolomusica\",\"@id\":\"https:\\\/\\\/www.nonsolomusicamagazine.it\\\/#\\\/schema\\\/person\\\/a3349ad02300d046472d46cf6d31ae46\"},\"headline\":\"&#8220;Luglio&#8221; di Elisa, Elodie, Giorgia e Roshelle\",\"datePublished\":\"2023-07-23T20:47:58+00:00\",\"mainEntityOfPage\":{\"@id\":\"https:\\\/\\\/www.nonsolomusicamagazine.it\\\/?p=2142\"},\"wordCount\":189,\"commentCount\":0,\"image\":{\"@id\":\"https:\\\/\\\/www.nonsolomusicamagazine.it\\\/?p=2142#primaryimage\"},\"thumbnailUrl\":\"https:\\\/\\\/www.nonsolomusicamagazine.it\\\/wp-content\\\/uploads\\\/2023\\\/07\\\/Screenshot_2023-07-23-22-44-20-435_com.android.chrome.jpg\",\"keywords\":[\"Elisa\",\"Elodie\",\"Giorgia\",\"Luglio\",\"Roshelle\"],\"articleSection\":[\"Musica\"],\"inLanguage\":\"it-IT\",\"potentialAction\":[{\"@type\":\"CommentAction\",\"name\":\"Comment\",\"target\":[\"https:\\\/\\\/www.nonsolomusicamagazine.it\\\/?p=2142#respond\"]}]},{\"@type\":\"WebPage\",\"@id\":\"https:\\\/\\\/www.nonsolomusicamagazine.it\\\/?p=2142\",\"url\":\"https:\\\/\\\/www.nonsolomusicamagazine.it\\\/?p=2142\",\"name\":\"\\\"Luglio\\\" di Elisa, Elodie, Giorgia e Roshelle - NonSoloMusicaMagazine\",\"isPartOf\":{\"@id\":\"https:\\\/\\\/www.nonsolomusicamagazine.it\\\/#website\"},\"primaryImageOfPage\":{\"@id\":\"https:\\\/\\\/www.nonsolomusicamagazine.it\\\/?p=2142#primaryimage\"},\"image\":{\"@id\":\"https:\\\/\\\/www.nonsolomusicamagazine.it\\\/?p=2142#primaryimage\"},\"thumbnailUrl\":\"https:\\\/\\\/www.nonsolomusicamagazine.it\\\/wp-content\\\/uploads\\\/2023\\\/07\\\/Screenshot_2023-07-23-22-44-20-435_com.android.chrome.jpg\",\"datePublished\":\"2023-07-23T20:47:58+00:00\",\"author\":{\"@id\":\"https:\\\/\\\/www.nonsolomusicamagazine.it\\\/#\\\/schema\\\/person\\\/a3349ad02300d046472d46cf6d31ae46\"},\"description\":\"\\\"Luglio\\\" di Elisa, Elodie, Giorgia e Roshelle\",\"breadcrumb\":{\"@id\":\"https:\\\/\\\/www.nonsolomusicamagazine.it\\\/?p=2142#breadcrumb\"},\"inLanguage\":\"it-IT\",\"potentialAction\":[{\"@type\":\"ReadAction\",\"target\":[\"https:\\\/\\\/www.nonsolomusicamagazine.it\\\/?p=2142\"]}]},{\"@type\":\"ImageObject\",\"inLanguage\":\"it-IT\",\"@id\":\"https:\\\/\\\/www.nonsolomusicamagazine.it\\\/?p=2142#primaryimage\",\"url\":\"https:\\\/\\\/www.nonsolomusicamagazine.it\\\/wp-content\\\/uploads\\\/2023\\\/07\\\/Screenshot_2023-07-23-22-44-20-435_com.android.chrome.jpg\",\"contentUrl\":\"https:\\\/\\\/www.nonsolomusicamagazine.it\\\/wp-content\\\/uploads\\\/2023\\\/07\\\/Screenshot_2023-07-23-22-44-20-435_com.android.chrome.jpg\",\"width\":710,\"height\":407},{\"@type\":\"BreadcrumbList\",\"@id\":\"https:\\\/\\\/www.nonsolomusicamagazine.it\\\/?p=2142#breadcrumb\",\"itemListElement\":[{\"@type\":\"ListItem\",\"position\":1,\"name\":\"Home\",\"item\":\"https:\\\/\\\/www.nonsolomusicamagazine.it\\\/\"},{\"@type\":\"ListItem\",\"position\":2,\"name\":\"&#8220;Luglio&#8221; di Elisa, Elodie, Giorgia e Roshelle\"}]},{\"@type\":\"WebSite\",\"@id\":\"https:\\\/\\\/www.nonsolomusicamagazine.it\\\/#website\",\"url\":\"https:\\\/\\\/www.nonsolomusicamagazine.it\\\/\",\"name\":\"Nonsolomusicamagazine\",\"description\":\"Dir. responsabile Manuel M Buccarella\",\"potentialAction\":[{\"@type\":\"SearchAction\",\"target\":{\"@type\":\"EntryPoint\",\"urlTemplate\":\"https:\\\/\\\/www.nonsolomusicamagazine.it\\\/?s={search_term_string}\"},\"query-input\":{\"@type\":\"PropertyValueSpecification\",\"valueRequired\":true,\"valueName\":\"search_term_string\"}}],\"inLanguage\":\"it-IT\"},{\"@type\":\"Person\",\"@id\":\"https:\\\/\\\/www.nonsolomusicamagazine.it\\\/#\\\/schema\\\/person\\\/a3349ad02300d046472d46cf6d31ae46\",\"name\":\"nonsolomusica\",\"image\":{\"@type\":\"ImageObject\",\"inLanguage\":\"it-IT\",\"@id\":\"https:\\\/\\\/www.nonsolomusicamagazine.it\\\/wp-content\\\/litespeed\\\/avatar\\\/3a675484bc84db6aba78d43bfc8b7197.jpg?ver=1776880798\",\"url\":\"https:\\\/\\\/www.nonsolomusicamagazine.it\\\/wp-content\\\/litespeed\\\/avatar\\\/3a675484bc84db6aba78d43bfc8b7197.jpg?ver=1776880798\",\"contentUrl\":\"https:\\\/\\\/www.nonsolomusicamagazine.it\\\/wp-content\\\/litespeed\\\/avatar\\\/3a675484bc84db6aba78d43bfc8b7197.jpg?ver=1776880798\",\"caption\":\"nonsolomusica\"},\"sameAs\":[\"https:\\\/\\\/www.nonsolomusicamagazine.it\"],\"url\":\"https:\\\/\\\/www.nonsolomusicamagazine.it\\\/?author=1\"}]}<\/script>\n<!-- \/ Yoast SEO plugin. -->","yoast_head_json":{"title":"\"Luglio\" di Elisa, Elodie, Giorgia e Roshelle - NonSoloMusicaMagazine","description":"\"Luglio\" di Elisa, Elodie, Giorgia e Roshelle","robots":{"index":"index","follow":"follow","max-snippet":"max-snippet:-1","max-image-preview":"max-image-preview:large","max-video-preview":"max-video-preview:-1"},"canonical":"https:\/\/www.nonsolomusicamagazine.it\/?p=2142","og_locale":"it_IT","og_type":"article","og_title":"\"Luglio\" di Elisa, Elodie, Giorgia e Roshelle - NonSoloMusicaMagazine","og_description":"\"Luglio\" di Elisa, Elodie, Giorgia e Roshelle","og_url":"https:\/\/www.nonsolomusicamagazine.it\/?p=2142","og_site_name":"NonSoloMusicaMagazine","article_published_time":"2023-07-23T20:47:58+00:00","og_image":[{"width":710,"height":407,"url":"https:\/\/www.nonsolomusicamagazine.it\/wp-content\/uploads\/2023\/07\/Screenshot_2023-07-23-22-44-20-435_com.android.chrome.jpg","type":"image\/jpeg"}],"author":"nonsolomusica","twitter_card":"summary_large_image","twitter_misc":{"Scritto da":"nonsolomusica","Tempo di lettura stimato":"1 minuto"},"schema":{"@context":"https:\/\/schema.org","@graph":[{"@type":"Article","@id":"https:\/\/www.nonsolomusicamagazine.it\/?p=2142#article","isPartOf":{"@id":"https:\/\/www.nonsolomusicamagazine.it\/?p=2142"},"author":{"name":"nonsolomusica","@id":"https:\/\/www.nonsolomusicamagazine.it\/#\/schema\/person\/a3349ad02300d046472d46cf6d31ae46"},"headline":"&#8220;Luglio&#8221; di Elisa, Elodie, Giorgia e Roshelle","datePublished":"2023-07-23T20:47:58+00:00","mainEntityOfPage":{"@id":"https:\/\/www.nonsolomusicamagazine.it\/?p=2142"},"wordCount":189,"commentCount":0,"image":{"@id":"https:\/\/www.nonsolomusicamagazine.it\/?p=2142#primaryimage"},"thumbnailUrl":"https:\/\/www.nonsolomusicamagazine.it\/wp-content\/uploads\/2023\/07\/Screenshot_2023-07-23-22-44-20-435_com.android.chrome.jpg","keywords":["Elisa","Elodie","Giorgia","Luglio","Roshelle"],"articleSection":["Musica"],"inLanguage":"it-IT","potentialAction":[{"@type":"CommentAction","name":"Comment","target":["https:\/\/www.nonsolomusicamagazine.it\/?p=2142#respond"]}]},{"@type":"WebPage","@id":"https:\/\/www.nonsolomusicamagazine.it\/?p=2142","url":"https:\/\/www.nonsolomusicamagazine.it\/?p=2142","name":"\"Luglio\" di Elisa, Elodie, Giorgia e Roshelle - NonSoloMusicaMagazine","isPartOf":{"@id":"https:\/\/www.nonsolomusicamagazine.it\/#website"},"primaryImageOfPage":{"@id":"https:\/\/www.nonsolomusicamagazine.it\/?p=2142#primaryimage"},"image":{"@id":"https:\/\/www.nonsolomusicamagazine.it\/?p=2142#primaryimage"},"thumbnailUrl":"https:\/\/www.nonsolomusicamagazine.it\/wp-content\/uploads\/2023\/07\/Screenshot_2023-07-23-22-44-20-435_com.android.chrome.jpg","datePublished":"2023-07-23T20:47:58+00:00","author":{"@id":"https:\/\/www.nonsolomusicamagazine.it\/#\/schema\/person\/a3349ad02300d046472d46cf6d31ae46"},"description":"\"Luglio\" di Elisa, Elodie, Giorgia e Roshelle","breadcrumb":{"@id":"https:\/\/www.nonsolomusicamagazine.it\/?p=2142#breadcrumb"},"inLanguage":"it-IT","potentialAction":[{"@type":"ReadAction","target":["https:\/\/www.nonsolomusicamagazine.it\/?p=2142"]}]},{"@type":"ImageObject","inLanguage":"it-IT","@id":"https:\/\/www.nonsolomusicamagazine.it\/?p=2142#primaryimage","url":"https:\/\/www.nonsolomusicamagazine.it\/wp-content\/uploads\/2023\/07\/Screenshot_2023-07-23-22-44-20-435_com.android.chrome.jpg","contentUrl":"https:\/\/www.nonsolomusicamagazine.it\/wp-content\/uploads\/2023\/07\/Screenshot_2023-07-23-22-44-20-435_com.android.chrome.jpg","width":710,"height":407},{"@type":"BreadcrumbList","@id":"https:\/\/www.nonsolomusicamagazine.it\/?p=2142#breadcrumb","itemListElement":[{"@type":"ListItem","position":1,"name":"Home","item":"https:\/\/www.nonsolomusicamagazine.it\/"},{"@type":"ListItem","position":2,"name":"&#8220;Luglio&#8221; di Elisa, Elodie, Giorgia e Roshelle"}]},{"@type":"WebSite","@id":"https:\/\/www.nonsolomusicamagazine.it\/#website","url":"https:\/\/www.nonsolomusicamagazine.it\/","name":"Nonsolomusicamagazine","description":"Dir. responsabile Manuel M Buccarella","potentialAction":[{"@type":"SearchAction","target":{"@type":"EntryPoint","urlTemplate":"https:\/\/www.nonsolomusicamagazine.it\/?s={search_term_string}"},"query-input":{"@type":"PropertyValueSpecification","valueRequired":true,"valueName":"search_term_string"}}],"inLanguage":"it-IT"},{"@type":"Person","@id":"https:\/\/www.nonsolomusicamagazine.it\/#\/schema\/person\/a3349ad02300d046472d46cf6d31ae46","name":"nonsolomusica","image":{"@type":"ImageObject","inLanguage":"it-IT","@id":"https:\/\/www.nonsolomusicamagazine.it\/wp-content\/litespeed\/avatar\/3a675484bc84db6aba78d43bfc8b7197.jpg?ver=1776880798","url":"https:\/\/www.nonsolomusicamagazine.it\/wp-content\/litespeed\/avatar\/3a675484bc84db6aba78d43bfc8b7197.jpg?ver=1776880798","contentUrl":"https:\/\/www.nonsolomusicamagazine.it\/wp-content\/litespeed\/avatar\/3a675484bc84db6aba78d43bfc8b7197.jpg?ver=1776880798","caption":"nonsolomusica"},"sameAs":["https:\/\/www.nonsolomusicamagazine.it"],"url":"https:\/\/www.nonsolomusicamagazine.it\/?author=1"}]}},"amp_enabled":true,"_links":{"self":[{"href":"https:\/\/www.nonsolomusicamagazine.it\/index.php?rest_route=\/wp\/v2\/posts\/2142","targetHints":{"allow":["GET"]}}],"collection":[{"href":"https:\/\/www.nonsolomusicamagazine.it\/index.php?rest_route=\/wp\/v2\/posts"}],"about":[{"href":"https:\/\/www.nonsolomusicamagazine.it\/index.php?rest_route=\/wp\/v2\/types\/post"}],"author":[{"embeddable":true,"href":"https:\/\/www.nonsolomusicamagazine.it\/index.php?rest_route=\/wp\/v2\/users\/1"}],"replies":[{"embeddable":true,"href":"https:\/\/www.nonsolomusicamagazine.it\/index.php?rest_route=%2Fwp%2Fv2%2Fcomments&post=2142"}],"version-history":[{"count":0,"href":"https:\/\/www.nonsolomusicamagazine.it\/index.php?rest_route=\/wp\/v2\/posts\/2142\/revisions"}],"wp:featuredmedia":[{"embeddable":true,"href":"https:\/\/www.nonsolomusicamagazine.it\/index.php?rest_route=\/wp\/v2\/media\/2143"}],"wp:attachment":[{"href":"https:\/\/www.nonsolomusicamagazine.it\/index.php?rest_route=%2Fwp%2Fv2%2Fmedia&parent=2142"}],"wp:term":[{"taxonomy":"category","embeddable":true,"href":"https:\/\/www.nonsolomusicamagazine.it\/index.php?rest_route=%2Fwp%2Fv2%2Fcategories&post=2142"},{"taxonomy":"post_tag","embeddable":true,"href":"https:\/\/www.nonsolomusicamagazine.it\/index.php?rest_route=%2Fwp%2Fv2%2Ftags&post=2142"}],"curies":[{"name":"wp","href":"https:\/\/api.w.org\/{rel}","templated":true}]}}