{"id":2155,"date":"2023-07-25T15:46:14","date_gmt":"2023-07-25T15:46:14","guid":{"rendered":"https:\/\/www.nonsolomusicamagazine.it\/?p=2155"},"modified":"2023-07-25T15:46:14","modified_gmt":"2023-07-25T15:46:14","slug":"brucia-litalia-brucia-la-grecia-brucia-il-salento","status":"publish","type":"post","link":"https:\/\/www.nonsolomusicamagazine.it\/?p=2155","title":{"rendered":"Brucia l&#8217;Italia, brucia la Grecia, brucia il Salento"},"content":{"rendered":"\n<p class=\"has-text-align-center\"><strong>Manuel M Buccarella<\/strong><\/p>\n\n\n\n<p>Negli scorsi giorni le isole greche di Rodi e Corf\u00f9 sono state devastate da roghi di dubbia origine, assai probabilmente di natura dolosa, nonostante le altissime temperature di questi giorni, anche superiori ai 40 gradi centigradi. A Corf\u00f9 almeno 2500 persone hanno dovuto lasciare l&#8217;isola.<\/p>\n\n\n\n<p>Anche la Sicilia sta bruciando in queste ore, in particolare Palermo ed i prossimi dintorni. Le alte fiamme hanno lambito l&#8217;abitato, un&#8217;anziana signora \u00e8 morta ed un padiglione dell&#8217;ospedale di Palermo \u00e8 stato chiuso.<\/p>\n\n\n\n<p>Questa mattina\u00a0l\u2019aeroporto di Palermo ha interrotto le attivit\u00e0\u00a0fino alle 11 a causa di un incendio. Ma un altro grave colpo alla\u00a0mobilit\u00e0 messa gi\u00e0 a dura prova\u00a0nell\u2019Isola viene dal principale collegamento stradale: \u00e8 stata in parte chiusa<strong>\u00a0l\u2019autostrada A19 che collega Catania e Palermo<\/strong>, e che in questi giorni \u00e8 stata fondamentale per garantire i collegamenti tra lo scalo di Fontanarossa a Catania, aeroporto che opera a regime ridotto dopo il rogo, e gli scali di Palermo e Trapani dove molti voli sono stati riprogrammati. Roghi anche a Catania e provincia, che hanno messo in ginocchio la popolazione. Interrotta anche l&#8217;erogazione di acqua.<\/p>\n\n\n\n<h5 class=\"wp-block-heading\"><em>La<\/em> s<em>ituazione a Lecce e provincia <\/em><\/h5>\n\n\n\n<p>Negli scorsi giorni le fiamme hanno distrutto diversi ettari di bosco in vari punti della provincia di Lecce, per cause quasi certamente dolose.<\/p>\n\n\n\n<p>In tarda mattinata colpita pesantemente <strong>San Cataldo<\/strong>,<strong> marina di Lecce<\/strong>, con le fiamme che si sono sviluppate all&#8217;immediato ridosso dell&#8217;abitato. Pi\u00f9 tardi \u00e8 scoppiato un incendio anche in citt\u00e0, nei pressi del Poligono di Tiro, che \u00e8 stato circoscritto nel giro di un&#8217;ora.<\/p>\n\n\n\n<p>(<em>ph San<\/em> <em>Cataldo, Lecce)<\/em><\/p>\n\n\n<figure class=\"wp-block-post-featured-image\"><img decoding=\"async\" width=\"720\" height=\"1051\" src=\"https:\/\/www.nonsolomusicamagazine.it\/wp-content\/uploads\/2023\/07\/Screenshot_2023-07-25-17-41-36-293_com.whatsapp.jpg\" class=\"attachment-post-thumbnail size-post-thumbnail wp-post-image\" alt=\"\" style=\"object-fit:cover;\" srcset=\"https:\/\/www.nonsolomusicamagazine.it\/wp-content\/uploads\/2023\/07\/Screenshot_2023-07-25-17-41-36-293_com.whatsapp.jpg 720w, https:\/\/www.nonsolomusicamagazine.it\/wp-content\/uploads\/2023\/07\/Screenshot_2023-07-25-17-41-36-293_com.whatsapp-206x300.jpg 206w, https:\/\/www.nonsolomusicamagazine.it\/wp-content\/uploads\/2023\/07\/Screenshot_2023-07-25-17-41-36-293_com.whatsapp-702x1024.jpg 702w\" sizes=\"(max-width: 720px) 100vw, 720px\" \/><\/figure>","protected":false},"excerpt":{"rendered":"<p>Manuel M Buccarella Negli scorsi giorni le isole greche di Rodi e Corf\u00f9 sono state devastate da roghi di dubbia origine, assai probabilmente di natura dolosa, nonostante le altissime temperature di questi giorni, anche superiori ai 40 gradi centigradi. A Corf\u00f9 almeno 2500 persone hanno dovuto lasciare l&#8217;isola. Anche la Sicilia sta bruciando in queste [&hellip;]<\/p>\n","protected":false},"author":1,"featured_media":2156,"comment_status":"open","ping_status":"closed","sticky":false,"template":"","format":"standard","meta":{"footnotes":""},"categories":[283],"tags":[1559,1558,1188,210,1557,345],"class_list":["post-2155","post","type-post","status-publish","format-standard","has-post-thumbnail","hentry","category-ambiente","tag-bosco","tag-ettari","tag-grecia","tag-italia","tag-roghi","tag-salento"],"yoast_head":"<!-- This site is optimized with the Yoast SEO plugin v27.4 - https:\/\/yoast.com\/product\/yoast-seo-wordpress\/ -->\n<title>Brucia l&#039;Italia, brucia la Grecia, brucia il Salento - NonSoloMusicaMagazine<\/title>\n<meta name=\"description\" content=\"Brucia l&#039;Italia, brucia la Grecia, brucia il Salento\" \/>\n<meta name=\"robots\" content=\"index, follow, max-snippet:-1, max-image-preview:large, max-video-preview:-1\" \/>\n<link rel=\"canonical\" href=\"https:\/\/www.nonsolomusicamagazine.it\/?p=2155\" \/>\n<meta property=\"og:locale\" content=\"it_IT\" \/>\n<meta property=\"og:type\" content=\"article\" \/>\n<meta property=\"og:title\" content=\"Brucia l&#039;Italia, brucia la Grecia, brucia il Salento - NonSoloMusicaMagazine\" \/>\n<meta property=\"og:description\" content=\"Brucia l&#039;Italia, brucia la Grecia, brucia il Salento\" \/>\n<meta property=\"og:url\" content=\"https:\/\/www.nonsolomusicamagazine.it\/?p=2155\" \/>\n<meta property=\"og:site_name\" content=\"NonSoloMusicaMagazine\" \/>\n<meta property=\"article:published_time\" content=\"2023-07-25T15:46:14+00:00\" \/>\n<meta property=\"og:image\" content=\"https:\/\/www.nonsolomusicamagazine.it\/wp-content\/uploads\/2023\/07\/Screenshot_2023-07-25-17-41-36-293_com.whatsapp.jpg\" \/>\n\t<meta property=\"og:image:width\" content=\"720\" \/>\n\t<meta property=\"og:image:height\" content=\"1051\" \/>\n\t<meta property=\"og:image:type\" content=\"image\/jpeg\" \/>\n<meta name=\"author\" content=\"nonsolomusica\" \/>\n<meta name=\"twitter:card\" content=\"summary_large_image\" \/>\n<meta name=\"twitter:label1\" content=\"Scritto da\" \/>\n\t<meta name=\"twitter:data1\" content=\"nonsolomusica\" \/>\n\t<meta name=\"twitter:label2\" content=\"Tempo di lettura stimato\" \/>\n\t<meta name=\"twitter:data2\" content=\"2 minuti\" \/>\n<script type=\"application\/ld+json\" class=\"yoast-schema-graph\">{\"@context\":\"https:\\\/\\\/schema.org\",\"@graph\":[{\"@type\":\"Article\",\"@id\":\"https:\\\/\\\/www.nonsolomusicamagazine.it\\\/?p=2155#article\",\"isPartOf\":{\"@id\":\"https:\\\/\\\/www.nonsolomusicamagazine.it\\\/?p=2155\"},\"author\":{\"name\":\"nonsolomusica\",\"@id\":\"https:\\\/\\\/www.nonsolomusicamagazine.it\\\/#\\\/schema\\\/person\\\/a3349ad02300d046472d46cf6d31ae46\"},\"headline\":\"Brucia l&#8217;Italia, brucia la Grecia, brucia il Salento\",\"datePublished\":\"2023-07-25T15:46:14+00:00\",\"mainEntityOfPage\":{\"@id\":\"https:\\\/\\\/www.nonsolomusicamagazine.it\\\/?p=2155\"},\"wordCount\":275,\"commentCount\":1,\"image\":{\"@id\":\"https:\\\/\\\/www.nonsolomusicamagazine.it\\\/?p=2155#primaryimage\"},\"thumbnailUrl\":\"https:\\\/\\\/www.nonsolomusicamagazine.it\\\/wp-content\\\/uploads\\\/2023\\\/07\\\/Screenshot_2023-07-25-17-41-36-293_com.whatsapp.jpg\",\"keywords\":[\"Bosco\",\"Ettari\",\"Grecia\",\"Italia\",\"Roghi\",\"Salento\"],\"articleSection\":[\"Ambiente\"],\"inLanguage\":\"it-IT\",\"potentialAction\":[{\"@type\":\"CommentAction\",\"name\":\"Comment\",\"target\":[\"https:\\\/\\\/www.nonsolomusicamagazine.it\\\/?p=2155#respond\"]}]},{\"@type\":\"WebPage\",\"@id\":\"https:\\\/\\\/www.nonsolomusicamagazine.it\\\/?p=2155\",\"url\":\"https:\\\/\\\/www.nonsolomusicamagazine.it\\\/?p=2155\",\"name\":\"Brucia l'Italia, brucia la Grecia, brucia il Salento - NonSoloMusicaMagazine\",\"isPartOf\":{\"@id\":\"https:\\\/\\\/www.nonsolomusicamagazine.it\\\/#website\"},\"primaryImageOfPage\":{\"@id\":\"https:\\\/\\\/www.nonsolomusicamagazine.it\\\/?p=2155#primaryimage\"},\"image\":{\"@id\":\"https:\\\/\\\/www.nonsolomusicamagazine.it\\\/?p=2155#primaryimage\"},\"thumbnailUrl\":\"https:\\\/\\\/www.nonsolomusicamagazine.it\\\/wp-content\\\/uploads\\\/2023\\\/07\\\/Screenshot_2023-07-25-17-41-36-293_com.whatsapp.jpg\",\"datePublished\":\"2023-07-25T15:46:14+00:00\",\"author\":{\"@id\":\"https:\\\/\\\/www.nonsolomusicamagazine.it\\\/#\\\/schema\\\/person\\\/a3349ad02300d046472d46cf6d31ae46\"},\"description\":\"Brucia l'Italia, brucia la Grecia, brucia il Salento\",\"breadcrumb\":{\"@id\":\"https:\\\/\\\/www.nonsolomusicamagazine.it\\\/?p=2155#breadcrumb\"},\"inLanguage\":\"it-IT\",\"potentialAction\":[{\"@type\":\"ReadAction\",\"target\":[\"https:\\\/\\\/www.nonsolomusicamagazine.it\\\/?p=2155\"]}]},{\"@type\":\"ImageObject\",\"inLanguage\":\"it-IT\",\"@id\":\"https:\\\/\\\/www.nonsolomusicamagazine.it\\\/?p=2155#primaryimage\",\"url\":\"https:\\\/\\\/www.nonsolomusicamagazine.it\\\/wp-content\\\/uploads\\\/2023\\\/07\\\/Screenshot_2023-07-25-17-41-36-293_com.whatsapp.jpg\",\"contentUrl\":\"https:\\\/\\\/www.nonsolomusicamagazine.it\\\/wp-content\\\/uploads\\\/2023\\\/07\\\/Screenshot_2023-07-25-17-41-36-293_com.whatsapp.jpg\",\"width\":720,\"height\":1051},{\"@type\":\"BreadcrumbList\",\"@id\":\"https:\\\/\\\/www.nonsolomusicamagazine.it\\\/?p=2155#breadcrumb\",\"itemListElement\":[{\"@type\":\"ListItem\",\"position\":1,\"name\":\"Home\",\"item\":\"https:\\\/\\\/www.nonsolomusicamagazine.it\\\/\"},{\"@type\":\"ListItem\",\"position\":2,\"name\":\"Brucia l&#8217;Italia, brucia la Grecia, brucia il Salento\"}]},{\"@type\":\"WebSite\",\"@id\":\"https:\\\/\\\/www.nonsolomusicamagazine.it\\\/#website\",\"url\":\"https:\\\/\\\/www.nonsolomusicamagazine.it\\\/\",\"name\":\"Nonsolomusicamagazine\",\"description\":\"Dir. responsabile Manuel M Buccarella\",\"potentialAction\":[{\"@type\":\"SearchAction\",\"target\":{\"@type\":\"EntryPoint\",\"urlTemplate\":\"https:\\\/\\\/www.nonsolomusicamagazine.it\\\/?s={search_term_string}\"},\"query-input\":{\"@type\":\"PropertyValueSpecification\",\"valueRequired\":true,\"valueName\":\"search_term_string\"}}],\"inLanguage\":\"it-IT\"},{\"@type\":\"Person\",\"@id\":\"https:\\\/\\\/www.nonsolomusicamagazine.it\\\/#\\\/schema\\\/person\\\/a3349ad02300d046472d46cf6d31ae46\",\"name\":\"nonsolomusica\",\"image\":{\"@type\":\"ImageObject\",\"inLanguage\":\"it-IT\",\"@id\":\"https:\\\/\\\/www.nonsolomusicamagazine.it\\\/wp-content\\\/litespeed\\\/avatar\\\/3a675484bc84db6aba78d43bfc8b7197.jpg?ver=1776880798\",\"url\":\"https:\\\/\\\/www.nonsolomusicamagazine.it\\\/wp-content\\\/litespeed\\\/avatar\\\/3a675484bc84db6aba78d43bfc8b7197.jpg?ver=1776880798\",\"contentUrl\":\"https:\\\/\\\/www.nonsolomusicamagazine.it\\\/wp-content\\\/litespeed\\\/avatar\\\/3a675484bc84db6aba78d43bfc8b7197.jpg?ver=1776880798\",\"caption\":\"nonsolomusica\"},\"sameAs\":[\"https:\\\/\\\/www.nonsolomusicamagazine.it\"],\"url\":\"https:\\\/\\\/www.nonsolomusicamagazine.it\\\/?author=1\"}]}<\/script>\n<!-- \/ Yoast SEO plugin. -->","yoast_head_json":{"title":"Brucia l'Italia, brucia la Grecia, brucia il Salento - NonSoloMusicaMagazine","description":"Brucia l'Italia, brucia la Grecia, brucia il Salento","robots":{"index":"index","follow":"follow","max-snippet":"max-snippet:-1","max-image-preview":"max-image-preview:large","max-video-preview":"max-video-preview:-1"},"canonical":"https:\/\/www.nonsolomusicamagazine.it\/?p=2155","og_locale":"it_IT","og_type":"article","og_title":"Brucia l'Italia, brucia la Grecia, brucia il Salento - NonSoloMusicaMagazine","og_description":"Brucia l'Italia, brucia la Grecia, brucia il Salento","og_url":"https:\/\/www.nonsolomusicamagazine.it\/?p=2155","og_site_name":"NonSoloMusicaMagazine","article_published_time":"2023-07-25T15:46:14+00:00","og_image":[{"width":720,"height":1051,"url":"https:\/\/www.nonsolomusicamagazine.it\/wp-content\/uploads\/2023\/07\/Screenshot_2023-07-25-17-41-36-293_com.whatsapp.jpg","type":"image\/jpeg"}],"author":"nonsolomusica","twitter_card":"summary_large_image","twitter_misc":{"Scritto da":"nonsolomusica","Tempo di lettura stimato":"2 minuti"},"schema":{"@context":"https:\/\/schema.org","@graph":[{"@type":"Article","@id":"https:\/\/www.nonsolomusicamagazine.it\/?p=2155#article","isPartOf":{"@id":"https:\/\/www.nonsolomusicamagazine.it\/?p=2155"},"author":{"name":"nonsolomusica","@id":"https:\/\/www.nonsolomusicamagazine.it\/#\/schema\/person\/a3349ad02300d046472d46cf6d31ae46"},"headline":"Brucia l&#8217;Italia, brucia la Grecia, brucia il Salento","datePublished":"2023-07-25T15:46:14+00:00","mainEntityOfPage":{"@id":"https:\/\/www.nonsolomusicamagazine.it\/?p=2155"},"wordCount":275,"commentCount":1,"image":{"@id":"https:\/\/www.nonsolomusicamagazine.it\/?p=2155#primaryimage"},"thumbnailUrl":"https:\/\/www.nonsolomusicamagazine.it\/wp-content\/uploads\/2023\/07\/Screenshot_2023-07-25-17-41-36-293_com.whatsapp.jpg","keywords":["Bosco","Ettari","Grecia","Italia","Roghi","Salento"],"articleSection":["Ambiente"],"inLanguage":"it-IT","potentialAction":[{"@type":"CommentAction","name":"Comment","target":["https:\/\/www.nonsolomusicamagazine.it\/?p=2155#respond"]}]},{"@type":"WebPage","@id":"https:\/\/www.nonsolomusicamagazine.it\/?p=2155","url":"https:\/\/www.nonsolomusicamagazine.it\/?p=2155","name":"Brucia l'Italia, brucia la Grecia, brucia il Salento - NonSoloMusicaMagazine","isPartOf":{"@id":"https:\/\/www.nonsolomusicamagazine.it\/#website"},"primaryImageOfPage":{"@id":"https:\/\/www.nonsolomusicamagazine.it\/?p=2155#primaryimage"},"image":{"@id":"https:\/\/www.nonsolomusicamagazine.it\/?p=2155#primaryimage"},"thumbnailUrl":"https:\/\/www.nonsolomusicamagazine.it\/wp-content\/uploads\/2023\/07\/Screenshot_2023-07-25-17-41-36-293_com.whatsapp.jpg","datePublished":"2023-07-25T15:46:14+00:00","author":{"@id":"https:\/\/www.nonsolomusicamagazine.it\/#\/schema\/person\/a3349ad02300d046472d46cf6d31ae46"},"description":"Brucia l'Italia, brucia la Grecia, brucia il Salento","breadcrumb":{"@id":"https:\/\/www.nonsolomusicamagazine.it\/?p=2155#breadcrumb"},"inLanguage":"it-IT","potentialAction":[{"@type":"ReadAction","target":["https:\/\/www.nonsolomusicamagazine.it\/?p=2155"]}]},{"@type":"ImageObject","inLanguage":"it-IT","@id":"https:\/\/www.nonsolomusicamagazine.it\/?p=2155#primaryimage","url":"https:\/\/www.nonsolomusicamagazine.it\/wp-content\/uploads\/2023\/07\/Screenshot_2023-07-25-17-41-36-293_com.whatsapp.jpg","contentUrl":"https:\/\/www.nonsolomusicamagazine.it\/wp-content\/uploads\/2023\/07\/Screenshot_2023-07-25-17-41-36-293_com.whatsapp.jpg","width":720,"height":1051},{"@type":"BreadcrumbList","@id":"https:\/\/www.nonsolomusicamagazine.it\/?p=2155#breadcrumb","itemListElement":[{"@type":"ListItem","position":1,"name":"Home","item":"https:\/\/www.nonsolomusicamagazine.it\/"},{"@type":"ListItem","position":2,"name":"Brucia l&#8217;Italia, brucia la Grecia, brucia il Salento"}]},{"@type":"WebSite","@id":"https:\/\/www.nonsolomusicamagazine.it\/#website","url":"https:\/\/www.nonsolomusicamagazine.it\/","name":"Nonsolomusicamagazine","description":"Dir. responsabile Manuel M Buccarella","potentialAction":[{"@type":"SearchAction","target":{"@type":"EntryPoint","urlTemplate":"https:\/\/www.nonsolomusicamagazine.it\/?s={search_term_string}"},"query-input":{"@type":"PropertyValueSpecification","valueRequired":true,"valueName":"search_term_string"}}],"inLanguage":"it-IT"},{"@type":"Person","@id":"https:\/\/www.nonsolomusicamagazine.it\/#\/schema\/person\/a3349ad02300d046472d46cf6d31ae46","name":"nonsolomusica","image":{"@type":"ImageObject","inLanguage":"it-IT","@id":"https:\/\/www.nonsolomusicamagazine.it\/wp-content\/litespeed\/avatar\/3a675484bc84db6aba78d43bfc8b7197.jpg?ver=1776880798","url":"https:\/\/www.nonsolomusicamagazine.it\/wp-content\/litespeed\/avatar\/3a675484bc84db6aba78d43bfc8b7197.jpg?ver=1776880798","contentUrl":"https:\/\/www.nonsolomusicamagazine.it\/wp-content\/litespeed\/avatar\/3a675484bc84db6aba78d43bfc8b7197.jpg?ver=1776880798","caption":"nonsolomusica"},"sameAs":["https:\/\/www.nonsolomusicamagazine.it"],"url":"https:\/\/www.nonsolomusicamagazine.it\/?author=1"}]}},"amp_enabled":true,"_links":{"self":[{"href":"https:\/\/www.nonsolomusicamagazine.it\/index.php?rest_route=\/wp\/v2\/posts\/2155","targetHints":{"allow":["GET"]}}],"collection":[{"href":"https:\/\/www.nonsolomusicamagazine.it\/index.php?rest_route=\/wp\/v2\/posts"}],"about":[{"href":"https:\/\/www.nonsolomusicamagazine.it\/index.php?rest_route=\/wp\/v2\/types\/post"}],"author":[{"embeddable":true,"href":"https:\/\/www.nonsolomusicamagazine.it\/index.php?rest_route=\/wp\/v2\/users\/1"}],"replies":[{"embeddable":true,"href":"https:\/\/www.nonsolomusicamagazine.it\/index.php?rest_route=%2Fwp%2Fv2%2Fcomments&post=2155"}],"version-history":[{"count":0,"href":"https:\/\/www.nonsolomusicamagazine.it\/index.php?rest_route=\/wp\/v2\/posts\/2155\/revisions"}],"wp:featuredmedia":[{"embeddable":true,"href":"https:\/\/www.nonsolomusicamagazine.it\/index.php?rest_route=\/wp\/v2\/media\/2156"}],"wp:attachment":[{"href":"https:\/\/www.nonsolomusicamagazine.it\/index.php?rest_route=%2Fwp%2Fv2%2Fmedia&parent=2155"}],"wp:term":[{"taxonomy":"category","embeddable":true,"href":"https:\/\/www.nonsolomusicamagazine.it\/index.php?rest_route=%2Fwp%2Fv2%2Fcategories&post=2155"},{"taxonomy":"post_tag","embeddable":true,"href":"https:\/\/www.nonsolomusicamagazine.it\/index.php?rest_route=%2Fwp%2Fv2%2Ftags&post=2155"}],"curies":[{"name":"wp","href":"https:\/\/api.w.org\/{rel}","templated":true}]}}