{"id":2166,"date":"2023-07-27T13:11:35","date_gmt":"2023-07-27T13:11:35","guid":{"rendered":"https:\/\/www.nonsolomusicamagazine.it\/?p=2166"},"modified":"2023-07-27T13:11:35","modified_gmt":"2023-07-27T13:11:35","slug":"addio-a-sinead-o-connor-aveva-56-anni","status":"publish","type":"post","link":"https:\/\/www.nonsolomusicamagazine.it\/?p=2166","title":{"rendered":"Addio a Sin\u00e9ad O&#8217; Connor. Aveva 56 anni."},"content":{"rendered":"\n<h5 class=\"wp-block-heading\"><em>Divenne nota al grande pubblico per la sua interpretazione di &#8220;Nothing Compares 2 U&#8221; di Prince<\/em><\/h5>\n\n\n\n<p class=\"has-text-align-center\"><strong>Manuel M Buccarella<\/strong><\/p>\n\n\n\n<p>E se ne va anche <strong>Sin\u00e9ad O&#8217; Connor<\/strong>, quel fiore irlandese dalla vita tormentatissima dagli abusi di droga, dalla psiche violentata da svariati disturbi (tra cui un precoce disturbo bipolare) e dalle tristissime vicende familiari, da ultimo il suicidio del figlio diciassettenne.<\/p>\n\n\n\n<p>Un talento che va via a soli 56 anni. L&#8217;artista era nata a Dublino l&#8217;8 dicembre 1966. Dopo una collaborazione con gli <strong>In Tua Nua<\/strong> negli anni ottanta, Sin\u00e9ad decide di mettersi in proprio ed intraprendere una carriera solista. Il primo album,\u00a0<em>The Lion and the Cobra<\/em>, scritto e prodotto dalla stessa Sin\u00e9ad, viene pubblicato nel\u00a01987 ed ottiene  successo di pubblico e critica. Nel disco compare anche una giovane\u00a0<strong>Enya\u00a0<\/strong>che nel brano\u00a0&#8220;Never get old&#8221;\u00a0recita in\u00a0gaelico\u00a0alcuni passi della\u00a0Bibbia.<\/p>\n\n\n\n<h5 class=\"wp-block-heading\"><em>&#8220;Nothing Compares 2 U&#8221;<\/em><\/h5>\n\n\n\n<p>Il successo globale, che sdogana la cantautrice irlandese dal pi\u00f9 limitato, bench\u00e9 valido, ambito musicale indipendente, arriva per\u00f2 con un brano scritto oltreoceano, &#8220;Nothing Compares 2 U&#8221;, che porta la firma del grande <strong>Prince<\/strong>. Siamo nel 1990 e la O&#8217; Connor reinterpreta magistralmente il pezzo che il genio di Minneapolis aveva scritto qualche anno prima, con scarso successo, per <strong>The Family<\/strong>. Si racconta che quando incontr\u00f2 Prince dopo la pubblicazione della sua cover, lo avrebbe lasciato dopo avergli sputato in faccia.<\/p>\n\n\n\n<p>Quando canta, nel brano, &#8220;All the flowers that you planted mama\/In the back yard\/All died when you went away&#8221; (Tutti i fiori mamma che hai piantato in giardino sono morti quando sei andata via), Sin\u00e9ad esplode in un pianto reale e sincero, che viene ripreso nel video della canzone. Spiegher\u00e0 che la canzone la fa pensare alla madre, con cui ha avuto un rapporto travagliato, e che ci metter\u00e0 25 anni per smettere di piangere. Anche l&#8217;album che contiene il pezzo, &#8220;I Do Not Want What I Haven&#8217;t Got&#8221;, avr\u00e0 un grande successo. <\/p>\n\n\n\n<h5 class=\"wp-block-heading\"><em>Il ruolo di protest singer e  la foto di papa Wojtyla.<\/em><\/h5>\n\n\n\n<p>Sine\u00e1d O&#8217;Connor si \u00e8 posta spesso, anche pubblicamente, contro la discriminazione razziale ed ha portato avanti diverse battaglie.<\/p>\n\n\n\n<p>Nel 1992, al Saturday Night Live, cambi\u00f2 inaspettatamente le ultime parole della sua canzone per denunciare gli abusi di pedofilia della Chiesa cattolica negli Stati Uniti d&#8217;America e strapp\u00f2 davanti alle telecamere la foto di Papa Giovanni Paolo II urlando:\u00a0&#8220;Combatti il vero nemico!&#8221;.<\/p>\n\n\n\n<p>Si \u00e8 allontanata pi\u00f9 volte dalla produzione, anche per necessit\u00e0 di curarsi dalle droghe e dai problemi psichici. Nel 2017 a tal proposito dichiara.&#8221;Le malattie mentali sono come le droghe, sono uno stigma. Le persone dovrebbero amarti, ma ti trattano male&#8221;.\u00a0<\/p>\n\n\n\n<p>La ricordiamo proprio con &#8220;Nothing Compares 2 U&#8221;.<\/p>\n\n\n<figure class=\"wp-block-post-featured-image\"><img decoding=\"async\" width=\"369\" height=\"369\" src=\"https:\/\/www.nonsolomusicamagazine.it\/wp-content\/uploads\/2023\/07\/9ebea70ed469bc73e7345d02733eb446.png\" class=\"attachment-post-thumbnail size-post-thumbnail wp-post-image\" alt=\"\" style=\"object-fit:cover;\" srcset=\"https:\/\/www.nonsolomusicamagazine.it\/wp-content\/uploads\/2023\/07\/9ebea70ed469bc73e7345d02733eb446.png 369w, https:\/\/www.nonsolomusicamagazine.it\/wp-content\/uploads\/2023\/07\/9ebea70ed469bc73e7345d02733eb446-300x300.png 300w, https:\/\/www.nonsolomusicamagazine.it\/wp-content\/uploads\/2023\/07\/9ebea70ed469bc73e7345d02733eb446-150x150.png 150w\" sizes=\"(max-width: 369px) 100vw, 369px\" \/><\/figure>\n\n\n<figure class=\"wp-block-embed is-type-video is-provider-youtube wp-block-embed-youtube wp-embed-aspect-4-3 wp-has-aspect-ratio\"><div class=\"wp-block-embed__wrapper\">\n<iframe title=\"Sin\u00e9ad O&#039;Connor - Nothing Compares 2 U (Official Music Video) [HD]\" width=\"640\" height=\"480\" src=\"https:\/\/www.youtube.com\/embed\/0-EF60neguk?feature=oembed\" frameborder=\"0\" allow=\"accelerometer; autoplay; clipboard-write; encrypted-media; gyroscope; picture-in-picture; web-share\" referrerpolicy=\"strict-origin-when-cross-origin\" allowfullscreen><\/iframe>\n<\/div><\/figure>\n","protected":false},"excerpt":{"rendered":"<p>Divenne nota al grande pubblico per la sua interpretazione di &#8220;Nothing Compares 2 U&#8221; di Prince Manuel M Buccarella E se ne va anche Sin\u00e9ad O&#8217; Connor, quel fiore irlandese dalla vita tormentatissima dagli abusi di droga, dalla psiche violentata da svariati disturbi (tra cui un precoce disturbo bipolare) e dalle tristissime vicende familiari, da [&hellip;]<\/p>\n","protected":false},"author":1,"featured_media":2167,"comment_status":"open","ping_status":"closed","sticky":false,"template":"","format":"standard","meta":{"footnotes":""},"categories":[1],"tags":[1566],"class_list":["post-2166","post","type-post","status-publish","format-standard","has-post-thumbnail","hentry","category-musica","tag-sinead-o-connor"],"yoast_head":"<!-- This site is optimized with the Yoast SEO plugin v27.5 - https:\/\/yoast.com\/product\/yoast-seo-wordpress\/ -->\n<title>Addio a Sin\u00e9ad O&#039; Connor. Aveva 56 anni. - NonSoloMusicaMagazine<\/title>\n<meta name=\"description\" content=\"Addio a Sin\u00e9ad O&#039; Connor. Aveva 56 anni. Divenne nota al grande pubblico per la sua interpretazione di &quot;Nothing Compares 2 U&quot; di Prince.\" \/>\n<meta name=\"robots\" content=\"index, follow, max-snippet:-1, max-image-preview:large, max-video-preview:-1\" \/>\n<link rel=\"canonical\" href=\"https:\/\/www.nonsolomusicamagazine.it\/?p=2166\" \/>\n<meta property=\"og:locale\" content=\"it_IT\" \/>\n<meta property=\"og:type\" content=\"article\" \/>\n<meta property=\"og:title\" content=\"Addio a Sin\u00e9ad O&#039; Connor. Aveva 56 anni. - NonSoloMusicaMagazine\" \/>\n<meta property=\"og:description\" content=\"Addio a Sin\u00e9ad O&#039; Connor. Aveva 56 anni. Divenne nota al grande pubblico per la sua interpretazione di &quot;Nothing Compares 2 U&quot; di Prince.\" \/>\n<meta property=\"og:url\" content=\"https:\/\/www.nonsolomusicamagazine.it\/?p=2166\" \/>\n<meta property=\"og:site_name\" content=\"NonSoloMusicaMagazine\" \/>\n<meta property=\"article:published_time\" content=\"2023-07-27T13:11:35+00:00\" \/>\n<meta property=\"og:image\" content=\"https:\/\/www.nonsolomusicamagazine.it\/wp-content\/uploads\/2023\/07\/9ebea70ed469bc73e7345d02733eb446.png\" \/>\n\t<meta property=\"og:image:width\" content=\"369\" \/>\n\t<meta property=\"og:image:height\" content=\"369\" \/>\n\t<meta property=\"og:image:type\" content=\"image\/png\" \/>\n<meta name=\"author\" content=\"nonsolomusica\" \/>\n<meta name=\"twitter:card\" content=\"summary_large_image\" \/>\n<meta name=\"twitter:label1\" content=\"Scritto da\" \/>\n\t<meta name=\"twitter:data1\" content=\"nonsolomusica\" \/>\n\t<meta name=\"twitter:label2\" content=\"Tempo di lettura stimato\" \/>\n\t<meta name=\"twitter:data2\" content=\"3 minuti\" \/>\n<script type=\"application\/ld+json\" class=\"yoast-schema-graph\">{\"@context\":\"https:\\\/\\\/schema.org\",\"@graph\":[{\"@type\":\"Article\",\"@id\":\"https:\\\/\\\/www.nonsolomusicamagazine.it\\\/?p=2166#article\",\"isPartOf\":{\"@id\":\"https:\\\/\\\/www.nonsolomusicamagazine.it\\\/?p=2166\"},\"author\":{\"name\":\"nonsolomusica\",\"@id\":\"https:\\\/\\\/www.nonsolomusicamagazine.it\\\/#\\\/schema\\\/person\\\/a3349ad02300d046472d46cf6d31ae46\"},\"headline\":\"Addio a Sin\u00e9ad O&#8217; Connor. Aveva 56 anni.\",\"datePublished\":\"2023-07-27T13:11:35+00:00\",\"mainEntityOfPage\":{\"@id\":\"https:\\\/\\\/www.nonsolomusicamagazine.it\\\/?p=2166\"},\"wordCount\":458,\"commentCount\":0,\"image\":{\"@id\":\"https:\\\/\\\/www.nonsolomusicamagazine.it\\\/?p=2166#primaryimage\"},\"thumbnailUrl\":\"https:\\\/\\\/www.nonsolomusicamagazine.it\\\/wp-content\\\/uploads\\\/2023\\\/07\\\/9ebea70ed469bc73e7345d02733eb446.png\",\"keywords\":[\"Sin\u00e9ad O&#039; Connor\"],\"articleSection\":[\"Musica\"],\"inLanguage\":\"it-IT\",\"potentialAction\":[{\"@type\":\"CommentAction\",\"name\":\"Comment\",\"target\":[\"https:\\\/\\\/www.nonsolomusicamagazine.it\\\/?p=2166#respond\"]}]},{\"@type\":\"WebPage\",\"@id\":\"https:\\\/\\\/www.nonsolomusicamagazine.it\\\/?p=2166\",\"url\":\"https:\\\/\\\/www.nonsolomusicamagazine.it\\\/?p=2166\",\"name\":\"Addio a Sin\u00e9ad O' Connor. Aveva 56 anni. - NonSoloMusicaMagazine\",\"isPartOf\":{\"@id\":\"https:\\\/\\\/www.nonsolomusicamagazine.it\\\/#website\"},\"primaryImageOfPage\":{\"@id\":\"https:\\\/\\\/www.nonsolomusicamagazine.it\\\/?p=2166#primaryimage\"},\"image\":{\"@id\":\"https:\\\/\\\/www.nonsolomusicamagazine.it\\\/?p=2166#primaryimage\"},\"thumbnailUrl\":\"https:\\\/\\\/www.nonsolomusicamagazine.it\\\/wp-content\\\/uploads\\\/2023\\\/07\\\/9ebea70ed469bc73e7345d02733eb446.png\",\"datePublished\":\"2023-07-27T13:11:35+00:00\",\"author\":{\"@id\":\"https:\\\/\\\/www.nonsolomusicamagazine.it\\\/#\\\/schema\\\/person\\\/a3349ad02300d046472d46cf6d31ae46\"},\"description\":\"Addio a Sin\u00e9ad O' Connor. Aveva 56 anni. Divenne nota al grande pubblico per la sua interpretazione di \\\"Nothing Compares 2 U\\\" di Prince.\",\"breadcrumb\":{\"@id\":\"https:\\\/\\\/www.nonsolomusicamagazine.it\\\/?p=2166#breadcrumb\"},\"inLanguage\":\"it-IT\",\"potentialAction\":[{\"@type\":\"ReadAction\",\"target\":[\"https:\\\/\\\/www.nonsolomusicamagazine.it\\\/?p=2166\"]}]},{\"@type\":\"ImageObject\",\"inLanguage\":\"it-IT\",\"@id\":\"https:\\\/\\\/www.nonsolomusicamagazine.it\\\/?p=2166#primaryimage\",\"url\":\"https:\\\/\\\/www.nonsolomusicamagazine.it\\\/wp-content\\\/uploads\\\/2023\\\/07\\\/9ebea70ed469bc73e7345d02733eb446.png\",\"contentUrl\":\"https:\\\/\\\/www.nonsolomusicamagazine.it\\\/wp-content\\\/uploads\\\/2023\\\/07\\\/9ebea70ed469bc73e7345d02733eb446.png\",\"width\":369,\"height\":369},{\"@type\":\"BreadcrumbList\",\"@id\":\"https:\\\/\\\/www.nonsolomusicamagazine.it\\\/?p=2166#breadcrumb\",\"itemListElement\":[{\"@type\":\"ListItem\",\"position\":1,\"name\":\"Home\",\"item\":\"https:\\\/\\\/www.nonsolomusicamagazine.it\\\/\"},{\"@type\":\"ListItem\",\"position\":2,\"name\":\"Addio a Sin\u00e9ad O&#8217; Connor. Aveva 56 anni.\"}]},{\"@type\":\"WebSite\",\"@id\":\"https:\\\/\\\/www.nonsolomusicamagazine.it\\\/#website\",\"url\":\"https:\\\/\\\/www.nonsolomusicamagazine.it\\\/\",\"name\":\"Nonsolomusicamagazine\",\"description\":\"Dir. responsabile Manuel M Buccarella\",\"potentialAction\":[{\"@type\":\"SearchAction\",\"target\":{\"@type\":\"EntryPoint\",\"urlTemplate\":\"https:\\\/\\\/www.nonsolomusicamagazine.it\\\/?s={search_term_string}\"},\"query-input\":{\"@type\":\"PropertyValueSpecification\",\"valueRequired\":true,\"valueName\":\"search_term_string\"}}],\"inLanguage\":\"it-IT\"},{\"@type\":\"Person\",\"@id\":\"https:\\\/\\\/www.nonsolomusicamagazine.it\\\/#\\\/schema\\\/person\\\/a3349ad02300d046472d46cf6d31ae46\",\"name\":\"nonsolomusica\",\"image\":{\"@type\":\"ImageObject\",\"inLanguage\":\"it-IT\",\"@id\":\"https:\\\/\\\/www.nonsolomusicamagazine.it\\\/wp-content\\\/litespeed\\\/avatar\\\/3a675484bc84db6aba78d43bfc8b7197.jpg?ver=1776880798\",\"url\":\"https:\\\/\\\/www.nonsolomusicamagazine.it\\\/wp-content\\\/litespeed\\\/avatar\\\/3a675484bc84db6aba78d43bfc8b7197.jpg?ver=1776880798\",\"contentUrl\":\"https:\\\/\\\/www.nonsolomusicamagazine.it\\\/wp-content\\\/litespeed\\\/avatar\\\/3a675484bc84db6aba78d43bfc8b7197.jpg?ver=1776880798\",\"caption\":\"nonsolomusica\"},\"sameAs\":[\"https:\\\/\\\/www.nonsolomusicamagazine.it\"],\"url\":\"https:\\\/\\\/www.nonsolomusicamagazine.it\\\/?author=1\"}]}<\/script>\n<!-- \/ Yoast SEO plugin. -->","yoast_head_json":{"title":"Addio a Sin\u00e9ad O' Connor. Aveva 56 anni. - NonSoloMusicaMagazine","description":"Addio a Sin\u00e9ad O' Connor. Aveva 56 anni. Divenne nota al grande pubblico per la sua interpretazione di \"Nothing Compares 2 U\" di Prince.","robots":{"index":"index","follow":"follow","max-snippet":"max-snippet:-1","max-image-preview":"max-image-preview:large","max-video-preview":"max-video-preview:-1"},"canonical":"https:\/\/www.nonsolomusicamagazine.it\/?p=2166","og_locale":"it_IT","og_type":"article","og_title":"Addio a Sin\u00e9ad O' Connor. Aveva 56 anni. - NonSoloMusicaMagazine","og_description":"Addio a Sin\u00e9ad O' Connor. Aveva 56 anni. Divenne nota al grande pubblico per la sua interpretazione di \"Nothing Compares 2 U\" di Prince.","og_url":"https:\/\/www.nonsolomusicamagazine.it\/?p=2166","og_site_name":"NonSoloMusicaMagazine","article_published_time":"2023-07-27T13:11:35+00:00","og_image":[{"width":369,"height":369,"url":"https:\/\/www.nonsolomusicamagazine.it\/wp-content\/uploads\/2023\/07\/9ebea70ed469bc73e7345d02733eb446.png","type":"image\/png"}],"author":"nonsolomusica","twitter_card":"summary_large_image","twitter_misc":{"Scritto da":"nonsolomusica","Tempo di lettura stimato":"3 minuti"},"schema":{"@context":"https:\/\/schema.org","@graph":[{"@type":"Article","@id":"https:\/\/www.nonsolomusicamagazine.it\/?p=2166#article","isPartOf":{"@id":"https:\/\/www.nonsolomusicamagazine.it\/?p=2166"},"author":{"name":"nonsolomusica","@id":"https:\/\/www.nonsolomusicamagazine.it\/#\/schema\/person\/a3349ad02300d046472d46cf6d31ae46"},"headline":"Addio a Sin\u00e9ad O&#8217; Connor. Aveva 56 anni.","datePublished":"2023-07-27T13:11:35+00:00","mainEntityOfPage":{"@id":"https:\/\/www.nonsolomusicamagazine.it\/?p=2166"},"wordCount":458,"commentCount":0,"image":{"@id":"https:\/\/www.nonsolomusicamagazine.it\/?p=2166#primaryimage"},"thumbnailUrl":"https:\/\/www.nonsolomusicamagazine.it\/wp-content\/uploads\/2023\/07\/9ebea70ed469bc73e7345d02733eb446.png","keywords":["Sin\u00e9ad O&#039; Connor"],"articleSection":["Musica"],"inLanguage":"it-IT","potentialAction":[{"@type":"CommentAction","name":"Comment","target":["https:\/\/www.nonsolomusicamagazine.it\/?p=2166#respond"]}]},{"@type":"WebPage","@id":"https:\/\/www.nonsolomusicamagazine.it\/?p=2166","url":"https:\/\/www.nonsolomusicamagazine.it\/?p=2166","name":"Addio a Sin\u00e9ad O' Connor. Aveva 56 anni. - NonSoloMusicaMagazine","isPartOf":{"@id":"https:\/\/www.nonsolomusicamagazine.it\/#website"},"primaryImageOfPage":{"@id":"https:\/\/www.nonsolomusicamagazine.it\/?p=2166#primaryimage"},"image":{"@id":"https:\/\/www.nonsolomusicamagazine.it\/?p=2166#primaryimage"},"thumbnailUrl":"https:\/\/www.nonsolomusicamagazine.it\/wp-content\/uploads\/2023\/07\/9ebea70ed469bc73e7345d02733eb446.png","datePublished":"2023-07-27T13:11:35+00:00","author":{"@id":"https:\/\/www.nonsolomusicamagazine.it\/#\/schema\/person\/a3349ad02300d046472d46cf6d31ae46"},"description":"Addio a Sin\u00e9ad O' Connor. Aveva 56 anni. Divenne nota al grande pubblico per la sua interpretazione di \"Nothing Compares 2 U\" di Prince.","breadcrumb":{"@id":"https:\/\/www.nonsolomusicamagazine.it\/?p=2166#breadcrumb"},"inLanguage":"it-IT","potentialAction":[{"@type":"ReadAction","target":["https:\/\/www.nonsolomusicamagazine.it\/?p=2166"]}]},{"@type":"ImageObject","inLanguage":"it-IT","@id":"https:\/\/www.nonsolomusicamagazine.it\/?p=2166#primaryimage","url":"https:\/\/www.nonsolomusicamagazine.it\/wp-content\/uploads\/2023\/07\/9ebea70ed469bc73e7345d02733eb446.png","contentUrl":"https:\/\/www.nonsolomusicamagazine.it\/wp-content\/uploads\/2023\/07\/9ebea70ed469bc73e7345d02733eb446.png","width":369,"height":369},{"@type":"BreadcrumbList","@id":"https:\/\/www.nonsolomusicamagazine.it\/?p=2166#breadcrumb","itemListElement":[{"@type":"ListItem","position":1,"name":"Home","item":"https:\/\/www.nonsolomusicamagazine.it\/"},{"@type":"ListItem","position":2,"name":"Addio a Sin\u00e9ad O&#8217; Connor. Aveva 56 anni."}]},{"@type":"WebSite","@id":"https:\/\/www.nonsolomusicamagazine.it\/#website","url":"https:\/\/www.nonsolomusicamagazine.it\/","name":"Nonsolomusicamagazine","description":"Dir. responsabile Manuel M Buccarella","potentialAction":[{"@type":"SearchAction","target":{"@type":"EntryPoint","urlTemplate":"https:\/\/www.nonsolomusicamagazine.it\/?s={search_term_string}"},"query-input":{"@type":"PropertyValueSpecification","valueRequired":true,"valueName":"search_term_string"}}],"inLanguage":"it-IT"},{"@type":"Person","@id":"https:\/\/www.nonsolomusicamagazine.it\/#\/schema\/person\/a3349ad02300d046472d46cf6d31ae46","name":"nonsolomusica","image":{"@type":"ImageObject","inLanguage":"it-IT","@id":"https:\/\/www.nonsolomusicamagazine.it\/wp-content\/litespeed\/avatar\/3a675484bc84db6aba78d43bfc8b7197.jpg?ver=1776880798","url":"https:\/\/www.nonsolomusicamagazine.it\/wp-content\/litespeed\/avatar\/3a675484bc84db6aba78d43bfc8b7197.jpg?ver=1776880798","contentUrl":"https:\/\/www.nonsolomusicamagazine.it\/wp-content\/litespeed\/avatar\/3a675484bc84db6aba78d43bfc8b7197.jpg?ver=1776880798","caption":"nonsolomusica"},"sameAs":["https:\/\/www.nonsolomusicamagazine.it"],"url":"https:\/\/www.nonsolomusicamagazine.it\/?author=1"}]}},"amp_enabled":true,"_links":{"self":[{"href":"https:\/\/www.nonsolomusicamagazine.it\/index.php?rest_route=\/wp\/v2\/posts\/2166","targetHints":{"allow":["GET"]}}],"collection":[{"href":"https:\/\/www.nonsolomusicamagazine.it\/index.php?rest_route=\/wp\/v2\/posts"}],"about":[{"href":"https:\/\/www.nonsolomusicamagazine.it\/index.php?rest_route=\/wp\/v2\/types\/post"}],"author":[{"embeddable":true,"href":"https:\/\/www.nonsolomusicamagazine.it\/index.php?rest_route=\/wp\/v2\/users\/1"}],"replies":[{"embeddable":true,"href":"https:\/\/www.nonsolomusicamagazine.it\/index.php?rest_route=%2Fwp%2Fv2%2Fcomments&post=2166"}],"version-history":[{"count":0,"href":"https:\/\/www.nonsolomusicamagazine.it\/index.php?rest_route=\/wp\/v2\/posts\/2166\/revisions"}],"wp:featuredmedia":[{"embeddable":true,"href":"https:\/\/www.nonsolomusicamagazine.it\/index.php?rest_route=\/wp\/v2\/media\/2167"}],"wp:attachment":[{"href":"https:\/\/www.nonsolomusicamagazine.it\/index.php?rest_route=%2Fwp%2Fv2%2Fmedia&parent=2166"}],"wp:term":[{"taxonomy":"category","embeddable":true,"href":"https:\/\/www.nonsolomusicamagazine.it\/index.php?rest_route=%2Fwp%2Fv2%2Fcategories&post=2166"},{"taxonomy":"post_tag","embeddable":true,"href":"https:\/\/www.nonsolomusicamagazine.it\/index.php?rest_route=%2Fwp%2Fv2%2Ftags&post=2166"}],"curies":[{"name":"wp","href":"https:\/\/api.w.org\/{rel}","templated":true}]}}