{"id":2169,"date":"2023-07-27T16:04:54","date_gmt":"2023-07-27T16:04:54","guid":{"rendered":"https:\/\/www.nonsolomusicamagazine.it\/?p=2169"},"modified":"2023-07-28T00:13:05","modified_gmt":"2023-07-28T00:13:05","slug":"la-mozione-del-senato-italiano-sullholodomor-come-genocidio-della-popolazione-ucraina-perche-italia-e-zelensky-strumentalizzano-la-situazione","status":"publish","type":"post","link":"https:\/\/www.nonsolomusicamagazine.it\/?p=2169","title":{"rendered":"La mozione del Senato italiano sull&#8221;holodomor come genocidio del popolo ucraino&#8221;. Perch\u00e9 Italia e Zelensky strumentalizzano la situazione."},"content":{"rendered":"\n<p class=\"has-text-align-center\"><strong>Piergiorgio Buccarella<\/strong><\/p>\n\n\n\n<p>Il Senato italiano ha riconosciuto l\u2019Holodomor come genocidio del popolo ucraino. La&nbsp;mozione vincola il nostro Paese  \u00aba promuovere in Italia e all\u2019estero la consapevolezza e il ricordo di questa tragedia\u00bb. <\/p>\n\n\n\n<p>Palazzo Madama, nel testo, identifica la \u00abcarestia deliberata\u00bb provocata dalle autorit\u00e0 dell\u2019Urss nel 1932-1933 e del \u00abdittatore sovietico Stalin\u00bb. Passata alla Storia come \u00abHolodomor\u00bb, che significa \u00abmorte per fame\u00bb, &#8220;ha causato un numero di vittime enorme, compreso dalle stime tra i sette e i dieci milioni&#8221;. C\u2019\u00e8 poi un importante equiparazione: tra il tentativo di novant\u2019anni fa di annientamento e quello lanciato il 24 febbraio 2022 con l&#8217;operazione militare speciale russa.<\/p>\n\n\n\n<p>Si legge nella mozione: \u00abIl biennio 2022-2023 segna il 90\u00b0 anniversario dell\u2019Holodomor, in un momento storico in cui il popolo ucraino patisce le sofferenze della guerra di aggressione scatenata dalla Federazione russa, di cui parte della classe dirigente non ha mai reciso del tutto i legami con il passato sovietico e persegue un disegno imperiale ed egemonico volto ad estendere la sfera d\u2019influenza russa su diversi territori precedentemente appartenenti all\u2019ex Unione sovietica, in particolare l\u2019Ucraina\u00bb.<\/p>\n\n\n\n<p>Il voto di ieri \u00e8 stato elogiato dal presidente ucraino <strong>Volodymyr Zelensky<\/strong>, in un tweet: \u00abAccogliamo con favore la decisione del Senato italiano di riconoscere l\u2019Holodomor degli anni 1932-1933 come genocidio del popolo ucraino. Nel 90\u00b0 anniversario dell\u2019Holodomor, questo passo dimostra che ci sar\u00e0 giustizia per le vittime passate e presenti del regime del Cremlino!\u00bb<\/p>\n\n\n\n<h5 class=\"wp-block-heading\"><em>Come andarono realmente le cose? Ecco perch\u00e9 il Senato italiano e Zelensky cadono in una volgare strumentalizzazione<\/em><\/h5>\n\n\n\n<p>Non vi fu assolutamente nessun intento e nessuna attuazione genocidiaria russa nei confronti degli ucraini, n\u00e8 tantomeno intenti genocidari da parte della leadership sovietica(composta non solamente da russi ,che erano il 20%, ma da tutte le nazionalit\u00e0 delle Repubbliche). Gi\u00e0 questo \u00e8 fondamentale per contrastare la retorica dell&#8217;ultranazionalismo ucraino. Nonostante ci\u00f2 tutta la  questione della Grande Carestia Sovietica del 32-33(carestia avvenuta nel contesto della collettivizzazione forzata staliniana e nella repressione dei proprietari agrari,noti come Kulaki)\u00e8 abbastanza complessa e non va analizzata solamente dando tutte le responsabilit\u00e0 ai Comunisti ed all\u2019ideologia comunista sovietica.  Innanzitutto all\u2019epoca in URSS vi fu un certo dibattito sulle politiche economiche da attuare, ed \u00e8 un errore dire che Stalin, certamente un despota a cui va riconosciuta solamente la conduzione della Vittoria nella Grande Guerra Patriottica ed alcuni aspetti dell\u2019industrializzazione del Paese, agisse in esatta continuit\u00e0 con quello che diceva e faceva Lenin. <\/p>\n\n\n\n<p>Innanzitutto \u00e8 necessario partire dai numeri, in quanto essi sono enormemente gonfiati a fini propagandistici e tra l\u2019altro tra i primi a gonfiare enormemente il numero delle cifre, prese poi dai nazionalisti ucraini, furono proprio gli invasori nazisti. \u00c8 spesso comune vulgata affermare che solamente in Ucraina a causa della carestia vi siano stati 6 -7milioni di morti; il premier di estrema destra ucraino Yushenko parl\u00f2 addirittura di 10 milioni, ma queste sono delle falsit\u00e0. Si potrebbe innanzitutto citare lo stesso Istituto di Demografia e Ricerca Sociale dell\u2019Accademia Ucraina delle Scienze, non certo fonte filorussa o filosovietica, che parla di 3-4 milioni in Ucraina,numero sicuramente alto ma certamente di molto inferiore alle stime dei nazionalisti.<\/p>\n\n\n\n<p>Secondariamente, diverse fonti molto accreditate come la francese INED(Istituto Nazionale degli Studi Demografici), calcolano un eccesso di mortalit\u00e0 tra il 1932 ed il 1933 di 2-2,2 milioni di persone in Ucraina, considerando il fatto che ad influire particolarmente su questi numeri fu anche una spaventosa epidemia di tifo presente nella repubblica sovietica in quel periodo. Fonti come la rivista russa Ekspert calcolano i morti per la carestia in tutta l\u2019URSS(che si ebbe oltre che in Ucraina in Kazakistan, Bielorussia, Caucaso settentrionale, regione del Volga, Urali meridionali, Siberia occidentale)come circa 4,5 milioni, ma le stime sui morti totali sono incerte e variano da fonte a fonte arrivando da un minimo di 2 milioni(improbabile) fino a, se si usano le cifre pi\u00f9 alte, ad un massimo di 7-8 milioni in tutto il Paese. Pertanto le vittime in Ucraina, considerando anche una grande incidenza di una forte epidemia di tifo, si aggirano tra i 2-3 milioni.  Ebbero anche una grandissima importanza nello sviluppo di questa carestia la siccit\u00e0 ed i conseguenti cattivi raccolti che incisero molto, e soprattutto i continui ed enormi sabotaggi da parte dei ricchi kulaki, che spesso andavano a rubare dalle fattorie della povera gente attirandosi giustamente la loro ira. <\/p>\n\n\n\n<p>La storica americana <strong>Anne Applebaum<\/strong>, fervente anticomunista e majdanista sponsorizzata da cupole quali il Council on Foreign Relations (associata al clan Rockefeller) e National Endowment for Democracy (legata alla CIA) e moglie dell\u2019ex Ministro degli esteri polacco Radislav Sikorsky (antirusso), afferma che  &#8220;l\u2019OGPU (polizia segreta sovietica dal 1922 al 34, ndr) aveva continuato a riferire di furti sempre pi\u00f9 numerosi ai danni di ferrovie, negozi, imprese e, soprattutto, fattorie collettive\u201d. E commenta in modo stupefacente: \u201cNon c\u2019era da sorprendersi: spesso i lavoratori delle fattorie collettive (come gli operai delle fabbriche) avevano l\u2019impressione che ci\u00f2 che apparteneva allo Stato non appartenesse a nessuno e, quindi, che non ci fosse niente di male a impossessarsene\u201d (235). E ancora: \u201cNessuno, rubando beni collettivi, si sentiva minimamente colpevole\u201d (316). <\/p>\n\n\n\n<p>Era intervenuta tuttavia la legge del 7 agosto 1932 a punire severamente furti e danneggiamenti della propriet\u00e0 sociale, di stato, cooperativa e colcosiana. E sempre la Applebaum riferisce di folle inferocite contro i ladri, al punto di linciarli (318).<\/p>\n\n\n\n<p>Evidentemente non a tutti i contadini sfuggiva che rubare alla fattoria collettiva non era rubare a nessuno, ma a tutti loro!Se si vedono i dati, si pu\u00f2 anche riscontrare che milioni e milioni di cavalli ed in generale bestiame ed animali da soma vennero macellati dai Kulaki(fra il 1928 e il 1933 il numero di capi di bestiame e cavalli diminu\u00ec in URSS di circa la met\u00e0. I maiali calarono da 26 a 12 milioni, pecore e capre da 146 a 50 milioni\u201d,Applebaum) che oltre a ci\u00f2 nascosero tonnellate di cibo e sabotarono costantemente l\u2019operato del governo sovietico nella gi\u00e0 difficile situazione agraria, portando ad un clima di similguerra civile in Ucraina. <\/p>\n\n\n\n<p>Detto ci\u00f2 si cita sempre la Carestia del 32-33 ma non si dice mai che nell\u2019Impero Russo vi erano costantemente, in una situazione certamente pi\u00f9 favorevole rispetto a quella sovietica, carestie ogni anno, le cui vittime si contano sui milioni come quelle del 1873, 1880, 1883, 1891, 1892, 1897, 1898, 1901, 1905, 1906, 1907, 1908, 1911, 1913. Nessuno parla di genocidio dell\u2019Impero Russo o di fallimento totale dell\u2019utopia sanguinaria imperiale russa. Sull\u2019URSS si pu\u00f2 dire di tutto ma \u00e8 indubbio che poi risolse definitivamente il problema delle frequentissime carestie, industrializzando e sviluppando pesantemente tutto il Paese. \u00c8 anche ben poco noto il fatto che negli stessi anni in cui si stava verificando la Carestia nell\u2019Ucraina sovietica, anche nella parte occidentale del Paese occupata dai polacchi(e non solo, anche da rumeni e cecoslovacchi) si pativa in maniera incredibile la fame, con s\u00ec in questo caso misure razziste da parte delle istituzioni, come la politica di &#8220;polacchizzazione&#8221;  dell\u2019Ucraina Occidentale e, cose mai avvenute in URSS, l\u2019emergere di leggi discriminanti con misure economiche, sociali, amministrative, culturali e linguistiche, proibendo, ad esempio, ai contadini ucraini di etnia Hutsul persino la silvicoltura, la raccolta e il commercio o altre attivit\u00e0 forestali, che costituivano l\u2019unico loro mezzo di sostentamento. Gli stessi giornali locali polacchi documentavano la situazione di carestia estrema presente nelle regioni abitate da ucraini di etnia Hutsul, con giornali che riferivano nel 1932 dell\u201988,6% delle fattorie della Regione Hutsul in stato di carestia. Anche la situazione nella Bucovina,Galizia e Transcarpazia era pessima. Eppure qui si trattava di governi nazionalisti che non applicavano certo politiche comuniste.<\/p>\n\n\n<figure class=\"wp-block-post-featured-image\"><img decoding=\"async\" width=\"2560\" height=\"1440\" src=\"https:\/\/www.nonsolomusicamagazine.it\/wp-content\/uploads\/2023\/07\/37508316pd2fsdata169-scaled.jpg\" class=\"attachment-post-thumbnail size-post-thumbnail wp-post-image\" alt=\"\" style=\"object-fit:cover;\" srcset=\"https:\/\/www.nonsolomusicamagazine.it\/wp-content\/uploads\/2023\/07\/37508316pd2fsdata169-scaled.jpg 2560w, https:\/\/www.nonsolomusicamagazine.it\/wp-content\/uploads\/2023\/07\/37508316pd2fsdata169-300x169.jpg 300w, https:\/\/www.nonsolomusicamagazine.it\/wp-content\/uploads\/2023\/07\/37508316pd2fsdata169-1024x576.jpg 1024w, https:\/\/www.nonsolomusicamagazine.it\/wp-content\/uploads\/2023\/07\/37508316pd2fsdata169-768x432.jpg 768w, https:\/\/www.nonsolomusicamagazine.it\/wp-content\/uploads\/2023\/07\/37508316pd2fsdata169-1536x864.jpg 1536w, https:\/\/www.nonsolomusicamagazine.it\/wp-content\/uploads\/2023\/07\/37508316pd2fsdata169-2048x1152.jpg 2048w, https:\/\/www.nonsolomusicamagazine.it\/wp-content\/uploads\/2023\/07\/37508316pd2fsdata169-1320x742.jpg 1320w\" sizes=\"(max-width: 2560px) 100vw, 2560px\" \/><\/figure>\n\n\n<p><\/p>\n","protected":false},"excerpt":{"rendered":"<p>Piergiorgio Buccarella Il Senato italiano ha riconosciuto l\u2019Holodomor come genocidio del popolo ucraino. La&nbsp;mozione vincola il nostro Paese \u00aba promuovere in Italia e all\u2019estero la consapevolezza e il ricordo di questa tragedia\u00bb. Palazzo Madama, nel testo, identifica la \u00abcarestia deliberata\u00bb provocata dalle autorit\u00e0 dell\u2019Urss nel 1932-1933 e del \u00abdittatore sovietico Stalin\u00bb. Passata alla Storia come [&hellip;]<\/p>\n","protected":false},"author":1,"featured_media":2170,"comment_status":"open","ping_status":"closed","sticky":false,"template":"","format":"standard","meta":{"footnotes":""},"categories":[6,5],"tags":[1567,1569,1568,651,13,186],"class_list":["post-2169","post","type-post","status-publish","format-standard","has-post-thumbnail","hentry","category-esteri","category-politica","tag-holodomor","tag-mozione","tag-senato-italiano","tag-stalin","tag-ucraina","tag-unione-sovietica"],"yoast_head":"<!-- This site is optimized with the Yoast SEO plugin v27.4 - https:\/\/yoast.com\/product\/yoast-seo-wordpress\/ -->\n<title>La mozione del Senato italiano sull&quot;holodomor come genocidio del popolo ucraino&quot;. Perch\u00e9 Italia e Zelensky strumentalizzano la situazione. - NonSoloMusicaMagazine<\/title>\n<meta name=\"description\" content=\"La mozione del Senato italiano sull&quot;&quot;holodomor come genocidio della popolazione ucraina&quot;.Perch\u00e9 Italia e Zelensky strumentalizzano la situazione\" \/>\n<meta name=\"robots\" content=\"index, follow, max-snippet:-1, max-image-preview:large, max-video-preview:-1\" \/>\n<link rel=\"canonical\" href=\"https:\/\/www.nonsolomusicamagazine.it\/?p=2169\" \/>\n<meta property=\"og:locale\" content=\"it_IT\" \/>\n<meta property=\"og:type\" content=\"article\" \/>\n<meta property=\"og:title\" content=\"La mozione del Senato italiano sull&quot;holodomor come genocidio del popolo ucraino&quot;. Perch\u00e9 Italia e Zelensky strumentalizzano la situazione. - NonSoloMusicaMagazine\" \/>\n<meta property=\"og:description\" content=\"La mozione del Senato italiano sull&quot;&quot;holodomor come genocidio della popolazione ucraina&quot;.Perch\u00e9 Italia e Zelensky strumentalizzano la situazione\" \/>\n<meta property=\"og:url\" content=\"https:\/\/www.nonsolomusicamagazine.it\/?p=2169\" \/>\n<meta property=\"og:site_name\" content=\"NonSoloMusicaMagazine\" \/>\n<meta property=\"article:published_time\" content=\"2023-07-27T16:04:54+00:00\" \/>\n<meta property=\"article:modified_time\" content=\"2023-07-28T00:13:05+00:00\" \/>\n<meta property=\"og:image\" content=\"https:\/\/www.nonsolomusicamagazine.it\/wp-content\/uploads\/2023\/07\/37508316pd2fsdata169-scaled.jpg\" \/>\n\t<meta property=\"og:image:width\" content=\"2560\" \/>\n\t<meta property=\"og:image:height\" content=\"1440\" \/>\n\t<meta property=\"og:image:type\" content=\"image\/jpeg\" \/>\n<meta name=\"author\" content=\"nonsolomusica\" \/>\n<meta name=\"twitter:card\" content=\"summary_large_image\" \/>\n<meta name=\"twitter:label1\" content=\"Scritto da\" \/>\n\t<meta name=\"twitter:data1\" content=\"nonsolomusica\" \/>\n\t<meta name=\"twitter:label2\" content=\"Tempo di lettura stimato\" \/>\n\t<meta name=\"twitter:data2\" content=\"7 minuti\" \/>\n<script type=\"application\/ld+json\" class=\"yoast-schema-graph\">{\"@context\":\"https:\\\/\\\/schema.org\",\"@graph\":[{\"@type\":\"Article\",\"@id\":\"https:\\\/\\\/www.nonsolomusicamagazine.it\\\/?p=2169#article\",\"isPartOf\":{\"@id\":\"https:\\\/\\\/www.nonsolomusicamagazine.it\\\/?p=2169\"},\"author\":{\"name\":\"nonsolomusica\",\"@id\":\"https:\\\/\\\/www.nonsolomusicamagazine.it\\\/#\\\/schema\\\/person\\\/a3349ad02300d046472d46cf6d31ae46\"},\"headline\":\"La mozione del Senato italiano sull&#8221;holodomor come genocidio del popolo ucraino&#8221;. Perch\u00e9 Italia e Zelensky strumentalizzano la situazione.\",\"datePublished\":\"2023-07-27T16:04:54+00:00\",\"dateModified\":\"2023-07-28T00:13:05+00:00\",\"mainEntityOfPage\":{\"@id\":\"https:\\\/\\\/www.nonsolomusicamagazine.it\\\/?p=2169\"},\"wordCount\":1268,\"commentCount\":0,\"image\":{\"@id\":\"https:\\\/\\\/www.nonsolomusicamagazine.it\\\/?p=2169#primaryimage\"},\"thumbnailUrl\":\"https:\\\/\\\/www.nonsolomusicamagazine.it\\\/wp-content\\\/uploads\\\/2023\\\/07\\\/37508316pd2fsdata169-scaled.jpg\",\"keywords\":[\"Holodomor\",\"Mozione\",\"Senato italiano\",\"Stalin\",\"Ucraina\",\"Unione Sovietica\"],\"articleSection\":[\"Esteri\",\"Politica\"],\"inLanguage\":\"it-IT\",\"potentialAction\":[{\"@type\":\"CommentAction\",\"name\":\"Comment\",\"target\":[\"https:\\\/\\\/www.nonsolomusicamagazine.it\\\/?p=2169#respond\"]}]},{\"@type\":\"WebPage\",\"@id\":\"https:\\\/\\\/www.nonsolomusicamagazine.it\\\/?p=2169\",\"url\":\"https:\\\/\\\/www.nonsolomusicamagazine.it\\\/?p=2169\",\"name\":\"La mozione del Senato italiano sull\\\"holodomor come genocidio del popolo ucraino\\\". Perch\u00e9 Italia e Zelensky strumentalizzano la situazione. - NonSoloMusicaMagazine\",\"isPartOf\":{\"@id\":\"https:\\\/\\\/www.nonsolomusicamagazine.it\\\/#website\"},\"primaryImageOfPage\":{\"@id\":\"https:\\\/\\\/www.nonsolomusicamagazine.it\\\/?p=2169#primaryimage\"},\"image\":{\"@id\":\"https:\\\/\\\/www.nonsolomusicamagazine.it\\\/?p=2169#primaryimage\"},\"thumbnailUrl\":\"https:\\\/\\\/www.nonsolomusicamagazine.it\\\/wp-content\\\/uploads\\\/2023\\\/07\\\/37508316pd2fsdata169-scaled.jpg\",\"datePublished\":\"2023-07-27T16:04:54+00:00\",\"dateModified\":\"2023-07-28T00:13:05+00:00\",\"author\":{\"@id\":\"https:\\\/\\\/www.nonsolomusicamagazine.it\\\/#\\\/schema\\\/person\\\/a3349ad02300d046472d46cf6d31ae46\"},\"description\":\"La mozione del Senato italiano sull\\\"\\\"holodomor come genocidio della popolazione ucraina\\\".Perch\u00e9 Italia e Zelensky strumentalizzano la situazione\",\"breadcrumb\":{\"@id\":\"https:\\\/\\\/www.nonsolomusicamagazine.it\\\/?p=2169#breadcrumb\"},\"inLanguage\":\"it-IT\",\"potentialAction\":[{\"@type\":\"ReadAction\",\"target\":[\"https:\\\/\\\/www.nonsolomusicamagazine.it\\\/?p=2169\"]}]},{\"@type\":\"ImageObject\",\"inLanguage\":\"it-IT\",\"@id\":\"https:\\\/\\\/www.nonsolomusicamagazine.it\\\/?p=2169#primaryimage\",\"url\":\"https:\\\/\\\/www.nonsolomusicamagazine.it\\\/wp-content\\\/uploads\\\/2023\\\/07\\\/37508316pd2fsdata169-scaled.jpg\",\"contentUrl\":\"https:\\\/\\\/www.nonsolomusicamagazine.it\\\/wp-content\\\/uploads\\\/2023\\\/07\\\/37508316pd2fsdata169-scaled.jpg\",\"width\":2560,\"height\":1440},{\"@type\":\"BreadcrumbList\",\"@id\":\"https:\\\/\\\/www.nonsolomusicamagazine.it\\\/?p=2169#breadcrumb\",\"itemListElement\":[{\"@type\":\"ListItem\",\"position\":1,\"name\":\"Home\",\"item\":\"https:\\\/\\\/www.nonsolomusicamagazine.it\\\/\"},{\"@type\":\"ListItem\",\"position\":2,\"name\":\"La mozione del Senato italiano sull&#8221;holodomor come genocidio del popolo ucraino&#8221;. Perch\u00e9 Italia e Zelensky strumentalizzano la situazione.\"}]},{\"@type\":\"WebSite\",\"@id\":\"https:\\\/\\\/www.nonsolomusicamagazine.it\\\/#website\",\"url\":\"https:\\\/\\\/www.nonsolomusicamagazine.it\\\/\",\"name\":\"Nonsolomusicamagazine\",\"description\":\"Dir. responsabile Manuel M Buccarella\",\"potentialAction\":[{\"@type\":\"SearchAction\",\"target\":{\"@type\":\"EntryPoint\",\"urlTemplate\":\"https:\\\/\\\/www.nonsolomusicamagazine.it\\\/?s={search_term_string}\"},\"query-input\":{\"@type\":\"PropertyValueSpecification\",\"valueRequired\":true,\"valueName\":\"search_term_string\"}}],\"inLanguage\":\"it-IT\"},{\"@type\":\"Person\",\"@id\":\"https:\\\/\\\/www.nonsolomusicamagazine.it\\\/#\\\/schema\\\/person\\\/a3349ad02300d046472d46cf6d31ae46\",\"name\":\"nonsolomusica\",\"image\":{\"@type\":\"ImageObject\",\"inLanguage\":\"it-IT\",\"@id\":\"https:\\\/\\\/www.nonsolomusicamagazine.it\\\/wp-content\\\/litespeed\\\/avatar\\\/3a675484bc84db6aba78d43bfc8b7197.jpg?ver=1776880798\",\"url\":\"https:\\\/\\\/www.nonsolomusicamagazine.it\\\/wp-content\\\/litespeed\\\/avatar\\\/3a675484bc84db6aba78d43bfc8b7197.jpg?ver=1776880798\",\"contentUrl\":\"https:\\\/\\\/www.nonsolomusicamagazine.it\\\/wp-content\\\/litespeed\\\/avatar\\\/3a675484bc84db6aba78d43bfc8b7197.jpg?ver=1776880798\",\"caption\":\"nonsolomusica\"},\"sameAs\":[\"https:\\\/\\\/www.nonsolomusicamagazine.it\"],\"url\":\"https:\\\/\\\/www.nonsolomusicamagazine.it\\\/?author=1\"}]}<\/script>\n<!-- \/ Yoast SEO plugin. -->","yoast_head_json":{"title":"La mozione del Senato italiano sull\"holodomor come genocidio del popolo ucraino\". Perch\u00e9 Italia e Zelensky strumentalizzano la situazione. - NonSoloMusicaMagazine","description":"La mozione del Senato italiano sull\"\"holodomor come genocidio della popolazione ucraina\".Perch\u00e9 Italia e Zelensky strumentalizzano la situazione","robots":{"index":"index","follow":"follow","max-snippet":"max-snippet:-1","max-image-preview":"max-image-preview:large","max-video-preview":"max-video-preview:-1"},"canonical":"https:\/\/www.nonsolomusicamagazine.it\/?p=2169","og_locale":"it_IT","og_type":"article","og_title":"La mozione del Senato italiano sull\"holodomor come genocidio del popolo ucraino\". Perch\u00e9 Italia e Zelensky strumentalizzano la situazione. - NonSoloMusicaMagazine","og_description":"La mozione del Senato italiano sull\"\"holodomor come genocidio della popolazione ucraina\".Perch\u00e9 Italia e Zelensky strumentalizzano la situazione","og_url":"https:\/\/www.nonsolomusicamagazine.it\/?p=2169","og_site_name":"NonSoloMusicaMagazine","article_published_time":"2023-07-27T16:04:54+00:00","article_modified_time":"2023-07-28T00:13:05+00:00","og_image":[{"width":2560,"height":1440,"url":"https:\/\/www.nonsolomusicamagazine.it\/wp-content\/uploads\/2023\/07\/37508316pd2fsdata169-scaled.jpg","type":"image\/jpeg"}],"author":"nonsolomusica","twitter_card":"summary_large_image","twitter_misc":{"Scritto da":"nonsolomusica","Tempo di lettura stimato":"7 minuti"},"schema":{"@context":"https:\/\/schema.org","@graph":[{"@type":"Article","@id":"https:\/\/www.nonsolomusicamagazine.it\/?p=2169#article","isPartOf":{"@id":"https:\/\/www.nonsolomusicamagazine.it\/?p=2169"},"author":{"name":"nonsolomusica","@id":"https:\/\/www.nonsolomusicamagazine.it\/#\/schema\/person\/a3349ad02300d046472d46cf6d31ae46"},"headline":"La mozione del Senato italiano sull&#8221;holodomor come genocidio del popolo ucraino&#8221;. Perch\u00e9 Italia e Zelensky strumentalizzano la situazione.","datePublished":"2023-07-27T16:04:54+00:00","dateModified":"2023-07-28T00:13:05+00:00","mainEntityOfPage":{"@id":"https:\/\/www.nonsolomusicamagazine.it\/?p=2169"},"wordCount":1268,"commentCount":0,"image":{"@id":"https:\/\/www.nonsolomusicamagazine.it\/?p=2169#primaryimage"},"thumbnailUrl":"https:\/\/www.nonsolomusicamagazine.it\/wp-content\/uploads\/2023\/07\/37508316pd2fsdata169-scaled.jpg","keywords":["Holodomor","Mozione","Senato italiano","Stalin","Ucraina","Unione Sovietica"],"articleSection":["Esteri","Politica"],"inLanguage":"it-IT","potentialAction":[{"@type":"CommentAction","name":"Comment","target":["https:\/\/www.nonsolomusicamagazine.it\/?p=2169#respond"]}]},{"@type":"WebPage","@id":"https:\/\/www.nonsolomusicamagazine.it\/?p=2169","url":"https:\/\/www.nonsolomusicamagazine.it\/?p=2169","name":"La mozione del Senato italiano sull\"holodomor come genocidio del popolo ucraino\". Perch\u00e9 Italia e Zelensky strumentalizzano la situazione. - NonSoloMusicaMagazine","isPartOf":{"@id":"https:\/\/www.nonsolomusicamagazine.it\/#website"},"primaryImageOfPage":{"@id":"https:\/\/www.nonsolomusicamagazine.it\/?p=2169#primaryimage"},"image":{"@id":"https:\/\/www.nonsolomusicamagazine.it\/?p=2169#primaryimage"},"thumbnailUrl":"https:\/\/www.nonsolomusicamagazine.it\/wp-content\/uploads\/2023\/07\/37508316pd2fsdata169-scaled.jpg","datePublished":"2023-07-27T16:04:54+00:00","dateModified":"2023-07-28T00:13:05+00:00","author":{"@id":"https:\/\/www.nonsolomusicamagazine.it\/#\/schema\/person\/a3349ad02300d046472d46cf6d31ae46"},"description":"La mozione del Senato italiano sull\"\"holodomor come genocidio della popolazione ucraina\".Perch\u00e9 Italia e Zelensky strumentalizzano la situazione","breadcrumb":{"@id":"https:\/\/www.nonsolomusicamagazine.it\/?p=2169#breadcrumb"},"inLanguage":"it-IT","potentialAction":[{"@type":"ReadAction","target":["https:\/\/www.nonsolomusicamagazine.it\/?p=2169"]}]},{"@type":"ImageObject","inLanguage":"it-IT","@id":"https:\/\/www.nonsolomusicamagazine.it\/?p=2169#primaryimage","url":"https:\/\/www.nonsolomusicamagazine.it\/wp-content\/uploads\/2023\/07\/37508316pd2fsdata169-scaled.jpg","contentUrl":"https:\/\/www.nonsolomusicamagazine.it\/wp-content\/uploads\/2023\/07\/37508316pd2fsdata169-scaled.jpg","width":2560,"height":1440},{"@type":"BreadcrumbList","@id":"https:\/\/www.nonsolomusicamagazine.it\/?p=2169#breadcrumb","itemListElement":[{"@type":"ListItem","position":1,"name":"Home","item":"https:\/\/www.nonsolomusicamagazine.it\/"},{"@type":"ListItem","position":2,"name":"La mozione del Senato italiano sull&#8221;holodomor come genocidio del popolo ucraino&#8221;. Perch\u00e9 Italia e Zelensky strumentalizzano la situazione."}]},{"@type":"WebSite","@id":"https:\/\/www.nonsolomusicamagazine.it\/#website","url":"https:\/\/www.nonsolomusicamagazine.it\/","name":"Nonsolomusicamagazine","description":"Dir. responsabile Manuel M Buccarella","potentialAction":[{"@type":"SearchAction","target":{"@type":"EntryPoint","urlTemplate":"https:\/\/www.nonsolomusicamagazine.it\/?s={search_term_string}"},"query-input":{"@type":"PropertyValueSpecification","valueRequired":true,"valueName":"search_term_string"}}],"inLanguage":"it-IT"},{"@type":"Person","@id":"https:\/\/www.nonsolomusicamagazine.it\/#\/schema\/person\/a3349ad02300d046472d46cf6d31ae46","name":"nonsolomusica","image":{"@type":"ImageObject","inLanguage":"it-IT","@id":"https:\/\/www.nonsolomusicamagazine.it\/wp-content\/litespeed\/avatar\/3a675484bc84db6aba78d43bfc8b7197.jpg?ver=1776880798","url":"https:\/\/www.nonsolomusicamagazine.it\/wp-content\/litespeed\/avatar\/3a675484bc84db6aba78d43bfc8b7197.jpg?ver=1776880798","contentUrl":"https:\/\/www.nonsolomusicamagazine.it\/wp-content\/litespeed\/avatar\/3a675484bc84db6aba78d43bfc8b7197.jpg?ver=1776880798","caption":"nonsolomusica"},"sameAs":["https:\/\/www.nonsolomusicamagazine.it"],"url":"https:\/\/www.nonsolomusicamagazine.it\/?author=1"}]}},"amp_enabled":true,"_links":{"self":[{"href":"https:\/\/www.nonsolomusicamagazine.it\/index.php?rest_route=\/wp\/v2\/posts\/2169","targetHints":{"allow":["GET"]}}],"collection":[{"href":"https:\/\/www.nonsolomusicamagazine.it\/index.php?rest_route=\/wp\/v2\/posts"}],"about":[{"href":"https:\/\/www.nonsolomusicamagazine.it\/index.php?rest_route=\/wp\/v2\/types\/post"}],"author":[{"embeddable":true,"href":"https:\/\/www.nonsolomusicamagazine.it\/index.php?rest_route=\/wp\/v2\/users\/1"}],"replies":[{"embeddable":true,"href":"https:\/\/www.nonsolomusicamagazine.it\/index.php?rest_route=%2Fwp%2Fv2%2Fcomments&post=2169"}],"version-history":[{"count":0,"href":"https:\/\/www.nonsolomusicamagazine.it\/index.php?rest_route=\/wp\/v2\/posts\/2169\/revisions"}],"wp:featuredmedia":[{"embeddable":true,"href":"https:\/\/www.nonsolomusicamagazine.it\/index.php?rest_route=\/wp\/v2\/media\/2170"}],"wp:attachment":[{"href":"https:\/\/www.nonsolomusicamagazine.it\/index.php?rest_route=%2Fwp%2Fv2%2Fmedia&parent=2169"}],"wp:term":[{"taxonomy":"category","embeddable":true,"href":"https:\/\/www.nonsolomusicamagazine.it\/index.php?rest_route=%2Fwp%2Fv2%2Fcategories&post=2169"},{"taxonomy":"post_tag","embeddable":true,"href":"https:\/\/www.nonsolomusicamagazine.it\/index.php?rest_route=%2Fwp%2Fv2%2Ftags&post=2169"}],"curies":[{"name":"wp","href":"https:\/\/api.w.org\/{rel}","templated":true}]}}