{"id":2200,"date":"2023-07-30T18:04:49","date_gmt":"2023-07-30T18:04:49","guid":{"rendered":"https:\/\/www.nonsolomusicamagazine.it\/?p=2200"},"modified":"2023-07-30T18:05:53","modified_gmt":"2023-07-30T18:05:53","slug":"una-targa-commemorativa-a-sarajevo-per-bosko-e-admira-i-romeo-e-giulietta-di-sarajevo-trucidati-nel-1993-durante-la-guerra-in-jugoslavia","status":"publish","type":"post","link":"https:\/\/www.nonsolomusicamagazine.it\/?p=2200","title":{"rendered":"Una targa commemorativa a Sarajevo per Bo\u0161ko e Admira, i &#8220;Romeo e Giulietta di Sarajevo&#8221; trucidati nel 1993 durante la guerra in Jugoslavia."},"content":{"rendered":"\n<p class=\"has-text-align-center\"><em>ma.bu.<\/em><\/p>\n\n\n\n<p>Su iniziativa del sindaco del comune di Sarajevo, <strong>Sr\u0111an Mandi\u0107<\/strong>, verr\u00e0 eretta una targa commemorativa nel luogo in cui <strong>Admira Ismi\u0107 <\/strong>e <strong>Bo\u0161ko Brki\u0107<\/strong> furono uccisi all&#8217;inizio della guerra a Sarajevo, trent&#8217;anni fa, il 19 maggio 1993.<\/p>\n\n\n\n<p>La targa commemorativa sar\u00e0 eretta previo accordo con Nedreta e Amela Ismi\u0107, madre e sorella di Admira, che hanno approvato il progetto concettuale della targa commemorativa, creato dallo scultore bosniaco <strong>Adis Luka\u010d<\/strong>.<\/p>\n\n\n\n<p><strong>Davor Su\u010di\u0107<\/strong>, frontman del gruppo &#8220;Zabranjano pu\u0161enje&#8221;, ha dato il suo consenso affinch\u00e9 il testo della sua canzone dedicata a Bo\u0161ko e Admira sia scritto sulla targa commemorativa.<\/p>\n\n\n\n<p>&#8220;Con questo atto, sar\u00e0 corretta un&#8217;ingiustizia di vecchia data. La storia d&#8217;amore di Romeo e Giulietta di Sarajevo ha viaggiato in tutto il mondo, e in questo modo ricever\u00e0 un segno indelebile nel luogo in cui \u00e8 tragicamente finita&#8221;, ha dichiarato Sr\u0111an Mandi\u0107.<\/p>\n\n\n\n<p>30 anni fa, una giovane coppia di Sarajevo, Admira Ismi\u0107 e Bo\u0161ko Brki\u0107, fu uccisa mentre cercava di lasciare la citt\u00e0 assediata.<\/p>\n\n\n\n<p>Sono stati uccisi da colpi di cecchino vicino al ponte Vrbanja, nel centro della citt\u00e0.<\/p>\n\n\n\n<p>Erano di nazionalit\u00e0 diverse &#8211; Admira era una musulmana bosgnacca e Bo\u0161ko un serbo, e intendevano trasferirsi dalla citt\u00e0 occupata al territorio sotto il controllo dell&#8217;esercito della Republika Srpska, per poi allontanarsi ulteriormente dal paese devastato dalla guerra.<\/p>\n\n\n\n<p>Il giornalista americano Kurt \u0160ork ha affermato che c&#8217;era un accordo tra le autorit\u00e0, da parte bosniaca e serba, affinch\u00e9 la coppia attraversasse la linea di demarcazione.<\/p>\n\n\n\n<p>&#8220;Bo\u0161ko e Admira hanno percorso almeno 500 metri lungo la riva destra del Miljacka, completamente esposti allo sguardo dei soldati di entrambe le sponde. Dopo che hanno attraversato il confine sotto il controllo della parte bosniaca e si sono diretti verso l&#8217;insediamento di Grbavica sotto il controllo dei serbi, qualcuno ha sparato loro&#8221;, ha scritto \u0160ork.<\/p>\n\n\n\n<p>I loro corpi senza vita giacerono sul ponte Vrbanja per sette giorni, e l&#8217;ottavo giorno sono stati tirati fuori e sepolti nel cimitero di Lukavica, nella Republika Srpska.<\/p>\n\n\n\n<p>Non \u00e8 mai stato determinato chi abbia sparato la raffica fatale contro la giovane coppia.<\/p>\n\n\n<figure class=\"wp-block-post-featured-image\"><img decoding=\"async\" width=\"678\" height=\"381\" src=\"https:\/\/www.nonsolomusicamagazine.it\/wp-content\/uploads\/2023\/07\/d_ov_sarajevo_160227-678x381-1.jpg\" class=\"attachment-post-thumbnail size-post-thumbnail wp-post-image\" alt=\"\" style=\"object-fit:cover;\" srcset=\"https:\/\/www.nonsolomusicamagazine.it\/wp-content\/uploads\/2023\/07\/d_ov_sarajevo_160227-678x381-1.jpg 678w, https:\/\/www.nonsolomusicamagazine.it\/wp-content\/uploads\/2023\/07\/d_ov_sarajevo_160227-678x381-1-300x169.jpg 300w\" sizes=\"(max-width: 678px) 100vw, 678px\" \/><\/figure>","protected":false},"excerpt":{"rendered":"<p>ma.bu. Su iniziativa del sindaco del comune di Sarajevo, Sr\u0111an Mandi\u0107, verr\u00e0 eretta una targa commemorativa nel luogo in cui Admira Ismi\u0107 e Bo\u0161ko Brki\u0107 furono uccisi all&#8217;inizio della guerra a Sarajevo, trent&#8217;anni fa, il 19 maggio 1993. La targa commemorativa sar\u00e0 eretta previo accordo con Nedreta e Amela Ismi\u0107, madre e sorella di Admira, [&hellip;]<\/p>\n","protected":false},"author":1,"featured_media":2201,"comment_status":"open","ping_status":"closed","sticky":false,"template":"","format":"standard","meta":{"footnotes":""},"categories":[6],"tags":[1586,1585,221,650,435],"class_list":["post-2200","post","type-post","status-publish","format-standard","has-post-thumbnail","hentry","category-esteri","tag-admira","tag-bosko","tag-guerra","tag-jugoslavia","tag-sarajevo"],"yoast_head":"<!-- This site is optimized with the Yoast SEO plugin v27.4 - https:\/\/yoast.com\/product\/yoast-seo-wordpress\/ -->\n<title>Una targa commemorativa a Sarajevo per Bo\u0161ko e Admira, i &quot;Romeo e Giulietta di Sarajevo&quot; trucidati nel 1993 durante la guerra in Jugoslavia. - NonSoloMusicaMagazine<\/title>\n<meta name=\"description\" content=\"Una targa commemorativa a Sarajevo per Bo\u0161ko e Admira, i &quot;Romeo e Giulietta di Sarajevo&quot; trucidati nel 1993 durante la guerra in Jugoslavia.\" \/>\n<meta name=\"robots\" content=\"index, follow, max-snippet:-1, max-image-preview:large, max-video-preview:-1\" \/>\n<link rel=\"canonical\" href=\"https:\/\/www.nonsolomusicamagazine.it\/?p=2200\" \/>\n<meta property=\"og:locale\" content=\"it_IT\" \/>\n<meta property=\"og:type\" content=\"article\" \/>\n<meta property=\"og:title\" content=\"Una targa commemorativa a Sarajevo per Bo\u0161ko e Admira, i &quot;Romeo e Giulietta di Sarajevo&quot; trucidati nel 1993 durante la guerra in Jugoslavia. - NonSoloMusicaMagazine\" \/>\n<meta property=\"og:description\" content=\"Una targa commemorativa a Sarajevo per Bo\u0161ko e Admira, i &quot;Romeo e Giulietta di Sarajevo&quot; trucidati nel 1993 durante la guerra in Jugoslavia.\" \/>\n<meta property=\"og:url\" content=\"https:\/\/www.nonsolomusicamagazine.it\/?p=2200\" \/>\n<meta property=\"og:site_name\" content=\"NonSoloMusicaMagazine\" \/>\n<meta property=\"article:published_time\" content=\"2023-07-30T18:04:49+00:00\" \/>\n<meta property=\"article:modified_time\" content=\"2023-07-30T18:05:53+00:00\" \/>\n<meta property=\"og:image\" content=\"https:\/\/www.nonsolomusicamagazine.it\/wp-content\/uploads\/2023\/07\/d_ov_sarajevo_160227-678x381-1.jpg\" \/>\n\t<meta property=\"og:image:width\" content=\"678\" \/>\n\t<meta property=\"og:image:height\" content=\"381\" \/>\n\t<meta property=\"og:image:type\" content=\"image\/jpeg\" \/>\n<meta name=\"author\" content=\"nonsolomusica\" \/>\n<meta name=\"twitter:card\" content=\"summary_large_image\" \/>\n<meta name=\"twitter:label1\" content=\"Scritto da\" \/>\n\t<meta name=\"twitter:data1\" content=\"nonsolomusica\" \/>\n\t<meta name=\"twitter:label2\" content=\"Tempo di lettura stimato\" \/>\n\t<meta name=\"twitter:data2\" content=\"2 minuti\" \/>\n<script type=\"application\/ld+json\" class=\"yoast-schema-graph\">{\"@context\":\"https:\\\/\\\/schema.org\",\"@graph\":[{\"@type\":\"Article\",\"@id\":\"https:\\\/\\\/www.nonsolomusicamagazine.it\\\/?p=2200#article\",\"isPartOf\":{\"@id\":\"https:\\\/\\\/www.nonsolomusicamagazine.it\\\/?p=2200\"},\"author\":{\"name\":\"nonsolomusica\",\"@id\":\"https:\\\/\\\/www.nonsolomusicamagazine.it\\\/#\\\/schema\\\/person\\\/a3349ad02300d046472d46cf6d31ae46\"},\"headline\":\"Una targa commemorativa a Sarajevo per Bo\u0161ko e Admira, i &#8220;Romeo e Giulietta di Sarajevo&#8221; trucidati nel 1993 durante la guerra in Jugoslavia.\",\"datePublished\":\"2023-07-30T18:04:49+00:00\",\"dateModified\":\"2023-07-30T18:05:53+00:00\",\"mainEntityOfPage\":{\"@id\":\"https:\\\/\\\/www.nonsolomusicamagazine.it\\\/?p=2200\"},\"wordCount\":377,\"commentCount\":0,\"image\":{\"@id\":\"https:\\\/\\\/www.nonsolomusicamagazine.it\\\/?p=2200#primaryimage\"},\"thumbnailUrl\":\"https:\\\/\\\/www.nonsolomusicamagazine.it\\\/wp-content\\\/uploads\\\/2023\\\/07\\\/d_ov_sarajevo_160227-678x381-1.jpg\",\"keywords\":[\"Admira\",\"Bosko\",\"Guerra\",\"Jugoslavia\",\"Sarajevo\"],\"articleSection\":[\"Esteri\"],\"inLanguage\":\"it-IT\",\"potentialAction\":[{\"@type\":\"CommentAction\",\"name\":\"Comment\",\"target\":[\"https:\\\/\\\/www.nonsolomusicamagazine.it\\\/?p=2200#respond\"]}]},{\"@type\":\"WebPage\",\"@id\":\"https:\\\/\\\/www.nonsolomusicamagazine.it\\\/?p=2200\",\"url\":\"https:\\\/\\\/www.nonsolomusicamagazine.it\\\/?p=2200\",\"name\":\"Una targa commemorativa a Sarajevo per Bo\u0161ko e Admira, i \\\"Romeo e Giulietta di Sarajevo\\\" trucidati nel 1993 durante la guerra in Jugoslavia. - NonSoloMusicaMagazine\",\"isPartOf\":{\"@id\":\"https:\\\/\\\/www.nonsolomusicamagazine.it\\\/#website\"},\"primaryImageOfPage\":{\"@id\":\"https:\\\/\\\/www.nonsolomusicamagazine.it\\\/?p=2200#primaryimage\"},\"image\":{\"@id\":\"https:\\\/\\\/www.nonsolomusicamagazine.it\\\/?p=2200#primaryimage\"},\"thumbnailUrl\":\"https:\\\/\\\/www.nonsolomusicamagazine.it\\\/wp-content\\\/uploads\\\/2023\\\/07\\\/d_ov_sarajevo_160227-678x381-1.jpg\",\"datePublished\":\"2023-07-30T18:04:49+00:00\",\"dateModified\":\"2023-07-30T18:05:53+00:00\",\"author\":{\"@id\":\"https:\\\/\\\/www.nonsolomusicamagazine.it\\\/#\\\/schema\\\/person\\\/a3349ad02300d046472d46cf6d31ae46\"},\"description\":\"Una targa commemorativa a Sarajevo per Bo\u0161ko e Admira, i \\\"Romeo e Giulietta di Sarajevo\\\" trucidati nel 1993 durante la guerra in Jugoslavia.\",\"breadcrumb\":{\"@id\":\"https:\\\/\\\/www.nonsolomusicamagazine.it\\\/?p=2200#breadcrumb\"},\"inLanguage\":\"it-IT\",\"potentialAction\":[{\"@type\":\"ReadAction\",\"target\":[\"https:\\\/\\\/www.nonsolomusicamagazine.it\\\/?p=2200\"]}]},{\"@type\":\"ImageObject\",\"inLanguage\":\"it-IT\",\"@id\":\"https:\\\/\\\/www.nonsolomusicamagazine.it\\\/?p=2200#primaryimage\",\"url\":\"https:\\\/\\\/www.nonsolomusicamagazine.it\\\/wp-content\\\/uploads\\\/2023\\\/07\\\/d_ov_sarajevo_160227-678x381-1.jpg\",\"contentUrl\":\"https:\\\/\\\/www.nonsolomusicamagazine.it\\\/wp-content\\\/uploads\\\/2023\\\/07\\\/d_ov_sarajevo_160227-678x381-1.jpg\",\"width\":678,\"height\":381},{\"@type\":\"BreadcrumbList\",\"@id\":\"https:\\\/\\\/www.nonsolomusicamagazine.it\\\/?p=2200#breadcrumb\",\"itemListElement\":[{\"@type\":\"ListItem\",\"position\":1,\"name\":\"Home\",\"item\":\"https:\\\/\\\/www.nonsolomusicamagazine.it\\\/\"},{\"@type\":\"ListItem\",\"position\":2,\"name\":\"Una targa commemorativa a Sarajevo per Bo\u0161ko e Admira, i &#8220;Romeo e Giulietta di Sarajevo&#8221; trucidati nel 1993 durante la guerra in Jugoslavia.\"}]},{\"@type\":\"WebSite\",\"@id\":\"https:\\\/\\\/www.nonsolomusicamagazine.it\\\/#website\",\"url\":\"https:\\\/\\\/www.nonsolomusicamagazine.it\\\/\",\"name\":\"Nonsolomusicamagazine\",\"description\":\"Dir. responsabile Manuel M Buccarella\",\"potentialAction\":[{\"@type\":\"SearchAction\",\"target\":{\"@type\":\"EntryPoint\",\"urlTemplate\":\"https:\\\/\\\/www.nonsolomusicamagazine.it\\\/?s={search_term_string}\"},\"query-input\":{\"@type\":\"PropertyValueSpecification\",\"valueRequired\":true,\"valueName\":\"search_term_string\"}}],\"inLanguage\":\"it-IT\"},{\"@type\":\"Person\",\"@id\":\"https:\\\/\\\/www.nonsolomusicamagazine.it\\\/#\\\/schema\\\/person\\\/a3349ad02300d046472d46cf6d31ae46\",\"name\":\"nonsolomusica\",\"image\":{\"@type\":\"ImageObject\",\"inLanguage\":\"it-IT\",\"@id\":\"https:\\\/\\\/www.nonsolomusicamagazine.it\\\/wp-content\\\/litespeed\\\/avatar\\\/3a675484bc84db6aba78d43bfc8b7197.jpg?ver=1776880798\",\"url\":\"https:\\\/\\\/www.nonsolomusicamagazine.it\\\/wp-content\\\/litespeed\\\/avatar\\\/3a675484bc84db6aba78d43bfc8b7197.jpg?ver=1776880798\",\"contentUrl\":\"https:\\\/\\\/www.nonsolomusicamagazine.it\\\/wp-content\\\/litespeed\\\/avatar\\\/3a675484bc84db6aba78d43bfc8b7197.jpg?ver=1776880798\",\"caption\":\"nonsolomusica\"},\"sameAs\":[\"https:\\\/\\\/www.nonsolomusicamagazine.it\"],\"url\":\"https:\\\/\\\/www.nonsolomusicamagazine.it\\\/?author=1\"}]}<\/script>\n<!-- \/ Yoast SEO plugin. -->","yoast_head_json":{"title":"Una targa commemorativa a Sarajevo per Bo\u0161ko e Admira, i \"Romeo e Giulietta di Sarajevo\" trucidati nel 1993 durante la guerra in Jugoslavia. - NonSoloMusicaMagazine","description":"Una targa commemorativa a Sarajevo per Bo\u0161ko e Admira, i \"Romeo e Giulietta di Sarajevo\" trucidati nel 1993 durante la guerra in Jugoslavia.","robots":{"index":"index","follow":"follow","max-snippet":"max-snippet:-1","max-image-preview":"max-image-preview:large","max-video-preview":"max-video-preview:-1"},"canonical":"https:\/\/www.nonsolomusicamagazine.it\/?p=2200","og_locale":"it_IT","og_type":"article","og_title":"Una targa commemorativa a Sarajevo per Bo\u0161ko e Admira, i \"Romeo e Giulietta di Sarajevo\" trucidati nel 1993 durante la guerra in Jugoslavia. - NonSoloMusicaMagazine","og_description":"Una targa commemorativa a Sarajevo per Bo\u0161ko e Admira, i \"Romeo e Giulietta di Sarajevo\" trucidati nel 1993 durante la guerra in Jugoslavia.","og_url":"https:\/\/www.nonsolomusicamagazine.it\/?p=2200","og_site_name":"NonSoloMusicaMagazine","article_published_time":"2023-07-30T18:04:49+00:00","article_modified_time":"2023-07-30T18:05:53+00:00","og_image":[{"width":678,"height":381,"url":"https:\/\/www.nonsolomusicamagazine.it\/wp-content\/uploads\/2023\/07\/d_ov_sarajevo_160227-678x381-1.jpg","type":"image\/jpeg"}],"author":"nonsolomusica","twitter_card":"summary_large_image","twitter_misc":{"Scritto da":"nonsolomusica","Tempo di lettura stimato":"2 minuti"},"schema":{"@context":"https:\/\/schema.org","@graph":[{"@type":"Article","@id":"https:\/\/www.nonsolomusicamagazine.it\/?p=2200#article","isPartOf":{"@id":"https:\/\/www.nonsolomusicamagazine.it\/?p=2200"},"author":{"name":"nonsolomusica","@id":"https:\/\/www.nonsolomusicamagazine.it\/#\/schema\/person\/a3349ad02300d046472d46cf6d31ae46"},"headline":"Una targa commemorativa a Sarajevo per Bo\u0161ko e Admira, i &#8220;Romeo e Giulietta di Sarajevo&#8221; trucidati nel 1993 durante la guerra in Jugoslavia.","datePublished":"2023-07-30T18:04:49+00:00","dateModified":"2023-07-30T18:05:53+00:00","mainEntityOfPage":{"@id":"https:\/\/www.nonsolomusicamagazine.it\/?p=2200"},"wordCount":377,"commentCount":0,"image":{"@id":"https:\/\/www.nonsolomusicamagazine.it\/?p=2200#primaryimage"},"thumbnailUrl":"https:\/\/www.nonsolomusicamagazine.it\/wp-content\/uploads\/2023\/07\/d_ov_sarajevo_160227-678x381-1.jpg","keywords":["Admira","Bosko","Guerra","Jugoslavia","Sarajevo"],"articleSection":["Esteri"],"inLanguage":"it-IT","potentialAction":[{"@type":"CommentAction","name":"Comment","target":["https:\/\/www.nonsolomusicamagazine.it\/?p=2200#respond"]}]},{"@type":"WebPage","@id":"https:\/\/www.nonsolomusicamagazine.it\/?p=2200","url":"https:\/\/www.nonsolomusicamagazine.it\/?p=2200","name":"Una targa commemorativa a Sarajevo per Bo\u0161ko e Admira, i \"Romeo e Giulietta di Sarajevo\" trucidati nel 1993 durante la guerra in Jugoslavia. - NonSoloMusicaMagazine","isPartOf":{"@id":"https:\/\/www.nonsolomusicamagazine.it\/#website"},"primaryImageOfPage":{"@id":"https:\/\/www.nonsolomusicamagazine.it\/?p=2200#primaryimage"},"image":{"@id":"https:\/\/www.nonsolomusicamagazine.it\/?p=2200#primaryimage"},"thumbnailUrl":"https:\/\/www.nonsolomusicamagazine.it\/wp-content\/uploads\/2023\/07\/d_ov_sarajevo_160227-678x381-1.jpg","datePublished":"2023-07-30T18:04:49+00:00","dateModified":"2023-07-30T18:05:53+00:00","author":{"@id":"https:\/\/www.nonsolomusicamagazine.it\/#\/schema\/person\/a3349ad02300d046472d46cf6d31ae46"},"description":"Una targa commemorativa a Sarajevo per Bo\u0161ko e Admira, i \"Romeo e Giulietta di Sarajevo\" trucidati nel 1993 durante la guerra in Jugoslavia.","breadcrumb":{"@id":"https:\/\/www.nonsolomusicamagazine.it\/?p=2200#breadcrumb"},"inLanguage":"it-IT","potentialAction":[{"@type":"ReadAction","target":["https:\/\/www.nonsolomusicamagazine.it\/?p=2200"]}]},{"@type":"ImageObject","inLanguage":"it-IT","@id":"https:\/\/www.nonsolomusicamagazine.it\/?p=2200#primaryimage","url":"https:\/\/www.nonsolomusicamagazine.it\/wp-content\/uploads\/2023\/07\/d_ov_sarajevo_160227-678x381-1.jpg","contentUrl":"https:\/\/www.nonsolomusicamagazine.it\/wp-content\/uploads\/2023\/07\/d_ov_sarajevo_160227-678x381-1.jpg","width":678,"height":381},{"@type":"BreadcrumbList","@id":"https:\/\/www.nonsolomusicamagazine.it\/?p=2200#breadcrumb","itemListElement":[{"@type":"ListItem","position":1,"name":"Home","item":"https:\/\/www.nonsolomusicamagazine.it\/"},{"@type":"ListItem","position":2,"name":"Una targa commemorativa a Sarajevo per Bo\u0161ko e Admira, i &#8220;Romeo e Giulietta di Sarajevo&#8221; trucidati nel 1993 durante la guerra in Jugoslavia."}]},{"@type":"WebSite","@id":"https:\/\/www.nonsolomusicamagazine.it\/#website","url":"https:\/\/www.nonsolomusicamagazine.it\/","name":"Nonsolomusicamagazine","description":"Dir. responsabile Manuel M Buccarella","potentialAction":[{"@type":"SearchAction","target":{"@type":"EntryPoint","urlTemplate":"https:\/\/www.nonsolomusicamagazine.it\/?s={search_term_string}"},"query-input":{"@type":"PropertyValueSpecification","valueRequired":true,"valueName":"search_term_string"}}],"inLanguage":"it-IT"},{"@type":"Person","@id":"https:\/\/www.nonsolomusicamagazine.it\/#\/schema\/person\/a3349ad02300d046472d46cf6d31ae46","name":"nonsolomusica","image":{"@type":"ImageObject","inLanguage":"it-IT","@id":"https:\/\/www.nonsolomusicamagazine.it\/wp-content\/litespeed\/avatar\/3a675484bc84db6aba78d43bfc8b7197.jpg?ver=1776880798","url":"https:\/\/www.nonsolomusicamagazine.it\/wp-content\/litespeed\/avatar\/3a675484bc84db6aba78d43bfc8b7197.jpg?ver=1776880798","contentUrl":"https:\/\/www.nonsolomusicamagazine.it\/wp-content\/litespeed\/avatar\/3a675484bc84db6aba78d43bfc8b7197.jpg?ver=1776880798","caption":"nonsolomusica"},"sameAs":["https:\/\/www.nonsolomusicamagazine.it"],"url":"https:\/\/www.nonsolomusicamagazine.it\/?author=1"}]}},"amp_enabled":true,"_links":{"self":[{"href":"https:\/\/www.nonsolomusicamagazine.it\/index.php?rest_route=\/wp\/v2\/posts\/2200","targetHints":{"allow":["GET"]}}],"collection":[{"href":"https:\/\/www.nonsolomusicamagazine.it\/index.php?rest_route=\/wp\/v2\/posts"}],"about":[{"href":"https:\/\/www.nonsolomusicamagazine.it\/index.php?rest_route=\/wp\/v2\/types\/post"}],"author":[{"embeddable":true,"href":"https:\/\/www.nonsolomusicamagazine.it\/index.php?rest_route=\/wp\/v2\/users\/1"}],"replies":[{"embeddable":true,"href":"https:\/\/www.nonsolomusicamagazine.it\/index.php?rest_route=%2Fwp%2Fv2%2Fcomments&post=2200"}],"version-history":[{"count":0,"href":"https:\/\/www.nonsolomusicamagazine.it\/index.php?rest_route=\/wp\/v2\/posts\/2200\/revisions"}],"wp:featuredmedia":[{"embeddable":true,"href":"https:\/\/www.nonsolomusicamagazine.it\/index.php?rest_route=\/wp\/v2\/media\/2201"}],"wp:attachment":[{"href":"https:\/\/www.nonsolomusicamagazine.it\/index.php?rest_route=%2Fwp%2Fv2%2Fmedia&parent=2200"}],"wp:term":[{"taxonomy":"category","embeddable":true,"href":"https:\/\/www.nonsolomusicamagazine.it\/index.php?rest_route=%2Fwp%2Fv2%2Fcategories&post=2200"},{"taxonomy":"post_tag","embeddable":true,"href":"https:\/\/www.nonsolomusicamagazine.it\/index.php?rest_route=%2Fwp%2Fv2%2Ftags&post=2200"}],"curies":[{"name":"wp","href":"https:\/\/api.w.org\/{rel}","templated":true}]}}