{"id":2295,"date":"2023-08-08T15:19:18","date_gmt":"2023-08-08T15:19:18","guid":{"rendered":"https:\/\/www.nonsolomusicamagazine.it\/?p=2295"},"modified":"2023-08-08T15:19:18","modified_gmt":"2023-08-08T15:19:18","slug":"la-cantautrice-francesca-romana-perrotta-e-la-sua-alchemica","status":"publish","type":"post","link":"https:\/\/www.nonsolomusicamagazine.it\/?p=2295","title":{"rendered":"La cantautrice Francesca Romana Perrotta e la sua &#8220;Alchemica&#8221;."},"content":{"rendered":"\n<p class=\"has-text-align-center\"><em>ma.bu.<\/em><\/p>\n\n\n\n<p>Negli scorsi giorni la cantautrice salentina <strong>Francesca Romana Perrotta <\/strong>\u00e8 uscita con il suo ultimo singolo, &#8220;Alchemica&#8221;, secondo singolo estratto dal nuovo album, \u201cFuori dalle labbra\u201d (Be Next Music\/Arten, Curci Ed., Sony Music), quarto lavoro dell&#8217;artista.<\/p>\n\n\n\n<p>L&#8217;uscita del pezzo \u00e8 stata anticipata da un passaggio su Sky Tg 24, che ha anche intervistato l&#8217;artista.<\/p>\n\n\n\n<p>La canzone racconta di quanto gli innamorati lontani possano soffrire della sospensione delle loro emozioni, dei loro sensi. In particolare ci\u00f2 \u00e8 accaduto ed \u00e8 stato riscontrato dalla Perrotta durante il <em>lockdown<\/em>. Il brano effettivamente \u00e8 stato scritto proprio in quel periodo, ed \u00e8 dedicato agli innamorati adolescenti, che poi sono o potrebbero essere anche gli alunni di Francesca Romana che, oltre ad essere cantautrice, insegna in quel di Cesena.<\/p>\n\n\n\n<p>Durante il <em>lockdown <\/em>a Cesena \u00e8 letteralmente scoppiata una primavera bellissima che, nonostante la chiusura imposta dalle autorit\u00e0 in quei giorni, era ancora pi\u00f9 meravigliosa e godibile, grazie alla stasi di tutto, almeno formale ed esteriore, confessa l&#8217;autrice.<\/p>\n\n\n\n<p>&#8220;Mentre io quasi godevo di quella stasi, ho realizzato quanto gli innamorati lontani potessero soffrire di questa sospensione delle loro emozioni, dei loro sensi. Mi si \u00e8 quindi affacciata alla mente una storia che riproducesse la sensazione di desolazione causata da un\u2019esperienza del genere e al contempo che fosse contrastata dall\u2019antitetico desiderio di essere, di esserci. Ho immaginato due adolescenti innamorati dentro questa chiusura, due adolescenti che incarnano una primavera che arriva nonostante tutto, per tutti. Inesorabile e quasi impietosa, come un profumo che implode dentro. Ho iniziato a scrivere ed ho sentito l\u2019alchimia tra i due, la loro chimica che agiva anche a distanza, una chimica capace di arrivare dritta al cuore e nella pancia, scuotendo i sensi e l\u2019anima. A dispetto di tutto, della pandemia, della paura, dell\u2019isolamento, l\u2019amore che va avanti \u00e8 stata la mia ispirazione&#8221;.<\/p>\n\n\n\n<p>La musica \u00e8 stata scritta di pari passo con le parole, con semplicit\u00e0 ma con efficacia. &#8220;Ed \u00e8 stata immediata, senza fronzoli &#8211; aggiunge Francesca Romana Perrotta &#8211; dovendo rappresentare la spontaneit\u00e0 dei sentimenti che volevo raccontare, istintivi e naturali. Il giro armonico e la melodia stessa, infatti, sono cos\u00ec, con in pi\u00f9 quel pizzico di delicata sensualit\u00e0 che ho cercato di riprodurre nel ritornello, nell\u2019intonazione un po\u2019 soffusa della voce&#8221;.<\/p>\n\n\n<figure class=\"wp-block-post-featured-image\"><img decoding=\"async\" width=\"720\" height=\"700\" src=\"https:\/\/www.nonsolomusicamagazine.it\/wp-content\/uploads\/2023\/08\/FB_IMG_1691507515020.jpg\" class=\"attachment-post-thumbnail size-post-thumbnail wp-post-image\" alt=\"\" style=\"object-fit:cover;\" srcset=\"https:\/\/www.nonsolomusicamagazine.it\/wp-content\/uploads\/2023\/08\/FB_IMG_1691507515020.jpg 720w, https:\/\/www.nonsolomusicamagazine.it\/wp-content\/uploads\/2023\/08\/FB_IMG_1691507515020-300x292.jpg 300w\" sizes=\"(max-width: 720px) 100vw, 720px\" \/><\/figure>\n\n\n<figure class=\"wp-block-embed is-type-video is-provider-youtube wp-block-embed-youtube wp-embed-aspect-16-9 wp-has-aspect-ratio\"><div class=\"wp-block-embed__wrapper\">\n<iframe title=\"Francesca Romana Perrotta - \u201cAlchemica\u201d\" width=\"640\" height=\"360\" src=\"https:\/\/www.youtube.com\/embed\/3aK7W7ToCaU?feature=oembed\" frameborder=\"0\" allow=\"accelerometer; autoplay; clipboard-write; encrypted-media; gyroscope; picture-in-picture; web-share\" referrerpolicy=\"strict-origin-when-cross-origin\" allowfullscreen><\/iframe>\n<\/div><\/figure>\n","protected":false},"excerpt":{"rendered":"<p>ma.bu. Negli scorsi giorni la cantautrice salentina Francesca Romana Perrotta \u00e8 uscita con il suo ultimo singolo, &#8220;Alchemica&#8221;, secondo singolo estratto dal nuovo album, \u201cFuori dalle labbra\u201d (Be Next Music\/Arten, Curci Ed., Sony Music), quarto lavoro dell&#8217;artista. L&#8217;uscita del pezzo \u00e8 stata anticipata da un passaggio su Sky Tg 24, che ha anche intervistato l&#8217;artista. [&hellip;]<\/p>\n","protected":false},"author":1,"featured_media":2296,"comment_status":"open","ping_status":"closed","sticky":false,"template":"","format":"standard","meta":{"footnotes":""},"categories":[1],"tags":[1640,1641,1639,1643,1642],"class_list":["post-2295","post","type-post","status-publish","format-standard","has-post-thumbnail","hentry","category-musica","tag-alchemica","tag-cesena","tag-francesca-romana-perrotta","tag-innamorati","tag-lockdown"],"yoast_head":"<!-- This site is optimized with the Yoast SEO plugin v27.5 - https:\/\/yoast.com\/product\/yoast-seo-wordpress\/ -->\n<title>La cantautrice Francesca Romana Perrotta e la sua &quot;Alchemica&quot;. - NonSoloMusicaMagazine<\/title>\n<meta name=\"description\" content=\"La cantautrice Francesca Romana Perrotta e la sua &quot;Alchemica&quot;.\" \/>\n<meta name=\"robots\" content=\"index, follow, max-snippet:-1, max-image-preview:large, max-video-preview:-1\" \/>\n<link rel=\"canonical\" href=\"https:\/\/www.nonsolomusicamagazine.it\/?p=2295\" \/>\n<meta property=\"og:locale\" content=\"it_IT\" \/>\n<meta property=\"og:type\" content=\"article\" \/>\n<meta property=\"og:title\" content=\"La cantautrice Francesca Romana Perrotta e la sua &quot;Alchemica&quot;. - NonSoloMusicaMagazine\" \/>\n<meta property=\"og:description\" content=\"La cantautrice Francesca Romana Perrotta e la sua &quot;Alchemica&quot;.\" \/>\n<meta property=\"og:url\" content=\"https:\/\/www.nonsolomusicamagazine.it\/?p=2295\" \/>\n<meta property=\"og:site_name\" content=\"NonSoloMusicaMagazine\" \/>\n<meta property=\"article:published_time\" content=\"2023-08-08T15:19:18+00:00\" \/>\n<meta property=\"og:image\" content=\"https:\/\/www.nonsolomusicamagazine.it\/wp-content\/uploads\/2023\/08\/FB_IMG_1691507515020.jpg\" \/>\n\t<meta property=\"og:image:width\" content=\"720\" \/>\n\t<meta property=\"og:image:height\" content=\"700\" \/>\n\t<meta property=\"og:image:type\" content=\"image\/jpeg\" \/>\n<meta name=\"author\" content=\"nonsolomusica\" \/>\n<meta name=\"twitter:card\" content=\"summary_large_image\" \/>\n<meta name=\"twitter:label1\" content=\"Scritto da\" \/>\n\t<meta name=\"twitter:data1\" content=\"nonsolomusica\" \/>\n\t<meta name=\"twitter:label2\" content=\"Tempo di lettura stimato\" \/>\n\t<meta name=\"twitter:data2\" content=\"2 minuti\" \/>\n<script type=\"application\/ld+json\" class=\"yoast-schema-graph\">{\"@context\":\"https:\\\/\\\/schema.org\",\"@graph\":[{\"@type\":\"Article\",\"@id\":\"https:\\\/\\\/www.nonsolomusicamagazine.it\\\/?p=2295#article\",\"isPartOf\":{\"@id\":\"https:\\\/\\\/www.nonsolomusicamagazine.it\\\/?p=2295\"},\"author\":{\"name\":\"nonsolomusica\",\"@id\":\"https:\\\/\\\/www.nonsolomusicamagazine.it\\\/#\\\/schema\\\/person\\\/a3349ad02300d046472d46cf6d31ae46\"},\"headline\":\"La cantautrice Francesca Romana Perrotta e la sua &#8220;Alchemica&#8221;.\",\"datePublished\":\"2023-08-08T15:19:18+00:00\",\"mainEntityOfPage\":{\"@id\":\"https:\\\/\\\/www.nonsolomusicamagazine.it\\\/?p=2295\"},\"wordCount\":389,\"commentCount\":0,\"image\":{\"@id\":\"https:\\\/\\\/www.nonsolomusicamagazine.it\\\/?p=2295#primaryimage\"},\"thumbnailUrl\":\"https:\\\/\\\/www.nonsolomusicamagazine.it\\\/wp-content\\\/uploads\\\/2023\\\/08\\\/FB_IMG_1691507515020.jpg\",\"keywords\":[\"Alchemica\",\"Cesena\",\"Francesca Romana Perrotta\",\"innamorati\",\"Lockdown\"],\"articleSection\":[\"Musica\"],\"inLanguage\":\"it-IT\",\"potentialAction\":[{\"@type\":\"CommentAction\",\"name\":\"Comment\",\"target\":[\"https:\\\/\\\/www.nonsolomusicamagazine.it\\\/?p=2295#respond\"]}]},{\"@type\":\"WebPage\",\"@id\":\"https:\\\/\\\/www.nonsolomusicamagazine.it\\\/?p=2295\",\"url\":\"https:\\\/\\\/www.nonsolomusicamagazine.it\\\/?p=2295\",\"name\":\"La cantautrice Francesca Romana Perrotta e la sua \\\"Alchemica\\\". - NonSoloMusicaMagazine\",\"isPartOf\":{\"@id\":\"https:\\\/\\\/www.nonsolomusicamagazine.it\\\/#website\"},\"primaryImageOfPage\":{\"@id\":\"https:\\\/\\\/www.nonsolomusicamagazine.it\\\/?p=2295#primaryimage\"},\"image\":{\"@id\":\"https:\\\/\\\/www.nonsolomusicamagazine.it\\\/?p=2295#primaryimage\"},\"thumbnailUrl\":\"https:\\\/\\\/www.nonsolomusicamagazine.it\\\/wp-content\\\/uploads\\\/2023\\\/08\\\/FB_IMG_1691507515020.jpg\",\"datePublished\":\"2023-08-08T15:19:18+00:00\",\"author\":{\"@id\":\"https:\\\/\\\/www.nonsolomusicamagazine.it\\\/#\\\/schema\\\/person\\\/a3349ad02300d046472d46cf6d31ae46\"},\"description\":\"La cantautrice Francesca Romana Perrotta e la sua \\\"Alchemica\\\".\",\"breadcrumb\":{\"@id\":\"https:\\\/\\\/www.nonsolomusicamagazine.it\\\/?p=2295#breadcrumb\"},\"inLanguage\":\"it-IT\",\"potentialAction\":[{\"@type\":\"ReadAction\",\"target\":[\"https:\\\/\\\/www.nonsolomusicamagazine.it\\\/?p=2295\"]}]},{\"@type\":\"ImageObject\",\"inLanguage\":\"it-IT\",\"@id\":\"https:\\\/\\\/www.nonsolomusicamagazine.it\\\/?p=2295#primaryimage\",\"url\":\"https:\\\/\\\/www.nonsolomusicamagazine.it\\\/wp-content\\\/uploads\\\/2023\\\/08\\\/FB_IMG_1691507515020.jpg\",\"contentUrl\":\"https:\\\/\\\/www.nonsolomusicamagazine.it\\\/wp-content\\\/uploads\\\/2023\\\/08\\\/FB_IMG_1691507515020.jpg\",\"width\":720,\"height\":700},{\"@type\":\"BreadcrumbList\",\"@id\":\"https:\\\/\\\/www.nonsolomusicamagazine.it\\\/?p=2295#breadcrumb\",\"itemListElement\":[{\"@type\":\"ListItem\",\"position\":1,\"name\":\"Home\",\"item\":\"https:\\\/\\\/www.nonsolomusicamagazine.it\\\/\"},{\"@type\":\"ListItem\",\"position\":2,\"name\":\"La cantautrice Francesca Romana Perrotta e la sua &#8220;Alchemica&#8221;.\"}]},{\"@type\":\"WebSite\",\"@id\":\"https:\\\/\\\/www.nonsolomusicamagazine.it\\\/#website\",\"url\":\"https:\\\/\\\/www.nonsolomusicamagazine.it\\\/\",\"name\":\"Nonsolomusicamagazine\",\"description\":\"Dir. responsabile Manuel M Buccarella\",\"potentialAction\":[{\"@type\":\"SearchAction\",\"target\":{\"@type\":\"EntryPoint\",\"urlTemplate\":\"https:\\\/\\\/www.nonsolomusicamagazine.it\\\/?s={search_term_string}\"},\"query-input\":{\"@type\":\"PropertyValueSpecification\",\"valueRequired\":true,\"valueName\":\"search_term_string\"}}],\"inLanguage\":\"it-IT\"},{\"@type\":\"Person\",\"@id\":\"https:\\\/\\\/www.nonsolomusicamagazine.it\\\/#\\\/schema\\\/person\\\/a3349ad02300d046472d46cf6d31ae46\",\"name\":\"nonsolomusica\",\"image\":{\"@type\":\"ImageObject\",\"inLanguage\":\"it-IT\",\"@id\":\"https:\\\/\\\/www.nonsolomusicamagazine.it\\\/wp-content\\\/litespeed\\\/avatar\\\/3a675484bc84db6aba78d43bfc8b7197.jpg?ver=1776880798\",\"url\":\"https:\\\/\\\/www.nonsolomusicamagazine.it\\\/wp-content\\\/litespeed\\\/avatar\\\/3a675484bc84db6aba78d43bfc8b7197.jpg?ver=1776880798\",\"contentUrl\":\"https:\\\/\\\/www.nonsolomusicamagazine.it\\\/wp-content\\\/litespeed\\\/avatar\\\/3a675484bc84db6aba78d43bfc8b7197.jpg?ver=1776880798\",\"caption\":\"nonsolomusica\"},\"sameAs\":[\"https:\\\/\\\/www.nonsolomusicamagazine.it\"],\"url\":\"https:\\\/\\\/www.nonsolomusicamagazine.it\\\/?author=1\"}]}<\/script>\n<!-- \/ Yoast SEO plugin. -->","yoast_head_json":{"title":"La cantautrice Francesca Romana Perrotta e la sua \"Alchemica\". - NonSoloMusicaMagazine","description":"La cantautrice Francesca Romana Perrotta e la sua \"Alchemica\".","robots":{"index":"index","follow":"follow","max-snippet":"max-snippet:-1","max-image-preview":"max-image-preview:large","max-video-preview":"max-video-preview:-1"},"canonical":"https:\/\/www.nonsolomusicamagazine.it\/?p=2295","og_locale":"it_IT","og_type":"article","og_title":"La cantautrice Francesca Romana Perrotta e la sua \"Alchemica\". - NonSoloMusicaMagazine","og_description":"La cantautrice Francesca Romana Perrotta e la sua \"Alchemica\".","og_url":"https:\/\/www.nonsolomusicamagazine.it\/?p=2295","og_site_name":"NonSoloMusicaMagazine","article_published_time":"2023-08-08T15:19:18+00:00","og_image":[{"width":720,"height":700,"url":"https:\/\/www.nonsolomusicamagazine.it\/wp-content\/uploads\/2023\/08\/FB_IMG_1691507515020.jpg","type":"image\/jpeg"}],"author":"nonsolomusica","twitter_card":"summary_large_image","twitter_misc":{"Scritto da":"nonsolomusica","Tempo di lettura stimato":"2 minuti"},"schema":{"@context":"https:\/\/schema.org","@graph":[{"@type":"Article","@id":"https:\/\/www.nonsolomusicamagazine.it\/?p=2295#article","isPartOf":{"@id":"https:\/\/www.nonsolomusicamagazine.it\/?p=2295"},"author":{"name":"nonsolomusica","@id":"https:\/\/www.nonsolomusicamagazine.it\/#\/schema\/person\/a3349ad02300d046472d46cf6d31ae46"},"headline":"La cantautrice Francesca Romana Perrotta e la sua &#8220;Alchemica&#8221;.","datePublished":"2023-08-08T15:19:18+00:00","mainEntityOfPage":{"@id":"https:\/\/www.nonsolomusicamagazine.it\/?p=2295"},"wordCount":389,"commentCount":0,"image":{"@id":"https:\/\/www.nonsolomusicamagazine.it\/?p=2295#primaryimage"},"thumbnailUrl":"https:\/\/www.nonsolomusicamagazine.it\/wp-content\/uploads\/2023\/08\/FB_IMG_1691507515020.jpg","keywords":["Alchemica","Cesena","Francesca Romana Perrotta","innamorati","Lockdown"],"articleSection":["Musica"],"inLanguage":"it-IT","potentialAction":[{"@type":"CommentAction","name":"Comment","target":["https:\/\/www.nonsolomusicamagazine.it\/?p=2295#respond"]}]},{"@type":"WebPage","@id":"https:\/\/www.nonsolomusicamagazine.it\/?p=2295","url":"https:\/\/www.nonsolomusicamagazine.it\/?p=2295","name":"La cantautrice Francesca Romana Perrotta e la sua \"Alchemica\". - NonSoloMusicaMagazine","isPartOf":{"@id":"https:\/\/www.nonsolomusicamagazine.it\/#website"},"primaryImageOfPage":{"@id":"https:\/\/www.nonsolomusicamagazine.it\/?p=2295#primaryimage"},"image":{"@id":"https:\/\/www.nonsolomusicamagazine.it\/?p=2295#primaryimage"},"thumbnailUrl":"https:\/\/www.nonsolomusicamagazine.it\/wp-content\/uploads\/2023\/08\/FB_IMG_1691507515020.jpg","datePublished":"2023-08-08T15:19:18+00:00","author":{"@id":"https:\/\/www.nonsolomusicamagazine.it\/#\/schema\/person\/a3349ad02300d046472d46cf6d31ae46"},"description":"La cantautrice Francesca Romana Perrotta e la sua \"Alchemica\".","breadcrumb":{"@id":"https:\/\/www.nonsolomusicamagazine.it\/?p=2295#breadcrumb"},"inLanguage":"it-IT","potentialAction":[{"@type":"ReadAction","target":["https:\/\/www.nonsolomusicamagazine.it\/?p=2295"]}]},{"@type":"ImageObject","inLanguage":"it-IT","@id":"https:\/\/www.nonsolomusicamagazine.it\/?p=2295#primaryimage","url":"https:\/\/www.nonsolomusicamagazine.it\/wp-content\/uploads\/2023\/08\/FB_IMG_1691507515020.jpg","contentUrl":"https:\/\/www.nonsolomusicamagazine.it\/wp-content\/uploads\/2023\/08\/FB_IMG_1691507515020.jpg","width":720,"height":700},{"@type":"BreadcrumbList","@id":"https:\/\/www.nonsolomusicamagazine.it\/?p=2295#breadcrumb","itemListElement":[{"@type":"ListItem","position":1,"name":"Home","item":"https:\/\/www.nonsolomusicamagazine.it\/"},{"@type":"ListItem","position":2,"name":"La cantautrice Francesca Romana Perrotta e la sua &#8220;Alchemica&#8221;."}]},{"@type":"WebSite","@id":"https:\/\/www.nonsolomusicamagazine.it\/#website","url":"https:\/\/www.nonsolomusicamagazine.it\/","name":"Nonsolomusicamagazine","description":"Dir. responsabile Manuel M Buccarella","potentialAction":[{"@type":"SearchAction","target":{"@type":"EntryPoint","urlTemplate":"https:\/\/www.nonsolomusicamagazine.it\/?s={search_term_string}"},"query-input":{"@type":"PropertyValueSpecification","valueRequired":true,"valueName":"search_term_string"}}],"inLanguage":"it-IT"},{"@type":"Person","@id":"https:\/\/www.nonsolomusicamagazine.it\/#\/schema\/person\/a3349ad02300d046472d46cf6d31ae46","name":"nonsolomusica","image":{"@type":"ImageObject","inLanguage":"it-IT","@id":"https:\/\/www.nonsolomusicamagazine.it\/wp-content\/litespeed\/avatar\/3a675484bc84db6aba78d43bfc8b7197.jpg?ver=1776880798","url":"https:\/\/www.nonsolomusicamagazine.it\/wp-content\/litespeed\/avatar\/3a675484bc84db6aba78d43bfc8b7197.jpg?ver=1776880798","contentUrl":"https:\/\/www.nonsolomusicamagazine.it\/wp-content\/litespeed\/avatar\/3a675484bc84db6aba78d43bfc8b7197.jpg?ver=1776880798","caption":"nonsolomusica"},"sameAs":["https:\/\/www.nonsolomusicamagazine.it"],"url":"https:\/\/www.nonsolomusicamagazine.it\/?author=1"}]}},"amp_enabled":true,"_links":{"self":[{"href":"https:\/\/www.nonsolomusicamagazine.it\/index.php?rest_route=\/wp\/v2\/posts\/2295","targetHints":{"allow":["GET"]}}],"collection":[{"href":"https:\/\/www.nonsolomusicamagazine.it\/index.php?rest_route=\/wp\/v2\/posts"}],"about":[{"href":"https:\/\/www.nonsolomusicamagazine.it\/index.php?rest_route=\/wp\/v2\/types\/post"}],"author":[{"embeddable":true,"href":"https:\/\/www.nonsolomusicamagazine.it\/index.php?rest_route=\/wp\/v2\/users\/1"}],"replies":[{"embeddable":true,"href":"https:\/\/www.nonsolomusicamagazine.it\/index.php?rest_route=%2Fwp%2Fv2%2Fcomments&post=2295"}],"version-history":[{"count":0,"href":"https:\/\/www.nonsolomusicamagazine.it\/index.php?rest_route=\/wp\/v2\/posts\/2295\/revisions"}],"wp:featuredmedia":[{"embeddable":true,"href":"https:\/\/www.nonsolomusicamagazine.it\/index.php?rest_route=\/wp\/v2\/media\/2296"}],"wp:attachment":[{"href":"https:\/\/www.nonsolomusicamagazine.it\/index.php?rest_route=%2Fwp%2Fv2%2Fmedia&parent=2295"}],"wp:term":[{"taxonomy":"category","embeddable":true,"href":"https:\/\/www.nonsolomusicamagazine.it\/index.php?rest_route=%2Fwp%2Fv2%2Fcategories&post=2295"},{"taxonomy":"post_tag","embeddable":true,"href":"https:\/\/www.nonsolomusicamagazine.it\/index.php?rest_route=%2Fwp%2Fv2%2Ftags&post=2295"}],"curies":[{"name":"wp","href":"https:\/\/api.w.org\/{rel}","templated":true}]}}