{"id":2568,"date":"2023-08-28T16:06:52","date_gmt":"2023-08-28T16:06:52","guid":{"rendered":"https:\/\/www.nonsolomusicamagazine.it\/?p=2568"},"modified":"2023-08-28T16:06:52","modified_gmt":"2023-08-28T16:06:52","slug":"cosa-ce-di-nuovo-e-cosa-di-vecchio-nella-posizione-di-elly-schlein-sulla-spesa-militare","status":"publish","type":"post","link":"https:\/\/www.nonsolomusicamagazine.it\/?p=2568","title":{"rendered":"Cosa c&#8217;\u00e8 di nuovo e cosa di vecchio nella posizione di Elly Schlein sulla spesa militare."},"content":{"rendered":"\n<p class=\"has-text-align-center\"><em>ma.bu.<\/em><\/p>\n\n\n\n<p><strong>Elly Schlein<\/strong> ha proposto di rinviare di cinque anni, dunque al 2028, l&#8217;obiettivo, peraltro gi\u00e0 fissato in sede Nato, di portare le spese militari al 2% del P.i.l. L&#8217;apparente cambio di rotta della neosegretaria dem sarebbe stato in qualche modo influenzato dal cancelliere tedesco <strong>Olaf Scholz.<\/strong> che la Schlein cita: \u00abS\u00ec sono d&#8217;accordo con lui sulla richiesta di rinviare di cinque anni l&#8217;obiettivo di destinare ogni anno il 2 per cento del Pil alla spesa militare come richiesto dalla Nato\u00bb. <strong>Giuseppe Conte<\/strong> lo va dicendo da qualche tempo, tuttavia i governi Draghi e Conte 2 avevano gi\u00e0 fissato nell&#8217;anno 2028 il raggiungimento dell&#8217;obiettivo del 2% del Pil da destinare alla spesa militare. Nelle parole della Schlein dunque non c&#8217;\u00e8 nulla di nuovo: le spese militari si possono gradualmente aumentare sino al 2% nel 2028.<\/p>\n\n\n\n<p>E&#8217; evidente comunque che uno slittamento del <em>dies ad quem<\/em> al 2028 potrebbe in qualche modo frustrare le esigenze e le ambizioni euroatlantiche in questo periodo di sostanziale guerra mondiale, visti gli sforzi finanziari e di fornitura d&#8217;armi che l&#8217;occidente sta sostenendo ed intende ancora sostenere &#8220;fino a quando sar\u00e0 necessario&#8221; nella guerra contro la Russia.<\/p>\n\n\n\n<p>A parte l&#8217;ovvia opposizione e critica proveniente dal centrodestra, la sortita della segretaria ha fatto storcere il naso anche ad alcuni esponenti del partito, in particolare quelli dell&#8217;area conservatrice. L&#8217;ex senatore del Pd <strong>Luigi Zandra<\/strong> ha pubblicato un proprio intervento nel quale critica a chiare lettere la Schlein, affermando che l&#8217;obiettivo del 2% non \u00e8 negoziabile n\u00e8 rinviabile, soprattutto perch\u00e8 l&#8217;Italia ha preso un impegno con gli alleati. Violarlo significherebbe anche mettere in discussione la credibilit\u00e0 internazionale del paese. Ma, come detto, la spesa militare italiana potr\u00e0 essere gradualmente innalzata fino appunto a raggiungere l&#8217;obiettivo prefissato con un po&#8217; di calma, appunto nel 2028. Ampliare le spese militari celermente cozzerebbe con tutti i propositi, veri o fasulli, di sostenere ceto medio e poveri, sempre pi\u00f9 in balia di disoccupazione, inflazione e recessione, alimentate anche dalle conseguenze della guerra in Ucraina. Si spende in armi e non in spesa sociale?<\/p>\n\n\n\n<p>A proposito di Ucraina, la Schlein non tarda a riallinearsi rispetto al sostegno militare: \u00abSiamo fortemente al fianco del popolo ucraino che ha subito l&#8217;aggressione russa. Non pu\u00f2 esserci equidistanza su questo e il Pd continua a dare pieno supporto a ogni forma necessaria per l&#8217;autodifesa del popolo ucraino rispetto all&#8217;aggressione russa. Al contempo vogliamo vedere un ruolo pi\u00f9 forte, diplomatico e politico, dell&#8217;Europa per far finire questo conflitto con una pace giusta per il popolo ucraino\u00bb.<\/p>\n\n\n<figure class=\"wp-block-post-featured-image\"><img decoding=\"async\" width=\"390\" height=\"220\" src=\"https:\/\/www.nonsolomusicamagazine.it\/wp-content\/uploads\/2023\/04\/222906752-0ce2477c-40dc-4451-b792-d99d3d0c6a24.jpg\" class=\"attachment-post-thumbnail size-post-thumbnail wp-post-image\" alt=\"\" style=\"object-fit:cover;\" srcset=\"https:\/\/www.nonsolomusicamagazine.it\/wp-content\/uploads\/2023\/04\/222906752-0ce2477c-40dc-4451-b792-d99d3d0c6a24.jpg 390w, https:\/\/www.nonsolomusicamagazine.it\/wp-content\/uploads\/2023\/04\/222906752-0ce2477c-40dc-4451-b792-d99d3d0c6a24-300x169.jpg 300w\" sizes=\"(max-width: 390px) 100vw, 390px\" \/><\/figure>","protected":false},"excerpt":{"rendered":"<p>ma.bu. Elly Schlein ha proposto di rinviare di cinque anni, dunque al 2028, l&#8217;obiettivo, peraltro gi\u00e0 fissato in sede Nato, di portare le spese militari al 2% del P.i.l. L&#8217;apparente cambio di rotta della neosegretaria dem sarebbe stato in qualche modo influenzato dal cancelliere tedesco Olaf Scholz. che la Schlein cita: \u00abS\u00ec sono d&#8217;accordo con [&hellip;]<\/p>\n","protected":false},"author":1,"featured_media":455,"comment_status":"open","ping_status":"closed","sticky":false,"template":"","format":"standard","meta":{"footnotes":""},"categories":[6,5],"tags":[227,228,1773,13],"class_list":["post-2568","post","type-post","status-publish","format-standard","has-post-thumbnail","hentry","category-esteri","category-politica","tag-elly-schlein","tag-pd","tag-spesa-militare","tag-ucraina"],"yoast_head":"<!-- This site is optimized with the Yoast SEO plugin v27.4 - https:\/\/yoast.com\/product\/yoast-seo-wordpress\/ -->\n<title>Cosa c&#039;\u00e8 di nuovo e cosa di vecchio nella posizione di Elly Schlein sulla spesa militare. - NonSoloMusicaMagazine<\/title>\n<meta name=\"description\" content=\"Cosa c&#039;\u00e8 di nuovo e cosa di vecchio nella posizione di Elly Schlein sulla spesa militare.\" \/>\n<meta name=\"robots\" content=\"index, follow, max-snippet:-1, max-image-preview:large, max-video-preview:-1\" \/>\n<link rel=\"canonical\" href=\"https:\/\/www.nonsolomusicamagazine.it\/?p=2568\" \/>\n<meta property=\"og:locale\" content=\"it_IT\" \/>\n<meta property=\"og:type\" content=\"article\" \/>\n<meta property=\"og:title\" content=\"Cosa c&#039;\u00e8 di nuovo e cosa di vecchio nella posizione di Elly Schlein sulla spesa militare. - NonSoloMusicaMagazine\" \/>\n<meta property=\"og:description\" content=\"Cosa c&#039;\u00e8 di nuovo e cosa di vecchio nella posizione di Elly Schlein sulla spesa militare.\" \/>\n<meta property=\"og:url\" content=\"https:\/\/www.nonsolomusicamagazine.it\/?p=2568\" \/>\n<meta property=\"og:site_name\" content=\"NonSoloMusicaMagazine\" \/>\n<meta property=\"article:published_time\" content=\"2023-08-28T16:06:52+00:00\" \/>\n<meta property=\"og:image\" content=\"https:\/\/www.nonsolomusicamagazine.it\/wp-content\/uploads\/2023\/04\/222906752-0ce2477c-40dc-4451-b792-d99d3d0c6a24.jpg\" \/>\n\t<meta property=\"og:image:width\" content=\"390\" \/>\n\t<meta property=\"og:image:height\" content=\"220\" \/>\n\t<meta property=\"og:image:type\" content=\"image\/jpeg\" \/>\n<meta name=\"author\" content=\"nonsolomusica\" \/>\n<meta name=\"twitter:card\" content=\"summary_large_image\" \/>\n<meta name=\"twitter:label1\" content=\"Scritto da\" \/>\n\t<meta name=\"twitter:data1\" content=\"nonsolomusica\" \/>\n\t<meta name=\"twitter:label2\" content=\"Tempo di lettura stimato\" \/>\n\t<meta name=\"twitter:data2\" content=\"3 minuti\" \/>\n<script type=\"application\/ld+json\" class=\"yoast-schema-graph\">{\"@context\":\"https:\\\/\\\/schema.org\",\"@graph\":[{\"@type\":\"Article\",\"@id\":\"https:\\\/\\\/www.nonsolomusicamagazine.it\\\/?p=2568#article\",\"isPartOf\":{\"@id\":\"https:\\\/\\\/www.nonsolomusicamagazine.it\\\/?p=2568\"},\"author\":{\"name\":\"nonsolomusica\",\"@id\":\"https:\\\/\\\/www.nonsolomusicamagazine.it\\\/#\\\/schema\\\/person\\\/a3349ad02300d046472d46cf6d31ae46\"},\"headline\":\"Cosa c&#8217;\u00e8 di nuovo e cosa di vecchio nella posizione di Elly Schlein sulla spesa militare.\",\"datePublished\":\"2023-08-28T16:06:52+00:00\",\"mainEntityOfPage\":{\"@id\":\"https:\\\/\\\/www.nonsolomusicamagazine.it\\\/?p=2568\"},\"wordCount\":442,\"commentCount\":1,\"image\":{\"@id\":\"https:\\\/\\\/www.nonsolomusicamagazine.it\\\/?p=2568#primaryimage\"},\"thumbnailUrl\":\"https:\\\/\\\/www.nonsolomusicamagazine.it\\\/wp-content\\\/uploads\\\/2023\\\/04\\\/222906752-0ce2477c-40dc-4451-b792-d99d3d0c6a24.jpg\",\"keywords\":[\"Elly Schlein\",\"Pd\",\"spesa militare\",\"Ucraina\"],\"articleSection\":[\"Esteri\",\"Politica\"],\"inLanguage\":\"it-IT\",\"potentialAction\":[{\"@type\":\"CommentAction\",\"name\":\"Comment\",\"target\":[\"https:\\\/\\\/www.nonsolomusicamagazine.it\\\/?p=2568#respond\"]}]},{\"@type\":\"WebPage\",\"@id\":\"https:\\\/\\\/www.nonsolomusicamagazine.it\\\/?p=2568\",\"url\":\"https:\\\/\\\/www.nonsolomusicamagazine.it\\\/?p=2568\",\"name\":\"Cosa c'\u00e8 di nuovo e cosa di vecchio nella posizione di Elly Schlein sulla spesa militare. - NonSoloMusicaMagazine\",\"isPartOf\":{\"@id\":\"https:\\\/\\\/www.nonsolomusicamagazine.it\\\/#website\"},\"primaryImageOfPage\":{\"@id\":\"https:\\\/\\\/www.nonsolomusicamagazine.it\\\/?p=2568#primaryimage\"},\"image\":{\"@id\":\"https:\\\/\\\/www.nonsolomusicamagazine.it\\\/?p=2568#primaryimage\"},\"thumbnailUrl\":\"https:\\\/\\\/www.nonsolomusicamagazine.it\\\/wp-content\\\/uploads\\\/2023\\\/04\\\/222906752-0ce2477c-40dc-4451-b792-d99d3d0c6a24.jpg\",\"datePublished\":\"2023-08-28T16:06:52+00:00\",\"author\":{\"@id\":\"https:\\\/\\\/www.nonsolomusicamagazine.it\\\/#\\\/schema\\\/person\\\/a3349ad02300d046472d46cf6d31ae46\"},\"description\":\"Cosa c'\u00e8 di nuovo e cosa di vecchio nella posizione di Elly Schlein sulla spesa militare.\",\"breadcrumb\":{\"@id\":\"https:\\\/\\\/www.nonsolomusicamagazine.it\\\/?p=2568#breadcrumb\"},\"inLanguage\":\"it-IT\",\"potentialAction\":[{\"@type\":\"ReadAction\",\"target\":[\"https:\\\/\\\/www.nonsolomusicamagazine.it\\\/?p=2568\"]}]},{\"@type\":\"ImageObject\",\"inLanguage\":\"it-IT\",\"@id\":\"https:\\\/\\\/www.nonsolomusicamagazine.it\\\/?p=2568#primaryimage\",\"url\":\"https:\\\/\\\/www.nonsolomusicamagazine.it\\\/wp-content\\\/uploads\\\/2023\\\/04\\\/222906752-0ce2477c-40dc-4451-b792-d99d3d0c6a24.jpg\",\"contentUrl\":\"https:\\\/\\\/www.nonsolomusicamagazine.it\\\/wp-content\\\/uploads\\\/2023\\\/04\\\/222906752-0ce2477c-40dc-4451-b792-d99d3d0c6a24.jpg\",\"width\":390,\"height\":220},{\"@type\":\"BreadcrumbList\",\"@id\":\"https:\\\/\\\/www.nonsolomusicamagazine.it\\\/?p=2568#breadcrumb\",\"itemListElement\":[{\"@type\":\"ListItem\",\"position\":1,\"name\":\"Home\",\"item\":\"https:\\\/\\\/www.nonsolomusicamagazine.it\\\/\"},{\"@type\":\"ListItem\",\"position\":2,\"name\":\"Cosa c&#8217;\u00e8 di nuovo e cosa di vecchio nella posizione di Elly Schlein sulla spesa militare.\"}]},{\"@type\":\"WebSite\",\"@id\":\"https:\\\/\\\/www.nonsolomusicamagazine.it\\\/#website\",\"url\":\"https:\\\/\\\/www.nonsolomusicamagazine.it\\\/\",\"name\":\"Nonsolomusicamagazine\",\"description\":\"Dir. responsabile Manuel M Buccarella\",\"potentialAction\":[{\"@type\":\"SearchAction\",\"target\":{\"@type\":\"EntryPoint\",\"urlTemplate\":\"https:\\\/\\\/www.nonsolomusicamagazine.it\\\/?s={search_term_string}\"},\"query-input\":{\"@type\":\"PropertyValueSpecification\",\"valueRequired\":true,\"valueName\":\"search_term_string\"}}],\"inLanguage\":\"it-IT\"},{\"@type\":\"Person\",\"@id\":\"https:\\\/\\\/www.nonsolomusicamagazine.it\\\/#\\\/schema\\\/person\\\/a3349ad02300d046472d46cf6d31ae46\",\"name\":\"nonsolomusica\",\"image\":{\"@type\":\"ImageObject\",\"inLanguage\":\"it-IT\",\"@id\":\"https:\\\/\\\/www.nonsolomusicamagazine.it\\\/wp-content\\\/litespeed\\\/avatar\\\/3a675484bc84db6aba78d43bfc8b7197.jpg?ver=1776880798\",\"url\":\"https:\\\/\\\/www.nonsolomusicamagazine.it\\\/wp-content\\\/litespeed\\\/avatar\\\/3a675484bc84db6aba78d43bfc8b7197.jpg?ver=1776880798\",\"contentUrl\":\"https:\\\/\\\/www.nonsolomusicamagazine.it\\\/wp-content\\\/litespeed\\\/avatar\\\/3a675484bc84db6aba78d43bfc8b7197.jpg?ver=1776880798\",\"caption\":\"nonsolomusica\"},\"sameAs\":[\"https:\\\/\\\/www.nonsolomusicamagazine.it\"],\"url\":\"https:\\\/\\\/www.nonsolomusicamagazine.it\\\/?author=1\"}]}<\/script>\n<!-- \/ Yoast SEO plugin. -->","yoast_head_json":{"title":"Cosa c'\u00e8 di nuovo e cosa di vecchio nella posizione di Elly Schlein sulla spesa militare. - NonSoloMusicaMagazine","description":"Cosa c'\u00e8 di nuovo e cosa di vecchio nella posizione di Elly Schlein sulla spesa militare.","robots":{"index":"index","follow":"follow","max-snippet":"max-snippet:-1","max-image-preview":"max-image-preview:large","max-video-preview":"max-video-preview:-1"},"canonical":"https:\/\/www.nonsolomusicamagazine.it\/?p=2568","og_locale":"it_IT","og_type":"article","og_title":"Cosa c'\u00e8 di nuovo e cosa di vecchio nella posizione di Elly Schlein sulla spesa militare. - NonSoloMusicaMagazine","og_description":"Cosa c'\u00e8 di nuovo e cosa di vecchio nella posizione di Elly Schlein sulla spesa militare.","og_url":"https:\/\/www.nonsolomusicamagazine.it\/?p=2568","og_site_name":"NonSoloMusicaMagazine","article_published_time":"2023-08-28T16:06:52+00:00","og_image":[{"width":390,"height":220,"url":"https:\/\/www.nonsolomusicamagazine.it\/wp-content\/uploads\/2023\/04\/222906752-0ce2477c-40dc-4451-b792-d99d3d0c6a24.jpg","type":"image\/jpeg"}],"author":"nonsolomusica","twitter_card":"summary_large_image","twitter_misc":{"Scritto da":"nonsolomusica","Tempo di lettura stimato":"3 minuti"},"schema":{"@context":"https:\/\/schema.org","@graph":[{"@type":"Article","@id":"https:\/\/www.nonsolomusicamagazine.it\/?p=2568#article","isPartOf":{"@id":"https:\/\/www.nonsolomusicamagazine.it\/?p=2568"},"author":{"name":"nonsolomusica","@id":"https:\/\/www.nonsolomusicamagazine.it\/#\/schema\/person\/a3349ad02300d046472d46cf6d31ae46"},"headline":"Cosa c&#8217;\u00e8 di nuovo e cosa di vecchio nella posizione di Elly Schlein sulla spesa militare.","datePublished":"2023-08-28T16:06:52+00:00","mainEntityOfPage":{"@id":"https:\/\/www.nonsolomusicamagazine.it\/?p=2568"},"wordCount":442,"commentCount":1,"image":{"@id":"https:\/\/www.nonsolomusicamagazine.it\/?p=2568#primaryimage"},"thumbnailUrl":"https:\/\/www.nonsolomusicamagazine.it\/wp-content\/uploads\/2023\/04\/222906752-0ce2477c-40dc-4451-b792-d99d3d0c6a24.jpg","keywords":["Elly Schlein","Pd","spesa militare","Ucraina"],"articleSection":["Esteri","Politica"],"inLanguage":"it-IT","potentialAction":[{"@type":"CommentAction","name":"Comment","target":["https:\/\/www.nonsolomusicamagazine.it\/?p=2568#respond"]}]},{"@type":"WebPage","@id":"https:\/\/www.nonsolomusicamagazine.it\/?p=2568","url":"https:\/\/www.nonsolomusicamagazine.it\/?p=2568","name":"Cosa c'\u00e8 di nuovo e cosa di vecchio nella posizione di Elly Schlein sulla spesa militare. - NonSoloMusicaMagazine","isPartOf":{"@id":"https:\/\/www.nonsolomusicamagazine.it\/#website"},"primaryImageOfPage":{"@id":"https:\/\/www.nonsolomusicamagazine.it\/?p=2568#primaryimage"},"image":{"@id":"https:\/\/www.nonsolomusicamagazine.it\/?p=2568#primaryimage"},"thumbnailUrl":"https:\/\/www.nonsolomusicamagazine.it\/wp-content\/uploads\/2023\/04\/222906752-0ce2477c-40dc-4451-b792-d99d3d0c6a24.jpg","datePublished":"2023-08-28T16:06:52+00:00","author":{"@id":"https:\/\/www.nonsolomusicamagazine.it\/#\/schema\/person\/a3349ad02300d046472d46cf6d31ae46"},"description":"Cosa c'\u00e8 di nuovo e cosa di vecchio nella posizione di Elly Schlein sulla spesa militare.","breadcrumb":{"@id":"https:\/\/www.nonsolomusicamagazine.it\/?p=2568#breadcrumb"},"inLanguage":"it-IT","potentialAction":[{"@type":"ReadAction","target":["https:\/\/www.nonsolomusicamagazine.it\/?p=2568"]}]},{"@type":"ImageObject","inLanguage":"it-IT","@id":"https:\/\/www.nonsolomusicamagazine.it\/?p=2568#primaryimage","url":"https:\/\/www.nonsolomusicamagazine.it\/wp-content\/uploads\/2023\/04\/222906752-0ce2477c-40dc-4451-b792-d99d3d0c6a24.jpg","contentUrl":"https:\/\/www.nonsolomusicamagazine.it\/wp-content\/uploads\/2023\/04\/222906752-0ce2477c-40dc-4451-b792-d99d3d0c6a24.jpg","width":390,"height":220},{"@type":"BreadcrumbList","@id":"https:\/\/www.nonsolomusicamagazine.it\/?p=2568#breadcrumb","itemListElement":[{"@type":"ListItem","position":1,"name":"Home","item":"https:\/\/www.nonsolomusicamagazine.it\/"},{"@type":"ListItem","position":2,"name":"Cosa c&#8217;\u00e8 di nuovo e cosa di vecchio nella posizione di Elly Schlein sulla spesa militare."}]},{"@type":"WebSite","@id":"https:\/\/www.nonsolomusicamagazine.it\/#website","url":"https:\/\/www.nonsolomusicamagazine.it\/","name":"Nonsolomusicamagazine","description":"Dir. responsabile Manuel M Buccarella","potentialAction":[{"@type":"SearchAction","target":{"@type":"EntryPoint","urlTemplate":"https:\/\/www.nonsolomusicamagazine.it\/?s={search_term_string}"},"query-input":{"@type":"PropertyValueSpecification","valueRequired":true,"valueName":"search_term_string"}}],"inLanguage":"it-IT"},{"@type":"Person","@id":"https:\/\/www.nonsolomusicamagazine.it\/#\/schema\/person\/a3349ad02300d046472d46cf6d31ae46","name":"nonsolomusica","image":{"@type":"ImageObject","inLanguage":"it-IT","@id":"https:\/\/www.nonsolomusicamagazine.it\/wp-content\/litespeed\/avatar\/3a675484bc84db6aba78d43bfc8b7197.jpg?ver=1776880798","url":"https:\/\/www.nonsolomusicamagazine.it\/wp-content\/litespeed\/avatar\/3a675484bc84db6aba78d43bfc8b7197.jpg?ver=1776880798","contentUrl":"https:\/\/www.nonsolomusicamagazine.it\/wp-content\/litespeed\/avatar\/3a675484bc84db6aba78d43bfc8b7197.jpg?ver=1776880798","caption":"nonsolomusica"},"sameAs":["https:\/\/www.nonsolomusicamagazine.it"],"url":"https:\/\/www.nonsolomusicamagazine.it\/?author=1"}]}},"amp_enabled":true,"_links":{"self":[{"href":"https:\/\/www.nonsolomusicamagazine.it\/index.php?rest_route=\/wp\/v2\/posts\/2568","targetHints":{"allow":["GET"]}}],"collection":[{"href":"https:\/\/www.nonsolomusicamagazine.it\/index.php?rest_route=\/wp\/v2\/posts"}],"about":[{"href":"https:\/\/www.nonsolomusicamagazine.it\/index.php?rest_route=\/wp\/v2\/types\/post"}],"author":[{"embeddable":true,"href":"https:\/\/www.nonsolomusicamagazine.it\/index.php?rest_route=\/wp\/v2\/users\/1"}],"replies":[{"embeddable":true,"href":"https:\/\/www.nonsolomusicamagazine.it\/index.php?rest_route=%2Fwp%2Fv2%2Fcomments&post=2568"}],"version-history":[{"count":0,"href":"https:\/\/www.nonsolomusicamagazine.it\/index.php?rest_route=\/wp\/v2\/posts\/2568\/revisions"}],"wp:featuredmedia":[{"embeddable":true,"href":"https:\/\/www.nonsolomusicamagazine.it\/index.php?rest_route=\/wp\/v2\/media\/455"}],"wp:attachment":[{"href":"https:\/\/www.nonsolomusicamagazine.it\/index.php?rest_route=%2Fwp%2Fv2%2Fmedia&parent=2568"}],"wp:term":[{"taxonomy":"category","embeddable":true,"href":"https:\/\/www.nonsolomusicamagazine.it\/index.php?rest_route=%2Fwp%2Fv2%2Fcategories&post=2568"},{"taxonomy":"post_tag","embeddable":true,"href":"https:\/\/www.nonsolomusicamagazine.it\/index.php?rest_route=%2Fwp%2Fv2%2Ftags&post=2568"}],"curies":[{"name":"wp","href":"https:\/\/api.w.org\/{rel}","templated":true}]}}