{"id":2584,"date":"2023-08-29T18:05:36","date_gmt":"2023-08-29T18:05:36","guid":{"rendered":"https:\/\/www.nonsolomusicamagazine.it\/?p=2584"},"modified":"2023-08-29T18:05:37","modified_gmt":"2023-08-29T18:05:37","slug":"charlie-parker-luccello-lo-ricordiamo-con-ornithology","status":"publish","type":"post","link":"https:\/\/www.nonsolomusicamagazine.it\/?p=2584","title":{"rendered":"Charlie Parker, &#8220;l&#8217;uccello&#8221;. Lo ricordiamo con &#8220;Ornithology&#8221;"},"content":{"rendered":"\n<p class=\"has-text-align-center\"><strong>Manuel M Buccarella<\/strong><\/p>\n\n\n\n<p>Ricorre oggi l&#8217;anniversario della nascita di <strong>Charlie Parker<\/strong>. &#8220;Bird&#8221;, questo il soprannome del grande sassofonista e compositore americano, considerato padre del bipop,  nacque il 29 agosto 1920 a Kansas City. <\/p>\n\n\n\n<p>Parker ebbe purtroppo vita assai breve. Mor\u00ec a meno di 35 anni a causa di una polmonite, che fu la conseguenza di una vita dissoluta, consumata dall&#8217;eroina e dall&#8217;alcool. Ci\u00f2 non imped\u00ec al genio di Parker di esprimersi, nonostante le difficolt\u00e0 e l&#8217;incostanza procurate da tossicodipendenza ed alcolismo.<\/p>\n\n\n\n<p>Ecco come Charlie Parker definisce l&#8217;esperienza della creazione, in maniera pressoch\u00e9 accidentale, del bebop, mentre interpretava il brano &#8220;Cherokee&#8221; di Ray Noble; da qui nacque &#8220;Ko Ko&#8221;, ritenuto il primo pezzo della storia del bebop: \u00abNon riuscivo pi\u00f9 a sopportare le armonie stereotipate che allora venivano continuamente impiegate da tutti. Continuavo a pensare che doveva esserci qualche cosa di diverso. A volte riuscivo a sentire qualcosa, ma non ero in grado di suonarlo&#8230; S\u00ec, quella notte improvvisai a lungo su Cherokee. Mentre lo facevo mi accorsi che impiegando come linea melodica gli intervalli pi\u00f9 alti degli accordi, mettendovi sotto armonie nuove, abbastanza affini, stavo suonando improvvisamente ci\u00f2 che per tutto quel tempo avevo sentito dentro di me. Rinacqui a nuova vita.\u00bb<\/p>\n\n\n\n<p>Nei gruppi di Charlie Parker si alternano  personaggi del calibro di Art Blakey, Dexter Gordon, Miles Davis, Sarah Vaughan. La fama di Charlie Parker esplode per\u00f2 nel 1945\u00a0 nei gruppi in cui milita assieme a <strong>Dizzy Gillespie<\/strong>, il suo alter ego alla tromba: le incisioni di\u00a0<em>Billie&#8217;s Bounce<\/em>,\u00a0<em>Ko Ko<\/em>,\u00a0<em>Now&#8217;s the Time<\/em>,\u00a0<em>Ornithology<\/em>\u00a0(per citare solo qualcuna tra le pi\u00f9 famose) rappresentano una vera e propria rivoluzione nel mondo musicale afro-americano, segnando per sempre la storia del jazz.<\/p>\n\n\n\n<p>Nel 1988 <strong>Clint Eastwood<\/strong>, in veste di regista, gli dedica il film &#8220;Bird&#8221;, la cui trama \u00e8 ispirata alla vita del musicista ed alla sua musica. Charlie Parker \u00e8 qui interpretato dal premio Oscar <strong>Forest Steven Whitaker<\/strong>.<\/p>\n\n\n\n<p>Ci sentiamo allora &#8220;Ornithology&#8221;, inciso nel 1946 con questa formazione:<\/p>\n\n\n\n<p>Charlie Parker &#8211; sax alto, Miles Davis &#8211; tromba, Ely &#8220;Lucky&#8221; Thompson &#8211; sax tenore, &#8220;Dodo&#8221; Marmarosa &#8211; pianoforte, Vic MicMillan &#8211; contrabbasso, Roy Porter &#8211; batteria<\/p>\n\n\n<figure class=\"wp-block-post-featured-image\"><img decoding=\"async\" width=\"200\" height=\"200\" src=\"https:\/\/www.nonsolomusicamagazine.it\/wp-content\/uploads\/2023\/08\/images-41.jpeg\" class=\"attachment-post-thumbnail size-post-thumbnail wp-post-image\" alt=\"\" style=\"object-fit:cover;\" srcset=\"https:\/\/www.nonsolomusicamagazine.it\/wp-content\/uploads\/2023\/08\/images-41.jpeg 200w, https:\/\/www.nonsolomusicamagazine.it\/wp-content\/uploads\/2023\/08\/images-41-150x150.jpeg 150w\" sizes=\"(max-width: 200px) 100vw, 200px\" \/><\/figure>\n\n\n<figure class=\"wp-block-embed is-type-video is-provider-youtube wp-block-embed-youtube wp-embed-aspect-4-3 wp-has-aspect-ratio\"><div class=\"wp-block-embed__wrapper\">\n<iframe title=\"Ornithology by Charlie Parker\" width=\"640\" height=\"480\" src=\"https:\/\/www.youtube.com\/embed\/fsAMAIaas94?feature=oembed\" frameborder=\"0\" allow=\"accelerometer; autoplay; clipboard-write; encrypted-media; gyroscope; picture-in-picture; web-share\" referrerpolicy=\"strict-origin-when-cross-origin\" allowfullscreen><\/iframe>\n<\/div><\/figure>\n","protected":false},"excerpt":{"rendered":"<p>Manuel M Buccarella Ricorre oggi l&#8217;anniversario della nascita di Charlie Parker. &#8220;Bird&#8221;, questo il soprannome del grande sassofonista e compositore americano, considerato padre del bipop, nacque il 29 agosto 1920 a Kansas City. Parker ebbe purtroppo vita assai breve. Mor\u00ec a meno di 35 anni a causa di una polmonite, che fu la conseguenza di [&hellip;]<\/p>\n","protected":false},"author":1,"featured_media":2585,"comment_status":"open","ping_status":"closed","sticky":false,"template":"","format":"standard","meta":{"footnotes":""},"categories":[1],"tags":[1781,1782,1780,1783],"class_list":["post-2584","post","type-post","status-publish","format-standard","has-post-thumbnail","hentry","category-musica","tag-bebop","tag-bird","tag-charlie-parker","tag-ornithology"],"yoast_head":"<!-- This site is optimized with the Yoast SEO plugin v27.4 - https:\/\/yoast.com\/product\/yoast-seo-wordpress\/ -->\n<title>Charlie Parker, &quot;l&#039;uccello&quot;. Lo ricordiamo con &quot;Ornithology&quot; - NonSoloMusicaMagazine<\/title>\n<meta name=\"description\" content=\"Charlie Parker, &quot;l&#039;uccello&quot;. Lo ricordiamo con &quot;Ornithology&quot;\" \/>\n<meta name=\"robots\" content=\"index, follow, max-snippet:-1, max-image-preview:large, max-video-preview:-1\" \/>\n<link rel=\"canonical\" href=\"https:\/\/www.nonsolomusicamagazine.it\/?p=2584\" \/>\n<meta property=\"og:locale\" content=\"it_IT\" \/>\n<meta property=\"og:type\" content=\"article\" \/>\n<meta property=\"og:title\" content=\"Charlie Parker, &quot;l&#039;uccello&quot;. Lo ricordiamo con &quot;Ornithology&quot; - NonSoloMusicaMagazine\" \/>\n<meta property=\"og:description\" content=\"Charlie Parker, &quot;l&#039;uccello&quot;. Lo ricordiamo con &quot;Ornithology&quot;\" \/>\n<meta property=\"og:url\" content=\"https:\/\/www.nonsolomusicamagazine.it\/?p=2584\" \/>\n<meta property=\"og:site_name\" content=\"NonSoloMusicaMagazine\" \/>\n<meta property=\"article:published_time\" content=\"2023-08-29T18:05:36+00:00\" \/>\n<meta property=\"article:modified_time\" content=\"2023-08-29T18:05:37+00:00\" \/>\n<meta property=\"og:image\" content=\"https:\/\/www.nonsolomusicamagazine.it\/wp-content\/uploads\/2023\/08\/images-41.jpeg\" \/>\n\t<meta property=\"og:image:width\" content=\"200\" \/>\n\t<meta property=\"og:image:height\" content=\"200\" \/>\n\t<meta property=\"og:image:type\" content=\"image\/jpeg\" \/>\n<meta name=\"author\" content=\"nonsolomusica\" \/>\n<meta name=\"twitter:card\" content=\"summary_large_image\" \/>\n<meta name=\"twitter:label1\" content=\"Scritto da\" \/>\n\t<meta name=\"twitter:data1\" content=\"nonsolomusica\" \/>\n\t<meta name=\"twitter:label2\" content=\"Tempo di lettura stimato\" \/>\n\t<meta name=\"twitter:data2\" content=\"2 minuti\" \/>\n<script type=\"application\/ld+json\" class=\"yoast-schema-graph\">{\"@context\":\"https:\\\/\\\/schema.org\",\"@graph\":[{\"@type\":\"Article\",\"@id\":\"https:\\\/\\\/www.nonsolomusicamagazine.it\\\/?p=2584#article\",\"isPartOf\":{\"@id\":\"https:\\\/\\\/www.nonsolomusicamagazine.it\\\/?p=2584\"},\"author\":{\"name\":\"nonsolomusica\",\"@id\":\"https:\\\/\\\/www.nonsolomusicamagazine.it\\\/#\\\/schema\\\/person\\\/a3349ad02300d046472d46cf6d31ae46\"},\"headline\":\"Charlie Parker, &#8220;l&#8217;uccello&#8221;. Lo ricordiamo con &#8220;Ornithology&#8221;\",\"datePublished\":\"2023-08-29T18:05:36+00:00\",\"dateModified\":\"2023-08-29T18:05:37+00:00\",\"mainEntityOfPage\":{\"@id\":\"https:\\\/\\\/www.nonsolomusicamagazine.it\\\/?p=2584\"},\"wordCount\":377,\"commentCount\":0,\"image\":{\"@id\":\"https:\\\/\\\/www.nonsolomusicamagazine.it\\\/?p=2584#primaryimage\"},\"thumbnailUrl\":\"https:\\\/\\\/www.nonsolomusicamagazine.it\\\/wp-content\\\/uploads\\\/2023\\\/08\\\/images-41.jpeg\",\"keywords\":[\"bebop\",\"Bird\",\"Charlie Parker\",\"Ornithology\"],\"articleSection\":[\"Musica\"],\"inLanguage\":\"it-IT\",\"potentialAction\":[{\"@type\":\"CommentAction\",\"name\":\"Comment\",\"target\":[\"https:\\\/\\\/www.nonsolomusicamagazine.it\\\/?p=2584#respond\"]}]},{\"@type\":\"WebPage\",\"@id\":\"https:\\\/\\\/www.nonsolomusicamagazine.it\\\/?p=2584\",\"url\":\"https:\\\/\\\/www.nonsolomusicamagazine.it\\\/?p=2584\",\"name\":\"Charlie Parker, \\\"l'uccello\\\". Lo ricordiamo con \\\"Ornithology\\\" - NonSoloMusicaMagazine\",\"isPartOf\":{\"@id\":\"https:\\\/\\\/www.nonsolomusicamagazine.it\\\/#website\"},\"primaryImageOfPage\":{\"@id\":\"https:\\\/\\\/www.nonsolomusicamagazine.it\\\/?p=2584#primaryimage\"},\"image\":{\"@id\":\"https:\\\/\\\/www.nonsolomusicamagazine.it\\\/?p=2584#primaryimage\"},\"thumbnailUrl\":\"https:\\\/\\\/www.nonsolomusicamagazine.it\\\/wp-content\\\/uploads\\\/2023\\\/08\\\/images-41.jpeg\",\"datePublished\":\"2023-08-29T18:05:36+00:00\",\"dateModified\":\"2023-08-29T18:05:37+00:00\",\"author\":{\"@id\":\"https:\\\/\\\/www.nonsolomusicamagazine.it\\\/#\\\/schema\\\/person\\\/a3349ad02300d046472d46cf6d31ae46\"},\"description\":\"Charlie Parker, \\\"l'uccello\\\". Lo ricordiamo con \\\"Ornithology\\\"\",\"breadcrumb\":{\"@id\":\"https:\\\/\\\/www.nonsolomusicamagazine.it\\\/?p=2584#breadcrumb\"},\"inLanguage\":\"it-IT\",\"potentialAction\":[{\"@type\":\"ReadAction\",\"target\":[\"https:\\\/\\\/www.nonsolomusicamagazine.it\\\/?p=2584\"]}]},{\"@type\":\"ImageObject\",\"inLanguage\":\"it-IT\",\"@id\":\"https:\\\/\\\/www.nonsolomusicamagazine.it\\\/?p=2584#primaryimage\",\"url\":\"https:\\\/\\\/www.nonsolomusicamagazine.it\\\/wp-content\\\/uploads\\\/2023\\\/08\\\/images-41.jpeg\",\"contentUrl\":\"https:\\\/\\\/www.nonsolomusicamagazine.it\\\/wp-content\\\/uploads\\\/2023\\\/08\\\/images-41.jpeg\",\"width\":200,\"height\":200},{\"@type\":\"BreadcrumbList\",\"@id\":\"https:\\\/\\\/www.nonsolomusicamagazine.it\\\/?p=2584#breadcrumb\",\"itemListElement\":[{\"@type\":\"ListItem\",\"position\":1,\"name\":\"Home\",\"item\":\"https:\\\/\\\/www.nonsolomusicamagazine.it\\\/\"},{\"@type\":\"ListItem\",\"position\":2,\"name\":\"Charlie Parker, &#8220;l&#8217;uccello&#8221;. Lo ricordiamo con &#8220;Ornithology&#8221;\"}]},{\"@type\":\"WebSite\",\"@id\":\"https:\\\/\\\/www.nonsolomusicamagazine.it\\\/#website\",\"url\":\"https:\\\/\\\/www.nonsolomusicamagazine.it\\\/\",\"name\":\"Nonsolomusicamagazine\",\"description\":\"Dir. responsabile Manuel M Buccarella\",\"potentialAction\":[{\"@type\":\"SearchAction\",\"target\":{\"@type\":\"EntryPoint\",\"urlTemplate\":\"https:\\\/\\\/www.nonsolomusicamagazine.it\\\/?s={search_term_string}\"},\"query-input\":{\"@type\":\"PropertyValueSpecification\",\"valueRequired\":true,\"valueName\":\"search_term_string\"}}],\"inLanguage\":\"it-IT\"},{\"@type\":\"Person\",\"@id\":\"https:\\\/\\\/www.nonsolomusicamagazine.it\\\/#\\\/schema\\\/person\\\/a3349ad02300d046472d46cf6d31ae46\",\"name\":\"nonsolomusica\",\"image\":{\"@type\":\"ImageObject\",\"inLanguage\":\"it-IT\",\"@id\":\"https:\\\/\\\/www.nonsolomusicamagazine.it\\\/wp-content\\\/litespeed\\\/avatar\\\/3a675484bc84db6aba78d43bfc8b7197.jpg?ver=1776880798\",\"url\":\"https:\\\/\\\/www.nonsolomusicamagazine.it\\\/wp-content\\\/litespeed\\\/avatar\\\/3a675484bc84db6aba78d43bfc8b7197.jpg?ver=1776880798\",\"contentUrl\":\"https:\\\/\\\/www.nonsolomusicamagazine.it\\\/wp-content\\\/litespeed\\\/avatar\\\/3a675484bc84db6aba78d43bfc8b7197.jpg?ver=1776880798\",\"caption\":\"nonsolomusica\"},\"sameAs\":[\"https:\\\/\\\/www.nonsolomusicamagazine.it\"],\"url\":\"https:\\\/\\\/www.nonsolomusicamagazine.it\\\/?author=1\"}]}<\/script>\n<!-- \/ Yoast SEO plugin. -->","yoast_head_json":{"title":"Charlie Parker, \"l'uccello\". Lo ricordiamo con \"Ornithology\" - NonSoloMusicaMagazine","description":"Charlie Parker, \"l'uccello\". Lo ricordiamo con \"Ornithology\"","robots":{"index":"index","follow":"follow","max-snippet":"max-snippet:-1","max-image-preview":"max-image-preview:large","max-video-preview":"max-video-preview:-1"},"canonical":"https:\/\/www.nonsolomusicamagazine.it\/?p=2584","og_locale":"it_IT","og_type":"article","og_title":"Charlie Parker, \"l'uccello\". Lo ricordiamo con \"Ornithology\" - NonSoloMusicaMagazine","og_description":"Charlie Parker, \"l'uccello\". Lo ricordiamo con \"Ornithology\"","og_url":"https:\/\/www.nonsolomusicamagazine.it\/?p=2584","og_site_name":"NonSoloMusicaMagazine","article_published_time":"2023-08-29T18:05:36+00:00","article_modified_time":"2023-08-29T18:05:37+00:00","og_image":[{"width":200,"height":200,"url":"https:\/\/www.nonsolomusicamagazine.it\/wp-content\/uploads\/2023\/08\/images-41.jpeg","type":"image\/jpeg"}],"author":"nonsolomusica","twitter_card":"summary_large_image","twitter_misc":{"Scritto da":"nonsolomusica","Tempo di lettura stimato":"2 minuti"},"schema":{"@context":"https:\/\/schema.org","@graph":[{"@type":"Article","@id":"https:\/\/www.nonsolomusicamagazine.it\/?p=2584#article","isPartOf":{"@id":"https:\/\/www.nonsolomusicamagazine.it\/?p=2584"},"author":{"name":"nonsolomusica","@id":"https:\/\/www.nonsolomusicamagazine.it\/#\/schema\/person\/a3349ad02300d046472d46cf6d31ae46"},"headline":"Charlie Parker, &#8220;l&#8217;uccello&#8221;. Lo ricordiamo con &#8220;Ornithology&#8221;","datePublished":"2023-08-29T18:05:36+00:00","dateModified":"2023-08-29T18:05:37+00:00","mainEntityOfPage":{"@id":"https:\/\/www.nonsolomusicamagazine.it\/?p=2584"},"wordCount":377,"commentCount":0,"image":{"@id":"https:\/\/www.nonsolomusicamagazine.it\/?p=2584#primaryimage"},"thumbnailUrl":"https:\/\/www.nonsolomusicamagazine.it\/wp-content\/uploads\/2023\/08\/images-41.jpeg","keywords":["bebop","Bird","Charlie Parker","Ornithology"],"articleSection":["Musica"],"inLanguage":"it-IT","potentialAction":[{"@type":"CommentAction","name":"Comment","target":["https:\/\/www.nonsolomusicamagazine.it\/?p=2584#respond"]}]},{"@type":"WebPage","@id":"https:\/\/www.nonsolomusicamagazine.it\/?p=2584","url":"https:\/\/www.nonsolomusicamagazine.it\/?p=2584","name":"Charlie Parker, \"l'uccello\". Lo ricordiamo con \"Ornithology\" - NonSoloMusicaMagazine","isPartOf":{"@id":"https:\/\/www.nonsolomusicamagazine.it\/#website"},"primaryImageOfPage":{"@id":"https:\/\/www.nonsolomusicamagazine.it\/?p=2584#primaryimage"},"image":{"@id":"https:\/\/www.nonsolomusicamagazine.it\/?p=2584#primaryimage"},"thumbnailUrl":"https:\/\/www.nonsolomusicamagazine.it\/wp-content\/uploads\/2023\/08\/images-41.jpeg","datePublished":"2023-08-29T18:05:36+00:00","dateModified":"2023-08-29T18:05:37+00:00","author":{"@id":"https:\/\/www.nonsolomusicamagazine.it\/#\/schema\/person\/a3349ad02300d046472d46cf6d31ae46"},"description":"Charlie Parker, \"l'uccello\". Lo ricordiamo con \"Ornithology\"","breadcrumb":{"@id":"https:\/\/www.nonsolomusicamagazine.it\/?p=2584#breadcrumb"},"inLanguage":"it-IT","potentialAction":[{"@type":"ReadAction","target":["https:\/\/www.nonsolomusicamagazine.it\/?p=2584"]}]},{"@type":"ImageObject","inLanguage":"it-IT","@id":"https:\/\/www.nonsolomusicamagazine.it\/?p=2584#primaryimage","url":"https:\/\/www.nonsolomusicamagazine.it\/wp-content\/uploads\/2023\/08\/images-41.jpeg","contentUrl":"https:\/\/www.nonsolomusicamagazine.it\/wp-content\/uploads\/2023\/08\/images-41.jpeg","width":200,"height":200},{"@type":"BreadcrumbList","@id":"https:\/\/www.nonsolomusicamagazine.it\/?p=2584#breadcrumb","itemListElement":[{"@type":"ListItem","position":1,"name":"Home","item":"https:\/\/www.nonsolomusicamagazine.it\/"},{"@type":"ListItem","position":2,"name":"Charlie Parker, &#8220;l&#8217;uccello&#8221;. Lo ricordiamo con &#8220;Ornithology&#8221;"}]},{"@type":"WebSite","@id":"https:\/\/www.nonsolomusicamagazine.it\/#website","url":"https:\/\/www.nonsolomusicamagazine.it\/","name":"Nonsolomusicamagazine","description":"Dir. responsabile Manuel M Buccarella","potentialAction":[{"@type":"SearchAction","target":{"@type":"EntryPoint","urlTemplate":"https:\/\/www.nonsolomusicamagazine.it\/?s={search_term_string}"},"query-input":{"@type":"PropertyValueSpecification","valueRequired":true,"valueName":"search_term_string"}}],"inLanguage":"it-IT"},{"@type":"Person","@id":"https:\/\/www.nonsolomusicamagazine.it\/#\/schema\/person\/a3349ad02300d046472d46cf6d31ae46","name":"nonsolomusica","image":{"@type":"ImageObject","inLanguage":"it-IT","@id":"https:\/\/www.nonsolomusicamagazine.it\/wp-content\/litespeed\/avatar\/3a675484bc84db6aba78d43bfc8b7197.jpg?ver=1776880798","url":"https:\/\/www.nonsolomusicamagazine.it\/wp-content\/litespeed\/avatar\/3a675484bc84db6aba78d43bfc8b7197.jpg?ver=1776880798","contentUrl":"https:\/\/www.nonsolomusicamagazine.it\/wp-content\/litespeed\/avatar\/3a675484bc84db6aba78d43bfc8b7197.jpg?ver=1776880798","caption":"nonsolomusica"},"sameAs":["https:\/\/www.nonsolomusicamagazine.it"],"url":"https:\/\/www.nonsolomusicamagazine.it\/?author=1"}]}},"amp_enabled":true,"_links":{"self":[{"href":"https:\/\/www.nonsolomusicamagazine.it\/index.php?rest_route=\/wp\/v2\/posts\/2584","targetHints":{"allow":["GET"]}}],"collection":[{"href":"https:\/\/www.nonsolomusicamagazine.it\/index.php?rest_route=\/wp\/v2\/posts"}],"about":[{"href":"https:\/\/www.nonsolomusicamagazine.it\/index.php?rest_route=\/wp\/v2\/types\/post"}],"author":[{"embeddable":true,"href":"https:\/\/www.nonsolomusicamagazine.it\/index.php?rest_route=\/wp\/v2\/users\/1"}],"replies":[{"embeddable":true,"href":"https:\/\/www.nonsolomusicamagazine.it\/index.php?rest_route=%2Fwp%2Fv2%2Fcomments&post=2584"}],"version-history":[{"count":0,"href":"https:\/\/www.nonsolomusicamagazine.it\/index.php?rest_route=\/wp\/v2\/posts\/2584\/revisions"}],"wp:featuredmedia":[{"embeddable":true,"href":"https:\/\/www.nonsolomusicamagazine.it\/index.php?rest_route=\/wp\/v2\/media\/2585"}],"wp:attachment":[{"href":"https:\/\/www.nonsolomusicamagazine.it\/index.php?rest_route=%2Fwp%2Fv2%2Fmedia&parent=2584"}],"wp:term":[{"taxonomy":"category","embeddable":true,"href":"https:\/\/www.nonsolomusicamagazine.it\/index.php?rest_route=%2Fwp%2Fv2%2Fcategories&post=2584"},{"taxonomy":"post_tag","embeddable":true,"href":"https:\/\/www.nonsolomusicamagazine.it\/index.php?rest_route=%2Fwp%2Fv2%2Ftags&post=2584"}],"curies":[{"name":"wp","href":"https:\/\/api.w.org\/{rel}","templated":true}]}}