{"id":2610,"date":"2023-08-30T20:06:00","date_gmt":"2023-08-30T20:06:00","guid":{"rendered":"https:\/\/www.nonsolomusicamagazine.it\/?p=2610"},"modified":"2023-08-30T20:06:01","modified_gmt":"2023-08-30T20:06:01","slug":"elly-schlein-io-da-sempre-contraria-al-jobs-act-appoggio-il-referendum-abrogativo-della-cgil","status":"publish","type":"post","link":"https:\/\/www.nonsolomusicamagazine.it\/?p=2610","title":{"rendered":"Elly Schlein: &#8220;Io da sempre contraria al Jobs Act. Appoggio il referendum abrogativo della CGIL."},"content":{"rendered":"\n<p><strong>\u201cIo sono sempre stata contraria al Jobs,\u00a0<\/strong>sin da quando ero nel\u00a0<strong>Partito<\/strong>\u00a0<strong>Democratico<\/strong>\u00a0nel 2015, e per me si deve fare altro per diminuire la precariet\u00e0 e i contratti a termine\u201d. Cos\u00ec\u00a0<strong>Elly Schelin<\/strong>\u00a0intervistata da Agnese Pini nella giornata di ieri a<em>\u00a0Il Caff\u00e8 de La Versiliana<\/em>\u00a0a Marina di Pietrasanta ha anticipato la sua volont\u00e0 di sostenere il referendum per l\u2019abolizione del Jobs Act, dichiarandosi pronta a \u201cseguire le iniziative della\u00a0<strong>CGIL<\/strong>\u201c, condividendone i \u201cproblemi sulla precarizzazione del lavoro in Italia\u201d<\/p>\n\n\n\n<p>L&#8217;uscita della segreteria dem non \u00e8 piaciuta a diversi esponenti del fronte moderato a partire da <strong>Nicola Danti <\/strong>di Italia Viva: &#8221; Se c\u2019\u00e8 un provvedimento che ha funzionato e che fu sostenuto da tutto il Pd,\u00a0<strong>Elly Schlein deve mettersi di traverso<\/strong>. Cos\u00ec sar\u00e0 per il Jobs Act: dalla Toscana la segretaria dem ha annunciato che sosterr\u00e0 il referendum abrogativo della\u00a0<strong>Cgi<\/strong>L? E i benefici concreti all&#8217;occupazione? E le maggiori tutele?&#8221;<\/p>\n\n\n\n<p>Anche il leader di Azione\u00a0<strong>Carlo Calenda<\/strong>\u00a0lancia il grido d\u2019allarme sulle conseguenza che la scelta potrebbe provocare:\u201dAppoggiare il referendum per l\u2019abolizione del Jobs act\u00a0 \u00e8 un\u00a0<strong>errore grave<\/strong>\u00a0da parte del PD \u2013 scrive twitter -, occorre lavorare sui salari poveri con il salario minimo e sui salari medi attraverso la detassazione del salario di produttivit\u00e0, non ingessare il mercato del lavoro\u201d<\/p>\n\n\n<figure class=\"wp-block-post-featured-image\"><img decoding=\"async\" width=\"390\" height=\"220\" src=\"https:\/\/www.nonsolomusicamagazine.it\/wp-content\/uploads\/2023\/04\/222906752-0ce2477c-40dc-4451-b792-d99d3d0c6a24.jpg\" class=\"attachment-post-thumbnail size-post-thumbnail wp-post-image\" alt=\"\" style=\"object-fit:cover;\" srcset=\"https:\/\/www.nonsolomusicamagazine.it\/wp-content\/uploads\/2023\/04\/222906752-0ce2477c-40dc-4451-b792-d99d3d0c6a24.jpg 390w, https:\/\/www.nonsolomusicamagazine.it\/wp-content\/uploads\/2023\/04\/222906752-0ce2477c-40dc-4451-b792-d99d3d0c6a24-300x169.jpg 300w\" sizes=\"(max-width: 390px) 100vw, 390px\" \/><\/figure>","protected":false},"excerpt":{"rendered":"<p>\u201cIo sono sempre stata contraria al Jobs,\u00a0sin da quando ero nel\u00a0Partito\u00a0Democratico\u00a0nel 2015, e per me si deve fare altro per diminuire la precariet\u00e0 e i contratti a termine\u201d. Cos\u00ec\u00a0Elly Schelin\u00a0intervistata da Agnese Pini nella giornata di ieri a\u00a0Il Caff\u00e8 de La Versiliana\u00a0a Marina di Pietrasanta ha anticipato la sua volont\u00e0 di sostenere il referendum per [&hellip;]<\/p>\n","protected":false},"author":1,"featured_media":455,"comment_status":"open","ping_status":"closed","sticky":false,"template":"","format":"standard","meta":{"footnotes":""},"categories":[1432,5],"tags":[227,228,220,226],"class_list":["post-2610","post","type-post","status-publish","format-standard","has-post-thumbnail","hentry","category-lavoro","category-politica","tag-elly-schlein","tag-pd","tag-referendum","tag-schlein"],"yoast_head":"<!-- This site is optimized with the Yoast SEO plugin v27.4 - https:\/\/yoast.com\/product\/yoast-seo-wordpress\/ -->\n<title>Elly Schlein: &quot;Io da sempre contraria al Jobs Act. Appoggio il referendum abrogativo della CGIL. - NonSoloMusicaMagazine<\/title>\n<meta name=\"description\" content=\"Elly Schlein: &quot;Io da sempre contraria al Jobs Act. Appoggio il referendum abrogativo della CGIL.\" \/>\n<meta name=\"robots\" content=\"index, follow, max-snippet:-1, max-image-preview:large, max-video-preview:-1\" \/>\n<link rel=\"canonical\" href=\"https:\/\/www.nonsolomusicamagazine.it\/?p=2610\" \/>\n<meta property=\"og:locale\" content=\"it_IT\" \/>\n<meta property=\"og:type\" content=\"article\" \/>\n<meta property=\"og:title\" content=\"Elly Schlein: &quot;Io da sempre contraria al Jobs Act. Appoggio il referendum abrogativo della CGIL. - NonSoloMusicaMagazine\" \/>\n<meta property=\"og:description\" content=\"Elly Schlein: &quot;Io da sempre contraria al Jobs Act. Appoggio il referendum abrogativo della CGIL.\" \/>\n<meta property=\"og:url\" content=\"https:\/\/www.nonsolomusicamagazine.it\/?p=2610\" \/>\n<meta property=\"og:site_name\" content=\"NonSoloMusicaMagazine\" \/>\n<meta property=\"article:published_time\" content=\"2023-08-30T20:06:00+00:00\" \/>\n<meta property=\"article:modified_time\" content=\"2023-08-30T20:06:01+00:00\" \/>\n<meta property=\"og:image\" content=\"https:\/\/www.nonsolomusicamagazine.it\/wp-content\/uploads\/2023\/04\/222906752-0ce2477c-40dc-4451-b792-d99d3d0c6a24.jpg\" \/>\n\t<meta property=\"og:image:width\" content=\"390\" \/>\n\t<meta property=\"og:image:height\" content=\"220\" \/>\n\t<meta property=\"og:image:type\" content=\"image\/jpeg\" \/>\n<meta name=\"author\" content=\"nonsolomusica\" \/>\n<meta name=\"twitter:card\" content=\"summary_large_image\" \/>\n<meta name=\"twitter:label1\" content=\"Scritto da\" \/>\n\t<meta name=\"twitter:data1\" content=\"nonsolomusica\" \/>\n\t<meta name=\"twitter:label2\" content=\"Tempo di lettura stimato\" \/>\n\t<meta name=\"twitter:data2\" content=\"2 minuti\" \/>\n<script type=\"application\/ld+json\" class=\"yoast-schema-graph\">{\"@context\":\"https:\\\/\\\/schema.org\",\"@graph\":[{\"@type\":\"Article\",\"@id\":\"https:\\\/\\\/www.nonsolomusicamagazine.it\\\/?p=2610#article\",\"isPartOf\":{\"@id\":\"https:\\\/\\\/www.nonsolomusicamagazine.it\\\/?p=2610\"},\"author\":{\"name\":\"nonsolomusica\",\"@id\":\"https:\\\/\\\/www.nonsolomusicamagazine.it\\\/#\\\/schema\\\/person\\\/a3349ad02300d046472d46cf6d31ae46\"},\"headline\":\"Elly Schlein: &#8220;Io da sempre contraria al Jobs Act. Appoggio il referendum abrogativo della CGIL.\",\"datePublished\":\"2023-08-30T20:06:00+00:00\",\"dateModified\":\"2023-08-30T20:06:01+00:00\",\"mainEntityOfPage\":{\"@id\":\"https:\\\/\\\/www.nonsolomusicamagazine.it\\\/?p=2610\"},\"wordCount\":235,\"commentCount\":1,\"image\":{\"@id\":\"https:\\\/\\\/www.nonsolomusicamagazine.it\\\/?p=2610#primaryimage\"},\"thumbnailUrl\":\"https:\\\/\\\/www.nonsolomusicamagazine.it\\\/wp-content\\\/uploads\\\/2023\\\/04\\\/222906752-0ce2477c-40dc-4451-b792-d99d3d0c6a24.jpg\",\"keywords\":[\"Elly Schlein\",\"Pd\",\"Referendum\",\"Schlein\"],\"articleSection\":[\"Lavoro\",\"Politica\"],\"inLanguage\":\"it-IT\",\"potentialAction\":[{\"@type\":\"CommentAction\",\"name\":\"Comment\",\"target\":[\"https:\\\/\\\/www.nonsolomusicamagazine.it\\\/?p=2610#respond\"]}]},{\"@type\":\"WebPage\",\"@id\":\"https:\\\/\\\/www.nonsolomusicamagazine.it\\\/?p=2610\",\"url\":\"https:\\\/\\\/www.nonsolomusicamagazine.it\\\/?p=2610\",\"name\":\"Elly Schlein: \\\"Io da sempre contraria al Jobs Act. Appoggio il referendum abrogativo della CGIL. - NonSoloMusicaMagazine\",\"isPartOf\":{\"@id\":\"https:\\\/\\\/www.nonsolomusicamagazine.it\\\/#website\"},\"primaryImageOfPage\":{\"@id\":\"https:\\\/\\\/www.nonsolomusicamagazine.it\\\/?p=2610#primaryimage\"},\"image\":{\"@id\":\"https:\\\/\\\/www.nonsolomusicamagazine.it\\\/?p=2610#primaryimage\"},\"thumbnailUrl\":\"https:\\\/\\\/www.nonsolomusicamagazine.it\\\/wp-content\\\/uploads\\\/2023\\\/04\\\/222906752-0ce2477c-40dc-4451-b792-d99d3d0c6a24.jpg\",\"datePublished\":\"2023-08-30T20:06:00+00:00\",\"dateModified\":\"2023-08-30T20:06:01+00:00\",\"author\":{\"@id\":\"https:\\\/\\\/www.nonsolomusicamagazine.it\\\/#\\\/schema\\\/person\\\/a3349ad02300d046472d46cf6d31ae46\"},\"description\":\"Elly Schlein: \\\"Io da sempre contraria al Jobs Act. Appoggio il referendum abrogativo della CGIL.\",\"breadcrumb\":{\"@id\":\"https:\\\/\\\/www.nonsolomusicamagazine.it\\\/?p=2610#breadcrumb\"},\"inLanguage\":\"it-IT\",\"potentialAction\":[{\"@type\":\"ReadAction\",\"target\":[\"https:\\\/\\\/www.nonsolomusicamagazine.it\\\/?p=2610\"]}]},{\"@type\":\"ImageObject\",\"inLanguage\":\"it-IT\",\"@id\":\"https:\\\/\\\/www.nonsolomusicamagazine.it\\\/?p=2610#primaryimage\",\"url\":\"https:\\\/\\\/www.nonsolomusicamagazine.it\\\/wp-content\\\/uploads\\\/2023\\\/04\\\/222906752-0ce2477c-40dc-4451-b792-d99d3d0c6a24.jpg\",\"contentUrl\":\"https:\\\/\\\/www.nonsolomusicamagazine.it\\\/wp-content\\\/uploads\\\/2023\\\/04\\\/222906752-0ce2477c-40dc-4451-b792-d99d3d0c6a24.jpg\",\"width\":390,\"height\":220},{\"@type\":\"BreadcrumbList\",\"@id\":\"https:\\\/\\\/www.nonsolomusicamagazine.it\\\/?p=2610#breadcrumb\",\"itemListElement\":[{\"@type\":\"ListItem\",\"position\":1,\"name\":\"Home\",\"item\":\"https:\\\/\\\/www.nonsolomusicamagazine.it\\\/\"},{\"@type\":\"ListItem\",\"position\":2,\"name\":\"Elly Schlein: &#8220;Io da sempre contraria al Jobs Act. Appoggio il referendum abrogativo della CGIL.\"}]},{\"@type\":\"WebSite\",\"@id\":\"https:\\\/\\\/www.nonsolomusicamagazine.it\\\/#website\",\"url\":\"https:\\\/\\\/www.nonsolomusicamagazine.it\\\/\",\"name\":\"Nonsolomusicamagazine\",\"description\":\"Dir. responsabile Manuel M Buccarella\",\"potentialAction\":[{\"@type\":\"SearchAction\",\"target\":{\"@type\":\"EntryPoint\",\"urlTemplate\":\"https:\\\/\\\/www.nonsolomusicamagazine.it\\\/?s={search_term_string}\"},\"query-input\":{\"@type\":\"PropertyValueSpecification\",\"valueRequired\":true,\"valueName\":\"search_term_string\"}}],\"inLanguage\":\"it-IT\"},{\"@type\":\"Person\",\"@id\":\"https:\\\/\\\/www.nonsolomusicamagazine.it\\\/#\\\/schema\\\/person\\\/a3349ad02300d046472d46cf6d31ae46\",\"name\":\"nonsolomusica\",\"image\":{\"@type\":\"ImageObject\",\"inLanguage\":\"it-IT\",\"@id\":\"https:\\\/\\\/www.nonsolomusicamagazine.it\\\/wp-content\\\/litespeed\\\/avatar\\\/3a675484bc84db6aba78d43bfc8b7197.jpg?ver=1776880798\",\"url\":\"https:\\\/\\\/www.nonsolomusicamagazine.it\\\/wp-content\\\/litespeed\\\/avatar\\\/3a675484bc84db6aba78d43bfc8b7197.jpg?ver=1776880798\",\"contentUrl\":\"https:\\\/\\\/www.nonsolomusicamagazine.it\\\/wp-content\\\/litespeed\\\/avatar\\\/3a675484bc84db6aba78d43bfc8b7197.jpg?ver=1776880798\",\"caption\":\"nonsolomusica\"},\"sameAs\":[\"https:\\\/\\\/www.nonsolomusicamagazine.it\"],\"url\":\"https:\\\/\\\/www.nonsolomusicamagazine.it\\\/?author=1\"}]}<\/script>\n<!-- \/ Yoast SEO plugin. -->","yoast_head_json":{"title":"Elly Schlein: \"Io da sempre contraria al Jobs Act. Appoggio il referendum abrogativo della CGIL. - NonSoloMusicaMagazine","description":"Elly Schlein: \"Io da sempre contraria al Jobs Act. Appoggio il referendum abrogativo della CGIL.","robots":{"index":"index","follow":"follow","max-snippet":"max-snippet:-1","max-image-preview":"max-image-preview:large","max-video-preview":"max-video-preview:-1"},"canonical":"https:\/\/www.nonsolomusicamagazine.it\/?p=2610","og_locale":"it_IT","og_type":"article","og_title":"Elly Schlein: \"Io da sempre contraria al Jobs Act. Appoggio il referendum abrogativo della CGIL. - NonSoloMusicaMagazine","og_description":"Elly Schlein: \"Io da sempre contraria al Jobs Act. Appoggio il referendum abrogativo della CGIL.","og_url":"https:\/\/www.nonsolomusicamagazine.it\/?p=2610","og_site_name":"NonSoloMusicaMagazine","article_published_time":"2023-08-30T20:06:00+00:00","article_modified_time":"2023-08-30T20:06:01+00:00","og_image":[{"width":390,"height":220,"url":"https:\/\/www.nonsolomusicamagazine.it\/wp-content\/uploads\/2023\/04\/222906752-0ce2477c-40dc-4451-b792-d99d3d0c6a24.jpg","type":"image\/jpeg"}],"author":"nonsolomusica","twitter_card":"summary_large_image","twitter_misc":{"Scritto da":"nonsolomusica","Tempo di lettura stimato":"2 minuti"},"schema":{"@context":"https:\/\/schema.org","@graph":[{"@type":"Article","@id":"https:\/\/www.nonsolomusicamagazine.it\/?p=2610#article","isPartOf":{"@id":"https:\/\/www.nonsolomusicamagazine.it\/?p=2610"},"author":{"name":"nonsolomusica","@id":"https:\/\/www.nonsolomusicamagazine.it\/#\/schema\/person\/a3349ad02300d046472d46cf6d31ae46"},"headline":"Elly Schlein: &#8220;Io da sempre contraria al Jobs Act. Appoggio il referendum abrogativo della CGIL.","datePublished":"2023-08-30T20:06:00+00:00","dateModified":"2023-08-30T20:06:01+00:00","mainEntityOfPage":{"@id":"https:\/\/www.nonsolomusicamagazine.it\/?p=2610"},"wordCount":235,"commentCount":1,"image":{"@id":"https:\/\/www.nonsolomusicamagazine.it\/?p=2610#primaryimage"},"thumbnailUrl":"https:\/\/www.nonsolomusicamagazine.it\/wp-content\/uploads\/2023\/04\/222906752-0ce2477c-40dc-4451-b792-d99d3d0c6a24.jpg","keywords":["Elly Schlein","Pd","Referendum","Schlein"],"articleSection":["Lavoro","Politica"],"inLanguage":"it-IT","potentialAction":[{"@type":"CommentAction","name":"Comment","target":["https:\/\/www.nonsolomusicamagazine.it\/?p=2610#respond"]}]},{"@type":"WebPage","@id":"https:\/\/www.nonsolomusicamagazine.it\/?p=2610","url":"https:\/\/www.nonsolomusicamagazine.it\/?p=2610","name":"Elly Schlein: \"Io da sempre contraria al Jobs Act. Appoggio il referendum abrogativo della CGIL. - NonSoloMusicaMagazine","isPartOf":{"@id":"https:\/\/www.nonsolomusicamagazine.it\/#website"},"primaryImageOfPage":{"@id":"https:\/\/www.nonsolomusicamagazine.it\/?p=2610#primaryimage"},"image":{"@id":"https:\/\/www.nonsolomusicamagazine.it\/?p=2610#primaryimage"},"thumbnailUrl":"https:\/\/www.nonsolomusicamagazine.it\/wp-content\/uploads\/2023\/04\/222906752-0ce2477c-40dc-4451-b792-d99d3d0c6a24.jpg","datePublished":"2023-08-30T20:06:00+00:00","dateModified":"2023-08-30T20:06:01+00:00","author":{"@id":"https:\/\/www.nonsolomusicamagazine.it\/#\/schema\/person\/a3349ad02300d046472d46cf6d31ae46"},"description":"Elly Schlein: \"Io da sempre contraria al Jobs Act. Appoggio il referendum abrogativo della CGIL.","breadcrumb":{"@id":"https:\/\/www.nonsolomusicamagazine.it\/?p=2610#breadcrumb"},"inLanguage":"it-IT","potentialAction":[{"@type":"ReadAction","target":["https:\/\/www.nonsolomusicamagazine.it\/?p=2610"]}]},{"@type":"ImageObject","inLanguage":"it-IT","@id":"https:\/\/www.nonsolomusicamagazine.it\/?p=2610#primaryimage","url":"https:\/\/www.nonsolomusicamagazine.it\/wp-content\/uploads\/2023\/04\/222906752-0ce2477c-40dc-4451-b792-d99d3d0c6a24.jpg","contentUrl":"https:\/\/www.nonsolomusicamagazine.it\/wp-content\/uploads\/2023\/04\/222906752-0ce2477c-40dc-4451-b792-d99d3d0c6a24.jpg","width":390,"height":220},{"@type":"BreadcrumbList","@id":"https:\/\/www.nonsolomusicamagazine.it\/?p=2610#breadcrumb","itemListElement":[{"@type":"ListItem","position":1,"name":"Home","item":"https:\/\/www.nonsolomusicamagazine.it\/"},{"@type":"ListItem","position":2,"name":"Elly Schlein: &#8220;Io da sempre contraria al Jobs Act. Appoggio il referendum abrogativo della CGIL."}]},{"@type":"WebSite","@id":"https:\/\/www.nonsolomusicamagazine.it\/#website","url":"https:\/\/www.nonsolomusicamagazine.it\/","name":"Nonsolomusicamagazine","description":"Dir. responsabile Manuel M Buccarella","potentialAction":[{"@type":"SearchAction","target":{"@type":"EntryPoint","urlTemplate":"https:\/\/www.nonsolomusicamagazine.it\/?s={search_term_string}"},"query-input":{"@type":"PropertyValueSpecification","valueRequired":true,"valueName":"search_term_string"}}],"inLanguage":"it-IT"},{"@type":"Person","@id":"https:\/\/www.nonsolomusicamagazine.it\/#\/schema\/person\/a3349ad02300d046472d46cf6d31ae46","name":"nonsolomusica","image":{"@type":"ImageObject","inLanguage":"it-IT","@id":"https:\/\/www.nonsolomusicamagazine.it\/wp-content\/litespeed\/avatar\/3a675484bc84db6aba78d43bfc8b7197.jpg?ver=1776880798","url":"https:\/\/www.nonsolomusicamagazine.it\/wp-content\/litespeed\/avatar\/3a675484bc84db6aba78d43bfc8b7197.jpg?ver=1776880798","contentUrl":"https:\/\/www.nonsolomusicamagazine.it\/wp-content\/litespeed\/avatar\/3a675484bc84db6aba78d43bfc8b7197.jpg?ver=1776880798","caption":"nonsolomusica"},"sameAs":["https:\/\/www.nonsolomusicamagazine.it"],"url":"https:\/\/www.nonsolomusicamagazine.it\/?author=1"}]}},"amp_enabled":true,"_links":{"self":[{"href":"https:\/\/www.nonsolomusicamagazine.it\/index.php?rest_route=\/wp\/v2\/posts\/2610","targetHints":{"allow":["GET"]}}],"collection":[{"href":"https:\/\/www.nonsolomusicamagazine.it\/index.php?rest_route=\/wp\/v2\/posts"}],"about":[{"href":"https:\/\/www.nonsolomusicamagazine.it\/index.php?rest_route=\/wp\/v2\/types\/post"}],"author":[{"embeddable":true,"href":"https:\/\/www.nonsolomusicamagazine.it\/index.php?rest_route=\/wp\/v2\/users\/1"}],"replies":[{"embeddable":true,"href":"https:\/\/www.nonsolomusicamagazine.it\/index.php?rest_route=%2Fwp%2Fv2%2Fcomments&post=2610"}],"version-history":[{"count":0,"href":"https:\/\/www.nonsolomusicamagazine.it\/index.php?rest_route=\/wp\/v2\/posts\/2610\/revisions"}],"wp:featuredmedia":[{"embeddable":true,"href":"https:\/\/www.nonsolomusicamagazine.it\/index.php?rest_route=\/wp\/v2\/media\/455"}],"wp:attachment":[{"href":"https:\/\/www.nonsolomusicamagazine.it\/index.php?rest_route=%2Fwp%2Fv2%2Fmedia&parent=2610"}],"wp:term":[{"taxonomy":"category","embeddable":true,"href":"https:\/\/www.nonsolomusicamagazine.it\/index.php?rest_route=%2Fwp%2Fv2%2Fcategories&post=2610"},{"taxonomy":"post_tag","embeddable":true,"href":"https:\/\/www.nonsolomusicamagazine.it\/index.php?rest_route=%2Fwp%2Fv2%2Ftags&post=2610"}],"curies":[{"name":"wp","href":"https:\/\/api.w.org\/{rel}","templated":true}]}}