{"id":2770,"date":"2023-09-11T17:30:38","date_gmt":"2023-09-11T17:30:38","guid":{"rendered":"https:\/\/www.nonsolomusicamagazine.it\/?p=2770"},"modified":"2023-09-11T17:30:39","modified_gmt":"2023-09-11T17:30:39","slug":"litalia-e-alla-frutta","status":"publish","type":"post","link":"https:\/\/www.nonsolomusicamagazine.it\/?p=2770","title":{"rendered":"L\u2019ITALIA E\u2019 ALLA FRUTTA"},"content":{"rendered":"\n<h5 class=\"wp-block-heading\">DOPO LA DISFATTA DI PALERMO, MACEDONIA ANCORA INDIGESTA PER LA NOSTRA NAZIONALE<\/h5>\n\n\n\n<p class=\"has-text-align-center\"><strong>Luciano Graziuso<\/strong><\/p>\n\n\n\n<p>La nuova Italia di Luciano Spalletti, esente da colpe perch\u00e9 appena arrivato e per lo scarso \u201cmateriale\u201d a sua disposizione, non riesce ad andare oltre ad uno scialbo 1 a 1 in casa della Macedonia del Nord, squadra molto mediocre che per\u00f2 ci aveva gi\u00e0 sconfitti nello spareggio per andare in Qatar e quindi estromessi dallo scorso mondiale. Il fatto che la nostra Nazionale (ottava nel ranking FIFA) non sia riuscita in due occasioni a sconfiggere una squadra (68\u00b0 nel ranking) in cui solo un paio di giocatori militano in campionati di primo piano rende bene l\u2019idea della terribile situazione in cui si trova il calcio nostrano. Rispetto alla partita precedente di Palermo, incredibile ma vero, abbiamo anche potuto assistere ad un netto peggioramento: mentre nel match giocato in Sicilia si poteva, fino ad un certo punto, parlare di sfortuna (32 tiri effettuati a 4 per l\u2019Italia e sconfitta per 1 a 0 con gol subito in pieno recupero), nella gara di Skopje i padroni di casa non hanno rubato assolutamente nulla, perch\u00e9 i nostri giocatori sono riusciti nell\u2019 \u201cimpresa\u201d di rendere equilibratissima (10 tiri effettuati da noi e 9 da loro, di cui 3 in porta a testa) una partita disputatasi tra due Nazionali distanti ben 60 posizioni nel ranking FIFA. <\/p>\n\n\n\n<h5 class=\"wp-block-heading\">La cronaca <\/h5>\n\n\n\n<p>Sulla partita in s\u00e9 e per s\u00e9 c\u2019\u00e8 ben poco da dire: dopo un primo tempo poco pi\u00f9 che discreto giocato dagli azzurri, in cui assistiamo ad un palo di Tonali e ad altre due occasioni da gol capitate a Cristante (ma anche a due azioni molto pericolose dei nostri avversari), nella ripresa passiamo subito in vantaggio, con Immobile che al 47\u2019 si fa trovare pronto e segna di testa dopo una traversa colpita da Barella. Dopo la rete l\u2019Italia, invece di cercare il raddoppio per chiudere la partita, scompare completamente dal campo e la Macedonia dapprima sfiora il gol con Elmas e poco dopo lo trova con una punizione di Bardhi che beffa un colpevole Donnarumma. Tra i pochissimi a salvarsi Barella (migliore in campo), Cristante e Immobile (ma solo per la marcatura realizzata); nel grigiore generale invece spiccano in negativo Donnarumma, Di Lorenzo, Zaccagni e Politano. Molto di pi\u00f9 si pu\u00f2 invece dire sulla situazione sempre pi\u00f9 precaria in cui versa il nostro calcio. <\/p>\n\n\n\n<h5 class=\"wp-block-heading\">I PROBLEMI DELLA NAZIONALE<\/h5>\n\n\n\n<p>La partita di sabato scorso infatti \u00e8 solo la punta dell\u2019iceberg; se si vuole veramente far ritornare l\u2019Italia ai vertici del mondo del pallone bisogna intervenire, seriamente e nel minor tempo possibile, per risolvere delle importanti problematiche che sono presenti ormai da tantissimi anni:<\/p>\n\n\n\n<p>1) SERIE A CON TROPPI STRANIERI E POCHI INVESTIMENTI SUI SETTORI GIOVANILI<\/p>\n\n\n\n<p>A differenza degli altri campionati top, nella Serie A \u00e8 bassissima la percentuale di calciatori nostrani: lo scorso anno erano solamente 240 su 605! Se a questo aggiungiamo il fatto che vengono destinati pochissimi fondi ai settori giovanili, \u00e8 facile comprendere le grandi difficolt\u00e0 che incontra di volta in volta il selezionatore della Nazionale nello scegliere i convocati per le varie partite da disputare.<\/p>\n\n\n\n<p>2) AIUTO INESISTENTE DA PARTE DELLE ISTITUZIONI E DEI PRESIDENTI DI CLUB<\/p>\n\n\n\n<p>Quante volte abbiamo sentito i vertici della Lega Serie A, nonch\u00e9 i padroni dei club, pronunciare frasi del tipo: \u201cBisogna fare di tutto per risollevare la nostra Nazionale\u201d, \u201cOffriremo all\u2019Italia tutto l\u2019aiuto necessario\u201d e via dicendo? Peccato che poi alle parole non siano seguiti i fatti. Emblematico \u00e8 stato ci\u00f2 che \u00e8 avvenuto l\u2019anno scorso: l\u2019ex CT Mancini e molti membri della FIGC avevano chiesto alla Lega Serie A dapprima di anticipare di una settimana l\u2019inizio del campionato ed in seguito, appresa la notizia che si sarebbero dovuti disputare gli spareggi per poter andare ai Mondiali, di rinviare almeno la giornata precedente (come diversi Stati esteri avevano fatto); ebbene, a dispetto dei vari proclami fatti in precedenza, nessuna delle due richieste fu esaudita.<\/p>\n\n\n\n<p>3) SCARSO VALORE DEI GIOCATORI E SCARSISSIMO ATTACCAMENTO ALLA MAGLIA<\/p>\n\n\n\n<p>Soprattutto a causa di quanto scritto nel punto 1), da molto tempo ci ritroviamo tra i convocati tantissimi calciatori che militano in squadre di medio-bassa classifica e sempre meno giocatori facenti parte di quelle di vertice: questo \u00e8 ovviamente uno dei principali motivi per cui i risultati dell\u2019Italia peggiorano costantemente. Dulcis in fundo, gli uomini che scendono in campo, oltre ad essere mediamente piuttosto scarsi, ci mettono del loro non impegnandosi e\/o centellinando le energie in vista delle successive partite da disputare con i loro club; ci\u00f2 spiega come sia possibile che compagini molto inferiori a noi, con calciatori semisconosciuti ma che si impegnano fino allo stremo quando devono rappresentare la loro patria, ci mangino in testa sempre pi\u00f9 frequentemente.<\/p>\n\n\n\n<p>&nbsp;E dato che al peggio non c\u2019\u00e8 mai fine, per concludere, abbiamo a che fare sempre pi\u00f9 spesso con la piaga dei finti infortuni: in concomitanza con le finestre dedicate alle Nazionali, ci tocca assistere sempre a quei 5\/6 (ma a volte anche 10, se non di pi\u00f9) giocatori \u201csfortunati\u201d che, proprio quando si tratta di giocare per l\u2019Italia, si fanno male in svariati modi, per poi almeno nel 95% dei casi ritornare miracolosamente a disposizione per la giornata successiva di campionato, e magari riuscire anche a segnare, fornire assist o comunque disputare grandi partite. Questa volta ci hanno pensato Pellegrini e Chiesa (due \u201chabitu\u00e9\u201d, soprattutto il primo) a marcare visita fin da subito, seguiti tre giorni dopo da Mancini e Politano; anche Berardi, chiamato ieri da Spalletti per rimpolpare un po&#8217; la rosa, non \u00e8 stato da meno ed ha dimostrato il suo grande attaccamento alla maglia azzurra rifiutando addirittura la convocazione.<\/p>\n\n\n\n<p>E\u2019 molto triste constatare che per molti giocatori italiani di oggi le partite con la Nazionale, un tempo considerate il massimo traguardo per un calciatore, rappresentino nel migliore dei casi solamente un buon allenamento in vista delle successive gare di Serie A; se non addirittura un fastidio che sottrae energie alla preparazione con la propria squadra di club oppure che semplicemente toglie del tempo libero da poter utilizzare in altri modi. Quest\u2019ultimo aspetto \u00e8 il pi\u00f9 preoccupante, quello che pi\u00f9 si oppone alla nostra risalita nel calcio che conta: l\u2019assenza quasi totale di motivazioni da parte della maggior parte degli interpreti; urge un cambiamento di mentalit\u00e0, altrimenti la mediocrit\u00e0 diventer\u00e0 la nostra nuova dimensione.<\/p>\n\n\n<figure class=\"wp-block-post-featured-image\"><img decoding=\"async\" width=\"2560\" height=\"1587\" src=\"https:\/\/www.nonsolomusicamagazine.it\/wp-content\/uploads\/2023\/09\/spallettiok-scaled.jpeg\" class=\"attachment-post-thumbnail size-post-thumbnail wp-post-image\" alt=\"\" style=\"object-fit:cover;\" srcset=\"https:\/\/www.nonsolomusicamagazine.it\/wp-content\/uploads\/2023\/09\/spallettiok-scaled.jpeg 2560w, https:\/\/www.nonsolomusicamagazine.it\/wp-content\/uploads\/2023\/09\/spallettiok-300x186.jpeg 300w, https:\/\/www.nonsolomusicamagazine.it\/wp-content\/uploads\/2023\/09\/spallettiok-1024x635.jpeg 1024w, https:\/\/www.nonsolomusicamagazine.it\/wp-content\/uploads\/2023\/09\/spallettiok-768x476.jpeg 768w, https:\/\/www.nonsolomusicamagazine.it\/wp-content\/uploads\/2023\/09\/spallettiok-1536x952.jpeg 1536w, https:\/\/www.nonsolomusicamagazine.it\/wp-content\/uploads\/2023\/09\/spallettiok-2048x1270.jpeg 2048w, https:\/\/www.nonsolomusicamagazine.it\/wp-content\/uploads\/2023\/09\/spallettiok-1320x818.jpeg 1320w\" sizes=\"(max-width: 2560px) 100vw, 2560px\" \/><\/figure>","protected":false},"excerpt":{"rendered":"<p>DOPO LA DISFATTA DI PALERMO, MACEDONIA ANCORA INDIGESTA PER LA NOSTRA NAZIONALE Luciano Graziuso La nuova Italia di Luciano Spalletti, esente da colpe perch\u00e9 appena arrivato e per lo scarso \u201cmateriale\u201d a sua disposizione, non riesce ad andare oltre ad uno scialbo 1 a 1 in casa della Macedonia del Nord, squadra molto mediocre che [&hellip;]<\/p>\n","protected":false},"author":1,"featured_media":2746,"comment_status":"open","ping_status":"closed","sticky":false,"template":"","format":"standard","meta":{"footnotes":""},"categories":[1832],"tags":[210,1887,389],"class_list":["post-2770","post","type-post","status-publish","format-standard","has-post-thumbnail","hentry","category-calcio","tag-italia","tag-macedonia","tag-nazionale"],"yoast_head":"<!-- This site is optimized with the Yoast SEO plugin v27.4 - https:\/\/yoast.com\/product\/yoast-seo-wordpress\/ -->\n<title>L\u2019ITALIA E\u2019 ALLA FRUTTA - NonSoloMusicaMagazine<\/title>\n<meta name=\"description\" content=\"L\u2019ITALIA E\u2019 ALLA FRUTTA. DOPO LA DISFATTA DI PALERMO, MACEDONIA ANCORA INDIGESTA PER LA NOSTRA NAZIONALE\" \/>\n<meta name=\"robots\" content=\"index, follow, max-snippet:-1, max-image-preview:large, max-video-preview:-1\" \/>\n<link rel=\"canonical\" href=\"https:\/\/www.nonsolomusicamagazine.it\/?p=2770\" \/>\n<meta property=\"og:locale\" content=\"it_IT\" \/>\n<meta property=\"og:type\" content=\"article\" \/>\n<meta property=\"og:title\" content=\"L\u2019ITALIA E\u2019 ALLA FRUTTA - NonSoloMusicaMagazine\" \/>\n<meta property=\"og:description\" content=\"L\u2019ITALIA E\u2019 ALLA FRUTTA. DOPO LA DISFATTA DI PALERMO, MACEDONIA ANCORA INDIGESTA PER LA NOSTRA NAZIONALE\" \/>\n<meta property=\"og:url\" content=\"https:\/\/www.nonsolomusicamagazine.it\/?p=2770\" \/>\n<meta property=\"og:site_name\" content=\"NonSoloMusicaMagazine\" \/>\n<meta property=\"article:published_time\" content=\"2023-09-11T17:30:38+00:00\" \/>\n<meta property=\"article:modified_time\" content=\"2023-09-11T17:30:39+00:00\" \/>\n<meta property=\"og:image\" content=\"https:\/\/www.nonsolomusicamagazine.it\/wp-content\/uploads\/2023\/09\/spallettiok-scaled.jpeg\" \/>\n\t<meta property=\"og:image:width\" content=\"2560\" \/>\n\t<meta property=\"og:image:height\" content=\"1587\" \/>\n\t<meta property=\"og:image:type\" content=\"image\/jpeg\" \/>\n<meta name=\"author\" content=\"nonsolomusica\" \/>\n<meta name=\"twitter:card\" content=\"summary_large_image\" \/>\n<meta name=\"twitter:label1\" content=\"Scritto da\" \/>\n\t<meta name=\"twitter:data1\" content=\"nonsolomusica\" \/>\n\t<meta name=\"twitter:label2\" content=\"Tempo di lettura stimato\" \/>\n\t<meta name=\"twitter:data2\" content=\"6 minuti\" \/>\n<script type=\"application\/ld+json\" class=\"yoast-schema-graph\">{\"@context\":\"https:\\\/\\\/schema.org\",\"@graph\":[{\"@type\":\"Article\",\"@id\":\"https:\\\/\\\/www.nonsolomusicamagazine.it\\\/?p=2770#article\",\"isPartOf\":{\"@id\":\"https:\\\/\\\/www.nonsolomusicamagazine.it\\\/?p=2770\"},\"author\":{\"name\":\"nonsolomusica\",\"@id\":\"https:\\\/\\\/www.nonsolomusicamagazine.it\\\/#\\\/schema\\\/person\\\/a3349ad02300d046472d46cf6d31ae46\"},\"headline\":\"L\u2019ITALIA E\u2019 ALLA FRUTTA\",\"datePublished\":\"2023-09-11T17:30:38+00:00\",\"dateModified\":\"2023-09-11T17:30:39+00:00\",\"mainEntityOfPage\":{\"@id\":\"https:\\\/\\\/www.nonsolomusicamagazine.it\\\/?p=2770\"},\"wordCount\":1042,\"commentCount\":1,\"image\":{\"@id\":\"https:\\\/\\\/www.nonsolomusicamagazine.it\\\/?p=2770#primaryimage\"},\"thumbnailUrl\":\"https:\\\/\\\/www.nonsolomusicamagazine.it\\\/wp-content\\\/uploads\\\/2023\\\/09\\\/spallettiok-scaled.jpeg\",\"keywords\":[\"Italia\",\"Macedonia\",\"Nazionale\"],\"articleSection\":[\"Calcio\"],\"inLanguage\":\"it-IT\",\"potentialAction\":[{\"@type\":\"CommentAction\",\"name\":\"Comment\",\"target\":[\"https:\\\/\\\/www.nonsolomusicamagazine.it\\\/?p=2770#respond\"]}]},{\"@type\":\"WebPage\",\"@id\":\"https:\\\/\\\/www.nonsolomusicamagazine.it\\\/?p=2770\",\"url\":\"https:\\\/\\\/www.nonsolomusicamagazine.it\\\/?p=2770\",\"name\":\"L\u2019ITALIA E\u2019 ALLA FRUTTA - NonSoloMusicaMagazine\",\"isPartOf\":{\"@id\":\"https:\\\/\\\/www.nonsolomusicamagazine.it\\\/#website\"},\"primaryImageOfPage\":{\"@id\":\"https:\\\/\\\/www.nonsolomusicamagazine.it\\\/?p=2770#primaryimage\"},\"image\":{\"@id\":\"https:\\\/\\\/www.nonsolomusicamagazine.it\\\/?p=2770#primaryimage\"},\"thumbnailUrl\":\"https:\\\/\\\/www.nonsolomusicamagazine.it\\\/wp-content\\\/uploads\\\/2023\\\/09\\\/spallettiok-scaled.jpeg\",\"datePublished\":\"2023-09-11T17:30:38+00:00\",\"dateModified\":\"2023-09-11T17:30:39+00:00\",\"author\":{\"@id\":\"https:\\\/\\\/www.nonsolomusicamagazine.it\\\/#\\\/schema\\\/person\\\/a3349ad02300d046472d46cf6d31ae46\"},\"description\":\"L\u2019ITALIA E\u2019 ALLA FRUTTA. DOPO LA DISFATTA DI PALERMO, MACEDONIA ANCORA INDIGESTA PER LA NOSTRA NAZIONALE\",\"breadcrumb\":{\"@id\":\"https:\\\/\\\/www.nonsolomusicamagazine.it\\\/?p=2770#breadcrumb\"},\"inLanguage\":\"it-IT\",\"potentialAction\":[{\"@type\":\"ReadAction\",\"target\":[\"https:\\\/\\\/www.nonsolomusicamagazine.it\\\/?p=2770\"]}]},{\"@type\":\"ImageObject\",\"inLanguage\":\"it-IT\",\"@id\":\"https:\\\/\\\/www.nonsolomusicamagazine.it\\\/?p=2770#primaryimage\",\"url\":\"https:\\\/\\\/www.nonsolomusicamagazine.it\\\/wp-content\\\/uploads\\\/2023\\\/09\\\/spallettiok-scaled.jpeg\",\"contentUrl\":\"https:\\\/\\\/www.nonsolomusicamagazine.it\\\/wp-content\\\/uploads\\\/2023\\\/09\\\/spallettiok-scaled.jpeg\",\"width\":2560,\"height\":1587,\"caption\":\"TURIN, ITALY - APRIL 23: Luciano Spalletti, Head Coach of SSC Napoli, looks on prior to the Serie A match between Juventus and SSC Napoli at Allianz Stadium on April 23, 2023 in Turin, Italy. (Photo by Valerio Pennicino\\\/Getty Images)\"},{\"@type\":\"BreadcrumbList\",\"@id\":\"https:\\\/\\\/www.nonsolomusicamagazine.it\\\/?p=2770#breadcrumb\",\"itemListElement\":[{\"@type\":\"ListItem\",\"position\":1,\"name\":\"Home\",\"item\":\"https:\\\/\\\/www.nonsolomusicamagazine.it\\\/\"},{\"@type\":\"ListItem\",\"position\":2,\"name\":\"L\u2019ITALIA E\u2019 ALLA FRUTTA\"}]},{\"@type\":\"WebSite\",\"@id\":\"https:\\\/\\\/www.nonsolomusicamagazine.it\\\/#website\",\"url\":\"https:\\\/\\\/www.nonsolomusicamagazine.it\\\/\",\"name\":\"Nonsolomusicamagazine\",\"description\":\"Dir. responsabile Manuel M Buccarella\",\"potentialAction\":[{\"@type\":\"SearchAction\",\"target\":{\"@type\":\"EntryPoint\",\"urlTemplate\":\"https:\\\/\\\/www.nonsolomusicamagazine.it\\\/?s={search_term_string}\"},\"query-input\":{\"@type\":\"PropertyValueSpecification\",\"valueRequired\":true,\"valueName\":\"search_term_string\"}}],\"inLanguage\":\"it-IT\"},{\"@type\":\"Person\",\"@id\":\"https:\\\/\\\/www.nonsolomusicamagazine.it\\\/#\\\/schema\\\/person\\\/a3349ad02300d046472d46cf6d31ae46\",\"name\":\"nonsolomusica\",\"image\":{\"@type\":\"ImageObject\",\"inLanguage\":\"it-IT\",\"@id\":\"https:\\\/\\\/www.nonsolomusicamagazine.it\\\/wp-content\\\/litespeed\\\/avatar\\\/3a675484bc84db6aba78d43bfc8b7197.jpg?ver=1776880798\",\"url\":\"https:\\\/\\\/www.nonsolomusicamagazine.it\\\/wp-content\\\/litespeed\\\/avatar\\\/3a675484bc84db6aba78d43bfc8b7197.jpg?ver=1776880798\",\"contentUrl\":\"https:\\\/\\\/www.nonsolomusicamagazine.it\\\/wp-content\\\/litespeed\\\/avatar\\\/3a675484bc84db6aba78d43bfc8b7197.jpg?ver=1776880798\",\"caption\":\"nonsolomusica\"},\"sameAs\":[\"https:\\\/\\\/www.nonsolomusicamagazine.it\"],\"url\":\"https:\\\/\\\/www.nonsolomusicamagazine.it\\\/?author=1\"}]}<\/script>\n<!-- \/ Yoast SEO plugin. -->","yoast_head_json":{"title":"L\u2019ITALIA E\u2019 ALLA FRUTTA - NonSoloMusicaMagazine","description":"L\u2019ITALIA E\u2019 ALLA FRUTTA. DOPO LA DISFATTA DI PALERMO, MACEDONIA ANCORA INDIGESTA PER LA NOSTRA NAZIONALE","robots":{"index":"index","follow":"follow","max-snippet":"max-snippet:-1","max-image-preview":"max-image-preview:large","max-video-preview":"max-video-preview:-1"},"canonical":"https:\/\/www.nonsolomusicamagazine.it\/?p=2770","og_locale":"it_IT","og_type":"article","og_title":"L\u2019ITALIA E\u2019 ALLA FRUTTA - NonSoloMusicaMagazine","og_description":"L\u2019ITALIA E\u2019 ALLA FRUTTA. DOPO LA DISFATTA DI PALERMO, MACEDONIA ANCORA INDIGESTA PER LA NOSTRA NAZIONALE","og_url":"https:\/\/www.nonsolomusicamagazine.it\/?p=2770","og_site_name":"NonSoloMusicaMagazine","article_published_time":"2023-09-11T17:30:38+00:00","article_modified_time":"2023-09-11T17:30:39+00:00","og_image":[{"width":2560,"height":1587,"url":"https:\/\/www.nonsolomusicamagazine.it\/wp-content\/uploads\/2023\/09\/spallettiok-scaled.jpeg","type":"image\/jpeg"}],"author":"nonsolomusica","twitter_card":"summary_large_image","twitter_misc":{"Scritto da":"nonsolomusica","Tempo di lettura stimato":"6 minuti"},"schema":{"@context":"https:\/\/schema.org","@graph":[{"@type":"Article","@id":"https:\/\/www.nonsolomusicamagazine.it\/?p=2770#article","isPartOf":{"@id":"https:\/\/www.nonsolomusicamagazine.it\/?p=2770"},"author":{"name":"nonsolomusica","@id":"https:\/\/www.nonsolomusicamagazine.it\/#\/schema\/person\/a3349ad02300d046472d46cf6d31ae46"},"headline":"L\u2019ITALIA E\u2019 ALLA FRUTTA","datePublished":"2023-09-11T17:30:38+00:00","dateModified":"2023-09-11T17:30:39+00:00","mainEntityOfPage":{"@id":"https:\/\/www.nonsolomusicamagazine.it\/?p=2770"},"wordCount":1042,"commentCount":1,"image":{"@id":"https:\/\/www.nonsolomusicamagazine.it\/?p=2770#primaryimage"},"thumbnailUrl":"https:\/\/www.nonsolomusicamagazine.it\/wp-content\/uploads\/2023\/09\/spallettiok-scaled.jpeg","keywords":["Italia","Macedonia","Nazionale"],"articleSection":["Calcio"],"inLanguage":"it-IT","potentialAction":[{"@type":"CommentAction","name":"Comment","target":["https:\/\/www.nonsolomusicamagazine.it\/?p=2770#respond"]}]},{"@type":"WebPage","@id":"https:\/\/www.nonsolomusicamagazine.it\/?p=2770","url":"https:\/\/www.nonsolomusicamagazine.it\/?p=2770","name":"L\u2019ITALIA E\u2019 ALLA FRUTTA - NonSoloMusicaMagazine","isPartOf":{"@id":"https:\/\/www.nonsolomusicamagazine.it\/#website"},"primaryImageOfPage":{"@id":"https:\/\/www.nonsolomusicamagazine.it\/?p=2770#primaryimage"},"image":{"@id":"https:\/\/www.nonsolomusicamagazine.it\/?p=2770#primaryimage"},"thumbnailUrl":"https:\/\/www.nonsolomusicamagazine.it\/wp-content\/uploads\/2023\/09\/spallettiok-scaled.jpeg","datePublished":"2023-09-11T17:30:38+00:00","dateModified":"2023-09-11T17:30:39+00:00","author":{"@id":"https:\/\/www.nonsolomusicamagazine.it\/#\/schema\/person\/a3349ad02300d046472d46cf6d31ae46"},"description":"L\u2019ITALIA E\u2019 ALLA FRUTTA. DOPO LA DISFATTA DI PALERMO, MACEDONIA ANCORA INDIGESTA PER LA NOSTRA NAZIONALE","breadcrumb":{"@id":"https:\/\/www.nonsolomusicamagazine.it\/?p=2770#breadcrumb"},"inLanguage":"it-IT","potentialAction":[{"@type":"ReadAction","target":["https:\/\/www.nonsolomusicamagazine.it\/?p=2770"]}]},{"@type":"ImageObject","inLanguage":"it-IT","@id":"https:\/\/www.nonsolomusicamagazine.it\/?p=2770#primaryimage","url":"https:\/\/www.nonsolomusicamagazine.it\/wp-content\/uploads\/2023\/09\/spallettiok-scaled.jpeg","contentUrl":"https:\/\/www.nonsolomusicamagazine.it\/wp-content\/uploads\/2023\/09\/spallettiok-scaled.jpeg","width":2560,"height":1587,"caption":"TURIN, ITALY - APRIL 23: Luciano Spalletti, Head Coach of SSC Napoli, looks on prior to the Serie A match between Juventus and SSC Napoli at Allianz Stadium on April 23, 2023 in Turin, Italy. (Photo by Valerio Pennicino\/Getty Images)"},{"@type":"BreadcrumbList","@id":"https:\/\/www.nonsolomusicamagazine.it\/?p=2770#breadcrumb","itemListElement":[{"@type":"ListItem","position":1,"name":"Home","item":"https:\/\/www.nonsolomusicamagazine.it\/"},{"@type":"ListItem","position":2,"name":"L\u2019ITALIA E\u2019 ALLA FRUTTA"}]},{"@type":"WebSite","@id":"https:\/\/www.nonsolomusicamagazine.it\/#website","url":"https:\/\/www.nonsolomusicamagazine.it\/","name":"Nonsolomusicamagazine","description":"Dir. responsabile Manuel M Buccarella","potentialAction":[{"@type":"SearchAction","target":{"@type":"EntryPoint","urlTemplate":"https:\/\/www.nonsolomusicamagazine.it\/?s={search_term_string}"},"query-input":{"@type":"PropertyValueSpecification","valueRequired":true,"valueName":"search_term_string"}}],"inLanguage":"it-IT"},{"@type":"Person","@id":"https:\/\/www.nonsolomusicamagazine.it\/#\/schema\/person\/a3349ad02300d046472d46cf6d31ae46","name":"nonsolomusica","image":{"@type":"ImageObject","inLanguage":"it-IT","@id":"https:\/\/www.nonsolomusicamagazine.it\/wp-content\/litespeed\/avatar\/3a675484bc84db6aba78d43bfc8b7197.jpg?ver=1776880798","url":"https:\/\/www.nonsolomusicamagazine.it\/wp-content\/litespeed\/avatar\/3a675484bc84db6aba78d43bfc8b7197.jpg?ver=1776880798","contentUrl":"https:\/\/www.nonsolomusicamagazine.it\/wp-content\/litespeed\/avatar\/3a675484bc84db6aba78d43bfc8b7197.jpg?ver=1776880798","caption":"nonsolomusica"},"sameAs":["https:\/\/www.nonsolomusicamagazine.it"],"url":"https:\/\/www.nonsolomusicamagazine.it\/?author=1"}]}},"amp_enabled":true,"_links":{"self":[{"href":"https:\/\/www.nonsolomusicamagazine.it\/index.php?rest_route=\/wp\/v2\/posts\/2770","targetHints":{"allow":["GET"]}}],"collection":[{"href":"https:\/\/www.nonsolomusicamagazine.it\/index.php?rest_route=\/wp\/v2\/posts"}],"about":[{"href":"https:\/\/www.nonsolomusicamagazine.it\/index.php?rest_route=\/wp\/v2\/types\/post"}],"author":[{"embeddable":true,"href":"https:\/\/www.nonsolomusicamagazine.it\/index.php?rest_route=\/wp\/v2\/users\/1"}],"replies":[{"embeddable":true,"href":"https:\/\/www.nonsolomusicamagazine.it\/index.php?rest_route=%2Fwp%2Fv2%2Fcomments&post=2770"}],"version-history":[{"count":0,"href":"https:\/\/www.nonsolomusicamagazine.it\/index.php?rest_route=\/wp\/v2\/posts\/2770\/revisions"}],"wp:featuredmedia":[{"embeddable":true,"href":"https:\/\/www.nonsolomusicamagazine.it\/index.php?rest_route=\/wp\/v2\/media\/2746"}],"wp:attachment":[{"href":"https:\/\/www.nonsolomusicamagazine.it\/index.php?rest_route=%2Fwp%2Fv2%2Fmedia&parent=2770"}],"wp:term":[{"taxonomy":"category","embeddable":true,"href":"https:\/\/www.nonsolomusicamagazine.it\/index.php?rest_route=%2Fwp%2Fv2%2Fcategories&post=2770"},{"taxonomy":"post_tag","embeddable":true,"href":"https:\/\/www.nonsolomusicamagazine.it\/index.php?rest_route=%2Fwp%2Fv2%2Ftags&post=2770"}],"curies":[{"name":"wp","href":"https:\/\/api.w.org\/{rel}","templated":true}]}}