{"id":2980,"date":"2023-09-27T10:54:13","date_gmt":"2023-09-27T10:54:13","guid":{"rendered":"https:\/\/www.nonsolomusicamagazine.it\/?p=2980"},"modified":"2023-09-27T10:54:14","modified_gmt":"2023-09-27T10:54:14","slug":"80-anni-fa-l-inizio-delle-quattro-giornate-di-napoli-l-insurrezione-popolare-che-caccio-i-nazisti-dalla-citta","status":"publish","type":"post","link":"https:\/\/www.nonsolomusicamagazine.it\/?p=2980","title":{"rendered":"80 anni fa l&#8217; inizio delle Quattro giornate di Napoli. L&#8217; insurrezione popolare che cacci\u00f2 i nazisti dalla citt\u00e0."},"content":{"rendered":"\n<p>Il 27 settembre 1943, in piena seconda guerra mondiale, hanno inizio le <strong>quattro giornate di Napoli<\/strong>, un&#8217;insurrezione\u00a0popolare con la quale, tra il 27 e il 30 settembre\u00a01943, la popolazione civile e militari fedeli al\u00a0Regno del Sud\u00a0riuscirono a liberare la citt\u00e0 di\u00a0Napoli\u00a0dall&#8217;occupazione delle forze tedesche\u00a0della\u00a0Wehrmacht.<\/p>\n\n\n\n<p>Prima citt\u00e0 europea ad essere completamente liberata dal popolo, tanto da consentire un ingresso facile degli Alleati. Va detto che per ben tre anni, tra il 1940 ed il 1943, le forze aeree degli Alleati bombardarono ripetutamente la citt\u00e0 occupata dai nazisti,  con notevoli perdite tra i civili, almeno 25mila. La vera liberazione per\u00f2 avvenne per merito del popolo napoletano e dei militari del Regno del sud. La citt\u00e0 si merit\u00f2 la medaglia d&#8217;oro al valor militare.<\/p>\n\n\n\n<p>Luigi Longo, partigiano comunista ed in seguito anche segretario generale del PCI, ebbe a dire a proposito delle Quattro giornate: \u00abDopo Napoli la parola d&#8217;ordine dell&#8217;insurrezione finale acquist\u00f2 un senso e un valore e fu allora la direttiva di marcia per la parte pi\u00f9 audace della Resistenza italiana\u00bb. La parte pi\u00f9 audace della Resistenza italiana ambiva alla rivoluzione socialista.<\/p>\n\n\n<figure class=\"wp-block-post-featured-image\"><img decoding=\"async\" width=\"1712\" height=\"1100\" src=\"https:\/\/www.nonsolomusicamagazine.it\/wp-content\/uploads\/2023\/09\/napoli.jpg\" class=\"attachment-post-thumbnail size-post-thumbnail wp-post-image\" alt=\"\" style=\"object-fit:cover;\" srcset=\"https:\/\/www.nonsolomusicamagazine.it\/wp-content\/uploads\/2023\/09\/napoli.jpg 1712w, https:\/\/www.nonsolomusicamagazine.it\/wp-content\/uploads\/2023\/09\/napoli-300x193.jpg 300w, https:\/\/www.nonsolomusicamagazine.it\/wp-content\/uploads\/2023\/09\/napoli-1024x658.jpg 1024w, https:\/\/www.nonsolomusicamagazine.it\/wp-content\/uploads\/2023\/09\/napoli-768x493.jpg 768w, https:\/\/www.nonsolomusicamagazine.it\/wp-content\/uploads\/2023\/09\/napoli-1536x987.jpg 1536w, https:\/\/www.nonsolomusicamagazine.it\/wp-content\/uploads\/2023\/09\/napoli-1320x848.jpg 1320w\" sizes=\"(max-width: 1712px) 100vw, 1712px\" \/><\/figure>","protected":false},"excerpt":{"rendered":"<p>Il 27 settembre 1943, in piena seconda guerra mondiale, hanno inizio le quattro giornate di Napoli, un&#8217;insurrezione\u00a0popolare con la quale, tra il 27 e il 30 settembre\u00a01943, la popolazione civile e militari fedeli al\u00a0Regno del Sud\u00a0riuscirono a liberare la citt\u00e0 di\u00a0Napoli\u00a0dall&#8217;occupazione delle forze tedesche\u00a0della\u00a0Wehrmacht. Prima citt\u00e0 europea ad essere completamente liberata dal popolo, tanto da [&hellip;]<\/p>\n","protected":false},"author":1,"featured_media":2981,"comment_status":"open","ping_status":"closed","sticky":false,"template":"","format":"standard","meta":{"footnotes":""},"categories":[1321],"tags":[2011,151,2010,2009],"class_list":["post-2980","post","type-post","status-publish","format-standard","has-post-thumbnail","hentry","category-storia","tag-insurrezione","tag-napoli","tag-quattro-giornate","tag-seconda-guerra-mondiale"],"yoast_head":"<!-- This site is optimized with the Yoast SEO plugin v27.4 - https:\/\/yoast.com\/product\/yoast-seo-wordpress\/ -->\n<title>80 anni fa l&#039; inizio delle Quattro giornate di Napoli. L&#039; insurrezione popolare che cacci\u00f2 i nazisti dalla citt\u00e0. - NonSoloMusicaMagazine<\/title>\n<meta name=\"description\" content=\"80 anni fa l&#039; inizio delle Quattro giornate di Napoli. L&#039; insurrezione popolare che cacci\u00f2 i nazisti dalla citt\u00e0.\" \/>\n<meta name=\"robots\" content=\"index, follow, max-snippet:-1, max-image-preview:large, max-video-preview:-1\" \/>\n<link rel=\"canonical\" href=\"https:\/\/www.nonsolomusicamagazine.it\/?p=2980\" \/>\n<meta property=\"og:locale\" content=\"it_IT\" \/>\n<meta property=\"og:type\" content=\"article\" \/>\n<meta property=\"og:title\" content=\"80 anni fa l&#039; inizio delle Quattro giornate di Napoli. L&#039; insurrezione popolare che cacci\u00f2 i nazisti dalla citt\u00e0. - NonSoloMusicaMagazine\" \/>\n<meta property=\"og:description\" content=\"80 anni fa l&#039; inizio delle Quattro giornate di Napoli. L&#039; insurrezione popolare che cacci\u00f2 i nazisti dalla citt\u00e0.\" \/>\n<meta property=\"og:url\" content=\"https:\/\/www.nonsolomusicamagazine.it\/?p=2980\" \/>\n<meta property=\"og:site_name\" content=\"NonSoloMusicaMagazine\" \/>\n<meta property=\"article:published_time\" content=\"2023-09-27T10:54:13+00:00\" \/>\n<meta property=\"article:modified_time\" content=\"2023-09-27T10:54:14+00:00\" \/>\n<meta property=\"og:image\" content=\"https:\/\/www.nonsolomusicamagazine.it\/wp-content\/uploads\/2023\/09\/napoli.jpg\" \/>\n\t<meta property=\"og:image:width\" content=\"1712\" \/>\n\t<meta property=\"og:image:height\" content=\"1100\" \/>\n\t<meta property=\"og:image:type\" content=\"image\/jpeg\" \/>\n<meta name=\"author\" content=\"nonsolomusica\" \/>\n<meta name=\"twitter:card\" content=\"summary_large_image\" \/>\n<meta name=\"twitter:label1\" content=\"Scritto da\" \/>\n\t<meta name=\"twitter:data1\" content=\"nonsolomusica\" \/>\n\t<meta name=\"twitter:label2\" content=\"Tempo di lettura stimato\" \/>\n\t<meta name=\"twitter:data2\" content=\"1 minuto\" \/>\n<script type=\"application\/ld+json\" class=\"yoast-schema-graph\">{\"@context\":\"https:\\\/\\\/schema.org\",\"@graph\":[{\"@type\":\"Article\",\"@id\":\"https:\\\/\\\/www.nonsolomusicamagazine.it\\\/?p=2980#article\",\"isPartOf\":{\"@id\":\"https:\\\/\\\/www.nonsolomusicamagazine.it\\\/?p=2980\"},\"author\":{\"name\":\"nonsolomusica\",\"@id\":\"https:\\\/\\\/www.nonsolomusicamagazine.it\\\/#\\\/schema\\\/person\\\/a3349ad02300d046472d46cf6d31ae46\"},\"headline\":\"80 anni fa l&#8217; inizio delle Quattro giornate di Napoli. L&#8217; insurrezione popolare che cacci\u00f2 i nazisti dalla citt\u00e0.\",\"datePublished\":\"2023-09-27T10:54:13+00:00\",\"dateModified\":\"2023-09-27T10:54:14+00:00\",\"mainEntityOfPage\":{\"@id\":\"https:\\\/\\\/www.nonsolomusicamagazine.it\\\/?p=2980\"},\"wordCount\":204,\"commentCount\":0,\"image\":{\"@id\":\"https:\\\/\\\/www.nonsolomusicamagazine.it\\\/?p=2980#primaryimage\"},\"thumbnailUrl\":\"https:\\\/\\\/www.nonsolomusicamagazine.it\\\/wp-content\\\/uploads\\\/2023\\\/09\\\/napoli.jpg\",\"keywords\":[\"Insurrezione\",\"Napoli\",\"Quattro giornate\",\"Seconda guerra mondiale\"],\"articleSection\":[\"Storia\"],\"inLanguage\":\"it-IT\",\"potentialAction\":[{\"@type\":\"CommentAction\",\"name\":\"Comment\",\"target\":[\"https:\\\/\\\/www.nonsolomusicamagazine.it\\\/?p=2980#respond\"]}]},{\"@type\":\"WebPage\",\"@id\":\"https:\\\/\\\/www.nonsolomusicamagazine.it\\\/?p=2980\",\"url\":\"https:\\\/\\\/www.nonsolomusicamagazine.it\\\/?p=2980\",\"name\":\"80 anni fa l' inizio delle Quattro giornate di Napoli. L' insurrezione popolare che cacci\u00f2 i nazisti dalla citt\u00e0. - NonSoloMusicaMagazine\",\"isPartOf\":{\"@id\":\"https:\\\/\\\/www.nonsolomusicamagazine.it\\\/#website\"},\"primaryImageOfPage\":{\"@id\":\"https:\\\/\\\/www.nonsolomusicamagazine.it\\\/?p=2980#primaryimage\"},\"image\":{\"@id\":\"https:\\\/\\\/www.nonsolomusicamagazine.it\\\/?p=2980#primaryimage\"},\"thumbnailUrl\":\"https:\\\/\\\/www.nonsolomusicamagazine.it\\\/wp-content\\\/uploads\\\/2023\\\/09\\\/napoli.jpg\",\"datePublished\":\"2023-09-27T10:54:13+00:00\",\"dateModified\":\"2023-09-27T10:54:14+00:00\",\"author\":{\"@id\":\"https:\\\/\\\/www.nonsolomusicamagazine.it\\\/#\\\/schema\\\/person\\\/a3349ad02300d046472d46cf6d31ae46\"},\"description\":\"80 anni fa l' inizio delle Quattro giornate di Napoli. L' insurrezione popolare che cacci\u00f2 i nazisti dalla citt\u00e0.\",\"breadcrumb\":{\"@id\":\"https:\\\/\\\/www.nonsolomusicamagazine.it\\\/?p=2980#breadcrumb\"},\"inLanguage\":\"it-IT\",\"potentialAction\":[{\"@type\":\"ReadAction\",\"target\":[\"https:\\\/\\\/www.nonsolomusicamagazine.it\\\/?p=2980\"]}]},{\"@type\":\"ImageObject\",\"inLanguage\":\"it-IT\",\"@id\":\"https:\\\/\\\/www.nonsolomusicamagazine.it\\\/?p=2980#primaryimage\",\"url\":\"https:\\\/\\\/www.nonsolomusicamagazine.it\\\/wp-content\\\/uploads\\\/2023\\\/09\\\/napoli.jpg\",\"contentUrl\":\"https:\\\/\\\/www.nonsolomusicamagazine.it\\\/wp-content\\\/uploads\\\/2023\\\/09\\\/napoli.jpg\",\"width\":1712,\"height\":1100},{\"@type\":\"BreadcrumbList\",\"@id\":\"https:\\\/\\\/www.nonsolomusicamagazine.it\\\/?p=2980#breadcrumb\",\"itemListElement\":[{\"@type\":\"ListItem\",\"position\":1,\"name\":\"Home\",\"item\":\"https:\\\/\\\/www.nonsolomusicamagazine.it\\\/\"},{\"@type\":\"ListItem\",\"position\":2,\"name\":\"80 anni fa l&#8217; inizio delle Quattro giornate di Napoli. L&#8217; insurrezione popolare che cacci\u00f2 i nazisti dalla citt\u00e0.\"}]},{\"@type\":\"WebSite\",\"@id\":\"https:\\\/\\\/www.nonsolomusicamagazine.it\\\/#website\",\"url\":\"https:\\\/\\\/www.nonsolomusicamagazine.it\\\/\",\"name\":\"Nonsolomusicamagazine\",\"description\":\"Dir. responsabile Manuel M Buccarella\",\"potentialAction\":[{\"@type\":\"SearchAction\",\"target\":{\"@type\":\"EntryPoint\",\"urlTemplate\":\"https:\\\/\\\/www.nonsolomusicamagazine.it\\\/?s={search_term_string}\"},\"query-input\":{\"@type\":\"PropertyValueSpecification\",\"valueRequired\":true,\"valueName\":\"search_term_string\"}}],\"inLanguage\":\"it-IT\"},{\"@type\":\"Person\",\"@id\":\"https:\\\/\\\/www.nonsolomusicamagazine.it\\\/#\\\/schema\\\/person\\\/a3349ad02300d046472d46cf6d31ae46\",\"name\":\"nonsolomusica\",\"image\":{\"@type\":\"ImageObject\",\"inLanguage\":\"it-IT\",\"@id\":\"https:\\\/\\\/www.nonsolomusicamagazine.it\\\/wp-content\\\/litespeed\\\/avatar\\\/3a675484bc84db6aba78d43bfc8b7197.jpg?ver=1776880798\",\"url\":\"https:\\\/\\\/www.nonsolomusicamagazine.it\\\/wp-content\\\/litespeed\\\/avatar\\\/3a675484bc84db6aba78d43bfc8b7197.jpg?ver=1776880798\",\"contentUrl\":\"https:\\\/\\\/www.nonsolomusicamagazine.it\\\/wp-content\\\/litespeed\\\/avatar\\\/3a675484bc84db6aba78d43bfc8b7197.jpg?ver=1776880798\",\"caption\":\"nonsolomusica\"},\"sameAs\":[\"https:\\\/\\\/www.nonsolomusicamagazine.it\"],\"url\":\"https:\\\/\\\/www.nonsolomusicamagazine.it\\\/?author=1\"}]}<\/script>\n<!-- \/ Yoast SEO plugin. -->","yoast_head_json":{"title":"80 anni fa l' inizio delle Quattro giornate di Napoli. L' insurrezione popolare che cacci\u00f2 i nazisti dalla citt\u00e0. - NonSoloMusicaMagazine","description":"80 anni fa l' inizio delle Quattro giornate di Napoli. L' insurrezione popolare che cacci\u00f2 i nazisti dalla citt\u00e0.","robots":{"index":"index","follow":"follow","max-snippet":"max-snippet:-1","max-image-preview":"max-image-preview:large","max-video-preview":"max-video-preview:-1"},"canonical":"https:\/\/www.nonsolomusicamagazine.it\/?p=2980","og_locale":"it_IT","og_type":"article","og_title":"80 anni fa l' inizio delle Quattro giornate di Napoli. L' insurrezione popolare che cacci\u00f2 i nazisti dalla citt\u00e0. - NonSoloMusicaMagazine","og_description":"80 anni fa l' inizio delle Quattro giornate di Napoli. L' insurrezione popolare che cacci\u00f2 i nazisti dalla citt\u00e0.","og_url":"https:\/\/www.nonsolomusicamagazine.it\/?p=2980","og_site_name":"NonSoloMusicaMagazine","article_published_time":"2023-09-27T10:54:13+00:00","article_modified_time":"2023-09-27T10:54:14+00:00","og_image":[{"width":1712,"height":1100,"url":"https:\/\/www.nonsolomusicamagazine.it\/wp-content\/uploads\/2023\/09\/napoli.jpg","type":"image\/jpeg"}],"author":"nonsolomusica","twitter_card":"summary_large_image","twitter_misc":{"Scritto da":"nonsolomusica","Tempo di lettura stimato":"1 minuto"},"schema":{"@context":"https:\/\/schema.org","@graph":[{"@type":"Article","@id":"https:\/\/www.nonsolomusicamagazine.it\/?p=2980#article","isPartOf":{"@id":"https:\/\/www.nonsolomusicamagazine.it\/?p=2980"},"author":{"name":"nonsolomusica","@id":"https:\/\/www.nonsolomusicamagazine.it\/#\/schema\/person\/a3349ad02300d046472d46cf6d31ae46"},"headline":"80 anni fa l&#8217; inizio delle Quattro giornate di Napoli. L&#8217; insurrezione popolare che cacci\u00f2 i nazisti dalla citt\u00e0.","datePublished":"2023-09-27T10:54:13+00:00","dateModified":"2023-09-27T10:54:14+00:00","mainEntityOfPage":{"@id":"https:\/\/www.nonsolomusicamagazine.it\/?p=2980"},"wordCount":204,"commentCount":0,"image":{"@id":"https:\/\/www.nonsolomusicamagazine.it\/?p=2980#primaryimage"},"thumbnailUrl":"https:\/\/www.nonsolomusicamagazine.it\/wp-content\/uploads\/2023\/09\/napoli.jpg","keywords":["Insurrezione","Napoli","Quattro giornate","Seconda guerra mondiale"],"articleSection":["Storia"],"inLanguage":"it-IT","potentialAction":[{"@type":"CommentAction","name":"Comment","target":["https:\/\/www.nonsolomusicamagazine.it\/?p=2980#respond"]}]},{"@type":"WebPage","@id":"https:\/\/www.nonsolomusicamagazine.it\/?p=2980","url":"https:\/\/www.nonsolomusicamagazine.it\/?p=2980","name":"80 anni fa l' inizio delle Quattro giornate di Napoli. L' insurrezione popolare che cacci\u00f2 i nazisti dalla citt\u00e0. - NonSoloMusicaMagazine","isPartOf":{"@id":"https:\/\/www.nonsolomusicamagazine.it\/#website"},"primaryImageOfPage":{"@id":"https:\/\/www.nonsolomusicamagazine.it\/?p=2980#primaryimage"},"image":{"@id":"https:\/\/www.nonsolomusicamagazine.it\/?p=2980#primaryimage"},"thumbnailUrl":"https:\/\/www.nonsolomusicamagazine.it\/wp-content\/uploads\/2023\/09\/napoli.jpg","datePublished":"2023-09-27T10:54:13+00:00","dateModified":"2023-09-27T10:54:14+00:00","author":{"@id":"https:\/\/www.nonsolomusicamagazine.it\/#\/schema\/person\/a3349ad02300d046472d46cf6d31ae46"},"description":"80 anni fa l' inizio delle Quattro giornate di Napoli. L' insurrezione popolare che cacci\u00f2 i nazisti dalla citt\u00e0.","breadcrumb":{"@id":"https:\/\/www.nonsolomusicamagazine.it\/?p=2980#breadcrumb"},"inLanguage":"it-IT","potentialAction":[{"@type":"ReadAction","target":["https:\/\/www.nonsolomusicamagazine.it\/?p=2980"]}]},{"@type":"ImageObject","inLanguage":"it-IT","@id":"https:\/\/www.nonsolomusicamagazine.it\/?p=2980#primaryimage","url":"https:\/\/www.nonsolomusicamagazine.it\/wp-content\/uploads\/2023\/09\/napoli.jpg","contentUrl":"https:\/\/www.nonsolomusicamagazine.it\/wp-content\/uploads\/2023\/09\/napoli.jpg","width":1712,"height":1100},{"@type":"BreadcrumbList","@id":"https:\/\/www.nonsolomusicamagazine.it\/?p=2980#breadcrumb","itemListElement":[{"@type":"ListItem","position":1,"name":"Home","item":"https:\/\/www.nonsolomusicamagazine.it\/"},{"@type":"ListItem","position":2,"name":"80 anni fa l&#8217; inizio delle Quattro giornate di Napoli. L&#8217; insurrezione popolare che cacci\u00f2 i nazisti dalla citt\u00e0."}]},{"@type":"WebSite","@id":"https:\/\/www.nonsolomusicamagazine.it\/#website","url":"https:\/\/www.nonsolomusicamagazine.it\/","name":"Nonsolomusicamagazine","description":"Dir. responsabile Manuel M Buccarella","potentialAction":[{"@type":"SearchAction","target":{"@type":"EntryPoint","urlTemplate":"https:\/\/www.nonsolomusicamagazine.it\/?s={search_term_string}"},"query-input":{"@type":"PropertyValueSpecification","valueRequired":true,"valueName":"search_term_string"}}],"inLanguage":"it-IT"},{"@type":"Person","@id":"https:\/\/www.nonsolomusicamagazine.it\/#\/schema\/person\/a3349ad02300d046472d46cf6d31ae46","name":"nonsolomusica","image":{"@type":"ImageObject","inLanguage":"it-IT","@id":"https:\/\/www.nonsolomusicamagazine.it\/wp-content\/litespeed\/avatar\/3a675484bc84db6aba78d43bfc8b7197.jpg?ver=1776880798","url":"https:\/\/www.nonsolomusicamagazine.it\/wp-content\/litespeed\/avatar\/3a675484bc84db6aba78d43bfc8b7197.jpg?ver=1776880798","contentUrl":"https:\/\/www.nonsolomusicamagazine.it\/wp-content\/litespeed\/avatar\/3a675484bc84db6aba78d43bfc8b7197.jpg?ver=1776880798","caption":"nonsolomusica"},"sameAs":["https:\/\/www.nonsolomusicamagazine.it"],"url":"https:\/\/www.nonsolomusicamagazine.it\/?author=1"}]}},"amp_enabled":true,"_links":{"self":[{"href":"https:\/\/www.nonsolomusicamagazine.it\/index.php?rest_route=\/wp\/v2\/posts\/2980","targetHints":{"allow":["GET"]}}],"collection":[{"href":"https:\/\/www.nonsolomusicamagazine.it\/index.php?rest_route=\/wp\/v2\/posts"}],"about":[{"href":"https:\/\/www.nonsolomusicamagazine.it\/index.php?rest_route=\/wp\/v2\/types\/post"}],"author":[{"embeddable":true,"href":"https:\/\/www.nonsolomusicamagazine.it\/index.php?rest_route=\/wp\/v2\/users\/1"}],"replies":[{"embeddable":true,"href":"https:\/\/www.nonsolomusicamagazine.it\/index.php?rest_route=%2Fwp%2Fv2%2Fcomments&post=2980"}],"version-history":[{"count":0,"href":"https:\/\/www.nonsolomusicamagazine.it\/index.php?rest_route=\/wp\/v2\/posts\/2980\/revisions"}],"wp:featuredmedia":[{"embeddable":true,"href":"https:\/\/www.nonsolomusicamagazine.it\/index.php?rest_route=\/wp\/v2\/media\/2981"}],"wp:attachment":[{"href":"https:\/\/www.nonsolomusicamagazine.it\/index.php?rest_route=%2Fwp%2Fv2%2Fmedia&parent=2980"}],"wp:term":[{"taxonomy":"category","embeddable":true,"href":"https:\/\/www.nonsolomusicamagazine.it\/index.php?rest_route=%2Fwp%2Fv2%2Fcategories&post=2980"},{"taxonomy":"post_tag","embeddable":true,"href":"https:\/\/www.nonsolomusicamagazine.it\/index.php?rest_route=%2Fwp%2Fv2%2Ftags&post=2980"}],"curies":[{"name":"wp","href":"https:\/\/api.w.org\/{rel}","templated":true}]}}