{"id":2992,"date":"2023-09-27T17:17:14","date_gmt":"2023-09-27T17:17:14","guid":{"rendered":"https:\/\/www.nonsolomusicamagazine.it\/?p=2992"},"modified":"2023-09-27T17:17:14","modified_gmt":"2023-09-27T17:17:14","slug":"contributo-territoriale-e-settoriale-delle-emissioni-allinquinamento-atmosferico-e-alla-mortalita-nelle-citta-europee-una-valutazione-dellimpatto-sulla-salute-isde-news","status":"publish","type":"post","link":"https:\/\/www.nonsolomusicamagazine.it\/?p=2992","title":{"rendered":"Contributo territoriale e settoriale delle emissioni all\u2019inquinamento atmosferico e alla mortalit\u00e0 nelle citt\u00e0 europee: una valutazione dell\u2019impatto sulla salute (Isde News)."},"content":{"rendered":"\n<p>Sulla rivista The Lancet \u00e8 stati pubblicato l\u2019articolo Spatial and sector-specific contributions of emissions to ambient air pollution and mortality in European cities: a health impact assessment.I ricercatori che hanno pubblicato l\u2019articolo, sono partiti dalla considerazione che l\u2019inquinamento dell\u2019aria ambiente \u00e8 un grave rischio per la salute e il benessere delle citt\u00e0 europee. Il loro obiettivo era stimare i contributi spaziali e settoriali delle emissioni all\u2019inquinamento dell\u2019aria ambiente e valutare gli effetti delle riduzioni specifiche delle sostanze inquinanti sulla mortalit\u00e0 nelle citt\u00e0 europee per sostenere azioni specifiche per affrontare l\u2019inquinamento atmosferico e promuovere la salute della popolazione.I ricercatori hanno condotto una valutazione dell\u2019impatto sulla salute dei dati del 2015 per 857 citt\u00e0 europee per stimare i contributi delle fonti alle concentrazioni annuali di PM2,5 e NO2 utilizzando lo strumento Screening for High Emission Reduction Potential for Air quality. Hanno valutato i contributi da trasporti, industria, energia, residenziale, agricoltura, navigazione e aviazione, altre fonti naturali ed esterne.Per ogni citt\u00e0 e settore, sono stati considerati tre livelli spaziali: i contributi della stessa citt\u00e0, il resto del paese, e transfrontaliera. Gli effetti della mortalit\u00e0 sono stati stimati per le popolazioni adulte (ad es.>20 anni) in base a metodi standard di valutazione comparativa del rischio per calcolare la mortalit\u00e0 annuale prevenibile sulle riduzioni spaziali e settoriali delle PM2,5 e NO2.<\/p>\n\n\n\n<p>I ricercatori hanno osservato una forte variabilit\u00e0 dei contributi spaziali e settoriali tra le citt\u00e0 europee. Per il PM2,5, i principali contribuenti alla mortalit\u00e0 sono stati i settori residenziale (contributo medio del 22,7%) e agricolo (18,0%), seguito dall\u2019industria (13,8%, dai trasporti (13,5%, dall\u2019energia (10,0%) e dal trasporto marittimo (5,5% ).<\/p>\n\n\n\n<p>Per l\u2019NO2, il principale contribuente alla mortalit\u00e0 \u00e8 stato il trasporto (48,5%), con contributi aggiuntivi da parte dell\u2019industria (15,0%), dell\u2019energia (14,7%), del residenziale (10,3%) e del trasporto marittimo (9,7%).<\/p>\n\n\n\n<p>Il contributo medio della citt\u00e0 alla propria mortalit\u00e0 per inquinamento atmosferico \u00e8 stato del 13,5% per PM2,5 e del 34,4% per NO2, e il contributo \u00e8 aumentato tra le citt\u00e0 della pi\u00f9 grande area (22,3%) per PM2,5 e 52,2% per NO2) e tra le capitali europee (29,9% per PM2,5 e 62,7% per NO2).<\/p>\n\n\n\n<p>I ricercatori hanno stimato gli effetti sanitari specifici dell\u2019inquinamento atmosferico a livello di citt\u00e0. I loro risultati mostrano una forte variabilit\u00e0, sottolineando la necessit\u00e0 di politiche locali e di azioni coordinate che considerino le specificit\u00e0 a livello di citt\u00e0 nei contributi alla fonte.<\/p>\n\n\n<figure class=\"wp-block-post-featured-image\"><img decoding=\"async\" width=\"647\" height=\"748\" src=\"https:\/\/www.nonsolomusicamagazine.it\/wp-content\/uploads\/2023\/09\/gr1.jpg\" class=\"attachment-post-thumbnail size-post-thumbnail wp-post-image\" alt=\"\" style=\"object-fit:cover;\" srcset=\"https:\/\/www.nonsolomusicamagazine.it\/wp-content\/uploads\/2023\/09\/gr1.jpg 647w, https:\/\/www.nonsolomusicamagazine.it\/wp-content\/uploads\/2023\/09\/gr1-259x300.jpg 259w\" sizes=\"(max-width: 647px) 100vw, 647px\" \/><\/figure>","protected":false},"excerpt":{"rendered":"<p>Sulla rivista The Lancet \u00e8 stati pubblicato l\u2019articolo Spatial and sector-specific contributions of emissions to ambient air pollution and mortality in European cities: a health impact assessment.I ricercatori che hanno pubblicato l\u2019articolo, sono partiti dalla considerazione che l\u2019inquinamento dell\u2019aria ambiente \u00e8 un grave rischio per la salute e il benessere delle citt\u00e0 europee. Il loro [&hellip;]<\/p>\n","protected":false},"author":1,"featured_media":2993,"comment_status":"open","ping_status":"closed","sticky":false,"template":"","format":"standard","meta":{"footnotes":""},"categories":[107,1005],"tags":[1380,2018,1171,159],"class_list":["post-2992","post","type-post","status-publish","format-standard","has-post-thumbnail","hentry","category-salute","category-scienza","tag-emissioni","tag-inquinamento-atmosferico","tag-isde","tag-salute"],"yoast_head":"<!-- This site is optimized with the Yoast SEO plugin v27.4 - https:\/\/yoast.com\/product\/yoast-seo-wordpress\/ -->\n<title>Contributo territoriale e settoriale delle emissioni all\u2019inquinamento atmosferico e alla mortalit\u00e0 nelle citt\u00e0 europee: una valutazione dell\u2019impatto sulla salute (Isde News). - NonSoloMusicaMagazine<\/title>\n<meta name=\"description\" content=\"Contributo territoriale e settoriale delle emissioni all\u2019inquinamento atmosferico e alla mortalit\u00e0 nelle citt\u00e0 europee: una valutazione dell\u2019impatto sulla salute (Isde News).\" \/>\n<meta name=\"robots\" content=\"index, follow, max-snippet:-1, max-image-preview:large, max-video-preview:-1\" \/>\n<link rel=\"canonical\" href=\"https:\/\/www.nonsolomusicamagazine.it\/?p=2992\" \/>\n<meta property=\"og:locale\" content=\"it_IT\" \/>\n<meta property=\"og:type\" content=\"article\" \/>\n<meta property=\"og:title\" content=\"Contributo territoriale e settoriale delle emissioni all\u2019inquinamento atmosferico e alla mortalit\u00e0 nelle citt\u00e0 europee: una valutazione dell\u2019impatto sulla salute (Isde News). - NonSoloMusicaMagazine\" \/>\n<meta property=\"og:description\" content=\"Contributo territoriale e settoriale delle emissioni all\u2019inquinamento atmosferico e alla mortalit\u00e0 nelle citt\u00e0 europee: una valutazione dell\u2019impatto sulla salute (Isde News).\" \/>\n<meta property=\"og:url\" content=\"https:\/\/www.nonsolomusicamagazine.it\/?p=2992\" \/>\n<meta property=\"og:site_name\" content=\"NonSoloMusicaMagazine\" \/>\n<meta property=\"article:published_time\" content=\"2023-09-27T17:17:14+00:00\" \/>\n<meta property=\"og:image\" content=\"https:\/\/www.nonsolomusicamagazine.it\/wp-content\/uploads\/2023\/09\/gr1.jpg\" \/>\n\t<meta property=\"og:image:width\" content=\"647\" \/>\n\t<meta property=\"og:image:height\" content=\"748\" \/>\n\t<meta property=\"og:image:type\" content=\"image\/jpeg\" \/>\n<meta name=\"author\" content=\"nonsolomusica\" \/>\n<meta name=\"twitter:card\" content=\"summary_large_image\" \/>\n<meta name=\"twitter:label1\" content=\"Scritto da\" \/>\n\t<meta name=\"twitter:data1\" content=\"nonsolomusica\" \/>\n\t<meta name=\"twitter:label2\" content=\"Tempo di lettura stimato\" \/>\n\t<meta name=\"twitter:data2\" content=\"3 minuti\" \/>\n<script type=\"application\/ld+json\" class=\"yoast-schema-graph\">{\"@context\":\"https:\\\/\\\/schema.org\",\"@graph\":[{\"@type\":\"Article\",\"@id\":\"https:\\\/\\\/www.nonsolomusicamagazine.it\\\/?p=2992#article\",\"isPartOf\":{\"@id\":\"https:\\\/\\\/www.nonsolomusicamagazine.it\\\/?p=2992\"},\"author\":{\"name\":\"nonsolomusica\",\"@id\":\"https:\\\/\\\/www.nonsolomusicamagazine.it\\\/#\\\/schema\\\/person\\\/a3349ad02300d046472d46cf6d31ae46\"},\"headline\":\"Contributo territoriale e settoriale delle emissioni all\u2019inquinamento atmosferico e alla mortalit\u00e0 nelle citt\u00e0 europee: una valutazione dell\u2019impatto sulla salute (Isde News).\",\"datePublished\":\"2023-09-27T17:17:14+00:00\",\"mainEntityOfPage\":{\"@id\":\"https:\\\/\\\/www.nonsolomusicamagazine.it\\\/?p=2992\"},\"wordCount\":406,\"commentCount\":0,\"image\":{\"@id\":\"https:\\\/\\\/www.nonsolomusicamagazine.it\\\/?p=2992#primaryimage\"},\"thumbnailUrl\":\"https:\\\/\\\/www.nonsolomusicamagazine.it\\\/wp-content\\\/uploads\\\/2023\\\/09\\\/gr1.jpg\",\"keywords\":[\"Emissioni\",\"inquinamento atmosferico\",\"ISDE\",\"Salute\"],\"articleSection\":[\"Salute\",\"Scienza\"],\"inLanguage\":\"it-IT\",\"potentialAction\":[{\"@type\":\"CommentAction\",\"name\":\"Comment\",\"target\":[\"https:\\\/\\\/www.nonsolomusicamagazine.it\\\/?p=2992#respond\"]}]},{\"@type\":\"WebPage\",\"@id\":\"https:\\\/\\\/www.nonsolomusicamagazine.it\\\/?p=2992\",\"url\":\"https:\\\/\\\/www.nonsolomusicamagazine.it\\\/?p=2992\",\"name\":\"Contributo territoriale e settoriale delle emissioni all\u2019inquinamento atmosferico e alla mortalit\u00e0 nelle citt\u00e0 europee: una valutazione dell\u2019impatto sulla salute (Isde News). - NonSoloMusicaMagazine\",\"isPartOf\":{\"@id\":\"https:\\\/\\\/www.nonsolomusicamagazine.it\\\/#website\"},\"primaryImageOfPage\":{\"@id\":\"https:\\\/\\\/www.nonsolomusicamagazine.it\\\/?p=2992#primaryimage\"},\"image\":{\"@id\":\"https:\\\/\\\/www.nonsolomusicamagazine.it\\\/?p=2992#primaryimage\"},\"thumbnailUrl\":\"https:\\\/\\\/www.nonsolomusicamagazine.it\\\/wp-content\\\/uploads\\\/2023\\\/09\\\/gr1.jpg\",\"datePublished\":\"2023-09-27T17:17:14+00:00\",\"author\":{\"@id\":\"https:\\\/\\\/www.nonsolomusicamagazine.it\\\/#\\\/schema\\\/person\\\/a3349ad02300d046472d46cf6d31ae46\"},\"description\":\"Contributo territoriale e settoriale delle emissioni all\u2019inquinamento atmosferico e alla mortalit\u00e0 nelle citt\u00e0 europee: una valutazione dell\u2019impatto sulla salute (Isde News).\",\"breadcrumb\":{\"@id\":\"https:\\\/\\\/www.nonsolomusicamagazine.it\\\/?p=2992#breadcrumb\"},\"inLanguage\":\"it-IT\",\"potentialAction\":[{\"@type\":\"ReadAction\",\"target\":[\"https:\\\/\\\/www.nonsolomusicamagazine.it\\\/?p=2992\"]}]},{\"@type\":\"ImageObject\",\"inLanguage\":\"it-IT\",\"@id\":\"https:\\\/\\\/www.nonsolomusicamagazine.it\\\/?p=2992#primaryimage\",\"url\":\"https:\\\/\\\/www.nonsolomusicamagazine.it\\\/wp-content\\\/uploads\\\/2023\\\/09\\\/gr1.jpg\",\"contentUrl\":\"https:\\\/\\\/www.nonsolomusicamagazine.it\\\/wp-content\\\/uploads\\\/2023\\\/09\\\/gr1.jpg\",\"width\":647,\"height\":748},{\"@type\":\"BreadcrumbList\",\"@id\":\"https:\\\/\\\/www.nonsolomusicamagazine.it\\\/?p=2992#breadcrumb\",\"itemListElement\":[{\"@type\":\"ListItem\",\"position\":1,\"name\":\"Home\",\"item\":\"https:\\\/\\\/www.nonsolomusicamagazine.it\\\/\"},{\"@type\":\"ListItem\",\"position\":2,\"name\":\"Contributo territoriale e settoriale delle emissioni all\u2019inquinamento atmosferico e alla mortalit\u00e0 nelle citt\u00e0 europee: una valutazione dell\u2019impatto sulla salute (Isde News).\"}]},{\"@type\":\"WebSite\",\"@id\":\"https:\\\/\\\/www.nonsolomusicamagazine.it\\\/#website\",\"url\":\"https:\\\/\\\/www.nonsolomusicamagazine.it\\\/\",\"name\":\"Nonsolomusicamagazine\",\"description\":\"Dir. responsabile Manuel M Buccarella\",\"potentialAction\":[{\"@type\":\"SearchAction\",\"target\":{\"@type\":\"EntryPoint\",\"urlTemplate\":\"https:\\\/\\\/www.nonsolomusicamagazine.it\\\/?s={search_term_string}\"},\"query-input\":{\"@type\":\"PropertyValueSpecification\",\"valueRequired\":true,\"valueName\":\"search_term_string\"}}],\"inLanguage\":\"it-IT\"},{\"@type\":\"Person\",\"@id\":\"https:\\\/\\\/www.nonsolomusicamagazine.it\\\/#\\\/schema\\\/person\\\/a3349ad02300d046472d46cf6d31ae46\",\"name\":\"nonsolomusica\",\"image\":{\"@type\":\"ImageObject\",\"inLanguage\":\"it-IT\",\"@id\":\"https:\\\/\\\/www.nonsolomusicamagazine.it\\\/wp-content\\\/litespeed\\\/avatar\\\/3a675484bc84db6aba78d43bfc8b7197.jpg?ver=1776880798\",\"url\":\"https:\\\/\\\/www.nonsolomusicamagazine.it\\\/wp-content\\\/litespeed\\\/avatar\\\/3a675484bc84db6aba78d43bfc8b7197.jpg?ver=1776880798\",\"contentUrl\":\"https:\\\/\\\/www.nonsolomusicamagazine.it\\\/wp-content\\\/litespeed\\\/avatar\\\/3a675484bc84db6aba78d43bfc8b7197.jpg?ver=1776880798\",\"caption\":\"nonsolomusica\"},\"sameAs\":[\"https:\\\/\\\/www.nonsolomusicamagazine.it\"],\"url\":\"https:\\\/\\\/www.nonsolomusicamagazine.it\\\/?author=1\"}]}<\/script>\n<!-- \/ Yoast SEO plugin. -->","yoast_head_json":{"title":"Contributo territoriale e settoriale delle emissioni all\u2019inquinamento atmosferico e alla mortalit\u00e0 nelle citt\u00e0 europee: una valutazione dell\u2019impatto sulla salute (Isde News). - NonSoloMusicaMagazine","description":"Contributo territoriale e settoriale delle emissioni all\u2019inquinamento atmosferico e alla mortalit\u00e0 nelle citt\u00e0 europee: una valutazione dell\u2019impatto sulla salute (Isde News).","robots":{"index":"index","follow":"follow","max-snippet":"max-snippet:-1","max-image-preview":"max-image-preview:large","max-video-preview":"max-video-preview:-1"},"canonical":"https:\/\/www.nonsolomusicamagazine.it\/?p=2992","og_locale":"it_IT","og_type":"article","og_title":"Contributo territoriale e settoriale delle emissioni all\u2019inquinamento atmosferico e alla mortalit\u00e0 nelle citt\u00e0 europee: una valutazione dell\u2019impatto sulla salute (Isde News). - NonSoloMusicaMagazine","og_description":"Contributo territoriale e settoriale delle emissioni all\u2019inquinamento atmosferico e alla mortalit\u00e0 nelle citt\u00e0 europee: una valutazione dell\u2019impatto sulla salute (Isde News).","og_url":"https:\/\/www.nonsolomusicamagazine.it\/?p=2992","og_site_name":"NonSoloMusicaMagazine","article_published_time":"2023-09-27T17:17:14+00:00","og_image":[{"width":647,"height":748,"url":"https:\/\/www.nonsolomusicamagazine.it\/wp-content\/uploads\/2023\/09\/gr1.jpg","type":"image\/jpeg"}],"author":"nonsolomusica","twitter_card":"summary_large_image","twitter_misc":{"Scritto da":"nonsolomusica","Tempo di lettura stimato":"3 minuti"},"schema":{"@context":"https:\/\/schema.org","@graph":[{"@type":"Article","@id":"https:\/\/www.nonsolomusicamagazine.it\/?p=2992#article","isPartOf":{"@id":"https:\/\/www.nonsolomusicamagazine.it\/?p=2992"},"author":{"name":"nonsolomusica","@id":"https:\/\/www.nonsolomusicamagazine.it\/#\/schema\/person\/a3349ad02300d046472d46cf6d31ae46"},"headline":"Contributo territoriale e settoriale delle emissioni all\u2019inquinamento atmosferico e alla mortalit\u00e0 nelle citt\u00e0 europee: una valutazione dell\u2019impatto sulla salute (Isde News).","datePublished":"2023-09-27T17:17:14+00:00","mainEntityOfPage":{"@id":"https:\/\/www.nonsolomusicamagazine.it\/?p=2992"},"wordCount":406,"commentCount":0,"image":{"@id":"https:\/\/www.nonsolomusicamagazine.it\/?p=2992#primaryimage"},"thumbnailUrl":"https:\/\/www.nonsolomusicamagazine.it\/wp-content\/uploads\/2023\/09\/gr1.jpg","keywords":["Emissioni","inquinamento atmosferico","ISDE","Salute"],"articleSection":["Salute","Scienza"],"inLanguage":"it-IT","potentialAction":[{"@type":"CommentAction","name":"Comment","target":["https:\/\/www.nonsolomusicamagazine.it\/?p=2992#respond"]}]},{"@type":"WebPage","@id":"https:\/\/www.nonsolomusicamagazine.it\/?p=2992","url":"https:\/\/www.nonsolomusicamagazine.it\/?p=2992","name":"Contributo territoriale e settoriale delle emissioni all\u2019inquinamento atmosferico e alla mortalit\u00e0 nelle citt\u00e0 europee: una valutazione dell\u2019impatto sulla salute (Isde News). - NonSoloMusicaMagazine","isPartOf":{"@id":"https:\/\/www.nonsolomusicamagazine.it\/#website"},"primaryImageOfPage":{"@id":"https:\/\/www.nonsolomusicamagazine.it\/?p=2992#primaryimage"},"image":{"@id":"https:\/\/www.nonsolomusicamagazine.it\/?p=2992#primaryimage"},"thumbnailUrl":"https:\/\/www.nonsolomusicamagazine.it\/wp-content\/uploads\/2023\/09\/gr1.jpg","datePublished":"2023-09-27T17:17:14+00:00","author":{"@id":"https:\/\/www.nonsolomusicamagazine.it\/#\/schema\/person\/a3349ad02300d046472d46cf6d31ae46"},"description":"Contributo territoriale e settoriale delle emissioni all\u2019inquinamento atmosferico e alla mortalit\u00e0 nelle citt\u00e0 europee: una valutazione dell\u2019impatto sulla salute (Isde News).","breadcrumb":{"@id":"https:\/\/www.nonsolomusicamagazine.it\/?p=2992#breadcrumb"},"inLanguage":"it-IT","potentialAction":[{"@type":"ReadAction","target":["https:\/\/www.nonsolomusicamagazine.it\/?p=2992"]}]},{"@type":"ImageObject","inLanguage":"it-IT","@id":"https:\/\/www.nonsolomusicamagazine.it\/?p=2992#primaryimage","url":"https:\/\/www.nonsolomusicamagazine.it\/wp-content\/uploads\/2023\/09\/gr1.jpg","contentUrl":"https:\/\/www.nonsolomusicamagazine.it\/wp-content\/uploads\/2023\/09\/gr1.jpg","width":647,"height":748},{"@type":"BreadcrumbList","@id":"https:\/\/www.nonsolomusicamagazine.it\/?p=2992#breadcrumb","itemListElement":[{"@type":"ListItem","position":1,"name":"Home","item":"https:\/\/www.nonsolomusicamagazine.it\/"},{"@type":"ListItem","position":2,"name":"Contributo territoriale e settoriale delle emissioni all\u2019inquinamento atmosferico e alla mortalit\u00e0 nelle citt\u00e0 europee: una valutazione dell\u2019impatto sulla salute (Isde News)."}]},{"@type":"WebSite","@id":"https:\/\/www.nonsolomusicamagazine.it\/#website","url":"https:\/\/www.nonsolomusicamagazine.it\/","name":"Nonsolomusicamagazine","description":"Dir. responsabile Manuel M Buccarella","potentialAction":[{"@type":"SearchAction","target":{"@type":"EntryPoint","urlTemplate":"https:\/\/www.nonsolomusicamagazine.it\/?s={search_term_string}"},"query-input":{"@type":"PropertyValueSpecification","valueRequired":true,"valueName":"search_term_string"}}],"inLanguage":"it-IT"},{"@type":"Person","@id":"https:\/\/www.nonsolomusicamagazine.it\/#\/schema\/person\/a3349ad02300d046472d46cf6d31ae46","name":"nonsolomusica","image":{"@type":"ImageObject","inLanguage":"it-IT","@id":"https:\/\/www.nonsolomusicamagazine.it\/wp-content\/litespeed\/avatar\/3a675484bc84db6aba78d43bfc8b7197.jpg?ver=1776880798","url":"https:\/\/www.nonsolomusicamagazine.it\/wp-content\/litespeed\/avatar\/3a675484bc84db6aba78d43bfc8b7197.jpg?ver=1776880798","contentUrl":"https:\/\/www.nonsolomusicamagazine.it\/wp-content\/litespeed\/avatar\/3a675484bc84db6aba78d43bfc8b7197.jpg?ver=1776880798","caption":"nonsolomusica"},"sameAs":["https:\/\/www.nonsolomusicamagazine.it"],"url":"https:\/\/www.nonsolomusicamagazine.it\/?author=1"}]}},"amp_enabled":true,"_links":{"self":[{"href":"https:\/\/www.nonsolomusicamagazine.it\/index.php?rest_route=\/wp\/v2\/posts\/2992","targetHints":{"allow":["GET"]}}],"collection":[{"href":"https:\/\/www.nonsolomusicamagazine.it\/index.php?rest_route=\/wp\/v2\/posts"}],"about":[{"href":"https:\/\/www.nonsolomusicamagazine.it\/index.php?rest_route=\/wp\/v2\/types\/post"}],"author":[{"embeddable":true,"href":"https:\/\/www.nonsolomusicamagazine.it\/index.php?rest_route=\/wp\/v2\/users\/1"}],"replies":[{"embeddable":true,"href":"https:\/\/www.nonsolomusicamagazine.it\/index.php?rest_route=%2Fwp%2Fv2%2Fcomments&post=2992"}],"version-history":[{"count":0,"href":"https:\/\/www.nonsolomusicamagazine.it\/index.php?rest_route=\/wp\/v2\/posts\/2992\/revisions"}],"wp:featuredmedia":[{"embeddable":true,"href":"https:\/\/www.nonsolomusicamagazine.it\/index.php?rest_route=\/wp\/v2\/media\/2993"}],"wp:attachment":[{"href":"https:\/\/www.nonsolomusicamagazine.it\/index.php?rest_route=%2Fwp%2Fv2%2Fmedia&parent=2992"}],"wp:term":[{"taxonomy":"category","embeddable":true,"href":"https:\/\/www.nonsolomusicamagazine.it\/index.php?rest_route=%2Fwp%2Fv2%2Fcategories&post=2992"},{"taxonomy":"post_tag","embeddable":true,"href":"https:\/\/www.nonsolomusicamagazine.it\/index.php?rest_route=%2Fwp%2Fv2%2Ftags&post=2992"}],"curies":[{"name":"wp","href":"https:\/\/api.w.org\/{rel}","templated":true}]}}