{"id":3008,"date":"2023-09-28T17:09:35","date_gmt":"2023-09-28T17:09:35","guid":{"rendered":"https:\/\/www.nonsolomusicamagazine.it\/?p=3008"},"modified":"2023-09-28T17:09:36","modified_gmt":"2023-09-28T17:09:36","slug":"32-anni-fa-la-morte-del-grande-geniale-miles-dewey-davis","status":"publish","type":"post","link":"https:\/\/www.nonsolomusicamagazine.it\/?p=3008","title":{"rendered":"32 anni fa la morte del grande, geniale Miles Dewey Davis."},"content":{"rendered":"\n<p class=\"has-text-align-center\"><strong>Manuel M Buccarella<\/strong><\/p>\n\n\n\n<p>Il 28 settembre 1991 si spegneva, all&#8217; et\u00e0 di 65 anni, il grande Miles Dewey Davis. Il geniale compositore e trombettista mor\u00ec a Santa Monica, per i postumi di una polmonite.<\/p>\n\n\n\n<p>Davis, innovatore e genio musicale, era nato il 26 maggio 1926 ad Akron (Usa). Dotato di uno stile inconfondibile e di un\u2019incomparabile gamma espressiva, Miles Davis \u00e8 stato una figura fondamentale del jazz e della musica popolare del XX secolo in generale. Dopo aver preso parte alla rivoluzione bebop, ide\u00f2 numerosi stili jazz, fra cui il cool jazz, l\u2019hard bop, il modal jazz e il jazz elettrico o jazz-rock.<\/p>\n\n\n\n<p>Miles Davis fu e resta famoso sia come strumentista dalle sonorit\u00e0 inconfondibilmente languide e melodiche, sia per il suo atteggiamento innovatore, sia per la sua figura di personaggio pubblico.<\/p>\n\n\n\n<p>L\u2019apporto fondamentale alla cultura musicale Davis lo fornisce soprattutto come padre, uno dei padri (assieme a George Russel e Bill Evans, tra gli altri) del jazz modale.Dal punto di vista discografico, quasi tutti i critici identificano \u201cKind of Blue\u201d di Miles Davis (1959) come il primo album modale della storia del jazz, anche se alcuni lavori precedenti ne preannunciavano la diffusione, come ad esempio \u201cSomethin\u2019 Else\u201d di Julian Cannonball Adderley (1958) e \u201cMilestones\u201d dello stesso Miles Davis (1958).<\/p>\n\n\n\n<p>Fu uno dei pochi jazzmen in grado di realizzare anche commercialmente il proprio potenziale artistico e forse l\u2019ultimo ad avere anche un profilo di star dell\u2019industria musicale.<\/p>\n\n\n\n<p>Una conferma della sua poliedrica personalit\u00e0 artistica fu la sua (postuma) ammissione, nel marzo 2006, alla Rock and Roll Hall of Fame; un ulteriore riconoscimento di un talento che influenz\u00f2 tutti i generi di musica popolare della seconda met\u00e0 del XX secolo. Negli ultimi anni speriment\u00f2 anche proficue contaminazioni con il funk e la disco, facendolo approdare in campo acid jazz (album \u201cDoo bop\u201d, pubblicato nel 1991, nell\u2019anno della morte). Svolta che piacque poco ai puristi. In precedenza l\u2019album \u201cTutu\u201d (1986) e \u201cYou\u2019re Under Arrest\u201d (1985) segnarono l\u2019apertura verso pop, hip hop e funk.<\/p>\n\n\n\n<p>\u00abVedete, io ho vissuto per molto tempo nell\u2019oscurit\u00e0 perch\u00e9 mi accontentavo di suonare quello che ci si aspettava da me, senza cercare di aggiungerci qualcosa di mio\u2026 Credo che sia stato con Miles Davis, nel 1955, che ho cominciato a rendermi conto che avrei potuto fare qualcosa di pi\u00f9.\u00bb(John Coltrane)<\/p>\n\n\n<figure class=\"wp-block-post-featured-image\"><img decoding=\"async\" width=\"1080\" height=\"1440\" src=\"https:\/\/www.nonsolomusicamagazine.it\/wp-content\/uploads\/2023\/09\/images-43.jpeg\" class=\"attachment-post-thumbnail size-post-thumbnail wp-post-image\" alt=\"\" style=\"object-fit:cover;\" srcset=\"https:\/\/www.nonsolomusicamagazine.it\/wp-content\/uploads\/2023\/09\/images-43.jpeg 1080w, https:\/\/www.nonsolomusicamagazine.it\/wp-content\/uploads\/2023\/09\/images-43-225x300.jpeg 225w, https:\/\/www.nonsolomusicamagazine.it\/wp-content\/uploads\/2023\/09\/images-43-768x1024.jpeg 768w\" sizes=\"(max-width: 1080px) 100vw, 1080px\" \/><\/figure>","protected":false},"excerpt":{"rendered":"<p>Manuel M Buccarella Il 28 settembre 1991 si spegneva, all&#8217; et\u00e0 di 65 anni, il grande Miles Dewey Davis. Il geniale compositore e trombettista mor\u00ec a Santa Monica, per i postumi di una polmonite. Davis, innovatore e genio musicale, era nato il 26 maggio 1926 ad Akron (Usa). Dotato di uno stile inconfondibile e di [&hellip;]<\/p>\n","protected":false},"author":1,"featured_media":3009,"comment_status":"open","ping_status":"closed","sticky":false,"template":"","format":"standard","meta":{"footnotes":""},"categories":[1],"tags":[],"class_list":["post-3008","post","type-post","status-publish","format-standard","has-post-thumbnail","hentry","category-musica"],"yoast_head":"<!-- This site is optimized with the Yoast SEO plugin v27.4 - https:\/\/yoast.com\/product\/yoast-seo-wordpress\/ -->\n<title>32 anni fa la morte del grande, geniale Miles Dewey Davis. - NonSoloMusicaMagazine<\/title>\n<meta name=\"description\" content=\"32 anni fa la morte del grande, geniale Miles Dewey Davis.\" \/>\n<meta name=\"robots\" content=\"index, follow, max-snippet:-1, max-image-preview:large, max-video-preview:-1\" \/>\n<link rel=\"canonical\" href=\"https:\/\/www.nonsolomusicamagazine.it\/?p=3008\" \/>\n<meta property=\"og:locale\" content=\"it_IT\" \/>\n<meta property=\"og:type\" content=\"article\" \/>\n<meta property=\"og:title\" content=\"32 anni fa la morte del grande, geniale Miles Dewey Davis. - NonSoloMusicaMagazine\" \/>\n<meta property=\"og:description\" content=\"32 anni fa la morte del grande, geniale Miles Dewey Davis.\" \/>\n<meta property=\"og:url\" content=\"https:\/\/www.nonsolomusicamagazine.it\/?p=3008\" \/>\n<meta property=\"og:site_name\" content=\"NonSoloMusicaMagazine\" \/>\n<meta property=\"article:published_time\" content=\"2023-09-28T17:09:35+00:00\" \/>\n<meta property=\"article:modified_time\" content=\"2023-09-28T17:09:36+00:00\" \/>\n<meta property=\"og:image\" content=\"https:\/\/www.nonsolomusicamagazine.it\/wp-content\/uploads\/2023\/09\/images-43.jpeg\" \/>\n\t<meta property=\"og:image:width\" content=\"1080\" \/>\n\t<meta property=\"og:image:height\" content=\"1440\" \/>\n\t<meta property=\"og:image:type\" content=\"image\/jpeg\" \/>\n<meta name=\"author\" content=\"nonsolomusica\" \/>\n<meta name=\"twitter:card\" content=\"summary_large_image\" \/>\n<meta name=\"twitter:label1\" content=\"Scritto da\" \/>\n\t<meta name=\"twitter:data1\" content=\"nonsolomusica\" \/>\n\t<meta name=\"twitter:label2\" content=\"Tempo di lettura stimato\" \/>\n\t<meta name=\"twitter:data2\" content=\"3 minuti\" \/>\n<script type=\"application\/ld+json\" class=\"yoast-schema-graph\">{\"@context\":\"https:\\\/\\\/schema.org\",\"@graph\":[{\"@type\":\"Article\",\"@id\":\"https:\\\/\\\/www.nonsolomusicamagazine.it\\\/?p=3008#article\",\"isPartOf\":{\"@id\":\"https:\\\/\\\/www.nonsolomusicamagazine.it\\\/?p=3008\"},\"author\":{\"name\":\"nonsolomusica\",\"@id\":\"https:\\\/\\\/www.nonsolomusicamagazine.it\\\/#\\\/schema\\\/person\\\/a3349ad02300d046472d46cf6d31ae46\"},\"headline\":\"32 anni fa la morte del grande, geniale Miles Dewey Davis.\",\"datePublished\":\"2023-09-28T17:09:35+00:00\",\"dateModified\":\"2023-09-28T17:09:36+00:00\",\"mainEntityOfPage\":{\"@id\":\"https:\\\/\\\/www.nonsolomusicamagazine.it\\\/?p=3008\"},\"wordCount\":389,\"commentCount\":0,\"image\":{\"@id\":\"https:\\\/\\\/www.nonsolomusicamagazine.it\\\/?p=3008#primaryimage\"},\"thumbnailUrl\":\"https:\\\/\\\/www.nonsolomusicamagazine.it\\\/wp-content\\\/uploads\\\/2023\\\/09\\\/images-43.jpeg\",\"articleSection\":[\"Musica\"],\"inLanguage\":\"it-IT\",\"potentialAction\":[{\"@type\":\"CommentAction\",\"name\":\"Comment\",\"target\":[\"https:\\\/\\\/www.nonsolomusicamagazine.it\\\/?p=3008#respond\"]}]},{\"@type\":\"WebPage\",\"@id\":\"https:\\\/\\\/www.nonsolomusicamagazine.it\\\/?p=3008\",\"url\":\"https:\\\/\\\/www.nonsolomusicamagazine.it\\\/?p=3008\",\"name\":\"32 anni fa la morte del grande, geniale Miles Dewey Davis. - NonSoloMusicaMagazine\",\"isPartOf\":{\"@id\":\"https:\\\/\\\/www.nonsolomusicamagazine.it\\\/#website\"},\"primaryImageOfPage\":{\"@id\":\"https:\\\/\\\/www.nonsolomusicamagazine.it\\\/?p=3008#primaryimage\"},\"image\":{\"@id\":\"https:\\\/\\\/www.nonsolomusicamagazine.it\\\/?p=3008#primaryimage\"},\"thumbnailUrl\":\"https:\\\/\\\/www.nonsolomusicamagazine.it\\\/wp-content\\\/uploads\\\/2023\\\/09\\\/images-43.jpeg\",\"datePublished\":\"2023-09-28T17:09:35+00:00\",\"dateModified\":\"2023-09-28T17:09:36+00:00\",\"author\":{\"@id\":\"https:\\\/\\\/www.nonsolomusicamagazine.it\\\/#\\\/schema\\\/person\\\/a3349ad02300d046472d46cf6d31ae46\"},\"description\":\"32 anni fa la morte del grande, geniale Miles Dewey Davis.\",\"breadcrumb\":{\"@id\":\"https:\\\/\\\/www.nonsolomusicamagazine.it\\\/?p=3008#breadcrumb\"},\"inLanguage\":\"it-IT\",\"potentialAction\":[{\"@type\":\"ReadAction\",\"target\":[\"https:\\\/\\\/www.nonsolomusicamagazine.it\\\/?p=3008\"]}]},{\"@type\":\"ImageObject\",\"inLanguage\":\"it-IT\",\"@id\":\"https:\\\/\\\/www.nonsolomusicamagazine.it\\\/?p=3008#primaryimage\",\"url\":\"https:\\\/\\\/www.nonsolomusicamagazine.it\\\/wp-content\\\/uploads\\\/2023\\\/09\\\/images-43.jpeg\",\"contentUrl\":\"https:\\\/\\\/www.nonsolomusicamagazine.it\\\/wp-content\\\/uploads\\\/2023\\\/09\\\/images-43.jpeg\",\"width\":1080,\"height\":1440},{\"@type\":\"BreadcrumbList\",\"@id\":\"https:\\\/\\\/www.nonsolomusicamagazine.it\\\/?p=3008#breadcrumb\",\"itemListElement\":[{\"@type\":\"ListItem\",\"position\":1,\"name\":\"Home\",\"item\":\"https:\\\/\\\/www.nonsolomusicamagazine.it\\\/\"},{\"@type\":\"ListItem\",\"position\":2,\"name\":\"32 anni fa la morte del grande, geniale Miles Dewey Davis.\"}]},{\"@type\":\"WebSite\",\"@id\":\"https:\\\/\\\/www.nonsolomusicamagazine.it\\\/#website\",\"url\":\"https:\\\/\\\/www.nonsolomusicamagazine.it\\\/\",\"name\":\"Nonsolomusicamagazine\",\"description\":\"Dir. responsabile Manuel M Buccarella\",\"potentialAction\":[{\"@type\":\"SearchAction\",\"target\":{\"@type\":\"EntryPoint\",\"urlTemplate\":\"https:\\\/\\\/www.nonsolomusicamagazine.it\\\/?s={search_term_string}\"},\"query-input\":{\"@type\":\"PropertyValueSpecification\",\"valueRequired\":true,\"valueName\":\"search_term_string\"}}],\"inLanguage\":\"it-IT\"},{\"@type\":\"Person\",\"@id\":\"https:\\\/\\\/www.nonsolomusicamagazine.it\\\/#\\\/schema\\\/person\\\/a3349ad02300d046472d46cf6d31ae46\",\"name\":\"nonsolomusica\",\"image\":{\"@type\":\"ImageObject\",\"inLanguage\":\"it-IT\",\"@id\":\"https:\\\/\\\/www.nonsolomusicamagazine.it\\\/wp-content\\\/litespeed\\\/avatar\\\/3a675484bc84db6aba78d43bfc8b7197.jpg?ver=1776880798\",\"url\":\"https:\\\/\\\/www.nonsolomusicamagazine.it\\\/wp-content\\\/litespeed\\\/avatar\\\/3a675484bc84db6aba78d43bfc8b7197.jpg?ver=1776880798\",\"contentUrl\":\"https:\\\/\\\/www.nonsolomusicamagazine.it\\\/wp-content\\\/litespeed\\\/avatar\\\/3a675484bc84db6aba78d43bfc8b7197.jpg?ver=1776880798\",\"caption\":\"nonsolomusica\"},\"sameAs\":[\"https:\\\/\\\/www.nonsolomusicamagazine.it\"],\"url\":\"https:\\\/\\\/www.nonsolomusicamagazine.it\\\/?author=1\"}]}<\/script>\n<!-- \/ Yoast SEO plugin. -->","yoast_head_json":{"title":"32 anni fa la morte del grande, geniale Miles Dewey Davis. - NonSoloMusicaMagazine","description":"32 anni fa la morte del grande, geniale Miles Dewey Davis.","robots":{"index":"index","follow":"follow","max-snippet":"max-snippet:-1","max-image-preview":"max-image-preview:large","max-video-preview":"max-video-preview:-1"},"canonical":"https:\/\/www.nonsolomusicamagazine.it\/?p=3008","og_locale":"it_IT","og_type":"article","og_title":"32 anni fa la morte del grande, geniale Miles Dewey Davis. - NonSoloMusicaMagazine","og_description":"32 anni fa la morte del grande, geniale Miles Dewey Davis.","og_url":"https:\/\/www.nonsolomusicamagazine.it\/?p=3008","og_site_name":"NonSoloMusicaMagazine","article_published_time":"2023-09-28T17:09:35+00:00","article_modified_time":"2023-09-28T17:09:36+00:00","og_image":[{"width":1080,"height":1440,"url":"https:\/\/www.nonsolomusicamagazine.it\/wp-content\/uploads\/2023\/09\/images-43.jpeg","type":"image\/jpeg"}],"author":"nonsolomusica","twitter_card":"summary_large_image","twitter_misc":{"Scritto da":"nonsolomusica","Tempo di lettura stimato":"3 minuti"},"schema":{"@context":"https:\/\/schema.org","@graph":[{"@type":"Article","@id":"https:\/\/www.nonsolomusicamagazine.it\/?p=3008#article","isPartOf":{"@id":"https:\/\/www.nonsolomusicamagazine.it\/?p=3008"},"author":{"name":"nonsolomusica","@id":"https:\/\/www.nonsolomusicamagazine.it\/#\/schema\/person\/a3349ad02300d046472d46cf6d31ae46"},"headline":"32 anni fa la morte del grande, geniale Miles Dewey Davis.","datePublished":"2023-09-28T17:09:35+00:00","dateModified":"2023-09-28T17:09:36+00:00","mainEntityOfPage":{"@id":"https:\/\/www.nonsolomusicamagazine.it\/?p=3008"},"wordCount":389,"commentCount":0,"image":{"@id":"https:\/\/www.nonsolomusicamagazine.it\/?p=3008#primaryimage"},"thumbnailUrl":"https:\/\/www.nonsolomusicamagazine.it\/wp-content\/uploads\/2023\/09\/images-43.jpeg","articleSection":["Musica"],"inLanguage":"it-IT","potentialAction":[{"@type":"CommentAction","name":"Comment","target":["https:\/\/www.nonsolomusicamagazine.it\/?p=3008#respond"]}]},{"@type":"WebPage","@id":"https:\/\/www.nonsolomusicamagazine.it\/?p=3008","url":"https:\/\/www.nonsolomusicamagazine.it\/?p=3008","name":"32 anni fa la morte del grande, geniale Miles Dewey Davis. - NonSoloMusicaMagazine","isPartOf":{"@id":"https:\/\/www.nonsolomusicamagazine.it\/#website"},"primaryImageOfPage":{"@id":"https:\/\/www.nonsolomusicamagazine.it\/?p=3008#primaryimage"},"image":{"@id":"https:\/\/www.nonsolomusicamagazine.it\/?p=3008#primaryimage"},"thumbnailUrl":"https:\/\/www.nonsolomusicamagazine.it\/wp-content\/uploads\/2023\/09\/images-43.jpeg","datePublished":"2023-09-28T17:09:35+00:00","dateModified":"2023-09-28T17:09:36+00:00","author":{"@id":"https:\/\/www.nonsolomusicamagazine.it\/#\/schema\/person\/a3349ad02300d046472d46cf6d31ae46"},"description":"32 anni fa la morte del grande, geniale Miles Dewey Davis.","breadcrumb":{"@id":"https:\/\/www.nonsolomusicamagazine.it\/?p=3008#breadcrumb"},"inLanguage":"it-IT","potentialAction":[{"@type":"ReadAction","target":["https:\/\/www.nonsolomusicamagazine.it\/?p=3008"]}]},{"@type":"ImageObject","inLanguage":"it-IT","@id":"https:\/\/www.nonsolomusicamagazine.it\/?p=3008#primaryimage","url":"https:\/\/www.nonsolomusicamagazine.it\/wp-content\/uploads\/2023\/09\/images-43.jpeg","contentUrl":"https:\/\/www.nonsolomusicamagazine.it\/wp-content\/uploads\/2023\/09\/images-43.jpeg","width":1080,"height":1440},{"@type":"BreadcrumbList","@id":"https:\/\/www.nonsolomusicamagazine.it\/?p=3008#breadcrumb","itemListElement":[{"@type":"ListItem","position":1,"name":"Home","item":"https:\/\/www.nonsolomusicamagazine.it\/"},{"@type":"ListItem","position":2,"name":"32 anni fa la morte del grande, geniale Miles Dewey Davis."}]},{"@type":"WebSite","@id":"https:\/\/www.nonsolomusicamagazine.it\/#website","url":"https:\/\/www.nonsolomusicamagazine.it\/","name":"Nonsolomusicamagazine","description":"Dir. responsabile Manuel M Buccarella","potentialAction":[{"@type":"SearchAction","target":{"@type":"EntryPoint","urlTemplate":"https:\/\/www.nonsolomusicamagazine.it\/?s={search_term_string}"},"query-input":{"@type":"PropertyValueSpecification","valueRequired":true,"valueName":"search_term_string"}}],"inLanguage":"it-IT"},{"@type":"Person","@id":"https:\/\/www.nonsolomusicamagazine.it\/#\/schema\/person\/a3349ad02300d046472d46cf6d31ae46","name":"nonsolomusica","image":{"@type":"ImageObject","inLanguage":"it-IT","@id":"https:\/\/www.nonsolomusicamagazine.it\/wp-content\/litespeed\/avatar\/3a675484bc84db6aba78d43bfc8b7197.jpg?ver=1776880798","url":"https:\/\/www.nonsolomusicamagazine.it\/wp-content\/litespeed\/avatar\/3a675484bc84db6aba78d43bfc8b7197.jpg?ver=1776880798","contentUrl":"https:\/\/www.nonsolomusicamagazine.it\/wp-content\/litespeed\/avatar\/3a675484bc84db6aba78d43bfc8b7197.jpg?ver=1776880798","caption":"nonsolomusica"},"sameAs":["https:\/\/www.nonsolomusicamagazine.it"],"url":"https:\/\/www.nonsolomusicamagazine.it\/?author=1"}]}},"amp_enabled":true,"_links":{"self":[{"href":"https:\/\/www.nonsolomusicamagazine.it\/index.php?rest_route=\/wp\/v2\/posts\/3008","targetHints":{"allow":["GET"]}}],"collection":[{"href":"https:\/\/www.nonsolomusicamagazine.it\/index.php?rest_route=\/wp\/v2\/posts"}],"about":[{"href":"https:\/\/www.nonsolomusicamagazine.it\/index.php?rest_route=\/wp\/v2\/types\/post"}],"author":[{"embeddable":true,"href":"https:\/\/www.nonsolomusicamagazine.it\/index.php?rest_route=\/wp\/v2\/users\/1"}],"replies":[{"embeddable":true,"href":"https:\/\/www.nonsolomusicamagazine.it\/index.php?rest_route=%2Fwp%2Fv2%2Fcomments&post=3008"}],"version-history":[{"count":0,"href":"https:\/\/www.nonsolomusicamagazine.it\/index.php?rest_route=\/wp\/v2\/posts\/3008\/revisions"}],"wp:featuredmedia":[{"embeddable":true,"href":"https:\/\/www.nonsolomusicamagazine.it\/index.php?rest_route=\/wp\/v2\/media\/3009"}],"wp:attachment":[{"href":"https:\/\/www.nonsolomusicamagazine.it\/index.php?rest_route=%2Fwp%2Fv2%2Fmedia&parent=3008"}],"wp:term":[{"taxonomy":"category","embeddable":true,"href":"https:\/\/www.nonsolomusicamagazine.it\/index.php?rest_route=%2Fwp%2Fv2%2Fcategories&post=3008"},{"taxonomy":"post_tag","embeddable":true,"href":"https:\/\/www.nonsolomusicamagazine.it\/index.php?rest_route=%2Fwp%2Fv2%2Ftags&post=3008"}],"curies":[{"name":"wp","href":"https:\/\/api.w.org\/{rel}","templated":true}]}}