{"id":3014,"date":"2023-09-28T18:44:47","date_gmt":"2023-09-28T18:44:47","guid":{"rendered":"https:\/\/www.nonsolomusicamagazine.it\/?p=3014"},"modified":"2023-09-28T18:44:48","modified_gmt":"2023-09-28T18:44:48","slug":"marcello-mastroianni-la-dolce-vita","status":"publish","type":"post","link":"https:\/\/www.nonsolomusicamagazine.it\/?p=3014","title":{"rendered":"Marcello Mastroianni, la &#8220;dolce vita&#8221;."},"content":{"rendered":"\n<p class=\"has-text-align-center\"><em>ma.bu.<\/em><\/p>\n\n\n\n<p>Il 28 settembre 1924 nasce a Fontana Liri Marcello Mastroianni, all\u2019anagrafe Marcello Vincenzo Domenico Mastroianni (Fontana Liri, 28 settembre 1924 \u2013 Parigi, 19 dicembre 1996), uno dei pi\u00f9 grandi attori italiani ed internazionali.<\/p>\n\n\n\n<p>\u00c8 stato fra i pi\u00f9 grandi interpreti italiani di tutti i tempi nonch\u00e9 uno dei pi\u00f9 conosciuti e apprezzati all\u2019estero dagli anni sessanta in poi, soprattutto per i ruoli da protagonista nei film di Federico Fellini e per le pellicole recitate in coppia con Sophia Loren. Capace di destreggiarsi perfettamente sia nei ruoli drammatici che in quelli comici, \u00e8 stato per tre volte candidato all\u2019Oscar al miglior attore per Divorzio all\u2019italiana (1963), per Una giornata particolare (1978) e per Oci ciornie (1988). Ha vinto due Golden Globe, due Premi BAFTA, otto David di Donatello, otto Nastri d\u2019argento, cinque Globi d\u2019oro e un Ciak d\u2019oro. <\/p>\n\n\n\n<p>Come Jack Lemmon e Dean Stockwell, ha ottenuto in due diverse occasioni il Prix d\u2019interpr\u00e9tation masculine al Festival di Cannes, nel 1970 per Dramma della gelosia e nel 1987 per Oci ciornie. Ha vinto per due volte la Coppa Volpi alla Mostra internazionale d\u2019arte cinematografica per Che ora \u00e8 e Uno, due, tre, stella!. Nel 1990 gli \u00e8 stato conferito il Leone d\u2019oro alla carriera, consegnatogli personalmente da Federico Fellini.<\/p>\n\n\n\n<p>L\u2019affermazione definitiva arriva nel 1958 con I soliti ignoti, cui segue Adua e le compagne (1960). I due capolavori di Federico Fellini: La dolce vita (1960) e il successivo 8\u00bd (1963) gli conferiranno il successo internazionale e la fama di \u00ablatin lover\u00bb, dalla quale cercher\u00e0, pi\u00f9 o meno inutilmente, di difendersi fino all\u2019et\u00e0 pi\u00f9 matura; questa \u00e8 la ragione per cui, subito dopo il successo de La dolce vita, cerca di sfatare il proprio mito di sex symbol accettando di interpretare il ruolo di un impotente nel film Il bell\u2019Antonio (1961), tratto dall\u2019omonimo romanzo di Vitaliano Brancati.Nel 1961 esce Divorzio all\u2019italiana commedia nera basata sull\u2019omicidio d\u2019onore, che vede Stefania Sandrelli co-protagonista con Mastroianni. Il film, presentato al 15\u00ba Festival di Cannes ottiene il premio per la migliore commedia e vincitore, nel 1963, di un Premio Oscar per la migliore sceneggiatura originale, diviene un successo internazionale, consolidando la fama di Mastroianni che ottiene per la sua interpretazione del barone Cefal\u00f9 il Nastro d\u2019argento al migliore attore protagonista, il premio BAFTA al migliore attore straniero, il Golden Globe per il miglior attore in un film commedia o musicale e infine la candidatura all\u2019Oscar al miglior attore.<\/p>\n\n\n\n<p>Tante le interpretazioni di successo, anche negli anni 80 quando viene richiamato anche da Fellini.<\/p>\n\n\n\n<p>Qui il trailer originale della grande pellicola Una giornata particolare del 1977, con Sophia Loren, diretta da Ettore Scola.<\/p>\n\n\n<figure class=\"wp-block-post-featured-image\"><img decoding=\"async\" width=\"1200\" height=\"1200\" src=\"https:\/\/www.nonsolomusicamagazine.it\/wp-content\/uploads\/2023\/09\/2357.jpg\" class=\"attachment-post-thumbnail size-post-thumbnail wp-post-image\" alt=\"\" style=\"object-fit:cover;\" srcset=\"https:\/\/www.nonsolomusicamagazine.it\/wp-content\/uploads\/2023\/09\/2357.jpg 1200w, https:\/\/www.nonsolomusicamagazine.it\/wp-content\/uploads\/2023\/09\/2357-300x300.jpg 300w, https:\/\/www.nonsolomusicamagazine.it\/wp-content\/uploads\/2023\/09\/2357-1024x1024.jpg 1024w, https:\/\/www.nonsolomusicamagazine.it\/wp-content\/uploads\/2023\/09\/2357-150x150.jpg 150w, https:\/\/www.nonsolomusicamagazine.it\/wp-content\/uploads\/2023\/09\/2357-768x768.jpg 768w, https:\/\/www.nonsolomusicamagazine.it\/wp-content\/uploads\/2023\/09\/2357-450x450.jpg 450w, https:\/\/www.nonsolomusicamagazine.it\/wp-content\/uploads\/2023\/09\/2357-600x600.jpg 600w\" sizes=\"(max-width: 1200px) 100vw, 1200px\" \/><\/figure>\n\n\n<figure class=\"wp-block-embed is-type-video is-provider-youtube wp-block-embed-youtube wp-embed-aspect-16-9 wp-has-aspect-ratio\"><div class=\"wp-block-embed__wrapper\">\n<iframe title=\"Una giornata particolare (1977) ORIGINAL TRAILER [HD 1080p]\" width=\"640\" height=\"360\" src=\"https:\/\/www.youtube.com\/embed\/i_9BAH_qO-4?feature=oembed\" frameborder=\"0\" allow=\"accelerometer; autoplay; clipboard-write; encrypted-media; gyroscope; picture-in-picture; web-share\" referrerpolicy=\"strict-origin-when-cross-origin\" allowfullscreen><\/iframe>\n<\/div><\/figure>\n","protected":false},"excerpt":{"rendered":"<p>ma.bu. Il 28 settembre 1924 nasce a Fontana Liri Marcello Mastroianni, all\u2019anagrafe Marcello Vincenzo Domenico Mastroianni (Fontana Liri, 28 settembre 1924 \u2013 Parigi, 19 dicembre 1996), uno dei pi\u00f9 grandi attori italiani ed internazionali. \u00c8 stato fra i pi\u00f9 grandi interpreti italiani di tutti i tempi nonch\u00e9 uno dei pi\u00f9 conosciuti e apprezzati all\u2019estero dagli [&hellip;]<\/p>\n","protected":false},"author":1,"featured_media":3015,"comment_status":"open","ping_status":"closed","sticky":false,"template":"","format":"standard","meta":{"footnotes":""},"categories":[135],"tags":[2022,311,1948],"class_list":["post-3014","post","type-post","status-publish","format-standard","has-post-thumbnail","hentry","category-cinema","tag-la-dolce-vita","tag-marcello-mastroianni","tag-sophia-loren"],"yoast_head":"<!-- This site is optimized with the Yoast SEO plugin v27.4 - https:\/\/yoast.com\/product\/yoast-seo-wordpress\/ -->\n<title>Marcello Mastroianni, la &quot;dolce vita&quot;. - NonSoloMusicaMagazine<\/title>\n<meta name=\"description\" content=\"Marcello Mastroianni, la &quot;dolce vita&quot;.\" \/>\n<meta name=\"robots\" content=\"index, follow, max-snippet:-1, max-image-preview:large, max-video-preview:-1\" \/>\n<link rel=\"canonical\" href=\"https:\/\/www.nonsolomusicamagazine.it\/?p=3014\" \/>\n<meta property=\"og:locale\" content=\"it_IT\" \/>\n<meta property=\"og:type\" content=\"article\" \/>\n<meta property=\"og:title\" content=\"Marcello Mastroianni, la &quot;dolce vita&quot;. - NonSoloMusicaMagazine\" \/>\n<meta property=\"og:description\" content=\"Marcello Mastroianni, la &quot;dolce vita&quot;.\" \/>\n<meta property=\"og:url\" content=\"https:\/\/www.nonsolomusicamagazine.it\/?p=3014\" \/>\n<meta property=\"og:site_name\" content=\"NonSoloMusicaMagazine\" \/>\n<meta property=\"article:published_time\" content=\"2023-09-28T18:44:47+00:00\" \/>\n<meta property=\"article:modified_time\" content=\"2023-09-28T18:44:48+00:00\" \/>\n<meta property=\"og:image\" content=\"https:\/\/www.nonsolomusicamagazine.it\/wp-content\/uploads\/2023\/09\/2357.jpg\" \/>\n\t<meta property=\"og:image:width\" content=\"1200\" \/>\n\t<meta property=\"og:image:height\" content=\"1200\" \/>\n\t<meta property=\"og:image:type\" content=\"image\/jpeg\" \/>\n<meta name=\"author\" content=\"nonsolomusica\" \/>\n<meta name=\"twitter:card\" content=\"summary_large_image\" \/>\n<meta name=\"twitter:label1\" content=\"Scritto da\" \/>\n\t<meta name=\"twitter:data1\" content=\"nonsolomusica\" \/>\n\t<meta name=\"twitter:label2\" content=\"Tempo di lettura stimato\" \/>\n\t<meta name=\"twitter:data2\" content=\"3 minuti\" \/>\n<script type=\"application\/ld+json\" class=\"yoast-schema-graph\">{\"@context\":\"https:\\\/\\\/schema.org\",\"@graph\":[{\"@type\":\"Article\",\"@id\":\"https:\\\/\\\/www.nonsolomusicamagazine.it\\\/?p=3014#article\",\"isPartOf\":{\"@id\":\"https:\\\/\\\/www.nonsolomusicamagazine.it\\\/?p=3014\"},\"author\":{\"name\":\"nonsolomusica\",\"@id\":\"https:\\\/\\\/www.nonsolomusicamagazine.it\\\/#\\\/schema\\\/person\\\/a3349ad02300d046472d46cf6d31ae46\"},\"headline\":\"Marcello Mastroianni, la &#8220;dolce vita&#8221;.\",\"datePublished\":\"2023-09-28T18:44:47+00:00\",\"dateModified\":\"2023-09-28T18:44:48+00:00\",\"mainEntityOfPage\":{\"@id\":\"https:\\\/\\\/www.nonsolomusicamagazine.it\\\/?p=3014\"},\"wordCount\":461,\"commentCount\":0,\"image\":{\"@id\":\"https:\\\/\\\/www.nonsolomusicamagazine.it\\\/?p=3014#primaryimage\"},\"thumbnailUrl\":\"https:\\\/\\\/www.nonsolomusicamagazine.it\\\/wp-content\\\/uploads\\\/2023\\\/09\\\/2357.jpg\",\"keywords\":[\"La dolce Vita\",\"Marcello Mastroianni\",\"Sophia Loren\"],\"articleSection\":[\"Cinema\"],\"inLanguage\":\"it-IT\",\"potentialAction\":[{\"@type\":\"CommentAction\",\"name\":\"Comment\",\"target\":[\"https:\\\/\\\/www.nonsolomusicamagazine.it\\\/?p=3014#respond\"]}]},{\"@type\":\"WebPage\",\"@id\":\"https:\\\/\\\/www.nonsolomusicamagazine.it\\\/?p=3014\",\"url\":\"https:\\\/\\\/www.nonsolomusicamagazine.it\\\/?p=3014\",\"name\":\"Marcello Mastroianni, la \\\"dolce vita\\\". - NonSoloMusicaMagazine\",\"isPartOf\":{\"@id\":\"https:\\\/\\\/www.nonsolomusicamagazine.it\\\/#website\"},\"primaryImageOfPage\":{\"@id\":\"https:\\\/\\\/www.nonsolomusicamagazine.it\\\/?p=3014#primaryimage\"},\"image\":{\"@id\":\"https:\\\/\\\/www.nonsolomusicamagazine.it\\\/?p=3014#primaryimage\"},\"thumbnailUrl\":\"https:\\\/\\\/www.nonsolomusicamagazine.it\\\/wp-content\\\/uploads\\\/2023\\\/09\\\/2357.jpg\",\"datePublished\":\"2023-09-28T18:44:47+00:00\",\"dateModified\":\"2023-09-28T18:44:48+00:00\",\"author\":{\"@id\":\"https:\\\/\\\/www.nonsolomusicamagazine.it\\\/#\\\/schema\\\/person\\\/a3349ad02300d046472d46cf6d31ae46\"},\"description\":\"Marcello Mastroianni, la \\\"dolce vita\\\".\",\"breadcrumb\":{\"@id\":\"https:\\\/\\\/www.nonsolomusicamagazine.it\\\/?p=3014#breadcrumb\"},\"inLanguage\":\"it-IT\",\"potentialAction\":[{\"@type\":\"ReadAction\",\"target\":[\"https:\\\/\\\/www.nonsolomusicamagazine.it\\\/?p=3014\"]}]},{\"@type\":\"ImageObject\",\"inLanguage\":\"it-IT\",\"@id\":\"https:\\\/\\\/www.nonsolomusicamagazine.it\\\/?p=3014#primaryimage\",\"url\":\"https:\\\/\\\/www.nonsolomusicamagazine.it\\\/wp-content\\\/uploads\\\/2023\\\/09\\\/2357.jpg\",\"contentUrl\":\"https:\\\/\\\/www.nonsolomusicamagazine.it\\\/wp-content\\\/uploads\\\/2023\\\/09\\\/2357.jpg\",\"width\":1200,\"height\":1200},{\"@type\":\"BreadcrumbList\",\"@id\":\"https:\\\/\\\/www.nonsolomusicamagazine.it\\\/?p=3014#breadcrumb\",\"itemListElement\":[{\"@type\":\"ListItem\",\"position\":1,\"name\":\"Home\",\"item\":\"https:\\\/\\\/www.nonsolomusicamagazine.it\\\/\"},{\"@type\":\"ListItem\",\"position\":2,\"name\":\"Marcello Mastroianni, la &#8220;dolce vita&#8221;.\"}]},{\"@type\":\"WebSite\",\"@id\":\"https:\\\/\\\/www.nonsolomusicamagazine.it\\\/#website\",\"url\":\"https:\\\/\\\/www.nonsolomusicamagazine.it\\\/\",\"name\":\"Nonsolomusicamagazine\",\"description\":\"Dir. responsabile Manuel M Buccarella\",\"potentialAction\":[{\"@type\":\"SearchAction\",\"target\":{\"@type\":\"EntryPoint\",\"urlTemplate\":\"https:\\\/\\\/www.nonsolomusicamagazine.it\\\/?s={search_term_string}\"},\"query-input\":{\"@type\":\"PropertyValueSpecification\",\"valueRequired\":true,\"valueName\":\"search_term_string\"}}],\"inLanguage\":\"it-IT\"},{\"@type\":\"Person\",\"@id\":\"https:\\\/\\\/www.nonsolomusicamagazine.it\\\/#\\\/schema\\\/person\\\/a3349ad02300d046472d46cf6d31ae46\",\"name\":\"nonsolomusica\",\"image\":{\"@type\":\"ImageObject\",\"inLanguage\":\"it-IT\",\"@id\":\"https:\\\/\\\/www.nonsolomusicamagazine.it\\\/wp-content\\\/litespeed\\\/avatar\\\/3a675484bc84db6aba78d43bfc8b7197.jpg?ver=1776880798\",\"url\":\"https:\\\/\\\/www.nonsolomusicamagazine.it\\\/wp-content\\\/litespeed\\\/avatar\\\/3a675484bc84db6aba78d43bfc8b7197.jpg?ver=1776880798\",\"contentUrl\":\"https:\\\/\\\/www.nonsolomusicamagazine.it\\\/wp-content\\\/litespeed\\\/avatar\\\/3a675484bc84db6aba78d43bfc8b7197.jpg?ver=1776880798\",\"caption\":\"nonsolomusica\"},\"sameAs\":[\"https:\\\/\\\/www.nonsolomusicamagazine.it\"],\"url\":\"https:\\\/\\\/www.nonsolomusicamagazine.it\\\/?author=1\"}]}<\/script>\n<!-- \/ Yoast SEO plugin. -->","yoast_head_json":{"title":"Marcello Mastroianni, la \"dolce vita\". - NonSoloMusicaMagazine","description":"Marcello Mastroianni, la \"dolce vita\".","robots":{"index":"index","follow":"follow","max-snippet":"max-snippet:-1","max-image-preview":"max-image-preview:large","max-video-preview":"max-video-preview:-1"},"canonical":"https:\/\/www.nonsolomusicamagazine.it\/?p=3014","og_locale":"it_IT","og_type":"article","og_title":"Marcello Mastroianni, la \"dolce vita\". - NonSoloMusicaMagazine","og_description":"Marcello Mastroianni, la \"dolce vita\".","og_url":"https:\/\/www.nonsolomusicamagazine.it\/?p=3014","og_site_name":"NonSoloMusicaMagazine","article_published_time":"2023-09-28T18:44:47+00:00","article_modified_time":"2023-09-28T18:44:48+00:00","og_image":[{"width":1200,"height":1200,"url":"https:\/\/www.nonsolomusicamagazine.it\/wp-content\/uploads\/2023\/09\/2357.jpg","type":"image\/jpeg"}],"author":"nonsolomusica","twitter_card":"summary_large_image","twitter_misc":{"Scritto da":"nonsolomusica","Tempo di lettura stimato":"3 minuti"},"schema":{"@context":"https:\/\/schema.org","@graph":[{"@type":"Article","@id":"https:\/\/www.nonsolomusicamagazine.it\/?p=3014#article","isPartOf":{"@id":"https:\/\/www.nonsolomusicamagazine.it\/?p=3014"},"author":{"name":"nonsolomusica","@id":"https:\/\/www.nonsolomusicamagazine.it\/#\/schema\/person\/a3349ad02300d046472d46cf6d31ae46"},"headline":"Marcello Mastroianni, la &#8220;dolce vita&#8221;.","datePublished":"2023-09-28T18:44:47+00:00","dateModified":"2023-09-28T18:44:48+00:00","mainEntityOfPage":{"@id":"https:\/\/www.nonsolomusicamagazine.it\/?p=3014"},"wordCount":461,"commentCount":0,"image":{"@id":"https:\/\/www.nonsolomusicamagazine.it\/?p=3014#primaryimage"},"thumbnailUrl":"https:\/\/www.nonsolomusicamagazine.it\/wp-content\/uploads\/2023\/09\/2357.jpg","keywords":["La dolce Vita","Marcello Mastroianni","Sophia Loren"],"articleSection":["Cinema"],"inLanguage":"it-IT","potentialAction":[{"@type":"CommentAction","name":"Comment","target":["https:\/\/www.nonsolomusicamagazine.it\/?p=3014#respond"]}]},{"@type":"WebPage","@id":"https:\/\/www.nonsolomusicamagazine.it\/?p=3014","url":"https:\/\/www.nonsolomusicamagazine.it\/?p=3014","name":"Marcello Mastroianni, la \"dolce vita\". - NonSoloMusicaMagazine","isPartOf":{"@id":"https:\/\/www.nonsolomusicamagazine.it\/#website"},"primaryImageOfPage":{"@id":"https:\/\/www.nonsolomusicamagazine.it\/?p=3014#primaryimage"},"image":{"@id":"https:\/\/www.nonsolomusicamagazine.it\/?p=3014#primaryimage"},"thumbnailUrl":"https:\/\/www.nonsolomusicamagazine.it\/wp-content\/uploads\/2023\/09\/2357.jpg","datePublished":"2023-09-28T18:44:47+00:00","dateModified":"2023-09-28T18:44:48+00:00","author":{"@id":"https:\/\/www.nonsolomusicamagazine.it\/#\/schema\/person\/a3349ad02300d046472d46cf6d31ae46"},"description":"Marcello Mastroianni, la \"dolce vita\".","breadcrumb":{"@id":"https:\/\/www.nonsolomusicamagazine.it\/?p=3014#breadcrumb"},"inLanguage":"it-IT","potentialAction":[{"@type":"ReadAction","target":["https:\/\/www.nonsolomusicamagazine.it\/?p=3014"]}]},{"@type":"ImageObject","inLanguage":"it-IT","@id":"https:\/\/www.nonsolomusicamagazine.it\/?p=3014#primaryimage","url":"https:\/\/www.nonsolomusicamagazine.it\/wp-content\/uploads\/2023\/09\/2357.jpg","contentUrl":"https:\/\/www.nonsolomusicamagazine.it\/wp-content\/uploads\/2023\/09\/2357.jpg","width":1200,"height":1200},{"@type":"BreadcrumbList","@id":"https:\/\/www.nonsolomusicamagazine.it\/?p=3014#breadcrumb","itemListElement":[{"@type":"ListItem","position":1,"name":"Home","item":"https:\/\/www.nonsolomusicamagazine.it\/"},{"@type":"ListItem","position":2,"name":"Marcello Mastroianni, la &#8220;dolce vita&#8221;."}]},{"@type":"WebSite","@id":"https:\/\/www.nonsolomusicamagazine.it\/#website","url":"https:\/\/www.nonsolomusicamagazine.it\/","name":"Nonsolomusicamagazine","description":"Dir. responsabile Manuel M Buccarella","potentialAction":[{"@type":"SearchAction","target":{"@type":"EntryPoint","urlTemplate":"https:\/\/www.nonsolomusicamagazine.it\/?s={search_term_string}"},"query-input":{"@type":"PropertyValueSpecification","valueRequired":true,"valueName":"search_term_string"}}],"inLanguage":"it-IT"},{"@type":"Person","@id":"https:\/\/www.nonsolomusicamagazine.it\/#\/schema\/person\/a3349ad02300d046472d46cf6d31ae46","name":"nonsolomusica","image":{"@type":"ImageObject","inLanguage":"it-IT","@id":"https:\/\/www.nonsolomusicamagazine.it\/wp-content\/litespeed\/avatar\/3a675484bc84db6aba78d43bfc8b7197.jpg?ver=1776880798","url":"https:\/\/www.nonsolomusicamagazine.it\/wp-content\/litespeed\/avatar\/3a675484bc84db6aba78d43bfc8b7197.jpg?ver=1776880798","contentUrl":"https:\/\/www.nonsolomusicamagazine.it\/wp-content\/litespeed\/avatar\/3a675484bc84db6aba78d43bfc8b7197.jpg?ver=1776880798","caption":"nonsolomusica"},"sameAs":["https:\/\/www.nonsolomusicamagazine.it"],"url":"https:\/\/www.nonsolomusicamagazine.it\/?author=1"}]}},"amp_enabled":true,"_links":{"self":[{"href":"https:\/\/www.nonsolomusicamagazine.it\/index.php?rest_route=\/wp\/v2\/posts\/3014","targetHints":{"allow":["GET"]}}],"collection":[{"href":"https:\/\/www.nonsolomusicamagazine.it\/index.php?rest_route=\/wp\/v2\/posts"}],"about":[{"href":"https:\/\/www.nonsolomusicamagazine.it\/index.php?rest_route=\/wp\/v2\/types\/post"}],"author":[{"embeddable":true,"href":"https:\/\/www.nonsolomusicamagazine.it\/index.php?rest_route=\/wp\/v2\/users\/1"}],"replies":[{"embeddable":true,"href":"https:\/\/www.nonsolomusicamagazine.it\/index.php?rest_route=%2Fwp%2Fv2%2Fcomments&post=3014"}],"version-history":[{"count":0,"href":"https:\/\/www.nonsolomusicamagazine.it\/index.php?rest_route=\/wp\/v2\/posts\/3014\/revisions"}],"wp:featuredmedia":[{"embeddable":true,"href":"https:\/\/www.nonsolomusicamagazine.it\/index.php?rest_route=\/wp\/v2\/media\/3015"}],"wp:attachment":[{"href":"https:\/\/www.nonsolomusicamagazine.it\/index.php?rest_route=%2Fwp%2Fv2%2Fmedia&parent=3014"}],"wp:term":[{"taxonomy":"category","embeddable":true,"href":"https:\/\/www.nonsolomusicamagazine.it\/index.php?rest_route=%2Fwp%2Fv2%2Fcategories&post=3014"},{"taxonomy":"post_tag","embeddable":true,"href":"https:\/\/www.nonsolomusicamagazine.it\/index.php?rest_route=%2Fwp%2Fv2%2Ftags&post=3014"}],"curies":[{"name":"wp","href":"https:\/\/api.w.org\/{rel}","templated":true}]}}