{"id":3028,"date":"2023-09-29T17:00:38","date_gmt":"2023-09-29T17:00:38","guid":{"rendered":"https:\/\/www.nonsolomusicamagazine.it\/?p=3028"},"modified":"2023-09-29T17:00:39","modified_gmt":"2023-09-29T17:00:39","slug":"lecce-riapre-masseria-tagliatelle-al-parco-delle-cave","status":"publish","type":"post","link":"https:\/\/www.nonsolomusicamagazine.it\/?p=3028","title":{"rendered":"Lecce, riapre Masseria Tagliatelle al Parco delle Cave."},"content":{"rendered":"\n<p>Oggi venerd\u00ec 29 settembre prender\u00e0 il via il progetto Stazione Ninfeo con il quale sar\u00e0 riattivata stabilmente la Masseria Tagliatelle\u00a0bene monumentale del XVI secolo immerso nel grande Parco delle Cave esteso su tre piani, di cui uno interrato che custodisce il Ninfeo delle Fate, ipogeo termale di grande valore monumentale.<\/p>\n\n\n\n<p>Alle 19 il taglio del nastro<strong>\u00a0<\/strong>all\u2019ingresso della Masseria, con gli interventi del sindaco\u00a0<strong>Carlo Salvemini<\/strong>, del presidente di Fondazione Con il Sud\u00a0<strong>Stefano Consiglio<\/strong>, dell\u2019assessora alle Politiche Urbanistiche e Patrimonio\u00a0<strong>Rita Miglietta\u00a0<\/strong>e della presidente di Terra del Fuoco Mediterranea\u00a0<strong>Christel Antonazzo<\/strong>.<\/p>\n\n\n\n<p>Stazione Ninfeo \u00e8 un progetto nato per generare e alimentare comunit\u00e0 all\u2019interno della struttura di Masseria Tagliatelle e nel quartiere. \u00c8 stato selezionato con un bando congiunto di Fondazione Con il Sud e Comune di Lecce per la gestione e valorizzazione di Masseria Tagliatelle e Ninfeo delle Fate. Il bando \u00e8 stato frutto dell\u2019Accordo di collaborazione tra Comune e Fondazione, sottoscritto nel 2020, con il quale l\u2019amministrazione si \u00e8 impegnata alla concessione in comodato decennale della masseria al gruppo di partenariato vincitore e la Fondazione a contribuire con un investimento di 500mila euro destinato a supportare le attivit\u00e0 di gestione.Il gruppo di partenariato vincitore del bando \u00e8 composto da Tdf Mediterranea (capofila), Istituto Presta Columella, Seyf, Aforisma, PazLab, Locomotive, Ura Teatro e ImprovvisArt, Festival Nazionale del Libro, Gent.Eco, EARTH s.r.l., Io non mollo, Ramdom, A.I.C.C.O.N. I partner del progetto sono tutte realt\u00e0 che operano con continuit\u00e0 sul territorio leccese. Svolgendo compiti specifici, in base alla propria professionalit\u00e0 ed esperienza, si adopereranno per garantire alla comunit\u00e0 un ostello, un\u2019area bar, una sala coworking, una programmazione artistica, percorsi tematici rivolti agli istituti scolastici leccesi sui temi della legalit\u00e0, dello sviluppo sostenibile e dell\u2019uguaglianza. A Masseria Tagliatelle si svolgeranno inoltre laboratori rivolti ai cittadini sui temi dell\u2019accessibilit\u00e0 e dell\u2019inclusivit\u00e0, attivit\u00e0 di valorizzazione e fruizione del \u201cNinfeo delle fate\u201d ed esperienze di comunit\u00e0 (come summerschool, residenze e scuole di formazione).<\/p>\n\n\n<figure class=\"wp-block-post-featured-image\"><img decoding=\"async\" width=\"600\" height=\"399\" src=\"https:\/\/www.nonsolomusicamagazine.it\/wp-content\/uploads\/2023\/09\/masseria-tagliatelle-3.jpeg\" class=\"attachment-post-thumbnail size-post-thumbnail wp-post-image\" alt=\"\" style=\"object-fit:cover;\" srcset=\"https:\/\/www.nonsolomusicamagazine.it\/wp-content\/uploads\/2023\/09\/masseria-tagliatelle-3.jpeg 600w, https:\/\/www.nonsolomusicamagazine.it\/wp-content\/uploads\/2023\/09\/masseria-tagliatelle-3-300x200.jpeg 300w\" sizes=\"(max-width: 600px) 100vw, 600px\" \/><\/figure>","protected":false},"excerpt":{"rendered":"<p>Oggi venerd\u00ec 29 settembre prender\u00e0 il via il progetto Stazione Ninfeo con il quale sar\u00e0 riattivata stabilmente la Masseria Tagliatelle\u00a0bene monumentale del XVI secolo immerso nel grande Parco delle Cave esteso su tre piani, di cui uno interrato che custodisce il Ninfeo delle Fate, ipogeo termale di grande valore monumentale. Alle 19 il taglio del [&hellip;]<\/p>\n","protected":false},"author":1,"featured_media":3029,"comment_status":"open","ping_status":"closed","sticky":false,"template":"","format":"standard","meta":{"footnotes":""},"categories":[991,20,247],"tags":[52,2031,2032],"class_list":["post-3028","post","type-post","status-publish","format-standard","has-post-thumbnail","hentry","category-cronaca","category-societa","category-spettacoli","tag-lecce","tag-masseria-tagliatelle","tag-parco-delle-cave"],"yoast_head":"<!-- This site is optimized with the Yoast SEO plugin v27.4 - https:\/\/yoast.com\/product\/yoast-seo-wordpress\/ -->\n<title>Lecce, riapre Masseria Tagliatelle al Parco delle Cave. - NonSoloMusicaMagazine<\/title>\n<meta name=\"description\" content=\"Lecce, riapre Masseria Tagliatelle al Parco delle Cave.\" \/>\n<meta name=\"robots\" content=\"index, follow, max-snippet:-1, max-image-preview:large, max-video-preview:-1\" \/>\n<link rel=\"canonical\" href=\"https:\/\/www.nonsolomusicamagazine.it\/?p=3028\" \/>\n<meta property=\"og:locale\" content=\"it_IT\" \/>\n<meta property=\"og:type\" content=\"article\" \/>\n<meta property=\"og:title\" content=\"Lecce, riapre Masseria Tagliatelle al Parco delle Cave. - NonSoloMusicaMagazine\" \/>\n<meta property=\"og:description\" content=\"Lecce, riapre Masseria Tagliatelle al Parco delle Cave.\" \/>\n<meta property=\"og:url\" content=\"https:\/\/www.nonsolomusicamagazine.it\/?p=3028\" \/>\n<meta property=\"og:site_name\" content=\"NonSoloMusicaMagazine\" \/>\n<meta property=\"article:published_time\" content=\"2023-09-29T17:00:38+00:00\" \/>\n<meta property=\"article:modified_time\" content=\"2023-09-29T17:00:39+00:00\" \/>\n<meta property=\"og:image\" content=\"https:\/\/www.nonsolomusicamagazine.it\/wp-content\/uploads\/2023\/09\/masseria-tagliatelle-3.jpeg\" \/>\n\t<meta property=\"og:image:width\" content=\"600\" \/>\n\t<meta property=\"og:image:height\" content=\"399\" \/>\n\t<meta property=\"og:image:type\" content=\"image\/jpeg\" \/>\n<meta name=\"author\" content=\"nonsolomusica\" \/>\n<meta name=\"twitter:card\" content=\"summary_large_image\" \/>\n<meta name=\"twitter:label1\" content=\"Scritto da\" \/>\n\t<meta name=\"twitter:data1\" content=\"nonsolomusica\" \/>\n\t<meta name=\"twitter:label2\" content=\"Tempo di lettura stimato\" \/>\n\t<meta name=\"twitter:data2\" content=\"2 minuti\" \/>\n<script type=\"application\/ld+json\" class=\"yoast-schema-graph\">{\"@context\":\"https:\\\/\\\/schema.org\",\"@graph\":[{\"@type\":\"Article\",\"@id\":\"https:\\\/\\\/www.nonsolomusicamagazine.it\\\/?p=3028#article\",\"isPartOf\":{\"@id\":\"https:\\\/\\\/www.nonsolomusicamagazine.it\\\/?p=3028\"},\"author\":{\"name\":\"nonsolomusica\",\"@id\":\"https:\\\/\\\/www.nonsolomusicamagazine.it\\\/#\\\/schema\\\/person\\\/a3349ad02300d046472d46cf6d31ae46\"},\"headline\":\"Lecce, riapre Masseria Tagliatelle al Parco delle Cave.\",\"datePublished\":\"2023-09-29T17:00:38+00:00\",\"dateModified\":\"2023-09-29T17:00:39+00:00\",\"mainEntityOfPage\":{\"@id\":\"https:\\\/\\\/www.nonsolomusicamagazine.it\\\/?p=3028\"},\"wordCount\":338,\"commentCount\":0,\"image\":{\"@id\":\"https:\\\/\\\/www.nonsolomusicamagazine.it\\\/?p=3028#primaryimage\"},\"thumbnailUrl\":\"https:\\\/\\\/www.nonsolomusicamagazine.it\\\/wp-content\\\/uploads\\\/2023\\\/09\\\/masseria-tagliatelle-3.jpeg\",\"keywords\":[\"Lecce\",\"Masseria Tagliatelle\",\"Parco delle Cave\"],\"articleSection\":[\"Cronaca\",\"Societ\u00e0\",\"Spettacoli\"],\"inLanguage\":\"it-IT\",\"potentialAction\":[{\"@type\":\"CommentAction\",\"name\":\"Comment\",\"target\":[\"https:\\\/\\\/www.nonsolomusicamagazine.it\\\/?p=3028#respond\"]}]},{\"@type\":\"WebPage\",\"@id\":\"https:\\\/\\\/www.nonsolomusicamagazine.it\\\/?p=3028\",\"url\":\"https:\\\/\\\/www.nonsolomusicamagazine.it\\\/?p=3028\",\"name\":\"Lecce, riapre Masseria Tagliatelle al Parco delle Cave. - NonSoloMusicaMagazine\",\"isPartOf\":{\"@id\":\"https:\\\/\\\/www.nonsolomusicamagazine.it\\\/#website\"},\"primaryImageOfPage\":{\"@id\":\"https:\\\/\\\/www.nonsolomusicamagazine.it\\\/?p=3028#primaryimage\"},\"image\":{\"@id\":\"https:\\\/\\\/www.nonsolomusicamagazine.it\\\/?p=3028#primaryimage\"},\"thumbnailUrl\":\"https:\\\/\\\/www.nonsolomusicamagazine.it\\\/wp-content\\\/uploads\\\/2023\\\/09\\\/masseria-tagliatelle-3.jpeg\",\"datePublished\":\"2023-09-29T17:00:38+00:00\",\"dateModified\":\"2023-09-29T17:00:39+00:00\",\"author\":{\"@id\":\"https:\\\/\\\/www.nonsolomusicamagazine.it\\\/#\\\/schema\\\/person\\\/a3349ad02300d046472d46cf6d31ae46\"},\"description\":\"Lecce, riapre Masseria Tagliatelle al Parco delle Cave.\",\"breadcrumb\":{\"@id\":\"https:\\\/\\\/www.nonsolomusicamagazine.it\\\/?p=3028#breadcrumb\"},\"inLanguage\":\"it-IT\",\"potentialAction\":[{\"@type\":\"ReadAction\",\"target\":[\"https:\\\/\\\/www.nonsolomusicamagazine.it\\\/?p=3028\"]}]},{\"@type\":\"ImageObject\",\"inLanguage\":\"it-IT\",\"@id\":\"https:\\\/\\\/www.nonsolomusicamagazine.it\\\/?p=3028#primaryimage\",\"url\":\"https:\\\/\\\/www.nonsolomusicamagazine.it\\\/wp-content\\\/uploads\\\/2023\\\/09\\\/masseria-tagliatelle-3.jpeg\",\"contentUrl\":\"https:\\\/\\\/www.nonsolomusicamagazine.it\\\/wp-content\\\/uploads\\\/2023\\\/09\\\/masseria-tagliatelle-3.jpeg\",\"width\":600,\"height\":399},{\"@type\":\"BreadcrumbList\",\"@id\":\"https:\\\/\\\/www.nonsolomusicamagazine.it\\\/?p=3028#breadcrumb\",\"itemListElement\":[{\"@type\":\"ListItem\",\"position\":1,\"name\":\"Home\",\"item\":\"https:\\\/\\\/www.nonsolomusicamagazine.it\\\/\"},{\"@type\":\"ListItem\",\"position\":2,\"name\":\"Lecce, riapre Masseria Tagliatelle al Parco delle Cave.\"}]},{\"@type\":\"WebSite\",\"@id\":\"https:\\\/\\\/www.nonsolomusicamagazine.it\\\/#website\",\"url\":\"https:\\\/\\\/www.nonsolomusicamagazine.it\\\/\",\"name\":\"Nonsolomusicamagazine\",\"description\":\"Dir. responsabile Manuel M Buccarella\",\"potentialAction\":[{\"@type\":\"SearchAction\",\"target\":{\"@type\":\"EntryPoint\",\"urlTemplate\":\"https:\\\/\\\/www.nonsolomusicamagazine.it\\\/?s={search_term_string}\"},\"query-input\":{\"@type\":\"PropertyValueSpecification\",\"valueRequired\":true,\"valueName\":\"search_term_string\"}}],\"inLanguage\":\"it-IT\"},{\"@type\":\"Person\",\"@id\":\"https:\\\/\\\/www.nonsolomusicamagazine.it\\\/#\\\/schema\\\/person\\\/a3349ad02300d046472d46cf6d31ae46\",\"name\":\"nonsolomusica\",\"image\":{\"@type\":\"ImageObject\",\"inLanguage\":\"it-IT\",\"@id\":\"https:\\\/\\\/www.nonsolomusicamagazine.it\\\/wp-content\\\/litespeed\\\/avatar\\\/3a675484bc84db6aba78d43bfc8b7197.jpg?ver=1776880798\",\"url\":\"https:\\\/\\\/www.nonsolomusicamagazine.it\\\/wp-content\\\/litespeed\\\/avatar\\\/3a675484bc84db6aba78d43bfc8b7197.jpg?ver=1776880798\",\"contentUrl\":\"https:\\\/\\\/www.nonsolomusicamagazine.it\\\/wp-content\\\/litespeed\\\/avatar\\\/3a675484bc84db6aba78d43bfc8b7197.jpg?ver=1776880798\",\"caption\":\"nonsolomusica\"},\"sameAs\":[\"https:\\\/\\\/www.nonsolomusicamagazine.it\"],\"url\":\"https:\\\/\\\/www.nonsolomusicamagazine.it\\\/?author=1\"}]}<\/script>\n<!-- \/ Yoast SEO plugin. -->","yoast_head_json":{"title":"Lecce, riapre Masseria Tagliatelle al Parco delle Cave. - NonSoloMusicaMagazine","description":"Lecce, riapre Masseria Tagliatelle al Parco delle Cave.","robots":{"index":"index","follow":"follow","max-snippet":"max-snippet:-1","max-image-preview":"max-image-preview:large","max-video-preview":"max-video-preview:-1"},"canonical":"https:\/\/www.nonsolomusicamagazine.it\/?p=3028","og_locale":"it_IT","og_type":"article","og_title":"Lecce, riapre Masseria Tagliatelle al Parco delle Cave. - NonSoloMusicaMagazine","og_description":"Lecce, riapre Masseria Tagliatelle al Parco delle Cave.","og_url":"https:\/\/www.nonsolomusicamagazine.it\/?p=3028","og_site_name":"NonSoloMusicaMagazine","article_published_time":"2023-09-29T17:00:38+00:00","article_modified_time":"2023-09-29T17:00:39+00:00","og_image":[{"width":600,"height":399,"url":"https:\/\/www.nonsolomusicamagazine.it\/wp-content\/uploads\/2023\/09\/masseria-tagliatelle-3.jpeg","type":"image\/jpeg"}],"author":"nonsolomusica","twitter_card":"summary_large_image","twitter_misc":{"Scritto da":"nonsolomusica","Tempo di lettura stimato":"2 minuti"},"schema":{"@context":"https:\/\/schema.org","@graph":[{"@type":"Article","@id":"https:\/\/www.nonsolomusicamagazine.it\/?p=3028#article","isPartOf":{"@id":"https:\/\/www.nonsolomusicamagazine.it\/?p=3028"},"author":{"name":"nonsolomusica","@id":"https:\/\/www.nonsolomusicamagazine.it\/#\/schema\/person\/a3349ad02300d046472d46cf6d31ae46"},"headline":"Lecce, riapre Masseria Tagliatelle al Parco delle Cave.","datePublished":"2023-09-29T17:00:38+00:00","dateModified":"2023-09-29T17:00:39+00:00","mainEntityOfPage":{"@id":"https:\/\/www.nonsolomusicamagazine.it\/?p=3028"},"wordCount":338,"commentCount":0,"image":{"@id":"https:\/\/www.nonsolomusicamagazine.it\/?p=3028#primaryimage"},"thumbnailUrl":"https:\/\/www.nonsolomusicamagazine.it\/wp-content\/uploads\/2023\/09\/masseria-tagliatelle-3.jpeg","keywords":["Lecce","Masseria Tagliatelle","Parco delle Cave"],"articleSection":["Cronaca","Societ\u00e0","Spettacoli"],"inLanguage":"it-IT","potentialAction":[{"@type":"CommentAction","name":"Comment","target":["https:\/\/www.nonsolomusicamagazine.it\/?p=3028#respond"]}]},{"@type":"WebPage","@id":"https:\/\/www.nonsolomusicamagazine.it\/?p=3028","url":"https:\/\/www.nonsolomusicamagazine.it\/?p=3028","name":"Lecce, riapre Masseria Tagliatelle al Parco delle Cave. - NonSoloMusicaMagazine","isPartOf":{"@id":"https:\/\/www.nonsolomusicamagazine.it\/#website"},"primaryImageOfPage":{"@id":"https:\/\/www.nonsolomusicamagazine.it\/?p=3028#primaryimage"},"image":{"@id":"https:\/\/www.nonsolomusicamagazine.it\/?p=3028#primaryimage"},"thumbnailUrl":"https:\/\/www.nonsolomusicamagazine.it\/wp-content\/uploads\/2023\/09\/masseria-tagliatelle-3.jpeg","datePublished":"2023-09-29T17:00:38+00:00","dateModified":"2023-09-29T17:00:39+00:00","author":{"@id":"https:\/\/www.nonsolomusicamagazine.it\/#\/schema\/person\/a3349ad02300d046472d46cf6d31ae46"},"description":"Lecce, riapre Masseria Tagliatelle al Parco delle Cave.","breadcrumb":{"@id":"https:\/\/www.nonsolomusicamagazine.it\/?p=3028#breadcrumb"},"inLanguage":"it-IT","potentialAction":[{"@type":"ReadAction","target":["https:\/\/www.nonsolomusicamagazine.it\/?p=3028"]}]},{"@type":"ImageObject","inLanguage":"it-IT","@id":"https:\/\/www.nonsolomusicamagazine.it\/?p=3028#primaryimage","url":"https:\/\/www.nonsolomusicamagazine.it\/wp-content\/uploads\/2023\/09\/masseria-tagliatelle-3.jpeg","contentUrl":"https:\/\/www.nonsolomusicamagazine.it\/wp-content\/uploads\/2023\/09\/masseria-tagliatelle-3.jpeg","width":600,"height":399},{"@type":"BreadcrumbList","@id":"https:\/\/www.nonsolomusicamagazine.it\/?p=3028#breadcrumb","itemListElement":[{"@type":"ListItem","position":1,"name":"Home","item":"https:\/\/www.nonsolomusicamagazine.it\/"},{"@type":"ListItem","position":2,"name":"Lecce, riapre Masseria Tagliatelle al Parco delle Cave."}]},{"@type":"WebSite","@id":"https:\/\/www.nonsolomusicamagazine.it\/#website","url":"https:\/\/www.nonsolomusicamagazine.it\/","name":"Nonsolomusicamagazine","description":"Dir. responsabile Manuel M Buccarella","potentialAction":[{"@type":"SearchAction","target":{"@type":"EntryPoint","urlTemplate":"https:\/\/www.nonsolomusicamagazine.it\/?s={search_term_string}"},"query-input":{"@type":"PropertyValueSpecification","valueRequired":true,"valueName":"search_term_string"}}],"inLanguage":"it-IT"},{"@type":"Person","@id":"https:\/\/www.nonsolomusicamagazine.it\/#\/schema\/person\/a3349ad02300d046472d46cf6d31ae46","name":"nonsolomusica","image":{"@type":"ImageObject","inLanguage":"it-IT","@id":"https:\/\/www.nonsolomusicamagazine.it\/wp-content\/litespeed\/avatar\/3a675484bc84db6aba78d43bfc8b7197.jpg?ver=1776880798","url":"https:\/\/www.nonsolomusicamagazine.it\/wp-content\/litespeed\/avatar\/3a675484bc84db6aba78d43bfc8b7197.jpg?ver=1776880798","contentUrl":"https:\/\/www.nonsolomusicamagazine.it\/wp-content\/litespeed\/avatar\/3a675484bc84db6aba78d43bfc8b7197.jpg?ver=1776880798","caption":"nonsolomusica"},"sameAs":["https:\/\/www.nonsolomusicamagazine.it"],"url":"https:\/\/www.nonsolomusicamagazine.it\/?author=1"}]}},"amp_enabled":true,"_links":{"self":[{"href":"https:\/\/www.nonsolomusicamagazine.it\/index.php?rest_route=\/wp\/v2\/posts\/3028","targetHints":{"allow":["GET"]}}],"collection":[{"href":"https:\/\/www.nonsolomusicamagazine.it\/index.php?rest_route=\/wp\/v2\/posts"}],"about":[{"href":"https:\/\/www.nonsolomusicamagazine.it\/index.php?rest_route=\/wp\/v2\/types\/post"}],"author":[{"embeddable":true,"href":"https:\/\/www.nonsolomusicamagazine.it\/index.php?rest_route=\/wp\/v2\/users\/1"}],"replies":[{"embeddable":true,"href":"https:\/\/www.nonsolomusicamagazine.it\/index.php?rest_route=%2Fwp%2Fv2%2Fcomments&post=3028"}],"version-history":[{"count":0,"href":"https:\/\/www.nonsolomusicamagazine.it\/index.php?rest_route=\/wp\/v2\/posts\/3028\/revisions"}],"wp:featuredmedia":[{"embeddable":true,"href":"https:\/\/www.nonsolomusicamagazine.it\/index.php?rest_route=\/wp\/v2\/media\/3029"}],"wp:attachment":[{"href":"https:\/\/www.nonsolomusicamagazine.it\/index.php?rest_route=%2Fwp%2Fv2%2Fmedia&parent=3028"}],"wp:term":[{"taxonomy":"category","embeddable":true,"href":"https:\/\/www.nonsolomusicamagazine.it\/index.php?rest_route=%2Fwp%2Fv2%2Fcategories&post=3028"},{"taxonomy":"post_tag","embeddable":true,"href":"https:\/\/www.nonsolomusicamagazine.it\/index.php?rest_route=%2Fwp%2Fv2%2Ftags&post=3028"}],"curies":[{"name":"wp","href":"https:\/\/api.w.org\/{rel}","templated":true}]}}