{"id":3031,"date":"2023-09-29T17:45:19","date_gmt":"2023-09-29T17:45:19","guid":{"rendered":"https:\/\/www.nonsolomusicamagazine.it\/?p=3031"},"modified":"2023-09-29T17:45:20","modified_gmt":"2023-09-29T17:45:20","slug":"la-strage-di-marzabotto-29-settembre-1944","status":"publish","type":"post","link":"https:\/\/www.nonsolomusicamagazine.it\/?p=3031","title":{"rendered":"La strage di Marzabotto (29 settembre 1944)."},"content":{"rendered":"\n<p>\u00abQuesta \u00e8 memoria di sangue, di fuoco, di martirio, del pi\u00f9 vile sterminio di popolo, voluto dai nazisti di von Kesselring, e dai loro soldati di ventura, dell&#8217;ultima servit\u00f9 di Sal\u00f2, per ritorcere azioni di guerra partigiana.\u00bb<\/p>\n\n\n\n<p>(Salvatore Quasimodo, epigrafe alla base del faro monumentale che sorge sulla collina di Miana, sovrastante Marzabotto).<\/p>\n\n\n\n<p>La strage di Marzabotto (dal maggiore dei comuni colpiti sull&#8217;appennino bolognese ), eccidio di Marzabotto o pi\u00f9 correttamente eccidio di Monte Sole fu un insieme di stragi compiute dalle truppe nazifasciste in Italia tra il 29 settembre e il 5 ottobre 1944, nel territorio dei comuni di Marzabotto, Grizzana Morandi e Monzuno che comprendono le pendici di Monte Sole in provincia di Bologna. <\/p>\n\n\n\n<p>Fu un crimine contro l&#8217;umanit\u00e0 e uno dei pi\u00f9 gravi crimini di guerra compiuti contro la popolazione civile, istigati da Albert Kesselring, il massimo responsabile della conduzione della guerra antipartigiana in Italia ed eseguiti dalla Wehrmacht, dalle SS e da militari fascisti travestiti da truppa tedesca. Le vittime furono ben 1.830.<\/p>\n\n\n<figure class=\"wp-block-post-featured-image\"><img decoding=\"async\" width=\"300\" height=\"168\" src=\"https:\/\/www.nonsolomusicamagazine.it\/wp-content\/uploads\/2023\/09\/download-39.jpeg\" class=\"attachment-post-thumbnail size-post-thumbnail wp-post-image\" alt=\"\" style=\"object-fit:cover;\" \/><\/figure>","protected":false},"excerpt":{"rendered":"<p>\u00abQuesta \u00e8 memoria di sangue, di fuoco, di martirio, del pi\u00f9 vile sterminio di popolo, voluto dai nazisti di von Kesselring, e dai loro soldati di ventura, dell&#8217;ultima servit\u00f9 di Sal\u00f2, per ritorcere azioni di guerra partigiana.\u00bb (Salvatore Quasimodo, epigrafe alla base del faro monumentale che sorge sulla collina di Miana, sovrastante Marzabotto). La strage [&hellip;]<\/p>\n","protected":false},"author":1,"featured_media":3032,"comment_status":"open","ping_status":"closed","sticky":false,"template":"","format":"standard","meta":{"footnotes":""},"categories":[1321],"tags":[2033,1190,540,1847],"class_list":["post-3031","post","type-post","status-publish","format-standard","has-post-thumbnail","hentry","category-storia","tag-marzabotto","tag-nazifascismo","tag-partigiani","tag-strage"],"yoast_head":"<!-- This site is optimized with the Yoast SEO plugin v27.4 - https:\/\/yoast.com\/product\/yoast-seo-wordpress\/ -->\n<title>La strage di Marzabotto (29 settembre 1944). - NonSoloMusicaMagazine<\/title>\n<meta name=\"description\" content=\"La strage di Marzabotto (29 settembre 1944).\" \/>\n<meta name=\"robots\" content=\"index, follow, max-snippet:-1, max-image-preview:large, max-video-preview:-1\" \/>\n<link rel=\"canonical\" href=\"https:\/\/www.nonsolomusicamagazine.it\/?p=3031\" \/>\n<meta property=\"og:locale\" content=\"it_IT\" \/>\n<meta property=\"og:type\" content=\"article\" \/>\n<meta property=\"og:title\" content=\"La strage di Marzabotto (29 settembre 1944). - NonSoloMusicaMagazine\" \/>\n<meta property=\"og:description\" content=\"La strage di Marzabotto (29 settembre 1944).\" \/>\n<meta property=\"og:url\" content=\"https:\/\/www.nonsolomusicamagazine.it\/?p=3031\" \/>\n<meta property=\"og:site_name\" content=\"NonSoloMusicaMagazine\" \/>\n<meta property=\"article:published_time\" content=\"2023-09-29T17:45:19+00:00\" \/>\n<meta property=\"article:modified_time\" content=\"2023-09-29T17:45:20+00:00\" \/>\n<meta property=\"og:image\" content=\"https:\/\/www.nonsolomusicamagazine.it\/wp-content\/uploads\/2023\/09\/download-39.jpeg\" \/>\n\t<meta property=\"og:image:width\" content=\"300\" \/>\n\t<meta property=\"og:image:height\" content=\"168\" \/>\n\t<meta property=\"og:image:type\" content=\"image\/jpeg\" \/>\n<meta name=\"author\" content=\"nonsolomusica\" \/>\n<meta name=\"twitter:card\" content=\"summary_large_image\" \/>\n<meta name=\"twitter:label1\" content=\"Scritto da\" \/>\n\t<meta name=\"twitter:data1\" content=\"nonsolomusica\" \/>\n\t<meta name=\"twitter:label2\" content=\"Tempo di lettura stimato\" \/>\n\t<meta name=\"twitter:data2\" content=\"1 minuto\" \/>\n<script type=\"application\/ld+json\" class=\"yoast-schema-graph\">{\"@context\":\"https:\\\/\\\/schema.org\",\"@graph\":[{\"@type\":\"Article\",\"@id\":\"https:\\\/\\\/www.nonsolomusicamagazine.it\\\/?p=3031#article\",\"isPartOf\":{\"@id\":\"https:\\\/\\\/www.nonsolomusicamagazine.it\\\/?p=3031\"},\"author\":{\"name\":\"nonsolomusica\",\"@id\":\"https:\\\/\\\/www.nonsolomusicamagazine.it\\\/#\\\/schema\\\/person\\\/a3349ad02300d046472d46cf6d31ae46\"},\"headline\":\"La strage di Marzabotto (29 settembre 1944).\",\"datePublished\":\"2023-09-29T17:45:19+00:00\",\"dateModified\":\"2023-09-29T17:45:20+00:00\",\"mainEntityOfPage\":{\"@id\":\"https:\\\/\\\/www.nonsolomusicamagazine.it\\\/?p=3031\"},\"wordCount\":169,\"commentCount\":1,\"image\":{\"@id\":\"https:\\\/\\\/www.nonsolomusicamagazine.it\\\/?p=3031#primaryimage\"},\"thumbnailUrl\":\"https:\\\/\\\/www.nonsolomusicamagazine.it\\\/wp-content\\\/uploads\\\/2023\\\/09\\\/download-39.jpeg\",\"keywords\":[\"Marzabotto\",\"Nazifascismo\",\"Partigiani\",\"Strage\"],\"articleSection\":[\"Storia\"],\"inLanguage\":\"it-IT\",\"potentialAction\":[{\"@type\":\"CommentAction\",\"name\":\"Comment\",\"target\":[\"https:\\\/\\\/www.nonsolomusicamagazine.it\\\/?p=3031#respond\"]}]},{\"@type\":\"WebPage\",\"@id\":\"https:\\\/\\\/www.nonsolomusicamagazine.it\\\/?p=3031\",\"url\":\"https:\\\/\\\/www.nonsolomusicamagazine.it\\\/?p=3031\",\"name\":\"La strage di Marzabotto (29 settembre 1944). - NonSoloMusicaMagazine\",\"isPartOf\":{\"@id\":\"https:\\\/\\\/www.nonsolomusicamagazine.it\\\/#website\"},\"primaryImageOfPage\":{\"@id\":\"https:\\\/\\\/www.nonsolomusicamagazine.it\\\/?p=3031#primaryimage\"},\"image\":{\"@id\":\"https:\\\/\\\/www.nonsolomusicamagazine.it\\\/?p=3031#primaryimage\"},\"thumbnailUrl\":\"https:\\\/\\\/www.nonsolomusicamagazine.it\\\/wp-content\\\/uploads\\\/2023\\\/09\\\/download-39.jpeg\",\"datePublished\":\"2023-09-29T17:45:19+00:00\",\"dateModified\":\"2023-09-29T17:45:20+00:00\",\"author\":{\"@id\":\"https:\\\/\\\/www.nonsolomusicamagazine.it\\\/#\\\/schema\\\/person\\\/a3349ad02300d046472d46cf6d31ae46\"},\"description\":\"La strage di Marzabotto (29 settembre 1944).\",\"breadcrumb\":{\"@id\":\"https:\\\/\\\/www.nonsolomusicamagazine.it\\\/?p=3031#breadcrumb\"},\"inLanguage\":\"it-IT\",\"potentialAction\":[{\"@type\":\"ReadAction\",\"target\":[\"https:\\\/\\\/www.nonsolomusicamagazine.it\\\/?p=3031\"]}]},{\"@type\":\"ImageObject\",\"inLanguage\":\"it-IT\",\"@id\":\"https:\\\/\\\/www.nonsolomusicamagazine.it\\\/?p=3031#primaryimage\",\"url\":\"https:\\\/\\\/www.nonsolomusicamagazine.it\\\/wp-content\\\/uploads\\\/2023\\\/09\\\/download-39.jpeg\",\"contentUrl\":\"https:\\\/\\\/www.nonsolomusicamagazine.it\\\/wp-content\\\/uploads\\\/2023\\\/09\\\/download-39.jpeg\",\"width\":300,\"height\":168},{\"@type\":\"BreadcrumbList\",\"@id\":\"https:\\\/\\\/www.nonsolomusicamagazine.it\\\/?p=3031#breadcrumb\",\"itemListElement\":[{\"@type\":\"ListItem\",\"position\":1,\"name\":\"Home\",\"item\":\"https:\\\/\\\/www.nonsolomusicamagazine.it\\\/\"},{\"@type\":\"ListItem\",\"position\":2,\"name\":\"La strage di Marzabotto (29 settembre 1944).\"}]},{\"@type\":\"WebSite\",\"@id\":\"https:\\\/\\\/www.nonsolomusicamagazine.it\\\/#website\",\"url\":\"https:\\\/\\\/www.nonsolomusicamagazine.it\\\/\",\"name\":\"Nonsolomusicamagazine\",\"description\":\"Dir. responsabile Manuel M Buccarella\",\"potentialAction\":[{\"@type\":\"SearchAction\",\"target\":{\"@type\":\"EntryPoint\",\"urlTemplate\":\"https:\\\/\\\/www.nonsolomusicamagazine.it\\\/?s={search_term_string}\"},\"query-input\":{\"@type\":\"PropertyValueSpecification\",\"valueRequired\":true,\"valueName\":\"search_term_string\"}}],\"inLanguage\":\"it-IT\"},{\"@type\":\"Person\",\"@id\":\"https:\\\/\\\/www.nonsolomusicamagazine.it\\\/#\\\/schema\\\/person\\\/a3349ad02300d046472d46cf6d31ae46\",\"name\":\"nonsolomusica\",\"image\":{\"@type\":\"ImageObject\",\"inLanguage\":\"it-IT\",\"@id\":\"https:\\\/\\\/www.nonsolomusicamagazine.it\\\/wp-content\\\/litespeed\\\/avatar\\\/3a675484bc84db6aba78d43bfc8b7197.jpg?ver=1776880798\",\"url\":\"https:\\\/\\\/www.nonsolomusicamagazine.it\\\/wp-content\\\/litespeed\\\/avatar\\\/3a675484bc84db6aba78d43bfc8b7197.jpg?ver=1776880798\",\"contentUrl\":\"https:\\\/\\\/www.nonsolomusicamagazine.it\\\/wp-content\\\/litespeed\\\/avatar\\\/3a675484bc84db6aba78d43bfc8b7197.jpg?ver=1776880798\",\"caption\":\"nonsolomusica\"},\"sameAs\":[\"https:\\\/\\\/www.nonsolomusicamagazine.it\"],\"url\":\"https:\\\/\\\/www.nonsolomusicamagazine.it\\\/?author=1\"}]}<\/script>\n<!-- \/ Yoast SEO plugin. -->","yoast_head_json":{"title":"La strage di Marzabotto (29 settembre 1944). - NonSoloMusicaMagazine","description":"La strage di Marzabotto (29 settembre 1944).","robots":{"index":"index","follow":"follow","max-snippet":"max-snippet:-1","max-image-preview":"max-image-preview:large","max-video-preview":"max-video-preview:-1"},"canonical":"https:\/\/www.nonsolomusicamagazine.it\/?p=3031","og_locale":"it_IT","og_type":"article","og_title":"La strage di Marzabotto (29 settembre 1944). - NonSoloMusicaMagazine","og_description":"La strage di Marzabotto (29 settembre 1944).","og_url":"https:\/\/www.nonsolomusicamagazine.it\/?p=3031","og_site_name":"NonSoloMusicaMagazine","article_published_time":"2023-09-29T17:45:19+00:00","article_modified_time":"2023-09-29T17:45:20+00:00","og_image":[{"width":300,"height":168,"url":"https:\/\/www.nonsolomusicamagazine.it\/wp-content\/uploads\/2023\/09\/download-39.jpeg","type":"image\/jpeg"}],"author":"nonsolomusica","twitter_card":"summary_large_image","twitter_misc":{"Scritto da":"nonsolomusica","Tempo di lettura stimato":"1 minuto"},"schema":{"@context":"https:\/\/schema.org","@graph":[{"@type":"Article","@id":"https:\/\/www.nonsolomusicamagazine.it\/?p=3031#article","isPartOf":{"@id":"https:\/\/www.nonsolomusicamagazine.it\/?p=3031"},"author":{"name":"nonsolomusica","@id":"https:\/\/www.nonsolomusicamagazine.it\/#\/schema\/person\/a3349ad02300d046472d46cf6d31ae46"},"headline":"La strage di Marzabotto (29 settembre 1944).","datePublished":"2023-09-29T17:45:19+00:00","dateModified":"2023-09-29T17:45:20+00:00","mainEntityOfPage":{"@id":"https:\/\/www.nonsolomusicamagazine.it\/?p=3031"},"wordCount":169,"commentCount":1,"image":{"@id":"https:\/\/www.nonsolomusicamagazine.it\/?p=3031#primaryimage"},"thumbnailUrl":"https:\/\/www.nonsolomusicamagazine.it\/wp-content\/uploads\/2023\/09\/download-39.jpeg","keywords":["Marzabotto","Nazifascismo","Partigiani","Strage"],"articleSection":["Storia"],"inLanguage":"it-IT","potentialAction":[{"@type":"CommentAction","name":"Comment","target":["https:\/\/www.nonsolomusicamagazine.it\/?p=3031#respond"]}]},{"@type":"WebPage","@id":"https:\/\/www.nonsolomusicamagazine.it\/?p=3031","url":"https:\/\/www.nonsolomusicamagazine.it\/?p=3031","name":"La strage di Marzabotto (29 settembre 1944). - NonSoloMusicaMagazine","isPartOf":{"@id":"https:\/\/www.nonsolomusicamagazine.it\/#website"},"primaryImageOfPage":{"@id":"https:\/\/www.nonsolomusicamagazine.it\/?p=3031#primaryimage"},"image":{"@id":"https:\/\/www.nonsolomusicamagazine.it\/?p=3031#primaryimage"},"thumbnailUrl":"https:\/\/www.nonsolomusicamagazine.it\/wp-content\/uploads\/2023\/09\/download-39.jpeg","datePublished":"2023-09-29T17:45:19+00:00","dateModified":"2023-09-29T17:45:20+00:00","author":{"@id":"https:\/\/www.nonsolomusicamagazine.it\/#\/schema\/person\/a3349ad02300d046472d46cf6d31ae46"},"description":"La strage di Marzabotto (29 settembre 1944).","breadcrumb":{"@id":"https:\/\/www.nonsolomusicamagazine.it\/?p=3031#breadcrumb"},"inLanguage":"it-IT","potentialAction":[{"@type":"ReadAction","target":["https:\/\/www.nonsolomusicamagazine.it\/?p=3031"]}]},{"@type":"ImageObject","inLanguage":"it-IT","@id":"https:\/\/www.nonsolomusicamagazine.it\/?p=3031#primaryimage","url":"https:\/\/www.nonsolomusicamagazine.it\/wp-content\/uploads\/2023\/09\/download-39.jpeg","contentUrl":"https:\/\/www.nonsolomusicamagazine.it\/wp-content\/uploads\/2023\/09\/download-39.jpeg","width":300,"height":168},{"@type":"BreadcrumbList","@id":"https:\/\/www.nonsolomusicamagazine.it\/?p=3031#breadcrumb","itemListElement":[{"@type":"ListItem","position":1,"name":"Home","item":"https:\/\/www.nonsolomusicamagazine.it\/"},{"@type":"ListItem","position":2,"name":"La strage di Marzabotto (29 settembre 1944)."}]},{"@type":"WebSite","@id":"https:\/\/www.nonsolomusicamagazine.it\/#website","url":"https:\/\/www.nonsolomusicamagazine.it\/","name":"Nonsolomusicamagazine","description":"Dir. responsabile Manuel M Buccarella","potentialAction":[{"@type":"SearchAction","target":{"@type":"EntryPoint","urlTemplate":"https:\/\/www.nonsolomusicamagazine.it\/?s={search_term_string}"},"query-input":{"@type":"PropertyValueSpecification","valueRequired":true,"valueName":"search_term_string"}}],"inLanguage":"it-IT"},{"@type":"Person","@id":"https:\/\/www.nonsolomusicamagazine.it\/#\/schema\/person\/a3349ad02300d046472d46cf6d31ae46","name":"nonsolomusica","image":{"@type":"ImageObject","inLanguage":"it-IT","@id":"https:\/\/www.nonsolomusicamagazine.it\/wp-content\/litespeed\/avatar\/3a675484bc84db6aba78d43bfc8b7197.jpg?ver=1776880798","url":"https:\/\/www.nonsolomusicamagazine.it\/wp-content\/litespeed\/avatar\/3a675484bc84db6aba78d43bfc8b7197.jpg?ver=1776880798","contentUrl":"https:\/\/www.nonsolomusicamagazine.it\/wp-content\/litespeed\/avatar\/3a675484bc84db6aba78d43bfc8b7197.jpg?ver=1776880798","caption":"nonsolomusica"},"sameAs":["https:\/\/www.nonsolomusicamagazine.it"],"url":"https:\/\/www.nonsolomusicamagazine.it\/?author=1"}]}},"amp_enabled":true,"_links":{"self":[{"href":"https:\/\/www.nonsolomusicamagazine.it\/index.php?rest_route=\/wp\/v2\/posts\/3031","targetHints":{"allow":["GET"]}}],"collection":[{"href":"https:\/\/www.nonsolomusicamagazine.it\/index.php?rest_route=\/wp\/v2\/posts"}],"about":[{"href":"https:\/\/www.nonsolomusicamagazine.it\/index.php?rest_route=\/wp\/v2\/types\/post"}],"author":[{"embeddable":true,"href":"https:\/\/www.nonsolomusicamagazine.it\/index.php?rest_route=\/wp\/v2\/users\/1"}],"replies":[{"embeddable":true,"href":"https:\/\/www.nonsolomusicamagazine.it\/index.php?rest_route=%2Fwp%2Fv2%2Fcomments&post=3031"}],"version-history":[{"count":0,"href":"https:\/\/www.nonsolomusicamagazine.it\/index.php?rest_route=\/wp\/v2\/posts\/3031\/revisions"}],"wp:featuredmedia":[{"embeddable":true,"href":"https:\/\/www.nonsolomusicamagazine.it\/index.php?rest_route=\/wp\/v2\/media\/3032"}],"wp:attachment":[{"href":"https:\/\/www.nonsolomusicamagazine.it\/index.php?rest_route=%2Fwp%2Fv2%2Fmedia&parent=3031"}],"wp:term":[{"taxonomy":"category","embeddable":true,"href":"https:\/\/www.nonsolomusicamagazine.it\/index.php?rest_route=%2Fwp%2Fv2%2Fcategories&post=3031"},{"taxonomy":"post_tag","embeddable":true,"href":"https:\/\/www.nonsolomusicamagazine.it\/index.php?rest_route=%2Fwp%2Fv2%2Ftags&post=3031"}],"curies":[{"name":"wp","href":"https:\/\/api.w.org\/{rel}","templated":true}]}}