{"id":3040,"date":"2023-09-30T16:26:03","date_gmt":"2023-09-30T16:26:03","guid":{"rendered":"https:\/\/www.nonsolomusicamagazine.it\/?p=3040"},"modified":"2023-09-30T16:26:03","modified_gmt":"2023-09-30T16:26:03","slug":"il-tribunale-di-catania-libera-tre-migranti-dichiarando-illegittimo-il-recente-provvedimento-del-governo-sulle-espulsioni-accelerati-dubbi-sulla-legittimita-di-trattenimento-e-cauzione","status":"publish","type":"post","link":"https:\/\/www.nonsolomusicamagazine.it\/?p=3040","title":{"rendered":"Il Tribunale di Catania &#8220;libera&#8221; tre migranti dichiarando illegittimo il recente provvedimento del governo sulle espulsioni accelerati. Dubbi sulla legittimit\u00e0 di trattenimento e cauzione."},"content":{"rendered":"\n<p>Il giudice di Catania non ha convalidato il provvedimento di trattenimento per tre migranti del centro di Pozzallo.<\/p>\n\n\n\n<p>Per un quarto il provvedimento non \u00e8 stato esaminato perch\u00e9 il richiedente asilo avrebbe rinunciato alla domanda.  Contro la decisione del Tribunale il Viminale far\u00e0 ricorso.\u00a0<\/p>\n\n\n\n<p>Due dei provvedimenti di non convalida del trattenimento di un migrante irregolare riguardano &#8211; a quanto si apprende &#8211; due cittadini tunisini destinatari di provvedimenti di espulsioni gi\u00e0 eseguiti, dunque rientrati in Italia nonostante l&#8217;espulsione. Nel corso dell&#8217;udienza per la convalida in un caso \u00e8 stata chiesta la protezione per la necessit\u00e0 di &#8220;fuggire perch\u00e9 perseguitato per caratteristiche fisiche che i cercatori d&#8217;oro del suo Paese, secondo credenze locali, ritengono favorevoli delle loro attivit\u00e0 (particolari linee della mano)&#8221;. Nell&#8217;altro caso &#8220;per dissidi con i familiari della sua ragazza i quali volevano ucciderlo ritenendolo responsabile del decesso di quest&#8217;ultima&#8221;.<\/p>\n\n\n\n<p>&#8220;Il tribunale di Catania, non convalidando il trattenimento dei quattro tunisini soggetti alle nuove procedure accelerate di frontiera disposte dal governo, ha assunto delle decisioni politiche e ideologiche. Le ordinanze appaiono infatti poco ancorate al quadro normativo vigente e immagino che saranno impugnate dall&#8217;avvocatura dello Stato. Spiace dover constatare come ancora una volta si pieghi il diritto all&#8217;ideologia. Le sentenze sconfessano non solo e non tanto il decreto del governo, ma la normativa europea su cui il decreto poggia&#8221;. Lo dichiara la deputata di FdI, Sara Kelany, responsabile del Dipartimento immigrazione.<\/p>\n\n\n\n<p>&#8220;La normativa europea &#8211; ricorda Kelany &#8211; consente l&#8217;attivazione di queste procedure secondo i criteri che sono stati pedissequamente rispettati dalla normativa italiana. Purtroppo, come gi\u00e0 accaduto in passato, mentre il Governo lavora per fermare l&#8217;immigrazione illegale di massa e la tratta di esseri umani, una parte della magistratura ideologizzata fa di tutto per ostacolarlo&#8221;, conclude.<\/p>\n\n\n\n<p>&#8220;Noi non partecipano all&#8217;indirizzo politico e governativo, facciamo giurisdizione. \u00c8 fisiologico che ci possano essere provvedimenti dei giudici che vanno contro alcuni progetti e programmi di governo. E questo non deve essere vissuto come una interferenza , questa \u00e8 la democrazia&#8221;. Cos\u00ec il presidente dell&#8217;Anm, Giuseppe Santalucia, commentando con l&#8217;ANSA la decisione del Tribunale di Catania che ha accolto il ricorso di un migrante giudicando illegittimo l&#8217;ultimo decreto del governo Meloni.<\/p>\n\n\n<figure class=\"wp-block-post-featured-image\"><img decoding=\"async\" width=\"750\" height=\"500\" src=\"https:\/\/www.nonsolomusicamagazine.it\/wp-content\/uploads\/2023\/09\/migranti_hotspot_lampedusa_fg.jpeg\" class=\"attachment-post-thumbnail size-post-thumbnail wp-post-image\" alt=\"\" style=\"object-fit:cover;\" srcset=\"https:\/\/www.nonsolomusicamagazine.it\/wp-content\/uploads\/2023\/09\/migranti_hotspot_lampedusa_fg.jpeg 750w, https:\/\/www.nonsolomusicamagazine.it\/wp-content\/uploads\/2023\/09\/migranti_hotspot_lampedusa_fg-300x200.jpeg 300w\" sizes=\"(max-width: 750px) 100vw, 750px\" \/><\/figure>","protected":false},"excerpt":{"rendered":"<p>Il giudice di Catania non ha convalidato il provvedimento di trattenimento per tre migranti del centro di Pozzallo. Per un quarto il provvedimento non \u00e8 stato esaminato perch\u00e9 il richiedente asilo avrebbe rinunciato alla domanda. Contro la decisione del Tribunale il Viminale far\u00e0 ricorso.\u00a0 Due dei provvedimenti di non convalida del trattenimento di un migrante [&hellip;]<\/p>\n","protected":false},"author":1,"featured_media":2819,"comment_status":"open","ping_status":"closed","sticky":false,"template":"","format":"standard","meta":{"footnotes":""},"categories":[969,5],"tags":[18,1637,542,17],"class_list":["post-3040","post","type-post","status-publish","format-standard","has-post-thumbnail","hentry","category-giustizia","category-politica","tag-catania","tag-decreto","tag-liberazione","tag-migranti"],"yoast_head":"<!-- This site is optimized with the Yoast SEO plugin v27.4 - https:\/\/yoast.com\/product\/yoast-seo-wordpress\/ -->\n<title>Il Tribunale di Catania &quot;libera&quot; tre migranti dichiarando illegittimo il recente provvedimento del governo sulle espulsioni accelerati. Dubbi sulla legittimit\u00e0 di trattenimento e cauzione. - NonSoloMusicaMagazine<\/title>\n<meta name=\"description\" content=\"Il Tribunale di Catania &quot;libera&quot; tre migranti dichiarando illegittimo il recente provvedimento del governo sulle espulsioni accelerati. Dubbi sulla legittimit\u00e0 di trattenimento e cauzione.\" \/>\n<meta name=\"robots\" content=\"index, follow, max-snippet:-1, max-image-preview:large, max-video-preview:-1\" \/>\n<link rel=\"canonical\" href=\"https:\/\/www.nonsolomusicamagazine.it\/?p=3040\" \/>\n<meta property=\"og:locale\" content=\"it_IT\" \/>\n<meta property=\"og:type\" content=\"article\" \/>\n<meta property=\"og:title\" content=\"Il Tribunale di Catania &quot;libera&quot; tre migranti dichiarando illegittimo il recente provvedimento del governo sulle espulsioni accelerati. Dubbi sulla legittimit\u00e0 di trattenimento e cauzione. - NonSoloMusicaMagazine\" \/>\n<meta property=\"og:description\" content=\"Il Tribunale di Catania &quot;libera&quot; tre migranti dichiarando illegittimo il recente provvedimento del governo sulle espulsioni accelerati. Dubbi sulla legittimit\u00e0 di trattenimento e cauzione.\" \/>\n<meta property=\"og:url\" content=\"https:\/\/www.nonsolomusicamagazine.it\/?p=3040\" \/>\n<meta property=\"og:site_name\" content=\"NonSoloMusicaMagazine\" \/>\n<meta property=\"article:published_time\" content=\"2023-09-30T16:26:03+00:00\" \/>\n<meta property=\"og:image\" content=\"https:\/\/www.nonsolomusicamagazine.it\/wp-content\/uploads\/2023\/09\/migranti_hotspot_lampedusa_fg.jpeg\" \/>\n\t<meta property=\"og:image:width\" content=\"750\" \/>\n\t<meta property=\"og:image:height\" content=\"500\" \/>\n\t<meta property=\"og:image:type\" content=\"image\/jpeg\" \/>\n<meta name=\"author\" content=\"nonsolomusica\" \/>\n<meta name=\"twitter:card\" content=\"summary_large_image\" \/>\n<meta name=\"twitter:label1\" content=\"Scritto da\" \/>\n\t<meta name=\"twitter:data1\" content=\"nonsolomusica\" \/>\n\t<meta name=\"twitter:label2\" content=\"Tempo di lettura stimato\" \/>\n\t<meta name=\"twitter:data2\" content=\"2 minuti\" \/>\n<script type=\"application\/ld+json\" class=\"yoast-schema-graph\">{\"@context\":\"https:\\\/\\\/schema.org\",\"@graph\":[{\"@type\":\"Article\",\"@id\":\"https:\\\/\\\/www.nonsolomusicamagazine.it\\\/?p=3040#article\",\"isPartOf\":{\"@id\":\"https:\\\/\\\/www.nonsolomusicamagazine.it\\\/?p=3040\"},\"author\":{\"name\":\"nonsolomusica\",\"@id\":\"https:\\\/\\\/www.nonsolomusicamagazine.it\\\/#\\\/schema\\\/person\\\/a3349ad02300d046472d46cf6d31ae46\"},\"headline\":\"Il Tribunale di Catania &#8220;libera&#8221; tre migranti dichiarando illegittimo il recente provvedimento del governo sulle espulsioni accelerati. Dubbi sulla legittimit\u00e0 di trattenimento e cauzione.\",\"datePublished\":\"2023-09-30T16:26:03+00:00\",\"mainEntityOfPage\":{\"@id\":\"https:\\\/\\\/www.nonsolomusicamagazine.it\\\/?p=3040\"},\"wordCount\":392,\"commentCount\":1,\"image\":{\"@id\":\"https:\\\/\\\/www.nonsolomusicamagazine.it\\\/?p=3040#primaryimage\"},\"thumbnailUrl\":\"https:\\\/\\\/www.nonsolomusicamagazine.it\\\/wp-content\\\/uploads\\\/2023\\\/09\\\/migranti_hotspot_lampedusa_fg.jpeg\",\"keywords\":[\"Catania\",\"Decreto\",\"Liberazione\",\"Migranti\"],\"articleSection\":[\"Giustizia\",\"Politica\"],\"inLanguage\":\"it-IT\",\"potentialAction\":[{\"@type\":\"CommentAction\",\"name\":\"Comment\",\"target\":[\"https:\\\/\\\/www.nonsolomusicamagazine.it\\\/?p=3040#respond\"]}]},{\"@type\":\"WebPage\",\"@id\":\"https:\\\/\\\/www.nonsolomusicamagazine.it\\\/?p=3040\",\"url\":\"https:\\\/\\\/www.nonsolomusicamagazine.it\\\/?p=3040\",\"name\":\"Il Tribunale di Catania \\\"libera\\\" tre migranti dichiarando illegittimo il recente provvedimento del governo sulle espulsioni accelerati. Dubbi sulla legittimit\u00e0 di trattenimento e cauzione. - NonSoloMusicaMagazine\",\"isPartOf\":{\"@id\":\"https:\\\/\\\/www.nonsolomusicamagazine.it\\\/#website\"},\"primaryImageOfPage\":{\"@id\":\"https:\\\/\\\/www.nonsolomusicamagazine.it\\\/?p=3040#primaryimage\"},\"image\":{\"@id\":\"https:\\\/\\\/www.nonsolomusicamagazine.it\\\/?p=3040#primaryimage\"},\"thumbnailUrl\":\"https:\\\/\\\/www.nonsolomusicamagazine.it\\\/wp-content\\\/uploads\\\/2023\\\/09\\\/migranti_hotspot_lampedusa_fg.jpeg\",\"datePublished\":\"2023-09-30T16:26:03+00:00\",\"author\":{\"@id\":\"https:\\\/\\\/www.nonsolomusicamagazine.it\\\/#\\\/schema\\\/person\\\/a3349ad02300d046472d46cf6d31ae46\"},\"description\":\"Il Tribunale di Catania \\\"libera\\\" tre migranti dichiarando illegittimo il recente provvedimento del governo sulle espulsioni accelerati. Dubbi sulla legittimit\u00e0 di trattenimento e cauzione.\",\"breadcrumb\":{\"@id\":\"https:\\\/\\\/www.nonsolomusicamagazine.it\\\/?p=3040#breadcrumb\"},\"inLanguage\":\"it-IT\",\"potentialAction\":[{\"@type\":\"ReadAction\",\"target\":[\"https:\\\/\\\/www.nonsolomusicamagazine.it\\\/?p=3040\"]}]},{\"@type\":\"ImageObject\",\"inLanguage\":\"it-IT\",\"@id\":\"https:\\\/\\\/www.nonsolomusicamagazine.it\\\/?p=3040#primaryimage\",\"url\":\"https:\\\/\\\/www.nonsolomusicamagazine.it\\\/wp-content\\\/uploads\\\/2023\\\/09\\\/migranti_hotspot_lampedusa_fg.jpeg\",\"contentUrl\":\"https:\\\/\\\/www.nonsolomusicamagazine.it\\\/wp-content\\\/uploads\\\/2023\\\/09\\\/migranti_hotspot_lampedusa_fg.jpeg\",\"width\":750,\"height\":500},{\"@type\":\"BreadcrumbList\",\"@id\":\"https:\\\/\\\/www.nonsolomusicamagazine.it\\\/?p=3040#breadcrumb\",\"itemListElement\":[{\"@type\":\"ListItem\",\"position\":1,\"name\":\"Home\",\"item\":\"https:\\\/\\\/www.nonsolomusicamagazine.it\\\/\"},{\"@type\":\"ListItem\",\"position\":2,\"name\":\"Il Tribunale di Catania &#8220;libera&#8221; tre migranti dichiarando illegittimo il recente provvedimento del governo sulle espulsioni accelerati. Dubbi sulla legittimit\u00e0 di trattenimento e cauzione.\"}]},{\"@type\":\"WebSite\",\"@id\":\"https:\\\/\\\/www.nonsolomusicamagazine.it\\\/#website\",\"url\":\"https:\\\/\\\/www.nonsolomusicamagazine.it\\\/\",\"name\":\"Nonsolomusicamagazine\",\"description\":\"Dir. responsabile Manuel M Buccarella\",\"potentialAction\":[{\"@type\":\"SearchAction\",\"target\":{\"@type\":\"EntryPoint\",\"urlTemplate\":\"https:\\\/\\\/www.nonsolomusicamagazine.it\\\/?s={search_term_string}\"},\"query-input\":{\"@type\":\"PropertyValueSpecification\",\"valueRequired\":true,\"valueName\":\"search_term_string\"}}],\"inLanguage\":\"it-IT\"},{\"@type\":\"Person\",\"@id\":\"https:\\\/\\\/www.nonsolomusicamagazine.it\\\/#\\\/schema\\\/person\\\/a3349ad02300d046472d46cf6d31ae46\",\"name\":\"nonsolomusica\",\"image\":{\"@type\":\"ImageObject\",\"inLanguage\":\"it-IT\",\"@id\":\"https:\\\/\\\/www.nonsolomusicamagazine.it\\\/wp-content\\\/litespeed\\\/avatar\\\/3a675484bc84db6aba78d43bfc8b7197.jpg?ver=1776880798\",\"url\":\"https:\\\/\\\/www.nonsolomusicamagazine.it\\\/wp-content\\\/litespeed\\\/avatar\\\/3a675484bc84db6aba78d43bfc8b7197.jpg?ver=1776880798\",\"contentUrl\":\"https:\\\/\\\/www.nonsolomusicamagazine.it\\\/wp-content\\\/litespeed\\\/avatar\\\/3a675484bc84db6aba78d43bfc8b7197.jpg?ver=1776880798\",\"caption\":\"nonsolomusica\"},\"sameAs\":[\"https:\\\/\\\/www.nonsolomusicamagazine.it\"],\"url\":\"https:\\\/\\\/www.nonsolomusicamagazine.it\\\/?author=1\"}]}<\/script>\n<!-- \/ Yoast SEO plugin. -->","yoast_head_json":{"title":"Il Tribunale di Catania \"libera\" tre migranti dichiarando illegittimo il recente provvedimento del governo sulle espulsioni accelerati. Dubbi sulla legittimit\u00e0 di trattenimento e cauzione. - NonSoloMusicaMagazine","description":"Il Tribunale di Catania \"libera\" tre migranti dichiarando illegittimo il recente provvedimento del governo sulle espulsioni accelerati. Dubbi sulla legittimit\u00e0 di trattenimento e cauzione.","robots":{"index":"index","follow":"follow","max-snippet":"max-snippet:-1","max-image-preview":"max-image-preview:large","max-video-preview":"max-video-preview:-1"},"canonical":"https:\/\/www.nonsolomusicamagazine.it\/?p=3040","og_locale":"it_IT","og_type":"article","og_title":"Il Tribunale di Catania \"libera\" tre migranti dichiarando illegittimo il recente provvedimento del governo sulle espulsioni accelerati. Dubbi sulla legittimit\u00e0 di trattenimento e cauzione. - NonSoloMusicaMagazine","og_description":"Il Tribunale di Catania \"libera\" tre migranti dichiarando illegittimo il recente provvedimento del governo sulle espulsioni accelerati. Dubbi sulla legittimit\u00e0 di trattenimento e cauzione.","og_url":"https:\/\/www.nonsolomusicamagazine.it\/?p=3040","og_site_name":"NonSoloMusicaMagazine","article_published_time":"2023-09-30T16:26:03+00:00","og_image":[{"width":750,"height":500,"url":"https:\/\/www.nonsolomusicamagazine.it\/wp-content\/uploads\/2023\/09\/migranti_hotspot_lampedusa_fg.jpeg","type":"image\/jpeg"}],"author":"nonsolomusica","twitter_card":"summary_large_image","twitter_misc":{"Scritto da":"nonsolomusica","Tempo di lettura stimato":"2 minuti"},"schema":{"@context":"https:\/\/schema.org","@graph":[{"@type":"Article","@id":"https:\/\/www.nonsolomusicamagazine.it\/?p=3040#article","isPartOf":{"@id":"https:\/\/www.nonsolomusicamagazine.it\/?p=3040"},"author":{"name":"nonsolomusica","@id":"https:\/\/www.nonsolomusicamagazine.it\/#\/schema\/person\/a3349ad02300d046472d46cf6d31ae46"},"headline":"Il Tribunale di Catania &#8220;libera&#8221; tre migranti dichiarando illegittimo il recente provvedimento del governo sulle espulsioni accelerati. Dubbi sulla legittimit\u00e0 di trattenimento e cauzione.","datePublished":"2023-09-30T16:26:03+00:00","mainEntityOfPage":{"@id":"https:\/\/www.nonsolomusicamagazine.it\/?p=3040"},"wordCount":392,"commentCount":1,"image":{"@id":"https:\/\/www.nonsolomusicamagazine.it\/?p=3040#primaryimage"},"thumbnailUrl":"https:\/\/www.nonsolomusicamagazine.it\/wp-content\/uploads\/2023\/09\/migranti_hotspot_lampedusa_fg.jpeg","keywords":["Catania","Decreto","Liberazione","Migranti"],"articleSection":["Giustizia","Politica"],"inLanguage":"it-IT","potentialAction":[{"@type":"CommentAction","name":"Comment","target":["https:\/\/www.nonsolomusicamagazine.it\/?p=3040#respond"]}]},{"@type":"WebPage","@id":"https:\/\/www.nonsolomusicamagazine.it\/?p=3040","url":"https:\/\/www.nonsolomusicamagazine.it\/?p=3040","name":"Il Tribunale di Catania \"libera\" tre migranti dichiarando illegittimo il recente provvedimento del governo sulle espulsioni accelerati. Dubbi sulla legittimit\u00e0 di trattenimento e cauzione. - NonSoloMusicaMagazine","isPartOf":{"@id":"https:\/\/www.nonsolomusicamagazine.it\/#website"},"primaryImageOfPage":{"@id":"https:\/\/www.nonsolomusicamagazine.it\/?p=3040#primaryimage"},"image":{"@id":"https:\/\/www.nonsolomusicamagazine.it\/?p=3040#primaryimage"},"thumbnailUrl":"https:\/\/www.nonsolomusicamagazine.it\/wp-content\/uploads\/2023\/09\/migranti_hotspot_lampedusa_fg.jpeg","datePublished":"2023-09-30T16:26:03+00:00","author":{"@id":"https:\/\/www.nonsolomusicamagazine.it\/#\/schema\/person\/a3349ad02300d046472d46cf6d31ae46"},"description":"Il Tribunale di Catania \"libera\" tre migranti dichiarando illegittimo il recente provvedimento del governo sulle espulsioni accelerati. Dubbi sulla legittimit\u00e0 di trattenimento e cauzione.","breadcrumb":{"@id":"https:\/\/www.nonsolomusicamagazine.it\/?p=3040#breadcrumb"},"inLanguage":"it-IT","potentialAction":[{"@type":"ReadAction","target":["https:\/\/www.nonsolomusicamagazine.it\/?p=3040"]}]},{"@type":"ImageObject","inLanguage":"it-IT","@id":"https:\/\/www.nonsolomusicamagazine.it\/?p=3040#primaryimage","url":"https:\/\/www.nonsolomusicamagazine.it\/wp-content\/uploads\/2023\/09\/migranti_hotspot_lampedusa_fg.jpeg","contentUrl":"https:\/\/www.nonsolomusicamagazine.it\/wp-content\/uploads\/2023\/09\/migranti_hotspot_lampedusa_fg.jpeg","width":750,"height":500},{"@type":"BreadcrumbList","@id":"https:\/\/www.nonsolomusicamagazine.it\/?p=3040#breadcrumb","itemListElement":[{"@type":"ListItem","position":1,"name":"Home","item":"https:\/\/www.nonsolomusicamagazine.it\/"},{"@type":"ListItem","position":2,"name":"Il Tribunale di Catania &#8220;libera&#8221; tre migranti dichiarando illegittimo il recente provvedimento del governo sulle espulsioni accelerati. Dubbi sulla legittimit\u00e0 di trattenimento e cauzione."}]},{"@type":"WebSite","@id":"https:\/\/www.nonsolomusicamagazine.it\/#website","url":"https:\/\/www.nonsolomusicamagazine.it\/","name":"Nonsolomusicamagazine","description":"Dir. responsabile Manuel M Buccarella","potentialAction":[{"@type":"SearchAction","target":{"@type":"EntryPoint","urlTemplate":"https:\/\/www.nonsolomusicamagazine.it\/?s={search_term_string}"},"query-input":{"@type":"PropertyValueSpecification","valueRequired":true,"valueName":"search_term_string"}}],"inLanguage":"it-IT"},{"@type":"Person","@id":"https:\/\/www.nonsolomusicamagazine.it\/#\/schema\/person\/a3349ad02300d046472d46cf6d31ae46","name":"nonsolomusica","image":{"@type":"ImageObject","inLanguage":"it-IT","@id":"https:\/\/www.nonsolomusicamagazine.it\/wp-content\/litespeed\/avatar\/3a675484bc84db6aba78d43bfc8b7197.jpg?ver=1776880798","url":"https:\/\/www.nonsolomusicamagazine.it\/wp-content\/litespeed\/avatar\/3a675484bc84db6aba78d43bfc8b7197.jpg?ver=1776880798","contentUrl":"https:\/\/www.nonsolomusicamagazine.it\/wp-content\/litespeed\/avatar\/3a675484bc84db6aba78d43bfc8b7197.jpg?ver=1776880798","caption":"nonsolomusica"},"sameAs":["https:\/\/www.nonsolomusicamagazine.it"],"url":"https:\/\/www.nonsolomusicamagazine.it\/?author=1"}]}},"amp_enabled":true,"_links":{"self":[{"href":"https:\/\/www.nonsolomusicamagazine.it\/index.php?rest_route=\/wp\/v2\/posts\/3040","targetHints":{"allow":["GET"]}}],"collection":[{"href":"https:\/\/www.nonsolomusicamagazine.it\/index.php?rest_route=\/wp\/v2\/posts"}],"about":[{"href":"https:\/\/www.nonsolomusicamagazine.it\/index.php?rest_route=\/wp\/v2\/types\/post"}],"author":[{"embeddable":true,"href":"https:\/\/www.nonsolomusicamagazine.it\/index.php?rest_route=\/wp\/v2\/users\/1"}],"replies":[{"embeddable":true,"href":"https:\/\/www.nonsolomusicamagazine.it\/index.php?rest_route=%2Fwp%2Fv2%2Fcomments&post=3040"}],"version-history":[{"count":0,"href":"https:\/\/www.nonsolomusicamagazine.it\/index.php?rest_route=\/wp\/v2\/posts\/3040\/revisions"}],"wp:featuredmedia":[{"embeddable":true,"href":"https:\/\/www.nonsolomusicamagazine.it\/index.php?rest_route=\/wp\/v2\/media\/2819"}],"wp:attachment":[{"href":"https:\/\/www.nonsolomusicamagazine.it\/index.php?rest_route=%2Fwp%2Fv2%2Fmedia&parent=3040"}],"wp:term":[{"taxonomy":"category","embeddable":true,"href":"https:\/\/www.nonsolomusicamagazine.it\/index.php?rest_route=%2Fwp%2Fv2%2Fcategories&post=3040"},{"taxonomy":"post_tag","embeddable":true,"href":"https:\/\/www.nonsolomusicamagazine.it\/index.php?rest_route=%2Fwp%2Fv2%2Ftags&post=3040"}],"curies":[{"name":"wp","href":"https:\/\/api.w.org\/{rel}","templated":true}]}}