{"id":3042,"date":"2023-09-30T16:52:01","date_gmt":"2023-09-30T16:52:01","guid":{"rendered":"https:\/\/www.nonsolomusicamagazine.it\/?p=3042"},"modified":"2023-09-30T16:52:01","modified_gmt":"2023-09-30T16:52:01","slug":"klettur-la-roccia-islandese-dei-sigur-ros","status":"publish","type":"post","link":"https:\/\/www.nonsolomusicamagazine.it\/?p=3042","title":{"rendered":"&#8220;Klettur&#8221;, la roccia islandese dei Sigur R\u00f3s"},"content":{"rendered":"\n<p class=\"has-text-align-center\"><strong>Manuel M Buccarella<\/strong><\/p>\n\n\n\n<p>&#8220;Stai viaggiando attraverso un&#8217;altra dimensione, una dimensione non solo visiva e sonora ma anche mentale. Un viaggio in una terra meravigliosa i cui confini sono quelli dell&#8217;immaginazione\u2026&#8221;. I Sigur R\u00f3s presentano cos\u00ec l&#8217;ultimo singolo, pubblicato lo scorso 20 settembre, dal titolo &#8220;Klettur&#8221;, che in islandese significa roccia. <a href=\"https:\/\/www.nonsolomusicamagazine.it\/?p=1721\">E&#8217; l&#8217;ennesimo singolo estratto dall&#8217;ultimo album, &#8220;\u00c1tta\u201d, l&#8217;ottavo nella fortunata carriera dell&#8217;ensemble islandese.<\/a><\/p>\n\n\n\n<p>Il pezzo, circa sei minuti e mezzo di durata, \u00e8 bellissimo. Musica sperimentale, new age, questa \u00e8 convenzionalmente la cifra stilistica del brano. Le atmosfere sono eteree ed estremamente raffinate, la voce femminile, pi\u00f9 che parole, esprime suoni che rendono ancora pi\u00f9 morbida e confortevole la musica. Diciamo in linea con la tradizione del gruppo di Reykjav\u00edk , che nelle canzoni non si esprime nell&#8217;idioma nazionale, n\u00e8 in inglese, bens\u00ec in\u00a0vonlenska, una lingua artificiale creata dal cantante J\u00f3n \u00de\u00f3r Birgisson.\u00a0Il vonlenska \u00e8 la &#8220;lingua della speranza&#8221;. Il video \u00e8 bellissimo, come sempre ambientato nella natura, in questo caso in prevalenza in un bosco.<\/p>\n\n\n\n<p>L&#8217;album \u201c\u00c1tta\u201d conferma sostanzialmente l\u2019approccio stilistico consolidato del gruppo, lasciando grande spazio alle praterie, alle distese sonore che allargano gli orizzonti dell\u2019 ascolto e parimenti della coscienza, grazie alle sinfonie prodotte dall\u2019 uso di tastiera e sintetizzatore. Fin dall\u2019introduttiva \u201cGl\u00f3\u00f0\u201d si registra un\u2019armonia vera, un\u2019incantevole compattezza che in alcuni punti dell\u2019album tocca quote paradisiache. Si assiste cos\u00ec alla riuscita di un afflato orchestrale che punta alla sospensione perenne, necessaria in un contesto sociale disastroso, in cui, stando alle parole della band islandese, la musica ha il dovere e soprattutto il potere di unire.<\/p>\n\n\n<figure class=\"wp-block-post-featured-image\"><img decoding=\"async\" width=\"500\" height=\"500\" src=\"https:\/\/www.nonsolomusicamagazine.it\/wp-content\/uploads\/2023\/06\/sigurrosatta_1687186842.jpg\" class=\"attachment-post-thumbnail size-post-thumbnail wp-post-image\" alt=\"\" style=\"object-fit:cover;\" srcset=\"https:\/\/www.nonsolomusicamagazine.it\/wp-content\/uploads\/2023\/06\/sigurrosatta_1687186842.jpg 500w, https:\/\/www.nonsolomusicamagazine.it\/wp-content\/uploads\/2023\/06\/sigurrosatta_1687186842-300x300.jpg 300w, https:\/\/www.nonsolomusicamagazine.it\/wp-content\/uploads\/2023\/06\/sigurrosatta_1687186842-150x150.jpg 150w, https:\/\/www.nonsolomusicamagazine.it\/wp-content\/uploads\/2023\/06\/sigurrosatta_1687186842-450x450.jpg 450w\" sizes=\"(max-width: 500px) 100vw, 500px\" \/><\/figure>\n\n\n<figure class=\"wp-block-embed is-type-video is-provider-youtube wp-block-embed-youtube wp-embed-aspect-16-9 wp-has-aspect-ratio\"><div class=\"wp-block-embed__wrapper\">\n<iframe title=\"Sigur R\u00f3s - Klettur (Official Video)\" width=\"640\" height=\"360\" src=\"https:\/\/www.youtube.com\/embed\/B1aD81YtYN4?feature=oembed\" frameborder=\"0\" allow=\"accelerometer; autoplay; clipboard-write; encrypted-media; gyroscope; picture-in-picture; web-share\" referrerpolicy=\"strict-origin-when-cross-origin\" allowfullscreen><\/iframe>\n<\/div><\/figure>\n","protected":false},"excerpt":{"rendered":"<p>Manuel M Buccarella &#8220;Stai viaggiando attraverso un&#8217;altra dimensione, una dimensione non solo visiva e sonora ma anche mentale. Un viaggio in una terra meravigliosa i cui confini sono quelli dell&#8217;immaginazione\u2026&#8221;. I Sigur R\u00f3s presentano cos\u00ec l&#8217;ultimo singolo, pubblicato lo scorso 20 settembre, dal titolo &#8220;Klettur&#8221;, che in islandese significa roccia. E&#8217; l&#8217;ennesimo singolo estratto dall&#8217;ultimo [&hellip;]<\/p>\n","protected":false},"author":1,"featured_media":1722,"comment_status":"open","ping_status":"closed","sticky":false,"template":"","format":"standard","meta":{"footnotes":""},"categories":[1],"tags":[1275,79,2035,1274],"class_list":["post-3042","post","type-post","status-publish","format-standard","has-post-thumbnail","hentry","category-musica","tag-ambient","tag-islanda","tag-klettur","tag-sigur-ros"],"yoast_head":"<!-- This site is optimized with the Yoast SEO plugin v27.4 - https:\/\/yoast.com\/product\/yoast-seo-wordpress\/ -->\n<title>&quot;Klettur&quot;, la roccia islandese dei Sigur R\u00f3s - NonSoloMusicaMagazine<\/title>\n<meta name=\"description\" content=\"&quot;Klettur&quot;, la roccia islandese dei Sigur R\u00f3s\" \/>\n<meta name=\"robots\" content=\"index, follow, max-snippet:-1, max-image-preview:large, max-video-preview:-1\" \/>\n<link rel=\"canonical\" href=\"https:\/\/www.nonsolomusicamagazine.it\/?p=3042\" \/>\n<meta property=\"og:locale\" content=\"it_IT\" \/>\n<meta property=\"og:type\" content=\"article\" \/>\n<meta property=\"og:title\" content=\"&quot;Klettur&quot;, la roccia islandese dei Sigur R\u00f3s - NonSoloMusicaMagazine\" \/>\n<meta property=\"og:description\" content=\"&quot;Klettur&quot;, la roccia islandese dei Sigur R\u00f3s\" \/>\n<meta property=\"og:url\" content=\"https:\/\/www.nonsolomusicamagazine.it\/?p=3042\" \/>\n<meta property=\"og:site_name\" content=\"NonSoloMusicaMagazine\" \/>\n<meta property=\"article:published_time\" content=\"2023-09-30T16:52:01+00:00\" \/>\n<meta property=\"og:image\" content=\"https:\/\/www.nonsolomusicamagazine.it\/wp-content\/uploads\/2023\/06\/sigurrosatta_1687186842.jpg\" \/>\n\t<meta property=\"og:image:width\" content=\"500\" \/>\n\t<meta property=\"og:image:height\" content=\"500\" \/>\n\t<meta property=\"og:image:type\" content=\"image\/jpeg\" \/>\n<meta name=\"author\" content=\"nonsolomusica\" \/>\n<meta name=\"twitter:card\" content=\"summary_large_image\" \/>\n<meta name=\"twitter:label1\" content=\"Scritto da\" \/>\n\t<meta name=\"twitter:data1\" content=\"nonsolomusica\" \/>\n\t<meta name=\"twitter:label2\" content=\"Tempo di lettura stimato\" \/>\n\t<meta name=\"twitter:data2\" content=\"2 minuti\" \/>\n<script type=\"application\/ld+json\" class=\"yoast-schema-graph\">{\"@context\":\"https:\\\/\\\/schema.org\",\"@graph\":[{\"@type\":\"Article\",\"@id\":\"https:\\\/\\\/www.nonsolomusicamagazine.it\\\/?p=3042#article\",\"isPartOf\":{\"@id\":\"https:\\\/\\\/www.nonsolomusicamagazine.it\\\/?p=3042\"},\"author\":{\"name\":\"nonsolomusica\",\"@id\":\"https:\\\/\\\/www.nonsolomusicamagazine.it\\\/#\\\/schema\\\/person\\\/a3349ad02300d046472d46cf6d31ae46\"},\"headline\":\"&#8220;Klettur&#8221;, la roccia islandese dei Sigur R\u00f3s\",\"datePublished\":\"2023-09-30T16:52:01+00:00\",\"mainEntityOfPage\":{\"@id\":\"https:\\\/\\\/www.nonsolomusicamagazine.it\\\/?p=3042\"},\"wordCount\":289,\"commentCount\":0,\"image\":{\"@id\":\"https:\\\/\\\/www.nonsolomusicamagazine.it\\\/?p=3042#primaryimage\"},\"thumbnailUrl\":\"https:\\\/\\\/www.nonsolomusicamagazine.it\\\/wp-content\\\/uploads\\\/2023\\\/06\\\/sigurrosatta_1687186842.jpg\",\"keywords\":[\"ambient\",\"Islanda\",\"klettur\",\"Sigur R\u00f3s\"],\"articleSection\":[\"Musica\"],\"inLanguage\":\"it-IT\",\"potentialAction\":[{\"@type\":\"CommentAction\",\"name\":\"Comment\",\"target\":[\"https:\\\/\\\/www.nonsolomusicamagazine.it\\\/?p=3042#respond\"]}]},{\"@type\":\"WebPage\",\"@id\":\"https:\\\/\\\/www.nonsolomusicamagazine.it\\\/?p=3042\",\"url\":\"https:\\\/\\\/www.nonsolomusicamagazine.it\\\/?p=3042\",\"name\":\"\\\"Klettur\\\", la roccia islandese dei Sigur R\u00f3s - NonSoloMusicaMagazine\",\"isPartOf\":{\"@id\":\"https:\\\/\\\/www.nonsolomusicamagazine.it\\\/#website\"},\"primaryImageOfPage\":{\"@id\":\"https:\\\/\\\/www.nonsolomusicamagazine.it\\\/?p=3042#primaryimage\"},\"image\":{\"@id\":\"https:\\\/\\\/www.nonsolomusicamagazine.it\\\/?p=3042#primaryimage\"},\"thumbnailUrl\":\"https:\\\/\\\/www.nonsolomusicamagazine.it\\\/wp-content\\\/uploads\\\/2023\\\/06\\\/sigurrosatta_1687186842.jpg\",\"datePublished\":\"2023-09-30T16:52:01+00:00\",\"author\":{\"@id\":\"https:\\\/\\\/www.nonsolomusicamagazine.it\\\/#\\\/schema\\\/person\\\/a3349ad02300d046472d46cf6d31ae46\"},\"description\":\"\\\"Klettur\\\", la roccia islandese dei Sigur R\u00f3s\",\"breadcrumb\":{\"@id\":\"https:\\\/\\\/www.nonsolomusicamagazine.it\\\/?p=3042#breadcrumb\"},\"inLanguage\":\"it-IT\",\"potentialAction\":[{\"@type\":\"ReadAction\",\"target\":[\"https:\\\/\\\/www.nonsolomusicamagazine.it\\\/?p=3042\"]}]},{\"@type\":\"ImageObject\",\"inLanguage\":\"it-IT\",\"@id\":\"https:\\\/\\\/www.nonsolomusicamagazine.it\\\/?p=3042#primaryimage\",\"url\":\"https:\\\/\\\/www.nonsolomusicamagazine.it\\\/wp-content\\\/uploads\\\/2023\\\/06\\\/sigurrosatta_1687186842.jpg\",\"contentUrl\":\"https:\\\/\\\/www.nonsolomusicamagazine.it\\\/wp-content\\\/uploads\\\/2023\\\/06\\\/sigurrosatta_1687186842.jpg\",\"width\":500,\"height\":500},{\"@type\":\"BreadcrumbList\",\"@id\":\"https:\\\/\\\/www.nonsolomusicamagazine.it\\\/?p=3042#breadcrumb\",\"itemListElement\":[{\"@type\":\"ListItem\",\"position\":1,\"name\":\"Home\",\"item\":\"https:\\\/\\\/www.nonsolomusicamagazine.it\\\/\"},{\"@type\":\"ListItem\",\"position\":2,\"name\":\"&#8220;Klettur&#8221;, la roccia islandese dei Sigur R\u00f3s\"}]},{\"@type\":\"WebSite\",\"@id\":\"https:\\\/\\\/www.nonsolomusicamagazine.it\\\/#website\",\"url\":\"https:\\\/\\\/www.nonsolomusicamagazine.it\\\/\",\"name\":\"Nonsolomusicamagazine\",\"description\":\"Dir. responsabile Manuel M Buccarella\",\"potentialAction\":[{\"@type\":\"SearchAction\",\"target\":{\"@type\":\"EntryPoint\",\"urlTemplate\":\"https:\\\/\\\/www.nonsolomusicamagazine.it\\\/?s={search_term_string}\"},\"query-input\":{\"@type\":\"PropertyValueSpecification\",\"valueRequired\":true,\"valueName\":\"search_term_string\"}}],\"inLanguage\":\"it-IT\"},{\"@type\":\"Person\",\"@id\":\"https:\\\/\\\/www.nonsolomusicamagazine.it\\\/#\\\/schema\\\/person\\\/a3349ad02300d046472d46cf6d31ae46\",\"name\":\"nonsolomusica\",\"image\":{\"@type\":\"ImageObject\",\"inLanguage\":\"it-IT\",\"@id\":\"https:\\\/\\\/www.nonsolomusicamagazine.it\\\/wp-content\\\/litespeed\\\/avatar\\\/3a675484bc84db6aba78d43bfc8b7197.jpg?ver=1776880798\",\"url\":\"https:\\\/\\\/www.nonsolomusicamagazine.it\\\/wp-content\\\/litespeed\\\/avatar\\\/3a675484bc84db6aba78d43bfc8b7197.jpg?ver=1776880798\",\"contentUrl\":\"https:\\\/\\\/www.nonsolomusicamagazine.it\\\/wp-content\\\/litespeed\\\/avatar\\\/3a675484bc84db6aba78d43bfc8b7197.jpg?ver=1776880798\",\"caption\":\"nonsolomusica\"},\"sameAs\":[\"https:\\\/\\\/www.nonsolomusicamagazine.it\"],\"url\":\"https:\\\/\\\/www.nonsolomusicamagazine.it\\\/?author=1\"}]}<\/script>\n<!-- \/ Yoast SEO plugin. -->","yoast_head_json":{"title":"\"Klettur\", la roccia islandese dei Sigur R\u00f3s - NonSoloMusicaMagazine","description":"\"Klettur\", la roccia islandese dei Sigur R\u00f3s","robots":{"index":"index","follow":"follow","max-snippet":"max-snippet:-1","max-image-preview":"max-image-preview:large","max-video-preview":"max-video-preview:-1"},"canonical":"https:\/\/www.nonsolomusicamagazine.it\/?p=3042","og_locale":"it_IT","og_type":"article","og_title":"\"Klettur\", la roccia islandese dei Sigur R\u00f3s - NonSoloMusicaMagazine","og_description":"\"Klettur\", la roccia islandese dei Sigur R\u00f3s","og_url":"https:\/\/www.nonsolomusicamagazine.it\/?p=3042","og_site_name":"NonSoloMusicaMagazine","article_published_time":"2023-09-30T16:52:01+00:00","og_image":[{"width":500,"height":500,"url":"https:\/\/www.nonsolomusicamagazine.it\/wp-content\/uploads\/2023\/06\/sigurrosatta_1687186842.jpg","type":"image\/jpeg"}],"author":"nonsolomusica","twitter_card":"summary_large_image","twitter_misc":{"Scritto da":"nonsolomusica","Tempo di lettura stimato":"2 minuti"},"schema":{"@context":"https:\/\/schema.org","@graph":[{"@type":"Article","@id":"https:\/\/www.nonsolomusicamagazine.it\/?p=3042#article","isPartOf":{"@id":"https:\/\/www.nonsolomusicamagazine.it\/?p=3042"},"author":{"name":"nonsolomusica","@id":"https:\/\/www.nonsolomusicamagazine.it\/#\/schema\/person\/a3349ad02300d046472d46cf6d31ae46"},"headline":"&#8220;Klettur&#8221;, la roccia islandese dei Sigur R\u00f3s","datePublished":"2023-09-30T16:52:01+00:00","mainEntityOfPage":{"@id":"https:\/\/www.nonsolomusicamagazine.it\/?p=3042"},"wordCount":289,"commentCount":0,"image":{"@id":"https:\/\/www.nonsolomusicamagazine.it\/?p=3042#primaryimage"},"thumbnailUrl":"https:\/\/www.nonsolomusicamagazine.it\/wp-content\/uploads\/2023\/06\/sigurrosatta_1687186842.jpg","keywords":["ambient","Islanda","klettur","Sigur R\u00f3s"],"articleSection":["Musica"],"inLanguage":"it-IT","potentialAction":[{"@type":"CommentAction","name":"Comment","target":["https:\/\/www.nonsolomusicamagazine.it\/?p=3042#respond"]}]},{"@type":"WebPage","@id":"https:\/\/www.nonsolomusicamagazine.it\/?p=3042","url":"https:\/\/www.nonsolomusicamagazine.it\/?p=3042","name":"\"Klettur\", la roccia islandese dei Sigur R\u00f3s - NonSoloMusicaMagazine","isPartOf":{"@id":"https:\/\/www.nonsolomusicamagazine.it\/#website"},"primaryImageOfPage":{"@id":"https:\/\/www.nonsolomusicamagazine.it\/?p=3042#primaryimage"},"image":{"@id":"https:\/\/www.nonsolomusicamagazine.it\/?p=3042#primaryimage"},"thumbnailUrl":"https:\/\/www.nonsolomusicamagazine.it\/wp-content\/uploads\/2023\/06\/sigurrosatta_1687186842.jpg","datePublished":"2023-09-30T16:52:01+00:00","author":{"@id":"https:\/\/www.nonsolomusicamagazine.it\/#\/schema\/person\/a3349ad02300d046472d46cf6d31ae46"},"description":"\"Klettur\", la roccia islandese dei Sigur R\u00f3s","breadcrumb":{"@id":"https:\/\/www.nonsolomusicamagazine.it\/?p=3042#breadcrumb"},"inLanguage":"it-IT","potentialAction":[{"@type":"ReadAction","target":["https:\/\/www.nonsolomusicamagazine.it\/?p=3042"]}]},{"@type":"ImageObject","inLanguage":"it-IT","@id":"https:\/\/www.nonsolomusicamagazine.it\/?p=3042#primaryimage","url":"https:\/\/www.nonsolomusicamagazine.it\/wp-content\/uploads\/2023\/06\/sigurrosatta_1687186842.jpg","contentUrl":"https:\/\/www.nonsolomusicamagazine.it\/wp-content\/uploads\/2023\/06\/sigurrosatta_1687186842.jpg","width":500,"height":500},{"@type":"BreadcrumbList","@id":"https:\/\/www.nonsolomusicamagazine.it\/?p=3042#breadcrumb","itemListElement":[{"@type":"ListItem","position":1,"name":"Home","item":"https:\/\/www.nonsolomusicamagazine.it\/"},{"@type":"ListItem","position":2,"name":"&#8220;Klettur&#8221;, la roccia islandese dei Sigur R\u00f3s"}]},{"@type":"WebSite","@id":"https:\/\/www.nonsolomusicamagazine.it\/#website","url":"https:\/\/www.nonsolomusicamagazine.it\/","name":"Nonsolomusicamagazine","description":"Dir. responsabile Manuel M Buccarella","potentialAction":[{"@type":"SearchAction","target":{"@type":"EntryPoint","urlTemplate":"https:\/\/www.nonsolomusicamagazine.it\/?s={search_term_string}"},"query-input":{"@type":"PropertyValueSpecification","valueRequired":true,"valueName":"search_term_string"}}],"inLanguage":"it-IT"},{"@type":"Person","@id":"https:\/\/www.nonsolomusicamagazine.it\/#\/schema\/person\/a3349ad02300d046472d46cf6d31ae46","name":"nonsolomusica","image":{"@type":"ImageObject","inLanguage":"it-IT","@id":"https:\/\/www.nonsolomusicamagazine.it\/wp-content\/litespeed\/avatar\/3a675484bc84db6aba78d43bfc8b7197.jpg?ver=1776880798","url":"https:\/\/www.nonsolomusicamagazine.it\/wp-content\/litespeed\/avatar\/3a675484bc84db6aba78d43bfc8b7197.jpg?ver=1776880798","contentUrl":"https:\/\/www.nonsolomusicamagazine.it\/wp-content\/litespeed\/avatar\/3a675484bc84db6aba78d43bfc8b7197.jpg?ver=1776880798","caption":"nonsolomusica"},"sameAs":["https:\/\/www.nonsolomusicamagazine.it"],"url":"https:\/\/www.nonsolomusicamagazine.it\/?author=1"}]}},"amp_enabled":true,"_links":{"self":[{"href":"https:\/\/www.nonsolomusicamagazine.it\/index.php?rest_route=\/wp\/v2\/posts\/3042","targetHints":{"allow":["GET"]}}],"collection":[{"href":"https:\/\/www.nonsolomusicamagazine.it\/index.php?rest_route=\/wp\/v2\/posts"}],"about":[{"href":"https:\/\/www.nonsolomusicamagazine.it\/index.php?rest_route=\/wp\/v2\/types\/post"}],"author":[{"embeddable":true,"href":"https:\/\/www.nonsolomusicamagazine.it\/index.php?rest_route=\/wp\/v2\/users\/1"}],"replies":[{"embeddable":true,"href":"https:\/\/www.nonsolomusicamagazine.it\/index.php?rest_route=%2Fwp%2Fv2%2Fcomments&post=3042"}],"version-history":[{"count":0,"href":"https:\/\/www.nonsolomusicamagazine.it\/index.php?rest_route=\/wp\/v2\/posts\/3042\/revisions"}],"wp:featuredmedia":[{"embeddable":true,"href":"https:\/\/www.nonsolomusicamagazine.it\/index.php?rest_route=\/wp\/v2\/media\/1722"}],"wp:attachment":[{"href":"https:\/\/www.nonsolomusicamagazine.it\/index.php?rest_route=%2Fwp%2Fv2%2Fmedia&parent=3042"}],"wp:term":[{"taxonomy":"category","embeddable":true,"href":"https:\/\/www.nonsolomusicamagazine.it\/index.php?rest_route=%2Fwp%2Fv2%2Fcategories&post=3042"},{"taxonomy":"post_tag","embeddable":true,"href":"https:\/\/www.nonsolomusicamagazine.it\/index.php?rest_route=%2Fwp%2Fv2%2Ftags&post=3042"}],"curies":[{"name":"wp","href":"https:\/\/api.w.org\/{rel}","templated":true}]}}