{"id":3053,"date":"2023-10-01T12:27:04","date_gmt":"2023-10-01T12:27:04","guid":{"rendered":"https:\/\/www.nonsolomusicamagazine.it\/?p=3053"},"modified":"2023-10-01T12:27:05","modified_gmt":"2023-10-01T12:27:05","slug":"malinconia-dottobre-lucio-dalla-2007","status":"publish","type":"post","link":"https:\/\/www.nonsolomusicamagazine.it\/?p=3053","title":{"rendered":"&#8220;Malinconia d&#8217;ottobre&#8221;, Lucio Dalla (2007)."},"content":{"rendered":"\n<p class=\"has-text-align-center\"><em>ma.bu.<\/em><\/p>\n\n\n\n<p>Incominciamo le domeniche dedicate alla musica ed al mese di ottobre gi\u00e0 con la malinconia, con quel &#8220;Malinconia d&#8217;ottobre&#8221; di <strong>Lucio Dalla<\/strong>. Scritta dallo stesso cantautore bolognese e Marco Alemanno, \u00e8 stata pubblicata nell\u2019album &#8220;Il contrario di me&#8221; del 2007.<\/p>\n\n\n\n<p>Il brano gi\u00e0 nell&#8217; arrangiamento si discosta dal tradizionale cantautorato italiano, anche se la migliore e pi\u00f9 nota produzione di Lucio Dalla gi\u00e0 lo \u00e8, originale e dunque distante. Nelle note della canzone, infatti, si odono <em>nuance<\/em> di natura jazzistica, o per meglio dire <em>jazz fusion<\/em>, basta ascoltare la risoluzione delle tastiere in alcuni punti del brano, che sembrano ricordare un po&#8217; Weather Report e Spiro Gyra.<\/p>\n\n\n\n<p>&#8220;Malinconia d\u2019ottobre&#8221; narra in modo delicato il sentimento di tristezza che  subentra dopo la fine di una storia d\u2019amore: \u201cDimenticami, cancellami, tienimi fuori da te, convinciti, rassegnati: questa storia non c\u2019\u00e8\u201d sono le parole che esprimono in modo chiaro ed esaustivo tale stato d&#8217;animo.<\/p>\n\n\n\n<p>&#8220;La mia anima nel vaso<br>Da una crepa vola via,<br>va a cercare la sua ombra<br>che, seduta, \u00e8 rimasta sulle scale di casa tua.<br>Un ladro di passaggio con una certa cortesia<br>Mi chiede : \u201cHai del fumo?\u201d \u201cS\u00ec, del fuoco, s\u00ec\u201d<br>e dopo il furto scappa via.&#8221;<\/p>\n\n\n\n<p>&#8220;L\u2019amore \u00e8 mentitore<em>,<\/em> quando \u00e8 finto non lo sai ma com\u2019\u00e8 bello il suo dolore, lo capisci se ce l\u2019hai&#8221;. <\/p>\n\n\n\n<p>La malinconia e la nostalgia sono chiare ed evidenti in queste parole. La scelta di ottobre, mese delle foglie che incominciano a cadere, delle giornate che si accorciano come mese della malinconia, \u00e8 scelta azzeccata anche se molto ricorrente.<\/p>\n\n\n<figure class=\"wp-block-post-featured-image\"><img decoding=\"async\" width=\"600\" height=\"519\" src=\"https:\/\/www.nonsolomusicamagazine.it\/wp-content\/uploads\/2023\/10\/R-12962500-1545412397-2343.jpg\" class=\"attachment-post-thumbnail size-post-thumbnail wp-post-image\" alt=\"\" style=\"object-fit:cover;\" srcset=\"https:\/\/www.nonsolomusicamagazine.it\/wp-content\/uploads\/2023\/10\/R-12962500-1545412397-2343.jpg 600w, https:\/\/www.nonsolomusicamagazine.it\/wp-content\/uploads\/2023\/10\/R-12962500-1545412397-2343-300x260.jpg 300w\" sizes=\"(max-width: 600px) 100vw, 600px\" \/><\/figure>\n\n\n<figure class=\"wp-block-embed is-type-video is-provider-youtube wp-block-embed-youtube wp-embed-aspect-4-3 wp-has-aspect-ratio\"><div class=\"wp-block-embed__wrapper\">\n<iframe title=\"Lucio Dalla - Malinconia D&#039;Ottobre (videoclip)\" width=\"640\" height=\"480\" src=\"https:\/\/www.youtube.com\/embed\/tnBCMZfvxr4?feature=oembed\" frameborder=\"0\" allow=\"accelerometer; autoplay; clipboard-write; encrypted-media; gyroscope; picture-in-picture; web-share\" referrerpolicy=\"strict-origin-when-cross-origin\" allowfullscreen><\/iframe>\n<\/div><\/figure>\n","protected":false},"excerpt":{"rendered":"<p>ma.bu. Incominciamo le domeniche dedicate alla musica ed al mese di ottobre gi\u00e0 con la malinconia, con quel &#8220;Malinconia d&#8217;ottobre&#8221; di Lucio Dalla. Scritta dallo stesso cantautore bolognese e Marco Alemanno, \u00e8 stata pubblicata nell\u2019album &#8220;Il contrario di me&#8221; del 2007. Il brano gi\u00e0 nell&#8217; arrangiamento si discosta dal tradizionale cantautorato italiano, anche se la [&hellip;]<\/p>\n","protected":false},"author":1,"featured_media":3055,"comment_status":"open","ping_status":"closed","sticky":false,"template":"","format":"standard","meta":{"footnotes":""},"categories":[1],"tags":[28,2039,2040],"class_list":["post-3053","post","type-post","status-publish","format-standard","has-post-thumbnail","hentry","category-musica","tag-lucio-dalla","tag-malinconia","tag-ottobre"],"yoast_head":"<!-- This site is optimized with the Yoast SEO plugin v27.5 - https:\/\/yoast.com\/product\/yoast-seo-wordpress\/ -->\n<title>&quot;Malinconia d&#039;ottobre&quot;, Lucio Dalla (2007). - NonSoloMusicaMagazine<\/title>\n<meta name=\"description\" content=\"&quot;Malinconia d&#039;ottobre&quot;, Lucio Dalla (2007).MGMMaM\" \/>\n<meta name=\"robots\" content=\"index, follow, max-snippet:-1, max-image-preview:large, max-video-preview:-1\" \/>\n<link rel=\"canonical\" href=\"https:\/\/www.nonsolomusicamagazine.it\/?p=3053\" \/>\n<meta property=\"og:locale\" content=\"it_IT\" \/>\n<meta property=\"og:type\" content=\"article\" \/>\n<meta property=\"og:title\" content=\"&quot;Malinconia d&#039;ottobre&quot;, Lucio Dalla (2007). - NonSoloMusicaMagazine\" \/>\n<meta property=\"og:description\" content=\"&quot;Malinconia d&#039;ottobre&quot;, Lucio Dalla (2007).MGMMaM\" \/>\n<meta property=\"og:url\" content=\"https:\/\/www.nonsolomusicamagazine.it\/?p=3053\" \/>\n<meta property=\"og:site_name\" content=\"NonSoloMusicaMagazine\" \/>\n<meta property=\"article:published_time\" content=\"2023-10-01T12:27:04+00:00\" \/>\n<meta property=\"article:modified_time\" content=\"2023-10-01T12:27:05+00:00\" \/>\n<meta property=\"og:image\" content=\"https:\/\/www.nonsolomusicamagazine.it\/wp-content\/uploads\/2023\/10\/R-12962500-1545412397-2343.jpg\" \/>\n\t<meta property=\"og:image:width\" content=\"600\" \/>\n\t<meta property=\"og:image:height\" content=\"519\" \/>\n\t<meta property=\"og:image:type\" content=\"image\/jpeg\" \/>\n<meta name=\"author\" content=\"nonsolomusica\" \/>\n<meta name=\"twitter:card\" content=\"summary_large_image\" \/>\n<meta name=\"twitter:label1\" content=\"Scritto da\" \/>\n\t<meta name=\"twitter:data1\" content=\"nonsolomusica\" \/>\n\t<meta name=\"twitter:label2\" content=\"Tempo di lettura stimato\" \/>\n\t<meta name=\"twitter:data2\" content=\"2 minuti\" \/>\n<script type=\"application\/ld+json\" class=\"yoast-schema-graph\">{\"@context\":\"https:\\\/\\\/schema.org\",\"@graph\":[{\"@type\":\"Article\",\"@id\":\"https:\\\/\\\/www.nonsolomusicamagazine.it\\\/?p=3053#article\",\"isPartOf\":{\"@id\":\"https:\\\/\\\/www.nonsolomusicamagazine.it\\\/?p=3053\"},\"author\":{\"name\":\"nonsolomusica\",\"@id\":\"https:\\\/\\\/www.nonsolomusicamagazine.it\\\/#\\\/schema\\\/person\\\/a3349ad02300d046472d46cf6d31ae46\"},\"headline\":\"&#8220;Malinconia d&#8217;ottobre&#8221;, Lucio Dalla (2007).\",\"datePublished\":\"2023-10-01T12:27:04+00:00\",\"dateModified\":\"2023-10-01T12:27:05+00:00\",\"mainEntityOfPage\":{\"@id\":\"https:\\\/\\\/www.nonsolomusicamagazine.it\\\/?p=3053\"},\"wordCount\":271,\"commentCount\":0,\"image\":{\"@id\":\"https:\\\/\\\/www.nonsolomusicamagazine.it\\\/?p=3053#primaryimage\"},\"thumbnailUrl\":\"https:\\\/\\\/www.nonsolomusicamagazine.it\\\/wp-content\\\/uploads\\\/2023\\\/10\\\/R-12962500-1545412397-2343.jpg\",\"keywords\":[\"Lucio Dalla\",\"Malinconia\",\"Ottobre\"],\"articleSection\":[\"Musica\"],\"inLanguage\":\"it-IT\",\"potentialAction\":[{\"@type\":\"CommentAction\",\"name\":\"Comment\",\"target\":[\"https:\\\/\\\/www.nonsolomusicamagazine.it\\\/?p=3053#respond\"]}]},{\"@type\":\"WebPage\",\"@id\":\"https:\\\/\\\/www.nonsolomusicamagazine.it\\\/?p=3053\",\"url\":\"https:\\\/\\\/www.nonsolomusicamagazine.it\\\/?p=3053\",\"name\":\"\\\"Malinconia d'ottobre\\\", Lucio Dalla (2007). - NonSoloMusicaMagazine\",\"isPartOf\":{\"@id\":\"https:\\\/\\\/www.nonsolomusicamagazine.it\\\/#website\"},\"primaryImageOfPage\":{\"@id\":\"https:\\\/\\\/www.nonsolomusicamagazine.it\\\/?p=3053#primaryimage\"},\"image\":{\"@id\":\"https:\\\/\\\/www.nonsolomusicamagazine.it\\\/?p=3053#primaryimage\"},\"thumbnailUrl\":\"https:\\\/\\\/www.nonsolomusicamagazine.it\\\/wp-content\\\/uploads\\\/2023\\\/10\\\/R-12962500-1545412397-2343.jpg\",\"datePublished\":\"2023-10-01T12:27:04+00:00\",\"dateModified\":\"2023-10-01T12:27:05+00:00\",\"author\":{\"@id\":\"https:\\\/\\\/www.nonsolomusicamagazine.it\\\/#\\\/schema\\\/person\\\/a3349ad02300d046472d46cf6d31ae46\"},\"description\":\"\\\"Malinconia d'ottobre\\\", Lucio Dalla (2007).MGMMaM\",\"breadcrumb\":{\"@id\":\"https:\\\/\\\/www.nonsolomusicamagazine.it\\\/?p=3053#breadcrumb\"},\"inLanguage\":\"it-IT\",\"potentialAction\":[{\"@type\":\"ReadAction\",\"target\":[\"https:\\\/\\\/www.nonsolomusicamagazine.it\\\/?p=3053\"]}]},{\"@type\":\"ImageObject\",\"inLanguage\":\"it-IT\",\"@id\":\"https:\\\/\\\/www.nonsolomusicamagazine.it\\\/?p=3053#primaryimage\",\"url\":\"https:\\\/\\\/www.nonsolomusicamagazine.it\\\/wp-content\\\/uploads\\\/2023\\\/10\\\/R-12962500-1545412397-2343.jpg\",\"contentUrl\":\"https:\\\/\\\/www.nonsolomusicamagazine.it\\\/wp-content\\\/uploads\\\/2023\\\/10\\\/R-12962500-1545412397-2343.jpg\",\"width\":600,\"height\":519},{\"@type\":\"BreadcrumbList\",\"@id\":\"https:\\\/\\\/www.nonsolomusicamagazine.it\\\/?p=3053#breadcrumb\",\"itemListElement\":[{\"@type\":\"ListItem\",\"position\":1,\"name\":\"Home\",\"item\":\"https:\\\/\\\/www.nonsolomusicamagazine.it\\\/\"},{\"@type\":\"ListItem\",\"position\":2,\"name\":\"&#8220;Malinconia d&#8217;ottobre&#8221;, Lucio Dalla (2007).\"}]},{\"@type\":\"WebSite\",\"@id\":\"https:\\\/\\\/www.nonsolomusicamagazine.it\\\/#website\",\"url\":\"https:\\\/\\\/www.nonsolomusicamagazine.it\\\/\",\"name\":\"Nonsolomusicamagazine\",\"description\":\"Dir. responsabile Manuel M Buccarella\",\"potentialAction\":[{\"@type\":\"SearchAction\",\"target\":{\"@type\":\"EntryPoint\",\"urlTemplate\":\"https:\\\/\\\/www.nonsolomusicamagazine.it\\\/?s={search_term_string}\"},\"query-input\":{\"@type\":\"PropertyValueSpecification\",\"valueRequired\":true,\"valueName\":\"search_term_string\"}}],\"inLanguage\":\"it-IT\"},{\"@type\":\"Person\",\"@id\":\"https:\\\/\\\/www.nonsolomusicamagazine.it\\\/#\\\/schema\\\/person\\\/a3349ad02300d046472d46cf6d31ae46\",\"name\":\"nonsolomusica\",\"image\":{\"@type\":\"ImageObject\",\"inLanguage\":\"it-IT\",\"@id\":\"https:\\\/\\\/www.nonsolomusicamagazine.it\\\/wp-content\\\/litespeed\\\/avatar\\\/3a675484bc84db6aba78d43bfc8b7197.jpg?ver=1776880798\",\"url\":\"https:\\\/\\\/www.nonsolomusicamagazine.it\\\/wp-content\\\/litespeed\\\/avatar\\\/3a675484bc84db6aba78d43bfc8b7197.jpg?ver=1776880798\",\"contentUrl\":\"https:\\\/\\\/www.nonsolomusicamagazine.it\\\/wp-content\\\/litespeed\\\/avatar\\\/3a675484bc84db6aba78d43bfc8b7197.jpg?ver=1776880798\",\"caption\":\"nonsolomusica\"},\"sameAs\":[\"https:\\\/\\\/www.nonsolomusicamagazine.it\"],\"url\":\"https:\\\/\\\/www.nonsolomusicamagazine.it\\\/?author=1\"}]}<\/script>\n<!-- \/ Yoast SEO plugin. -->","yoast_head_json":{"title":"\"Malinconia d'ottobre\", Lucio Dalla (2007). - NonSoloMusicaMagazine","description":"\"Malinconia d'ottobre\", Lucio Dalla (2007).MGMMaM","robots":{"index":"index","follow":"follow","max-snippet":"max-snippet:-1","max-image-preview":"max-image-preview:large","max-video-preview":"max-video-preview:-1"},"canonical":"https:\/\/www.nonsolomusicamagazine.it\/?p=3053","og_locale":"it_IT","og_type":"article","og_title":"\"Malinconia d'ottobre\", Lucio Dalla (2007). - NonSoloMusicaMagazine","og_description":"\"Malinconia d'ottobre\", Lucio Dalla (2007).MGMMaM","og_url":"https:\/\/www.nonsolomusicamagazine.it\/?p=3053","og_site_name":"NonSoloMusicaMagazine","article_published_time":"2023-10-01T12:27:04+00:00","article_modified_time":"2023-10-01T12:27:05+00:00","og_image":[{"width":600,"height":519,"url":"https:\/\/www.nonsolomusicamagazine.it\/wp-content\/uploads\/2023\/10\/R-12962500-1545412397-2343.jpg","type":"image\/jpeg"}],"author":"nonsolomusica","twitter_card":"summary_large_image","twitter_misc":{"Scritto da":"nonsolomusica","Tempo di lettura stimato":"2 minuti"},"schema":{"@context":"https:\/\/schema.org","@graph":[{"@type":"Article","@id":"https:\/\/www.nonsolomusicamagazine.it\/?p=3053#article","isPartOf":{"@id":"https:\/\/www.nonsolomusicamagazine.it\/?p=3053"},"author":{"name":"nonsolomusica","@id":"https:\/\/www.nonsolomusicamagazine.it\/#\/schema\/person\/a3349ad02300d046472d46cf6d31ae46"},"headline":"&#8220;Malinconia d&#8217;ottobre&#8221;, Lucio Dalla (2007).","datePublished":"2023-10-01T12:27:04+00:00","dateModified":"2023-10-01T12:27:05+00:00","mainEntityOfPage":{"@id":"https:\/\/www.nonsolomusicamagazine.it\/?p=3053"},"wordCount":271,"commentCount":0,"image":{"@id":"https:\/\/www.nonsolomusicamagazine.it\/?p=3053#primaryimage"},"thumbnailUrl":"https:\/\/www.nonsolomusicamagazine.it\/wp-content\/uploads\/2023\/10\/R-12962500-1545412397-2343.jpg","keywords":["Lucio Dalla","Malinconia","Ottobre"],"articleSection":["Musica"],"inLanguage":"it-IT","potentialAction":[{"@type":"CommentAction","name":"Comment","target":["https:\/\/www.nonsolomusicamagazine.it\/?p=3053#respond"]}]},{"@type":"WebPage","@id":"https:\/\/www.nonsolomusicamagazine.it\/?p=3053","url":"https:\/\/www.nonsolomusicamagazine.it\/?p=3053","name":"\"Malinconia d'ottobre\", Lucio Dalla (2007). - NonSoloMusicaMagazine","isPartOf":{"@id":"https:\/\/www.nonsolomusicamagazine.it\/#website"},"primaryImageOfPage":{"@id":"https:\/\/www.nonsolomusicamagazine.it\/?p=3053#primaryimage"},"image":{"@id":"https:\/\/www.nonsolomusicamagazine.it\/?p=3053#primaryimage"},"thumbnailUrl":"https:\/\/www.nonsolomusicamagazine.it\/wp-content\/uploads\/2023\/10\/R-12962500-1545412397-2343.jpg","datePublished":"2023-10-01T12:27:04+00:00","dateModified":"2023-10-01T12:27:05+00:00","author":{"@id":"https:\/\/www.nonsolomusicamagazine.it\/#\/schema\/person\/a3349ad02300d046472d46cf6d31ae46"},"description":"\"Malinconia d'ottobre\", Lucio Dalla (2007).MGMMaM","breadcrumb":{"@id":"https:\/\/www.nonsolomusicamagazine.it\/?p=3053#breadcrumb"},"inLanguage":"it-IT","potentialAction":[{"@type":"ReadAction","target":["https:\/\/www.nonsolomusicamagazine.it\/?p=3053"]}]},{"@type":"ImageObject","inLanguage":"it-IT","@id":"https:\/\/www.nonsolomusicamagazine.it\/?p=3053#primaryimage","url":"https:\/\/www.nonsolomusicamagazine.it\/wp-content\/uploads\/2023\/10\/R-12962500-1545412397-2343.jpg","contentUrl":"https:\/\/www.nonsolomusicamagazine.it\/wp-content\/uploads\/2023\/10\/R-12962500-1545412397-2343.jpg","width":600,"height":519},{"@type":"BreadcrumbList","@id":"https:\/\/www.nonsolomusicamagazine.it\/?p=3053#breadcrumb","itemListElement":[{"@type":"ListItem","position":1,"name":"Home","item":"https:\/\/www.nonsolomusicamagazine.it\/"},{"@type":"ListItem","position":2,"name":"&#8220;Malinconia d&#8217;ottobre&#8221;, Lucio Dalla (2007)."}]},{"@type":"WebSite","@id":"https:\/\/www.nonsolomusicamagazine.it\/#website","url":"https:\/\/www.nonsolomusicamagazine.it\/","name":"Nonsolomusicamagazine","description":"Dir. responsabile Manuel M Buccarella","potentialAction":[{"@type":"SearchAction","target":{"@type":"EntryPoint","urlTemplate":"https:\/\/www.nonsolomusicamagazine.it\/?s={search_term_string}"},"query-input":{"@type":"PropertyValueSpecification","valueRequired":true,"valueName":"search_term_string"}}],"inLanguage":"it-IT"},{"@type":"Person","@id":"https:\/\/www.nonsolomusicamagazine.it\/#\/schema\/person\/a3349ad02300d046472d46cf6d31ae46","name":"nonsolomusica","image":{"@type":"ImageObject","inLanguage":"it-IT","@id":"https:\/\/www.nonsolomusicamagazine.it\/wp-content\/litespeed\/avatar\/3a675484bc84db6aba78d43bfc8b7197.jpg?ver=1776880798","url":"https:\/\/www.nonsolomusicamagazine.it\/wp-content\/litespeed\/avatar\/3a675484bc84db6aba78d43bfc8b7197.jpg?ver=1776880798","contentUrl":"https:\/\/www.nonsolomusicamagazine.it\/wp-content\/litespeed\/avatar\/3a675484bc84db6aba78d43bfc8b7197.jpg?ver=1776880798","caption":"nonsolomusica"},"sameAs":["https:\/\/www.nonsolomusicamagazine.it"],"url":"https:\/\/www.nonsolomusicamagazine.it\/?author=1"}]}},"amp_enabled":true,"_links":{"self":[{"href":"https:\/\/www.nonsolomusicamagazine.it\/index.php?rest_route=\/wp\/v2\/posts\/3053","targetHints":{"allow":["GET"]}}],"collection":[{"href":"https:\/\/www.nonsolomusicamagazine.it\/index.php?rest_route=\/wp\/v2\/posts"}],"about":[{"href":"https:\/\/www.nonsolomusicamagazine.it\/index.php?rest_route=\/wp\/v2\/types\/post"}],"author":[{"embeddable":true,"href":"https:\/\/www.nonsolomusicamagazine.it\/index.php?rest_route=\/wp\/v2\/users\/1"}],"replies":[{"embeddable":true,"href":"https:\/\/www.nonsolomusicamagazine.it\/index.php?rest_route=%2Fwp%2Fv2%2Fcomments&post=3053"}],"version-history":[{"count":0,"href":"https:\/\/www.nonsolomusicamagazine.it\/index.php?rest_route=\/wp\/v2\/posts\/3053\/revisions"}],"wp:featuredmedia":[{"embeddable":true,"href":"https:\/\/www.nonsolomusicamagazine.it\/index.php?rest_route=\/wp\/v2\/media\/3055"}],"wp:attachment":[{"href":"https:\/\/www.nonsolomusicamagazine.it\/index.php?rest_route=%2Fwp%2Fv2%2Fmedia&parent=3053"}],"wp:term":[{"taxonomy":"category","embeddable":true,"href":"https:\/\/www.nonsolomusicamagazine.it\/index.php?rest_route=%2Fwp%2Fv2%2Fcategories&post=3053"},{"taxonomy":"post_tag","embeddable":true,"href":"https:\/\/www.nonsolomusicamagazine.it\/index.php?rest_route=%2Fwp%2Fv2%2Ftags&post=3053"}],"curies":[{"name":"wp","href":"https:\/\/api.w.org\/{rel}","templated":true}]}}