{"id":3203,"date":"2023-10-11T15:02:52","date_gmt":"2023-10-11T15:02:52","guid":{"rendered":"https:\/\/www.nonsolomusicamagazine.it\/?p=3203"},"modified":"2023-10-11T15:02:53","modified_gmt":"2023-10-11T15:02:53","slug":"conflitto-israelo-palestinese-stampa-israeliana-vs-stampa-italiana","status":"publish","type":"post","link":"https:\/\/www.nonsolomusicamagazine.it\/?p=3203","title":{"rendered":"CONFLITTO ISRAELO-PALESTINESE: STAMPA ISRAELIANA VS STAMPA ITALIANA"},"content":{"rendered":"\n<p class=\"has-text-align-center\"><strong>Luciano Graziuso<\/strong><\/p>\n\n\n\n<p>Sono passati quattro giorni dall\u2019azione di Hamas contro Israele ed in questo lasso di tempo abbiamo avuto l\u2019opportunit\u00e0 di constatare come i vari organi di informazione abbiano affrontato l\u2019argomento; \u00e8 interessante e sconfortante in particolar modo registrare come la stampa israeliana, quella del Paese colpito, sia di gran lunga pi\u00f9 obiettiva nell\u2019affrontare la vicenda rispetto alla nostra. L\u2019Italia si conferma una delle nazioni al mondo in cui pi\u00f9 grave \u00e8 la mancanza di libert\u00e0 di stampa, pi\u00f9 forte il controllo dei poteri forti sull\u2019informazione, una di quelle in cui \u00e8 pi\u00f9 difficile da parte dei cittadini procurarsi delle notizie obiettive che rispecchino la realt\u00e0 dei fatti.<\/p>\n\n\n\n<p>In Israele, infatti, pur essendo fortissima e generalizzata in questo momento la rabbia verso gli aggressori, molti giornali hanno conservato&nbsp; un\u2019obiettivit\u00e0 che ha permesso loro di &nbsp;puntare il dito, per quanto concerne le responsabilit\u00e0 dell\u2019accaduto, soprattutto contro il premier Netanyahu, reo di non avere ascoltato i ripetuti avvertimenti di Turchia ed Egitto sul pericolo di esacerbare troppo gli animi dei palestinesi, con le innumerevoli uccisioni ma anche con le troppe concessioni accordate a nuovi insediamenti ebraici in Cisgiordania (territorio a tutti gli effetti palestinese), a cui poteva succedere con ogni probabilit\u00e0 una reazione rabbiosa e violenta da non sottovalutare affatto. Non pochi media lo hanno considerato il vero responsabile della strage.<\/p>\n\n\n\n<p>Nel nostro Paese invece, come spesso \u00e8 accaduto, i mezzi di informazione hanno fornito ai cittadini una versione a senso unico e completamente parziale della storia: come per l\u2019invasione dell\u2019Ucraina da parte di Putin, infatti, il mainstream ha deciso di attribuire tutta la colpa di quanto successo ad Hamas e ai palestinesi, ignorando completamente la necessit\u00e0 di indagare le cause storiche lontane nel tempo e recenti di una reazione cos\u00ec eclatante ed insospettabile; le numerose provocazioni commesse da Israele, che hanno determinato questo attacco. Sono comparsi cos\u00ec i titoloni e gli articoli che sappiamo bene e che parlavano senza mezzi termini di \u201cterrorismo\u201d (e ci pu\u00f2 stare), senza per\u00f2 usare lo stesso termine per le crudelt\u00e0 commesse dallo stato ebraico in risposta all\u2019azione subita, ma soprattutto per tutte le atrocit\u00e0 da esso messe in atto precedentemente, che l\u2019hanno direttamente causata: le azioni intraprese da Israele, pur essendo molto pi\u00f9 numerose e a volte anche pi\u00f9 disumane, vengono infatti semplicemente etichettate come dei \u201craid\u201d. Di \u201craid\u201d sono piene le cronache siriane (la Siria viene ogni tanto bombardata da Israele senza che nessun giornale, tg o notiziario italiano si scomponga), cisgiordane, di Gaza, con lo stesso &nbsp;risultato di indifferente annuncio da parte degli operatori dell\u2019informazione nostrani.<\/p>\n\n\n\n<p>Un altro esempio di parzialit\u00e0 nell\u2019affrontare la questione, vecchia di ben 70 anni, \u00e8 rappresentato dagli innumerevoli casi di induzione \u201cstrisciante\u201d alla condanna di uno solo dei \u201ccontendenti\u201d, come quando si comunica \u201cHamas minaccia di uccidere gli ostaggi\u201d, evitando accuratamente di esplicitare che l\u2019organizzazione palestinese ha affermato che lo avrebbe fatto solo se Israele avesse continuato a bombardare la Striscia senza avvertire prima la popolazione civile o almeno aver permesso che risuonassero le sirene di allarme. Il massimo della vergogna che ricade sul nostro \u201cstrano\u201d sistema di informazione \u00e8 stato raggiunto negli ultimi giorni da alcuni quotidiani del centrodestra, che non ci hanno pensato neanche un po\u2019 ad approfittare della \u201cghiotta\u201d occasione per gettare fango sugli avversari di sempre, la sinistra italiana, titolando in prima pagina assurde, improponibili e maliziosissime \u201caffinit\u00e0\u201d tra Hamas e i \u201ccompagni\u201d. Nemici e non avversari.<\/p>\n\n\n<figure class=\"wp-block-post-featured-image\"><img decoding=\"async\" width=\"1280\" height=\"853\" src=\"https:\/\/www.nonsolomusicamagazine.it\/wp-content\/uploads\/2023\/10\/gaza-3829379_1280.jpg\" class=\"attachment-post-thumbnail size-post-thumbnail wp-post-image\" alt=\"\" style=\"object-fit:cover;\" srcset=\"https:\/\/www.nonsolomusicamagazine.it\/wp-content\/uploads\/2023\/10\/gaza-3829379_1280.jpg 1280w, https:\/\/www.nonsolomusicamagazine.it\/wp-content\/uploads\/2023\/10\/gaza-3829379_1280-300x200.jpg 300w, https:\/\/www.nonsolomusicamagazine.it\/wp-content\/uploads\/2023\/10\/gaza-3829379_1280-1024x682.jpg 1024w, https:\/\/www.nonsolomusicamagazine.it\/wp-content\/uploads\/2023\/10\/gaza-3829379_1280-768x512.jpg 768w\" sizes=\"(max-width: 1280px) 100vw, 1280px\" \/><\/figure>","protected":false},"excerpt":{"rendered":"<p>Luciano Graziuso Sono passati quattro giorni dall\u2019azione di Hamas contro Israele ed in questo lasso di tempo abbiamo avuto l\u2019opportunit\u00e0 di constatare come i vari organi di informazione abbiano affrontato l\u2019argomento; \u00e8 interessante e sconfortante in particolar modo registrare come la stampa israeliana, quella del Paese colpito, sia di gran lunga pi\u00f9 obiettiva nell\u2019affrontare la [&hellip;]<\/p>\n","protected":false},"author":1,"featured_media":3157,"comment_status":"open","ping_status":"closed","sticky":false,"template":"","format":"standard","meta":{"footnotes":""},"categories":[6,20],"tags":[],"class_list":["post-3203","post","type-post","status-publish","format-standard","has-post-thumbnail","hentry","category-esteri","category-societa"],"yoast_head":"<!-- This site is optimized with the Yoast SEO plugin v27.5 - https:\/\/yoast.com\/product\/yoast-seo-wordpress\/ -->\n<title>CONFLITTO ISRAELO-PALESTINESE: STAMPA ISRAELIANA VS STAMPA ITALIANA - NonSoloMusicaMagazine<\/title>\n<meta name=\"description\" content=\"CONFLITTO ISRAELO-PALESTINESE: STAMPA ISRAELIANA VS STAMPA ITALIANA\" \/>\n<meta name=\"robots\" content=\"index, follow, max-snippet:-1, max-image-preview:large, max-video-preview:-1\" \/>\n<link rel=\"canonical\" href=\"https:\/\/www.nonsolomusicamagazine.it\/?p=3203\" \/>\n<meta property=\"og:locale\" content=\"it_IT\" \/>\n<meta property=\"og:type\" content=\"article\" \/>\n<meta property=\"og:title\" content=\"CONFLITTO ISRAELO-PALESTINESE: STAMPA ISRAELIANA VS STAMPA ITALIANA - NonSoloMusicaMagazine\" \/>\n<meta property=\"og:description\" content=\"CONFLITTO ISRAELO-PALESTINESE: STAMPA ISRAELIANA VS STAMPA ITALIANA\" \/>\n<meta property=\"og:url\" content=\"https:\/\/www.nonsolomusicamagazine.it\/?p=3203\" \/>\n<meta property=\"og:site_name\" content=\"NonSoloMusicaMagazine\" \/>\n<meta property=\"article:published_time\" content=\"2023-10-11T15:02:52+00:00\" \/>\n<meta property=\"article:modified_time\" content=\"2023-10-11T15:02:53+00:00\" \/>\n<meta property=\"og:image\" content=\"https:\/\/www.nonsolomusicamagazine.it\/wp-content\/uploads\/2023\/10\/gaza-3829379_1280.jpg\" \/>\n\t<meta property=\"og:image:width\" content=\"1280\" \/>\n\t<meta property=\"og:image:height\" content=\"853\" \/>\n\t<meta property=\"og:image:type\" content=\"image\/jpeg\" \/>\n<meta name=\"author\" content=\"nonsolomusica\" \/>\n<meta name=\"twitter:card\" content=\"summary_large_image\" \/>\n<meta name=\"twitter:label1\" content=\"Scritto da\" \/>\n\t<meta name=\"twitter:data1\" content=\"nonsolomusica\" \/>\n\t<meta name=\"twitter:label2\" content=\"Tempo di lettura stimato\" \/>\n\t<meta name=\"twitter:data2\" content=\"3 minuti\" \/>\n<script type=\"application\/ld+json\" class=\"yoast-schema-graph\">{\"@context\":\"https:\\\/\\\/schema.org\",\"@graph\":[{\"@type\":\"Article\",\"@id\":\"https:\\\/\\\/www.nonsolomusicamagazine.it\\\/?p=3203#article\",\"isPartOf\":{\"@id\":\"https:\\\/\\\/www.nonsolomusicamagazine.it\\\/?p=3203\"},\"author\":{\"name\":\"nonsolomusica\",\"@id\":\"https:\\\/\\\/www.nonsolomusicamagazine.it\\\/#\\\/schema\\\/person\\\/a3349ad02300d046472d46cf6d31ae46\"},\"headline\":\"CONFLITTO ISRAELO-PALESTINESE: STAMPA ISRAELIANA VS STAMPA ITALIANA\",\"datePublished\":\"2023-10-11T15:02:52+00:00\",\"dateModified\":\"2023-10-11T15:02:53+00:00\",\"mainEntityOfPage\":{\"@id\":\"https:\\\/\\\/www.nonsolomusicamagazine.it\\\/?p=3203\"},\"wordCount\":581,\"commentCount\":1,\"image\":{\"@id\":\"https:\\\/\\\/www.nonsolomusicamagazine.it\\\/?p=3203#primaryimage\"},\"thumbnailUrl\":\"https:\\\/\\\/www.nonsolomusicamagazine.it\\\/wp-content\\\/uploads\\\/2023\\\/10\\\/gaza-3829379_1280.jpg\",\"articleSection\":[\"Esteri\",\"Societ\u00e0\"],\"inLanguage\":\"it-IT\",\"potentialAction\":[{\"@type\":\"CommentAction\",\"name\":\"Comment\",\"target\":[\"https:\\\/\\\/www.nonsolomusicamagazine.it\\\/?p=3203#respond\"]}]},{\"@type\":\"WebPage\",\"@id\":\"https:\\\/\\\/www.nonsolomusicamagazine.it\\\/?p=3203\",\"url\":\"https:\\\/\\\/www.nonsolomusicamagazine.it\\\/?p=3203\",\"name\":\"CONFLITTO ISRAELO-PALESTINESE: STAMPA ISRAELIANA VS STAMPA ITALIANA - NonSoloMusicaMagazine\",\"isPartOf\":{\"@id\":\"https:\\\/\\\/www.nonsolomusicamagazine.it\\\/#website\"},\"primaryImageOfPage\":{\"@id\":\"https:\\\/\\\/www.nonsolomusicamagazine.it\\\/?p=3203#primaryimage\"},\"image\":{\"@id\":\"https:\\\/\\\/www.nonsolomusicamagazine.it\\\/?p=3203#primaryimage\"},\"thumbnailUrl\":\"https:\\\/\\\/www.nonsolomusicamagazine.it\\\/wp-content\\\/uploads\\\/2023\\\/10\\\/gaza-3829379_1280.jpg\",\"datePublished\":\"2023-10-11T15:02:52+00:00\",\"dateModified\":\"2023-10-11T15:02:53+00:00\",\"author\":{\"@id\":\"https:\\\/\\\/www.nonsolomusicamagazine.it\\\/#\\\/schema\\\/person\\\/a3349ad02300d046472d46cf6d31ae46\"},\"description\":\"CONFLITTO ISRAELO-PALESTINESE: STAMPA ISRAELIANA VS STAMPA ITALIANA\",\"breadcrumb\":{\"@id\":\"https:\\\/\\\/www.nonsolomusicamagazine.it\\\/?p=3203#breadcrumb\"},\"inLanguage\":\"it-IT\",\"potentialAction\":[{\"@type\":\"ReadAction\",\"target\":[\"https:\\\/\\\/www.nonsolomusicamagazine.it\\\/?p=3203\"]}]},{\"@type\":\"ImageObject\",\"inLanguage\":\"it-IT\",\"@id\":\"https:\\\/\\\/www.nonsolomusicamagazine.it\\\/?p=3203#primaryimage\",\"url\":\"https:\\\/\\\/www.nonsolomusicamagazine.it\\\/wp-content\\\/uploads\\\/2023\\\/10\\\/gaza-3829379_1280.jpg\",\"contentUrl\":\"https:\\\/\\\/www.nonsolomusicamagazine.it\\\/wp-content\\\/uploads\\\/2023\\\/10\\\/gaza-3829379_1280.jpg\",\"width\":1280,\"height\":853},{\"@type\":\"BreadcrumbList\",\"@id\":\"https:\\\/\\\/www.nonsolomusicamagazine.it\\\/?p=3203#breadcrumb\",\"itemListElement\":[{\"@type\":\"ListItem\",\"position\":1,\"name\":\"Home\",\"item\":\"https:\\\/\\\/www.nonsolomusicamagazine.it\\\/\"},{\"@type\":\"ListItem\",\"position\":2,\"name\":\"CONFLITTO ISRAELO-PALESTINESE: STAMPA ISRAELIANA VS STAMPA ITALIANA\"}]},{\"@type\":\"WebSite\",\"@id\":\"https:\\\/\\\/www.nonsolomusicamagazine.it\\\/#website\",\"url\":\"https:\\\/\\\/www.nonsolomusicamagazine.it\\\/\",\"name\":\"Nonsolomusicamagazine\",\"description\":\"Dir. responsabile Manuel M Buccarella\",\"potentialAction\":[{\"@type\":\"SearchAction\",\"target\":{\"@type\":\"EntryPoint\",\"urlTemplate\":\"https:\\\/\\\/www.nonsolomusicamagazine.it\\\/?s={search_term_string}\"},\"query-input\":{\"@type\":\"PropertyValueSpecification\",\"valueRequired\":true,\"valueName\":\"search_term_string\"}}],\"inLanguage\":\"it-IT\"},{\"@type\":\"Person\",\"@id\":\"https:\\\/\\\/www.nonsolomusicamagazine.it\\\/#\\\/schema\\\/person\\\/a3349ad02300d046472d46cf6d31ae46\",\"name\":\"nonsolomusica\",\"image\":{\"@type\":\"ImageObject\",\"inLanguage\":\"it-IT\",\"@id\":\"https:\\\/\\\/www.nonsolomusicamagazine.it\\\/wp-content\\\/litespeed\\\/avatar\\\/3a675484bc84db6aba78d43bfc8b7197.jpg?ver=1776880798\",\"url\":\"https:\\\/\\\/www.nonsolomusicamagazine.it\\\/wp-content\\\/litespeed\\\/avatar\\\/3a675484bc84db6aba78d43bfc8b7197.jpg?ver=1776880798\",\"contentUrl\":\"https:\\\/\\\/www.nonsolomusicamagazine.it\\\/wp-content\\\/litespeed\\\/avatar\\\/3a675484bc84db6aba78d43bfc8b7197.jpg?ver=1776880798\",\"caption\":\"nonsolomusica\"},\"sameAs\":[\"https:\\\/\\\/www.nonsolomusicamagazine.it\"],\"url\":\"https:\\\/\\\/www.nonsolomusicamagazine.it\\\/?author=1\"}]}<\/script>\n<!-- \/ Yoast SEO plugin. -->","yoast_head_json":{"title":"CONFLITTO ISRAELO-PALESTINESE: STAMPA ISRAELIANA VS STAMPA ITALIANA - NonSoloMusicaMagazine","description":"CONFLITTO ISRAELO-PALESTINESE: STAMPA ISRAELIANA VS STAMPA ITALIANA","robots":{"index":"index","follow":"follow","max-snippet":"max-snippet:-1","max-image-preview":"max-image-preview:large","max-video-preview":"max-video-preview:-1"},"canonical":"https:\/\/www.nonsolomusicamagazine.it\/?p=3203","og_locale":"it_IT","og_type":"article","og_title":"CONFLITTO ISRAELO-PALESTINESE: STAMPA ISRAELIANA VS STAMPA ITALIANA - NonSoloMusicaMagazine","og_description":"CONFLITTO ISRAELO-PALESTINESE: STAMPA ISRAELIANA VS STAMPA ITALIANA","og_url":"https:\/\/www.nonsolomusicamagazine.it\/?p=3203","og_site_name":"NonSoloMusicaMagazine","article_published_time":"2023-10-11T15:02:52+00:00","article_modified_time":"2023-10-11T15:02:53+00:00","og_image":[{"width":1280,"height":853,"url":"https:\/\/www.nonsolomusicamagazine.it\/wp-content\/uploads\/2023\/10\/gaza-3829379_1280.jpg","type":"image\/jpeg"}],"author":"nonsolomusica","twitter_card":"summary_large_image","twitter_misc":{"Scritto da":"nonsolomusica","Tempo di lettura stimato":"3 minuti"},"schema":{"@context":"https:\/\/schema.org","@graph":[{"@type":"Article","@id":"https:\/\/www.nonsolomusicamagazine.it\/?p=3203#article","isPartOf":{"@id":"https:\/\/www.nonsolomusicamagazine.it\/?p=3203"},"author":{"name":"nonsolomusica","@id":"https:\/\/www.nonsolomusicamagazine.it\/#\/schema\/person\/a3349ad02300d046472d46cf6d31ae46"},"headline":"CONFLITTO ISRAELO-PALESTINESE: STAMPA ISRAELIANA VS STAMPA ITALIANA","datePublished":"2023-10-11T15:02:52+00:00","dateModified":"2023-10-11T15:02:53+00:00","mainEntityOfPage":{"@id":"https:\/\/www.nonsolomusicamagazine.it\/?p=3203"},"wordCount":581,"commentCount":1,"image":{"@id":"https:\/\/www.nonsolomusicamagazine.it\/?p=3203#primaryimage"},"thumbnailUrl":"https:\/\/www.nonsolomusicamagazine.it\/wp-content\/uploads\/2023\/10\/gaza-3829379_1280.jpg","articleSection":["Esteri","Societ\u00e0"],"inLanguage":"it-IT","potentialAction":[{"@type":"CommentAction","name":"Comment","target":["https:\/\/www.nonsolomusicamagazine.it\/?p=3203#respond"]}]},{"@type":"WebPage","@id":"https:\/\/www.nonsolomusicamagazine.it\/?p=3203","url":"https:\/\/www.nonsolomusicamagazine.it\/?p=3203","name":"CONFLITTO ISRAELO-PALESTINESE: STAMPA ISRAELIANA VS STAMPA ITALIANA - NonSoloMusicaMagazine","isPartOf":{"@id":"https:\/\/www.nonsolomusicamagazine.it\/#website"},"primaryImageOfPage":{"@id":"https:\/\/www.nonsolomusicamagazine.it\/?p=3203#primaryimage"},"image":{"@id":"https:\/\/www.nonsolomusicamagazine.it\/?p=3203#primaryimage"},"thumbnailUrl":"https:\/\/www.nonsolomusicamagazine.it\/wp-content\/uploads\/2023\/10\/gaza-3829379_1280.jpg","datePublished":"2023-10-11T15:02:52+00:00","dateModified":"2023-10-11T15:02:53+00:00","author":{"@id":"https:\/\/www.nonsolomusicamagazine.it\/#\/schema\/person\/a3349ad02300d046472d46cf6d31ae46"},"description":"CONFLITTO ISRAELO-PALESTINESE: STAMPA ISRAELIANA VS STAMPA ITALIANA","breadcrumb":{"@id":"https:\/\/www.nonsolomusicamagazine.it\/?p=3203#breadcrumb"},"inLanguage":"it-IT","potentialAction":[{"@type":"ReadAction","target":["https:\/\/www.nonsolomusicamagazine.it\/?p=3203"]}]},{"@type":"ImageObject","inLanguage":"it-IT","@id":"https:\/\/www.nonsolomusicamagazine.it\/?p=3203#primaryimage","url":"https:\/\/www.nonsolomusicamagazine.it\/wp-content\/uploads\/2023\/10\/gaza-3829379_1280.jpg","contentUrl":"https:\/\/www.nonsolomusicamagazine.it\/wp-content\/uploads\/2023\/10\/gaza-3829379_1280.jpg","width":1280,"height":853},{"@type":"BreadcrumbList","@id":"https:\/\/www.nonsolomusicamagazine.it\/?p=3203#breadcrumb","itemListElement":[{"@type":"ListItem","position":1,"name":"Home","item":"https:\/\/www.nonsolomusicamagazine.it\/"},{"@type":"ListItem","position":2,"name":"CONFLITTO ISRAELO-PALESTINESE: STAMPA ISRAELIANA VS STAMPA ITALIANA"}]},{"@type":"WebSite","@id":"https:\/\/www.nonsolomusicamagazine.it\/#website","url":"https:\/\/www.nonsolomusicamagazine.it\/","name":"Nonsolomusicamagazine","description":"Dir. responsabile Manuel M Buccarella","potentialAction":[{"@type":"SearchAction","target":{"@type":"EntryPoint","urlTemplate":"https:\/\/www.nonsolomusicamagazine.it\/?s={search_term_string}"},"query-input":{"@type":"PropertyValueSpecification","valueRequired":true,"valueName":"search_term_string"}}],"inLanguage":"it-IT"},{"@type":"Person","@id":"https:\/\/www.nonsolomusicamagazine.it\/#\/schema\/person\/a3349ad02300d046472d46cf6d31ae46","name":"nonsolomusica","image":{"@type":"ImageObject","inLanguage":"it-IT","@id":"https:\/\/www.nonsolomusicamagazine.it\/wp-content\/litespeed\/avatar\/3a675484bc84db6aba78d43bfc8b7197.jpg?ver=1776880798","url":"https:\/\/www.nonsolomusicamagazine.it\/wp-content\/litespeed\/avatar\/3a675484bc84db6aba78d43bfc8b7197.jpg?ver=1776880798","contentUrl":"https:\/\/www.nonsolomusicamagazine.it\/wp-content\/litespeed\/avatar\/3a675484bc84db6aba78d43bfc8b7197.jpg?ver=1776880798","caption":"nonsolomusica"},"sameAs":["https:\/\/www.nonsolomusicamagazine.it"],"url":"https:\/\/www.nonsolomusicamagazine.it\/?author=1"}]}},"amp_enabled":true,"_links":{"self":[{"href":"https:\/\/www.nonsolomusicamagazine.it\/index.php?rest_route=\/wp\/v2\/posts\/3203","targetHints":{"allow":["GET"]}}],"collection":[{"href":"https:\/\/www.nonsolomusicamagazine.it\/index.php?rest_route=\/wp\/v2\/posts"}],"about":[{"href":"https:\/\/www.nonsolomusicamagazine.it\/index.php?rest_route=\/wp\/v2\/types\/post"}],"author":[{"embeddable":true,"href":"https:\/\/www.nonsolomusicamagazine.it\/index.php?rest_route=\/wp\/v2\/users\/1"}],"replies":[{"embeddable":true,"href":"https:\/\/www.nonsolomusicamagazine.it\/index.php?rest_route=%2Fwp%2Fv2%2Fcomments&post=3203"}],"version-history":[{"count":0,"href":"https:\/\/www.nonsolomusicamagazine.it\/index.php?rest_route=\/wp\/v2\/posts\/3203\/revisions"}],"wp:featuredmedia":[{"embeddable":true,"href":"https:\/\/www.nonsolomusicamagazine.it\/index.php?rest_route=\/wp\/v2\/media\/3157"}],"wp:attachment":[{"href":"https:\/\/www.nonsolomusicamagazine.it\/index.php?rest_route=%2Fwp%2Fv2%2Fmedia&parent=3203"}],"wp:term":[{"taxonomy":"category","embeddable":true,"href":"https:\/\/www.nonsolomusicamagazine.it\/index.php?rest_route=%2Fwp%2Fv2%2Fcategories&post=3203"},{"taxonomy":"post_tag","embeddable":true,"href":"https:\/\/www.nonsolomusicamagazine.it\/index.php?rest_route=%2Fwp%2Fv2%2Ftags&post=3203"}],"curies":[{"name":"wp","href":"https:\/\/api.w.org\/{rel}","templated":true}]}}