{"id":322,"date":"2023-03-28T18:56:02","date_gmt":"2023-03-28T18:56:02","guid":{"rendered":"https:\/\/www.nonsolomusicamagazine.it\/?p=322"},"modified":"2023-03-28T18:56:02","modified_gmt":"2023-03-28T18:56:02","slug":"consiglio-dei-ministri-bonus-riscaldamento-e-riduzione-iva-al-5-per-il-gas","status":"publish","type":"post","link":"https:\/\/www.nonsolomusicamagazine.it\/?p=322","title":{"rendered":"Consiglio dei Ministri: bonus riscaldamento e riduzione Iva al 5% per il gas."},"content":{"rendered":"\n<h5 class=\"wp-block-heading\"><em>Approvato anche il disegno di legge per vietare cibi sintetici. Stanziati 1,1 miliardi per il payb<\/em>ack nella sanit\u00e0<img decoding=\"async\" src=\"https:\/\/www.ansa.it\/webimages\/img_457x\/2023\/3\/28\/c39d35bf1a614c227d23d9e69178a6b0.jpg\" alt=\"Schillaci, stop cibo sintetico per principio precauzione \u00a9 ANSA\"><\/h5>\n\n\n\n<p>Nella riunione del Consiglio dei ministri, su proposta del ministro dell&#8217;economia e delle finanze Giancarlo Giorgetti, \u00e8 stato approvato il decreto con misure a sostegno di famiglie e imprese contro il caro bollette e interventi in favore del settore sanitario per un ammontare complessivo di risorse stanziate nel provvedimento pari a 4,9 miliardi di euro.<\/p>\n\n\n\n<p>Le misure a sostegno di famiglie e imprese contro il caro energia &#8211; precisa &#8211; sono state ridisegnate su base trimestrale tenendo conto sia dell&#8217;andamento dei prezzi dell&#8217;energia, sia dell&#8217;obiettivo di favorire il risparmio energetico.<\/p>\n\n\n\n<p>Il Consiglio dei ministri ha anche approvato il disegno di legge per il divieto di produzione e commercializzazione di&nbsp;<strong>alimenti e mangimi sintetici&nbsp;<\/strong>e il decreto legislativo sul&nbsp;<strong>Codice degli appalti<\/strong>.&nbsp;Lo riferisce il Ministero dell&#8217;economia e delle finanze in una nota. <\/p>\n\n\n\n<p>LE MISURE <div>IVA AL 5% PER IL GAS. Per il gas &#8211; si legge nella nota &#8211; \u00e8 confermata nel prossimo trimestre (1 aprile &#8211; 30 giugno 2023) la riduzione dell&#8217;Iva al 5% e l&#8217;azzeramento degli oneri di sistema. Prorogata anche l&#8217;aliquota Iva ridotta al 5% per il teleriscaldamento e per l&#8217;energia prodotta con il gas metano. In considerazione della riduzione dei prezzi del gas naturale all&#8217;ingrosso il contributo introdotto a favore dei consumatori fino a 5.000 metri cubi \u00e8 confermato solo per il mese di aprile e sar\u00e0 in misura ridotta (pari al 35% del valore applicato nel trimestre precedente).<\/div><\/p>\n\n\n\n<p>BONUS SOCIALE. A sostegno delle famiglie \u00e8 stato prorogato fino al 30 giugno il bonus sociale, lo sconto sulle bollette di luce e gas per le famiglie con Isee fino a 15mila euro.<\/p>\n\n\n\n<p>CONTRIBUTO SPESE RISCALDAMENTO. La novit\u00e0 introdotta con il decreto riguarda il nuovo incentivo al risparmio energetico per tutti i cittadini, senza limiti di reddito, che a partire dal prossimo 1 ottobre al 31 dicembre 2023 avranno un contributo a compensazione delle spese di riscaldamento, i cui criteri per l&#8217;assegnazione verranno definiti con decreto del Ministro dell&#8217;ambiente e della sicurezza energetica, di concerto con il Ministro dell&#8217;economia e delle finanze. Inoltre, l&#8217;Arera determiner\u00e0 le modalit\u00e0 applicative e la misura del contributo che verr\u00e0 erogato, in quota fissa e differenziato in base alle zone climatiche.<\/p>\n\n\n\n<p>CREDITO IMPOSTA PER LE IMPRESE. Le imprese potranno invece continuare a beneficiare fino al 30 giugno dei crediti d&#8217;imposta al 40% e al 45% se nel primo trimestre del 2023 hanno registrato un incremento del prezzo delle bollette di luce e gas superiore al 30% rispetto al primo trimestre del 2019.<div>AGEVOLAZIONE IMPRESE AGRICOLE. Per l&#8217;anno di imposta 2022 agli imprenditori agricoli che producono e cedono energia fotovoltaica \u00e8 garantita, per la componente riconducibile all&#8217;energia ceduta, un regime di tassazione pi\u00f9 favorevole basato sul minor valore tra il prezzo medio di cessione dell&#8217;energia elettrica, determinato dall&#8217;ARERA e il valore di 120 euro\/MWh.<\/div><\/p>\n\n\n\n<p>SALUTE. Nel decreto &#8211; riferisce il Mef &#8211; il governo \u00e8 inoltre intervenuto in materia di salute, stanziando circa 1,1 miliardi di euro in favore di Regioni e Province autonome per limitare l&#8217;impatto del payback dei dispositivi medici sulle aziende del settore.<div>FISCO. In materia fiscale, riguardo alle scadenze introdotte con la legge di bilancio sono stati ricalendarizzati dal 31 marzo al 31 ottobre 2023 i termini di pagamento della prima rata per regolarizzare le violazioni di natura formale commesse fino al 31 ottobre 2022. Prorogati rispettivamente al 30 settembre 2023, al 31 ottobre 2023 e al 30 novembre 2023 i termini per il pagamento della prima, della seconda e della terza rata per il ravvedimento speciale sulle dichiarazioni validamente presentate per il periodo d&#8217;imposta in corso al 31 dicembre 2021 e precedenti.<\/div><\/p>\n\n\n\n<p>CODICE APPALTI &#8211; Nel nuovo Codice degli Appalti c&#8217;\u00e8 anche una norma definita &#8220;prima l&#8217;Italia&#8221; che fissa dei criteri premiali per il valore percentuale dei prodotti originari italiani o dei Paesi Ue. Lo rende noto il Mit che parla di &#8220;salvaguardia del made in Italy&#8221;. &#8220;Tra i criteri di valutazione dell&#8217;offerta \u00e8 previsto come premiale il valore percentuale dei prodotti originari italiani o dei paesi UE, rispetto al totale. Una tutela per le forniture italiane ed europee dalla concorrenza sleale di Paesi terzi. Le stazioni appaltanti possono indicare anche i criteri di approvvigionamento dei materiali per rispondere ai pi\u00f9 elevati standard di qualit\u00e0&#8221;<div>.NO AL CIBO SINTETICO &#8211; C&#8217;e un rischio di ingiustizia socile con il cibo sintetico, in una societ\u00e0 in cui i ricchi mangiano bene ed i poveri no. Non c&#8217;\u00e8 un atteggiamento persecutorio ma di forte volont\u00e0 di tutela&#8221;. Lo ha affermato il ministro dell&#8217;agricoltura Lollobrigida alla conferenza stampa al termine del Consiglio dei ministri che ha approvato il Ddl per vietare i cibi sintetici. &#8220;C&#8217;e&#8217; maggiore rischio di disoccupazione &#8211; ha detto &#8211; e vogliamo tutelare la salute pubblica&#8221;. &#8220;E&#8217; una legge che si basa sul principio di precauzione perch\u00e9 oggi non ci sono studi scientifici sugli effetti dei cibi sintetici. Ribadiamo il massimo livello di tutela della salute dei cittadini e la salvaguardia del patrimonio della nostra nazione e della nostra cultura agroalimentare che si basa sulla dieta mediterranea&#8221;, afferma il ministro della Salute Orazio Schillaci.<\/div><\/p>\n\n\n\n<p><\/p>\n","protected":false},"excerpt":{"rendered":"<p>Approvato anche il disegno di legge per vietare cibi sintetici. Stanziati 1,1 miliardi per il payback nella sanit\u00e0 Nella riunione del Consiglio dei ministri, su proposta del ministro dell&#8217;economia e delle finanze Giancarlo Giorgetti, \u00e8 stato approvato il decreto con misure a sostegno di famiglie e imprese contro il caro bollette e interventi in favore [&hellip;]<\/p>\n","protected":false},"author":1,"featured_media":0,"comment_status":"open","ping_status":"closed","sticky":false,"template":"","format":"standard","meta":{"footnotes":""},"categories":[113,5,107],"tags":[117,116,115,114],"class_list":["post-322","post","type-post","status-publish","format-standard","hentry","category-economia","category-politica","category-salute","tag-appalti","tag-energia","tag-gas","tag-governo"],"yoast_head":"<!-- This site is optimized with the Yoast SEO plugin v27.5 - https:\/\/yoast.com\/product\/yoast-seo-wordpress\/ -->\n<title>Consiglio dei Ministri: bonus riscaldamento e riduzione Iva al 5% per il gas. - NonSoloMusicaMagazine<\/title>\n<meta name=\"robots\" content=\"index, follow, max-snippet:-1, max-image-preview:large, max-video-preview:-1\" \/>\n<link rel=\"canonical\" href=\"https:\/\/www.nonsolomusicamagazine.it\/?p=322\" \/>\n<meta property=\"og:locale\" content=\"it_IT\" \/>\n<meta property=\"og:type\" content=\"article\" \/>\n<meta property=\"og:title\" content=\"Consiglio dei Ministri: bonus riscaldamento e riduzione Iva al 5% per il gas. - NonSoloMusicaMagazine\" \/>\n<meta property=\"og:description\" content=\"Approvato anche il disegno di legge per vietare cibi sintetici. Stanziati 1,1 miliardi per il payback nella sanit\u00e0 Nella riunione del Consiglio dei ministri, su proposta del ministro dell&#8217;economia e delle finanze Giancarlo Giorgetti, \u00e8 stato approvato il decreto con misure a sostegno di famiglie e imprese contro il caro bollette e interventi in favore [&hellip;]\" \/>\n<meta property=\"og:url\" content=\"https:\/\/www.nonsolomusicamagazine.it\/?p=322\" \/>\n<meta property=\"og:site_name\" content=\"NonSoloMusicaMagazine\" \/>\n<meta property=\"article:published_time\" content=\"2023-03-28T18:56:02+00:00\" \/>\n<meta property=\"og:image\" content=\"https:\/\/www.ansa.it\/webimages\/img_457x\/2023\/3\/28\/c39d35bf1a614c227d23d9e69178a6b0.jpg\" \/>\n<meta name=\"author\" content=\"nonsolomusica\" \/>\n<meta name=\"twitter:card\" content=\"summary_large_image\" \/>\n<meta name=\"twitter:label1\" content=\"Scritto da\" \/>\n\t<meta name=\"twitter:data1\" content=\"nonsolomusica\" \/>\n\t<meta name=\"twitter:label2\" content=\"Tempo di lettura stimato\" \/>\n\t<meta name=\"twitter:data2\" content=\"4 minuti\" \/>\n<script type=\"application\/ld+json\" class=\"yoast-schema-graph\">{\"@context\":\"https:\\\/\\\/schema.org\",\"@graph\":[{\"@type\":\"Article\",\"@id\":\"https:\\\/\\\/www.nonsolomusicamagazine.it\\\/?p=322#article\",\"isPartOf\":{\"@id\":\"https:\\\/\\\/www.nonsolomusicamagazine.it\\\/?p=322\"},\"author\":{\"name\":\"nonsolomusica\",\"@id\":\"https:\\\/\\\/www.nonsolomusicamagazine.it\\\/#\\\/schema\\\/person\\\/a3349ad02300d046472d46cf6d31ae46\"},\"headline\":\"Consiglio dei Ministri: bonus riscaldamento e riduzione Iva al 5% per il gas.\",\"datePublished\":\"2023-03-28T18:56:02+00:00\",\"mainEntityOfPage\":{\"@id\":\"https:\\\/\\\/www.nonsolomusicamagazine.it\\\/?p=322\"},\"wordCount\":853,\"commentCount\":0,\"image\":{\"@id\":\"https:\\\/\\\/www.nonsolomusicamagazine.it\\\/?p=322#primaryimage\"},\"thumbnailUrl\":\"https:\\\/\\\/www.ansa.it\\\/webimages\\\/img_457x\\\/2023\\\/3\\\/28\\\/c39d35bf1a614c227d23d9e69178a6b0.jpg\",\"keywords\":[\"Appalti\",\"Energia\",\"Gas\",\"Governo\"],\"articleSection\":[\"Economia\",\"Politica\",\"Salute\"],\"inLanguage\":\"it-IT\",\"potentialAction\":[{\"@type\":\"CommentAction\",\"name\":\"Comment\",\"target\":[\"https:\\\/\\\/www.nonsolomusicamagazine.it\\\/?p=322#respond\"]}]},{\"@type\":\"WebPage\",\"@id\":\"https:\\\/\\\/www.nonsolomusicamagazine.it\\\/?p=322\",\"url\":\"https:\\\/\\\/www.nonsolomusicamagazine.it\\\/?p=322\",\"name\":\"Consiglio dei Ministri: bonus riscaldamento e riduzione Iva al 5% per il gas. - NonSoloMusicaMagazine\",\"isPartOf\":{\"@id\":\"https:\\\/\\\/www.nonsolomusicamagazine.it\\\/#website\"},\"primaryImageOfPage\":{\"@id\":\"https:\\\/\\\/www.nonsolomusicamagazine.it\\\/?p=322#primaryimage\"},\"image\":{\"@id\":\"https:\\\/\\\/www.nonsolomusicamagazine.it\\\/?p=322#primaryimage\"},\"thumbnailUrl\":\"https:\\\/\\\/www.ansa.it\\\/webimages\\\/img_457x\\\/2023\\\/3\\\/28\\\/c39d35bf1a614c227d23d9e69178a6b0.jpg\",\"datePublished\":\"2023-03-28T18:56:02+00:00\",\"author\":{\"@id\":\"https:\\\/\\\/www.nonsolomusicamagazine.it\\\/#\\\/schema\\\/person\\\/a3349ad02300d046472d46cf6d31ae46\"},\"breadcrumb\":{\"@id\":\"https:\\\/\\\/www.nonsolomusicamagazine.it\\\/?p=322#breadcrumb\"},\"inLanguage\":\"it-IT\",\"potentialAction\":[{\"@type\":\"ReadAction\",\"target\":[\"https:\\\/\\\/www.nonsolomusicamagazine.it\\\/?p=322\"]}]},{\"@type\":\"ImageObject\",\"inLanguage\":\"it-IT\",\"@id\":\"https:\\\/\\\/www.nonsolomusicamagazine.it\\\/?p=322#primaryimage\",\"url\":\"https:\\\/\\\/www.ansa.it\\\/webimages\\\/img_457x\\\/2023\\\/3\\\/28\\\/c39d35bf1a614c227d23d9e69178a6b0.jpg\",\"contentUrl\":\"https:\\\/\\\/www.ansa.it\\\/webimages\\\/img_457x\\\/2023\\\/3\\\/28\\\/c39d35bf1a614c227d23d9e69178a6b0.jpg\"},{\"@type\":\"BreadcrumbList\",\"@id\":\"https:\\\/\\\/www.nonsolomusicamagazine.it\\\/?p=322#breadcrumb\",\"itemListElement\":[{\"@type\":\"ListItem\",\"position\":1,\"name\":\"Home\",\"item\":\"https:\\\/\\\/www.nonsolomusicamagazine.it\\\/\"},{\"@type\":\"ListItem\",\"position\":2,\"name\":\"Consiglio dei Ministri: bonus riscaldamento e riduzione Iva al 5% per il gas.\"}]},{\"@type\":\"WebSite\",\"@id\":\"https:\\\/\\\/www.nonsolomusicamagazine.it\\\/#website\",\"url\":\"https:\\\/\\\/www.nonsolomusicamagazine.it\\\/\",\"name\":\"Nonsolomusicamagazine\",\"description\":\"Dir. responsabile Manuel M Buccarella\",\"potentialAction\":[{\"@type\":\"SearchAction\",\"target\":{\"@type\":\"EntryPoint\",\"urlTemplate\":\"https:\\\/\\\/www.nonsolomusicamagazine.it\\\/?s={search_term_string}\"},\"query-input\":{\"@type\":\"PropertyValueSpecification\",\"valueRequired\":true,\"valueName\":\"search_term_string\"}}],\"inLanguage\":\"it-IT\"},{\"@type\":\"Person\",\"@id\":\"https:\\\/\\\/www.nonsolomusicamagazine.it\\\/#\\\/schema\\\/person\\\/a3349ad02300d046472d46cf6d31ae46\",\"name\":\"nonsolomusica\",\"image\":{\"@type\":\"ImageObject\",\"inLanguage\":\"it-IT\",\"@id\":\"https:\\\/\\\/www.nonsolomusicamagazine.it\\\/wp-content\\\/litespeed\\\/avatar\\\/3a675484bc84db6aba78d43bfc8b7197.jpg?ver=1776880798\",\"url\":\"https:\\\/\\\/www.nonsolomusicamagazine.it\\\/wp-content\\\/litespeed\\\/avatar\\\/3a675484bc84db6aba78d43bfc8b7197.jpg?ver=1776880798\",\"contentUrl\":\"https:\\\/\\\/www.nonsolomusicamagazine.it\\\/wp-content\\\/litespeed\\\/avatar\\\/3a675484bc84db6aba78d43bfc8b7197.jpg?ver=1776880798\",\"caption\":\"nonsolomusica\"},\"sameAs\":[\"https:\\\/\\\/www.nonsolomusicamagazine.it\"],\"url\":\"https:\\\/\\\/www.nonsolomusicamagazine.it\\\/?author=1\"}]}<\/script>\n<!-- \/ Yoast SEO plugin. -->","yoast_head_json":{"title":"Consiglio dei Ministri: bonus riscaldamento e riduzione Iva al 5% per il gas. - NonSoloMusicaMagazine","robots":{"index":"index","follow":"follow","max-snippet":"max-snippet:-1","max-image-preview":"max-image-preview:large","max-video-preview":"max-video-preview:-1"},"canonical":"https:\/\/www.nonsolomusicamagazine.it\/?p=322","og_locale":"it_IT","og_type":"article","og_title":"Consiglio dei Ministri: bonus riscaldamento e riduzione Iva al 5% per il gas. - NonSoloMusicaMagazine","og_description":"Approvato anche il disegno di legge per vietare cibi sintetici. Stanziati 1,1 miliardi per il payback nella sanit\u00e0 Nella riunione del Consiglio dei ministri, su proposta del ministro dell&#8217;economia e delle finanze Giancarlo Giorgetti, \u00e8 stato approvato il decreto con misure a sostegno di famiglie e imprese contro il caro bollette e interventi in favore [&hellip;]","og_url":"https:\/\/www.nonsolomusicamagazine.it\/?p=322","og_site_name":"NonSoloMusicaMagazine","article_published_time":"2023-03-28T18:56:02+00:00","og_image":[{"url":"https:\/\/www.ansa.it\/webimages\/img_457x\/2023\/3\/28\/c39d35bf1a614c227d23d9e69178a6b0.jpg","type":"","width":"","height":""}],"author":"nonsolomusica","twitter_card":"summary_large_image","twitter_misc":{"Scritto da":"nonsolomusica","Tempo di lettura stimato":"4 minuti"},"schema":{"@context":"https:\/\/schema.org","@graph":[{"@type":"Article","@id":"https:\/\/www.nonsolomusicamagazine.it\/?p=322#article","isPartOf":{"@id":"https:\/\/www.nonsolomusicamagazine.it\/?p=322"},"author":{"name":"nonsolomusica","@id":"https:\/\/www.nonsolomusicamagazine.it\/#\/schema\/person\/a3349ad02300d046472d46cf6d31ae46"},"headline":"Consiglio dei Ministri: bonus riscaldamento e riduzione Iva al 5% per il gas.","datePublished":"2023-03-28T18:56:02+00:00","mainEntityOfPage":{"@id":"https:\/\/www.nonsolomusicamagazine.it\/?p=322"},"wordCount":853,"commentCount":0,"image":{"@id":"https:\/\/www.nonsolomusicamagazine.it\/?p=322#primaryimage"},"thumbnailUrl":"https:\/\/www.ansa.it\/webimages\/img_457x\/2023\/3\/28\/c39d35bf1a614c227d23d9e69178a6b0.jpg","keywords":["Appalti","Energia","Gas","Governo"],"articleSection":["Economia","Politica","Salute"],"inLanguage":"it-IT","potentialAction":[{"@type":"CommentAction","name":"Comment","target":["https:\/\/www.nonsolomusicamagazine.it\/?p=322#respond"]}]},{"@type":"WebPage","@id":"https:\/\/www.nonsolomusicamagazine.it\/?p=322","url":"https:\/\/www.nonsolomusicamagazine.it\/?p=322","name":"Consiglio dei Ministri: bonus riscaldamento e riduzione Iva al 5% per il gas. - NonSoloMusicaMagazine","isPartOf":{"@id":"https:\/\/www.nonsolomusicamagazine.it\/#website"},"primaryImageOfPage":{"@id":"https:\/\/www.nonsolomusicamagazine.it\/?p=322#primaryimage"},"image":{"@id":"https:\/\/www.nonsolomusicamagazine.it\/?p=322#primaryimage"},"thumbnailUrl":"https:\/\/www.ansa.it\/webimages\/img_457x\/2023\/3\/28\/c39d35bf1a614c227d23d9e69178a6b0.jpg","datePublished":"2023-03-28T18:56:02+00:00","author":{"@id":"https:\/\/www.nonsolomusicamagazine.it\/#\/schema\/person\/a3349ad02300d046472d46cf6d31ae46"},"breadcrumb":{"@id":"https:\/\/www.nonsolomusicamagazine.it\/?p=322#breadcrumb"},"inLanguage":"it-IT","potentialAction":[{"@type":"ReadAction","target":["https:\/\/www.nonsolomusicamagazine.it\/?p=322"]}]},{"@type":"ImageObject","inLanguage":"it-IT","@id":"https:\/\/www.nonsolomusicamagazine.it\/?p=322#primaryimage","url":"https:\/\/www.ansa.it\/webimages\/img_457x\/2023\/3\/28\/c39d35bf1a614c227d23d9e69178a6b0.jpg","contentUrl":"https:\/\/www.ansa.it\/webimages\/img_457x\/2023\/3\/28\/c39d35bf1a614c227d23d9e69178a6b0.jpg"},{"@type":"BreadcrumbList","@id":"https:\/\/www.nonsolomusicamagazine.it\/?p=322#breadcrumb","itemListElement":[{"@type":"ListItem","position":1,"name":"Home","item":"https:\/\/www.nonsolomusicamagazine.it\/"},{"@type":"ListItem","position":2,"name":"Consiglio dei Ministri: bonus riscaldamento e riduzione Iva al 5% per il gas."}]},{"@type":"WebSite","@id":"https:\/\/www.nonsolomusicamagazine.it\/#website","url":"https:\/\/www.nonsolomusicamagazine.it\/","name":"Nonsolomusicamagazine","description":"Dir. responsabile Manuel M Buccarella","potentialAction":[{"@type":"SearchAction","target":{"@type":"EntryPoint","urlTemplate":"https:\/\/www.nonsolomusicamagazine.it\/?s={search_term_string}"},"query-input":{"@type":"PropertyValueSpecification","valueRequired":true,"valueName":"search_term_string"}}],"inLanguage":"it-IT"},{"@type":"Person","@id":"https:\/\/www.nonsolomusicamagazine.it\/#\/schema\/person\/a3349ad02300d046472d46cf6d31ae46","name":"nonsolomusica","image":{"@type":"ImageObject","inLanguage":"it-IT","@id":"https:\/\/www.nonsolomusicamagazine.it\/wp-content\/litespeed\/avatar\/3a675484bc84db6aba78d43bfc8b7197.jpg?ver=1776880798","url":"https:\/\/www.nonsolomusicamagazine.it\/wp-content\/litespeed\/avatar\/3a675484bc84db6aba78d43bfc8b7197.jpg?ver=1776880798","contentUrl":"https:\/\/www.nonsolomusicamagazine.it\/wp-content\/litespeed\/avatar\/3a675484bc84db6aba78d43bfc8b7197.jpg?ver=1776880798","caption":"nonsolomusica"},"sameAs":["https:\/\/www.nonsolomusicamagazine.it"],"url":"https:\/\/www.nonsolomusicamagazine.it\/?author=1"}]}},"amp_enabled":true,"_links":{"self":[{"href":"https:\/\/www.nonsolomusicamagazine.it\/index.php?rest_route=\/wp\/v2\/posts\/322","targetHints":{"allow":["GET"]}}],"collection":[{"href":"https:\/\/www.nonsolomusicamagazine.it\/index.php?rest_route=\/wp\/v2\/posts"}],"about":[{"href":"https:\/\/www.nonsolomusicamagazine.it\/index.php?rest_route=\/wp\/v2\/types\/post"}],"author":[{"embeddable":true,"href":"https:\/\/www.nonsolomusicamagazine.it\/index.php?rest_route=\/wp\/v2\/users\/1"}],"replies":[{"embeddable":true,"href":"https:\/\/www.nonsolomusicamagazine.it\/index.php?rest_route=%2Fwp%2Fv2%2Fcomments&post=322"}],"version-history":[{"count":0,"href":"https:\/\/www.nonsolomusicamagazine.it\/index.php?rest_route=\/wp\/v2\/posts\/322\/revisions"}],"wp:attachment":[{"href":"https:\/\/www.nonsolomusicamagazine.it\/index.php?rest_route=%2Fwp%2Fv2%2Fmedia&parent=322"}],"wp:term":[{"taxonomy":"category","embeddable":true,"href":"https:\/\/www.nonsolomusicamagazine.it\/index.php?rest_route=%2Fwp%2Fv2%2Fcategories&post=322"},{"taxonomy":"post_tag","embeddable":true,"href":"https:\/\/www.nonsolomusicamagazine.it\/index.php?rest_route=%2Fwp%2Fv2%2Ftags&post=322"}],"curies":[{"name":"wp","href":"https:\/\/api.w.org\/{rel}","templated":true}]}}