{"id":327,"date":"2023-03-31T10:04:35","date_gmt":"2023-03-31T10:04:35","guid":{"rendered":"https:\/\/www.nonsolomusicamagazine.it\/?p=327"},"modified":"2023-03-31T10:04:35","modified_gmt":"2023-03-31T10:04:35","slug":"covid-19-dodici-mesi-di-pensiero-critico-se-ne-parla-oggi-pomeriggio-a-castromediano-le","status":"publish","type":"post","link":"https:\/\/www.nonsolomusicamagazine.it\/?p=327","title":{"rendered":"Covid 19: dodici mesi di pensiero critico. Se ne parla oggi pomeriggio a Castromediano (Le)"},"content":{"rendered":"\n<p>Sar\u00e0 proiettato oggi  31 marzo alle ore 17,30 nella sala cinema della parrocchia Mater Ecclesiae nel rione Castromediano a Lecce il docufilm \u201cCovid 19: dodici mesi di pensiero critico.Incongruenze e contraddizioni ai tempi della pandemia\u201d, prodotto dalla giornalista de \u201cLa verit\u00e0\u201d Martina Pastorelli. Un reportage giornalistico che traccia un excursus del periodo cruciale della pandemia di Covid fra il 2021 e il 2022 attraverso una serie di testimonianze di giuristi, intellettuali, docenti, filosofi, imprenditori e numerose altre figure professionali. Il focus \u00e8 sui provvedimenti attuati a cavallo dei governi Conte-2 e Draghi in fatto di chiusure e restrizioni, spesso in contraddizione con le norme costituzionali, ma anche con la logica del buon senso e della gestione della stessa emergenza. Nella seconda parte del reportage, la giornalista affronta il problema della evoluzione futura del Green pass, strumento non pi\u00f9 richiesto, ma tuttora esistente, in vista dell\u2019attuazione dell\u2019identit\u00e0 digitale. Anche in questo caso si affrontano i problemi etici e giuridici che un tale strumento pu\u00f2 comportare.Nel corso della manifestazione, che \u00e8 organizzata dai circoli di Lecce del Cln (Comitato di liberazione nazionale) e da \u201cPer l\u2019Italia con Paragone-Italexit\u201d sono previsti collegamenti in videoconferenza con la giornalista Martina Pastorelli che ha realizzato il docufilm, con Erminia Ferrari, medico e presidente nazioanale Cln e Gianluigi Paragone, giornalista e leader nazionale di Italexit. In studio saranno presenti a rispondere alle domande del pubblico il dottor Agostino Ciucci, dirigente medico del pronto soccorso dell\u2019ospedale Vito Fazzi di Lecce e l\u2019avvocato Maria Rosaria Faggiano di \u201cAvvocati liberi\u201d. Conducono il dibattito Giovanni Manzo, coordinatore pugliese del Cln e Massimo Barbano, giornalista e responsabile della comunicazione di Italexit-Lecce.<\/p>\n\n\n<figure class=\"wp-block-post-featured-image\"><img decoding=\"async\" width=\"1416\" height=\"2016\" src=\"https:\/\/www.nonsolomusicamagazine.it\/wp-content\/uploads\/2023\/03\/IMG-20230324-WA0024.jpg\" class=\"attachment-post-thumbnail size-post-thumbnail wp-post-image\" alt=\"\" style=\"object-fit:cover;\" srcset=\"https:\/\/www.nonsolomusicamagazine.it\/wp-content\/uploads\/2023\/03\/IMG-20230324-WA0024.jpg 1416w, https:\/\/www.nonsolomusicamagazine.it\/wp-content\/uploads\/2023\/03\/IMG-20230324-WA0024-211x300.jpg 211w, https:\/\/www.nonsolomusicamagazine.it\/wp-content\/uploads\/2023\/03\/IMG-20230324-WA0024-719x1024.jpg 719w, https:\/\/www.nonsolomusicamagazine.it\/wp-content\/uploads\/2023\/03\/IMG-20230324-WA0024-768x1093.jpg 768w, https:\/\/www.nonsolomusicamagazine.it\/wp-content\/uploads\/2023\/03\/IMG-20230324-WA0024-1079x1536.jpg 1079w\" sizes=\"(max-width: 1416px) 100vw, 1416px\" \/><\/figure>","protected":false},"excerpt":{"rendered":"<p>Sar\u00e0 proiettato oggi 31 marzo alle ore 17,30 nella sala cinema della parrocchia Mater Ecclesiae nel rione Castromediano a Lecce il docufilm \u201cCovid 19: dodici mesi di pensiero critico.Incongruenze e contraddizioni ai tempi della pandemia\u201d, prodotto dalla giornalista de \u201cLa verit\u00e0\u201d Martina Pastorelli. Un reportage giornalistico che traccia un excursus del periodo cruciale della pandemia [&hellip;]<\/p>\n","protected":false},"author":1,"featured_media":312,"comment_status":"open","ping_status":"closed","sticky":false,"template":"","format":"standard","meta":{"footnotes":""},"categories":[107,20],"tags":[109,43,52],"class_list":["post-327","post","type-post","status-publish","format-standard","has-post-thumbnail","hentry","category-salute","category-societa","tag-castromediano","tag-covid","tag-lecce"],"yoast_head":"<!-- This site is optimized with the Yoast SEO plugin v27.5 - https:\/\/yoast.com\/product\/yoast-seo-wordpress\/ -->\n<title>Covid 19: dodici mesi di pensiero critico. Se ne parla oggi pomeriggio a Castromediano (Le) - NonSoloMusicaMagazine<\/title>\n<meta name=\"robots\" content=\"index, follow, max-snippet:-1, max-image-preview:large, max-video-preview:-1\" \/>\n<link rel=\"canonical\" href=\"https:\/\/www.nonsolomusicamagazine.it\/?p=327\" \/>\n<meta property=\"og:locale\" content=\"it_IT\" \/>\n<meta property=\"og:type\" content=\"article\" \/>\n<meta property=\"og:title\" content=\"Covid 19: dodici mesi di pensiero critico. Se ne parla oggi pomeriggio a Castromediano (Le) - NonSoloMusicaMagazine\" \/>\n<meta property=\"og:description\" content=\"Sar\u00e0 proiettato oggi 31 marzo alle ore 17,30 nella sala cinema della parrocchia Mater Ecclesiae nel rione Castromediano a Lecce il docufilm \u201cCovid 19: dodici mesi di pensiero critico.Incongruenze e contraddizioni ai tempi della pandemia\u201d, prodotto dalla giornalista de \u201cLa verit\u00e0\u201d Martina Pastorelli. Un reportage giornalistico che traccia un excursus del periodo cruciale della pandemia [&hellip;]\" \/>\n<meta property=\"og:url\" content=\"https:\/\/www.nonsolomusicamagazine.it\/?p=327\" \/>\n<meta property=\"og:site_name\" content=\"NonSoloMusicaMagazine\" \/>\n<meta property=\"article:published_time\" content=\"2023-03-31T10:04:35+00:00\" \/>\n<meta property=\"og:image\" content=\"https:\/\/www.nonsolomusicamagazine.it\/wp-content\/uploads\/2023\/03\/IMG-20230324-WA0024.jpg\" \/>\n\t<meta property=\"og:image:width\" content=\"1416\" \/>\n\t<meta property=\"og:image:height\" content=\"2016\" \/>\n\t<meta property=\"og:image:type\" content=\"image\/jpeg\" \/>\n<meta name=\"author\" content=\"nonsolomusica\" \/>\n<meta name=\"twitter:card\" content=\"summary_large_image\" \/>\n<meta name=\"twitter:label1\" content=\"Scritto da\" \/>\n\t<meta name=\"twitter:data1\" content=\"nonsolomusica\" \/>\n\t<meta name=\"twitter:label2\" content=\"Tempo di lettura stimato\" \/>\n\t<meta name=\"twitter:data2\" content=\"1 minuto\" \/>\n<script type=\"application\/ld+json\" class=\"yoast-schema-graph\">{\"@context\":\"https:\\\/\\\/schema.org\",\"@graph\":[{\"@type\":\"Article\",\"@id\":\"https:\\\/\\\/www.nonsolomusicamagazine.it\\\/?p=327#article\",\"isPartOf\":{\"@id\":\"https:\\\/\\\/www.nonsolomusicamagazine.it\\\/?p=327\"},\"author\":{\"name\":\"nonsolomusica\",\"@id\":\"https:\\\/\\\/www.nonsolomusicamagazine.it\\\/#\\\/schema\\\/person\\\/a3349ad02300d046472d46cf6d31ae46\"},\"headline\":\"Covid 19: dodici mesi di pensiero critico. Se ne parla oggi pomeriggio a Castromediano (Le)\",\"datePublished\":\"2023-03-31T10:04:35+00:00\",\"mainEntityOfPage\":{\"@id\":\"https:\\\/\\\/www.nonsolomusicamagazine.it\\\/?p=327\"},\"wordCount\":283,\"commentCount\":0,\"image\":{\"@id\":\"https:\\\/\\\/www.nonsolomusicamagazine.it\\\/?p=327#primaryimage\"},\"thumbnailUrl\":\"https:\\\/\\\/www.nonsolomusicamagazine.it\\\/wp-content\\\/uploads\\\/2023\\\/03\\\/IMG-20230324-WA0024.jpg\",\"keywords\":[\"Castromediano\",\"Covid\",\"Lecce\"],\"articleSection\":[\"Salute\",\"Societ\u00e0\"],\"inLanguage\":\"it-IT\",\"potentialAction\":[{\"@type\":\"CommentAction\",\"name\":\"Comment\",\"target\":[\"https:\\\/\\\/www.nonsolomusicamagazine.it\\\/?p=327#respond\"]}]},{\"@type\":\"WebPage\",\"@id\":\"https:\\\/\\\/www.nonsolomusicamagazine.it\\\/?p=327\",\"url\":\"https:\\\/\\\/www.nonsolomusicamagazine.it\\\/?p=327\",\"name\":\"Covid 19: dodici mesi di pensiero critico. Se ne parla oggi pomeriggio a Castromediano (Le) - NonSoloMusicaMagazine\",\"isPartOf\":{\"@id\":\"https:\\\/\\\/www.nonsolomusicamagazine.it\\\/#website\"},\"primaryImageOfPage\":{\"@id\":\"https:\\\/\\\/www.nonsolomusicamagazine.it\\\/?p=327#primaryimage\"},\"image\":{\"@id\":\"https:\\\/\\\/www.nonsolomusicamagazine.it\\\/?p=327#primaryimage\"},\"thumbnailUrl\":\"https:\\\/\\\/www.nonsolomusicamagazine.it\\\/wp-content\\\/uploads\\\/2023\\\/03\\\/IMG-20230324-WA0024.jpg\",\"datePublished\":\"2023-03-31T10:04:35+00:00\",\"author\":{\"@id\":\"https:\\\/\\\/www.nonsolomusicamagazine.it\\\/#\\\/schema\\\/person\\\/a3349ad02300d046472d46cf6d31ae46\"},\"breadcrumb\":{\"@id\":\"https:\\\/\\\/www.nonsolomusicamagazine.it\\\/?p=327#breadcrumb\"},\"inLanguage\":\"it-IT\",\"potentialAction\":[{\"@type\":\"ReadAction\",\"target\":[\"https:\\\/\\\/www.nonsolomusicamagazine.it\\\/?p=327\"]}]},{\"@type\":\"ImageObject\",\"inLanguage\":\"it-IT\",\"@id\":\"https:\\\/\\\/www.nonsolomusicamagazine.it\\\/?p=327#primaryimage\",\"url\":\"https:\\\/\\\/www.nonsolomusicamagazine.it\\\/wp-content\\\/uploads\\\/2023\\\/03\\\/IMG-20230324-WA0024.jpg\",\"contentUrl\":\"https:\\\/\\\/www.nonsolomusicamagazine.it\\\/wp-content\\\/uploads\\\/2023\\\/03\\\/IMG-20230324-WA0024.jpg\",\"width\":1416,\"height\":2016},{\"@type\":\"BreadcrumbList\",\"@id\":\"https:\\\/\\\/www.nonsolomusicamagazine.it\\\/?p=327#breadcrumb\",\"itemListElement\":[{\"@type\":\"ListItem\",\"position\":1,\"name\":\"Home\",\"item\":\"https:\\\/\\\/www.nonsolomusicamagazine.it\\\/\"},{\"@type\":\"ListItem\",\"position\":2,\"name\":\"Covid 19: dodici mesi di pensiero critico. Se ne parla oggi pomeriggio a Castromediano (Le)\"}]},{\"@type\":\"WebSite\",\"@id\":\"https:\\\/\\\/www.nonsolomusicamagazine.it\\\/#website\",\"url\":\"https:\\\/\\\/www.nonsolomusicamagazine.it\\\/\",\"name\":\"Nonsolomusicamagazine\",\"description\":\"Dir. responsabile Manuel M Buccarella\",\"potentialAction\":[{\"@type\":\"SearchAction\",\"target\":{\"@type\":\"EntryPoint\",\"urlTemplate\":\"https:\\\/\\\/www.nonsolomusicamagazine.it\\\/?s={search_term_string}\"},\"query-input\":{\"@type\":\"PropertyValueSpecification\",\"valueRequired\":true,\"valueName\":\"search_term_string\"}}],\"inLanguage\":\"it-IT\"},{\"@type\":\"Person\",\"@id\":\"https:\\\/\\\/www.nonsolomusicamagazine.it\\\/#\\\/schema\\\/person\\\/a3349ad02300d046472d46cf6d31ae46\",\"name\":\"nonsolomusica\",\"image\":{\"@type\":\"ImageObject\",\"inLanguage\":\"it-IT\",\"@id\":\"https:\\\/\\\/www.nonsolomusicamagazine.it\\\/wp-content\\\/litespeed\\\/avatar\\\/3a675484bc84db6aba78d43bfc8b7197.jpg?ver=1776880798\",\"url\":\"https:\\\/\\\/www.nonsolomusicamagazine.it\\\/wp-content\\\/litespeed\\\/avatar\\\/3a675484bc84db6aba78d43bfc8b7197.jpg?ver=1776880798\",\"contentUrl\":\"https:\\\/\\\/www.nonsolomusicamagazine.it\\\/wp-content\\\/litespeed\\\/avatar\\\/3a675484bc84db6aba78d43bfc8b7197.jpg?ver=1776880798\",\"caption\":\"nonsolomusica\"},\"sameAs\":[\"https:\\\/\\\/www.nonsolomusicamagazine.it\"],\"url\":\"https:\\\/\\\/www.nonsolomusicamagazine.it\\\/?author=1\"}]}<\/script>\n<!-- \/ Yoast SEO plugin. -->","yoast_head_json":{"title":"Covid 19: dodici mesi di pensiero critico. Se ne parla oggi pomeriggio a Castromediano (Le) - NonSoloMusicaMagazine","robots":{"index":"index","follow":"follow","max-snippet":"max-snippet:-1","max-image-preview":"max-image-preview:large","max-video-preview":"max-video-preview:-1"},"canonical":"https:\/\/www.nonsolomusicamagazine.it\/?p=327","og_locale":"it_IT","og_type":"article","og_title":"Covid 19: dodici mesi di pensiero critico. Se ne parla oggi pomeriggio a Castromediano (Le) - NonSoloMusicaMagazine","og_description":"Sar\u00e0 proiettato oggi 31 marzo alle ore 17,30 nella sala cinema della parrocchia Mater Ecclesiae nel rione Castromediano a Lecce il docufilm \u201cCovid 19: dodici mesi di pensiero critico.Incongruenze e contraddizioni ai tempi della pandemia\u201d, prodotto dalla giornalista de \u201cLa verit\u00e0\u201d Martina Pastorelli. Un reportage giornalistico che traccia un excursus del periodo cruciale della pandemia [&hellip;]","og_url":"https:\/\/www.nonsolomusicamagazine.it\/?p=327","og_site_name":"NonSoloMusicaMagazine","article_published_time":"2023-03-31T10:04:35+00:00","og_image":[{"width":1416,"height":2016,"url":"https:\/\/www.nonsolomusicamagazine.it\/wp-content\/uploads\/2023\/03\/IMG-20230324-WA0024.jpg","type":"image\/jpeg"}],"author":"nonsolomusica","twitter_card":"summary_large_image","twitter_misc":{"Scritto da":"nonsolomusica","Tempo di lettura stimato":"1 minuto"},"schema":{"@context":"https:\/\/schema.org","@graph":[{"@type":"Article","@id":"https:\/\/www.nonsolomusicamagazine.it\/?p=327#article","isPartOf":{"@id":"https:\/\/www.nonsolomusicamagazine.it\/?p=327"},"author":{"name":"nonsolomusica","@id":"https:\/\/www.nonsolomusicamagazine.it\/#\/schema\/person\/a3349ad02300d046472d46cf6d31ae46"},"headline":"Covid 19: dodici mesi di pensiero critico. Se ne parla oggi pomeriggio a Castromediano (Le)","datePublished":"2023-03-31T10:04:35+00:00","mainEntityOfPage":{"@id":"https:\/\/www.nonsolomusicamagazine.it\/?p=327"},"wordCount":283,"commentCount":0,"image":{"@id":"https:\/\/www.nonsolomusicamagazine.it\/?p=327#primaryimage"},"thumbnailUrl":"https:\/\/www.nonsolomusicamagazine.it\/wp-content\/uploads\/2023\/03\/IMG-20230324-WA0024.jpg","keywords":["Castromediano","Covid","Lecce"],"articleSection":["Salute","Societ\u00e0"],"inLanguage":"it-IT","potentialAction":[{"@type":"CommentAction","name":"Comment","target":["https:\/\/www.nonsolomusicamagazine.it\/?p=327#respond"]}]},{"@type":"WebPage","@id":"https:\/\/www.nonsolomusicamagazine.it\/?p=327","url":"https:\/\/www.nonsolomusicamagazine.it\/?p=327","name":"Covid 19: dodici mesi di pensiero critico. Se ne parla oggi pomeriggio a Castromediano (Le) - NonSoloMusicaMagazine","isPartOf":{"@id":"https:\/\/www.nonsolomusicamagazine.it\/#website"},"primaryImageOfPage":{"@id":"https:\/\/www.nonsolomusicamagazine.it\/?p=327#primaryimage"},"image":{"@id":"https:\/\/www.nonsolomusicamagazine.it\/?p=327#primaryimage"},"thumbnailUrl":"https:\/\/www.nonsolomusicamagazine.it\/wp-content\/uploads\/2023\/03\/IMG-20230324-WA0024.jpg","datePublished":"2023-03-31T10:04:35+00:00","author":{"@id":"https:\/\/www.nonsolomusicamagazine.it\/#\/schema\/person\/a3349ad02300d046472d46cf6d31ae46"},"breadcrumb":{"@id":"https:\/\/www.nonsolomusicamagazine.it\/?p=327#breadcrumb"},"inLanguage":"it-IT","potentialAction":[{"@type":"ReadAction","target":["https:\/\/www.nonsolomusicamagazine.it\/?p=327"]}]},{"@type":"ImageObject","inLanguage":"it-IT","@id":"https:\/\/www.nonsolomusicamagazine.it\/?p=327#primaryimage","url":"https:\/\/www.nonsolomusicamagazine.it\/wp-content\/uploads\/2023\/03\/IMG-20230324-WA0024.jpg","contentUrl":"https:\/\/www.nonsolomusicamagazine.it\/wp-content\/uploads\/2023\/03\/IMG-20230324-WA0024.jpg","width":1416,"height":2016},{"@type":"BreadcrumbList","@id":"https:\/\/www.nonsolomusicamagazine.it\/?p=327#breadcrumb","itemListElement":[{"@type":"ListItem","position":1,"name":"Home","item":"https:\/\/www.nonsolomusicamagazine.it\/"},{"@type":"ListItem","position":2,"name":"Covid 19: dodici mesi di pensiero critico. Se ne parla oggi pomeriggio a Castromediano (Le)"}]},{"@type":"WebSite","@id":"https:\/\/www.nonsolomusicamagazine.it\/#website","url":"https:\/\/www.nonsolomusicamagazine.it\/","name":"Nonsolomusicamagazine","description":"Dir. responsabile Manuel M Buccarella","potentialAction":[{"@type":"SearchAction","target":{"@type":"EntryPoint","urlTemplate":"https:\/\/www.nonsolomusicamagazine.it\/?s={search_term_string}"},"query-input":{"@type":"PropertyValueSpecification","valueRequired":true,"valueName":"search_term_string"}}],"inLanguage":"it-IT"},{"@type":"Person","@id":"https:\/\/www.nonsolomusicamagazine.it\/#\/schema\/person\/a3349ad02300d046472d46cf6d31ae46","name":"nonsolomusica","image":{"@type":"ImageObject","inLanguage":"it-IT","@id":"https:\/\/www.nonsolomusicamagazine.it\/wp-content\/litespeed\/avatar\/3a675484bc84db6aba78d43bfc8b7197.jpg?ver=1776880798","url":"https:\/\/www.nonsolomusicamagazine.it\/wp-content\/litespeed\/avatar\/3a675484bc84db6aba78d43bfc8b7197.jpg?ver=1776880798","contentUrl":"https:\/\/www.nonsolomusicamagazine.it\/wp-content\/litespeed\/avatar\/3a675484bc84db6aba78d43bfc8b7197.jpg?ver=1776880798","caption":"nonsolomusica"},"sameAs":["https:\/\/www.nonsolomusicamagazine.it"],"url":"https:\/\/www.nonsolomusicamagazine.it\/?author=1"}]}},"amp_enabled":true,"_links":{"self":[{"href":"https:\/\/www.nonsolomusicamagazine.it\/index.php?rest_route=\/wp\/v2\/posts\/327","targetHints":{"allow":["GET"]}}],"collection":[{"href":"https:\/\/www.nonsolomusicamagazine.it\/index.php?rest_route=\/wp\/v2\/posts"}],"about":[{"href":"https:\/\/www.nonsolomusicamagazine.it\/index.php?rest_route=\/wp\/v2\/types\/post"}],"author":[{"embeddable":true,"href":"https:\/\/www.nonsolomusicamagazine.it\/index.php?rest_route=\/wp\/v2\/users\/1"}],"replies":[{"embeddable":true,"href":"https:\/\/www.nonsolomusicamagazine.it\/index.php?rest_route=%2Fwp%2Fv2%2Fcomments&post=327"}],"version-history":[{"count":0,"href":"https:\/\/www.nonsolomusicamagazine.it\/index.php?rest_route=\/wp\/v2\/posts\/327\/revisions"}],"wp:featuredmedia":[{"embeddable":true,"href":"https:\/\/www.nonsolomusicamagazine.it\/index.php?rest_route=\/wp\/v2\/media\/312"}],"wp:attachment":[{"href":"https:\/\/www.nonsolomusicamagazine.it\/index.php?rest_route=%2Fwp%2Fv2%2Fmedia&parent=327"}],"wp:term":[{"taxonomy":"category","embeddable":true,"href":"https:\/\/www.nonsolomusicamagazine.it\/index.php?rest_route=%2Fwp%2Fv2%2Fcategories&post=327"},{"taxonomy":"post_tag","embeddable":true,"href":"https:\/\/www.nonsolomusicamagazine.it\/index.php?rest_route=%2Fwp%2Fv2%2Ftags&post=327"}],"curies":[{"name":"wp","href":"https:\/\/api.w.org\/{rel}","templated":true}]}}