{"id":3367,"date":"2023-10-22T18:12:05","date_gmt":"2023-10-22T18:12:05","guid":{"rendered":"https:\/\/www.nonsolomusicamagazine.it\/?p=3367"},"modified":"2023-10-22T18:12:06","modified_gmt":"2023-10-22T18:12:06","slug":"da-il-mio-vangelo-diario-di-un-pellegrino-alcuni-spunti-sul-conflitto-israelo-palestinese","status":"publish","type":"post","link":"https:\/\/www.nonsolomusicamagazine.it\/?p=3367","title":{"rendered":"Da &#8220;Il Mio Vangelo (Diario di un pellegrino&#8221;), alcuni spunti sul conflitto israelo-palestinese"},"content":{"rendered":"\n<p class=\"has-text-align-center\"><strong>Manuel M. Buccarella<\/strong><\/p>\n\n\n\n<p>Nel 2015 pubblicavo il mio secondo romanzo, intitolato &#8220;Il mio Vangelo (Diario di un pellegrino)&#8221;, ove immaginavo di compiere come giornalista un viaggio in Medio Oriente.<\/p>\n\n\n\n<p>Ecco uno spunto sul conflitto tra Israele e Palestina, a Gaza.<\/p>\n\n\n\n<p>&#8220;La spiaggia \u00e8 ampia, molto ampia, diversa da quelle sempre pi\u00f9 rosicchiate dal mare nel Salento,<br>dove trascorro buona parte delle mie vacanze estive; il mare \u00e8 splendidamente fermo e cristallino,<br>illuminato nel centro della piatta dalle luci di un sole gi\u00e0 caldo. Qui c&#8217;\u00e8 la storia, passata remota e<br>recentissima. Non c&#8217;\u00e8 molta gente, almeno nel punto in cui ci poggiamo noi. Sicuramente ce ne sar\u00e0<br>di pi\u00f9 pi\u00f9 tardi e nel fine settimana, ed anche negli stabilimenti attrezzati degli alberghi, molti anche<br>di lusso.<br>\u00abGuardala con attenzione questa spiaggia \u2013 mi dice dopo qualche minuto dall&#8217;arrivo Mahmoud \u2013<br>tienila bene a mente: ora la vedi cos\u00ec, pulita, distesa, rilassata, ma la guerra \u00e8 passata anche da qui.<br>Gaza Beach \u00e8 anch&#8217;essa, o quanto meno lo \u00e8 stata di recente, un sentiero di guerra. Sette anni fa, nel<br>2006, Israele rispose ad un missile lanciato da Ham\u0101s con un attacco aereo, che provoc\u00f2 la morte di<br>sette civili palestinesi, tra cui quattro bambini, proprio su questa spiaggia! Una guerra orrenda ed<br>oscena! Non se ne pu\u00f2 davvero pi\u00f9. Speriamo che le cose cambino ma qui, senza la definitiva<br>indipendenza della Palestina, non si potr\u00e0 stare tranquilli. E poi, comunque, siamo certi che anche<br>dopo l&#8217;indipendenza del mio Paese, non ci saranno ancora scontri e scaramucce? Come sai qui<br>quelli di Ham\u0101s sono molto amati. Loro si oppongono anche all&#8217;Olp, che d&#8217;altronde ha pure le sue<br>colpe: ci sono stati corruzione ed abuso di potere da parte degli uomini di Yasser Arafat! Per\u00f2, come<br>sai ed avrai certamente avuto modo di riscontrare sia dall&#8217;Italia che qui in questi giorni, gli opposti<br>estremismi israeliani e palestinesi ostacolano il consolidamento di quel processo di pace che<br>dovrebbe portare, se Dio lo vorr\u00e0, finalmente all&#8217;indipendenza della mia patria.\u00bb<\/p>\n\n\n<figure class=\"wp-block-post-featured-image\"><img decoding=\"async\" width=\"257\" height=\"342\" src=\"https:\/\/www.nonsolomusicamagazine.it\/wp-content\/uploads\/2023\/10\/715c7CmeNiL._SY342_.jpg\" class=\"attachment-post-thumbnail size-post-thumbnail wp-post-image\" alt=\"\" style=\"object-fit:cover;\" srcset=\"https:\/\/www.nonsolomusicamagazine.it\/wp-content\/uploads\/2023\/10\/715c7CmeNiL._SY342_.jpg 257w, https:\/\/www.nonsolomusicamagazine.it\/wp-content\/uploads\/2023\/10\/715c7CmeNiL._SY342_-225x300.jpg 225w\" sizes=\"(max-width: 257px) 100vw, 257px\" \/><\/figure>","protected":false},"excerpt":{"rendered":"<p>Manuel M. Buccarella Nel 2015 pubblicavo il mio secondo romanzo, intitolato &#8220;Il mio Vangelo (Diario di un pellegrino)&#8221;, ove immaginavo di compiere come giornalista un viaggio in Medio Oriente. Ecco uno spunto sul conflitto tra Israele e Palestina, a Gaza. &#8220;La spiaggia \u00e8 ampia, molto ampia, diversa da quelle sempre pi\u00f9 rosicchiate dal mare nel [&hellip;]<\/p>\n","protected":false},"author":1,"featured_media":3368,"comment_status":"open","ping_status":"closed","sticky":false,"template":"","format":"standard","meta":{"footnotes":""},"categories":[106,1321],"tags":[627,2072,216,2177,217,2176],"class_list":["post-3367","post","type-post","status-publish","format-standard","has-post-thumbnail","hentry","category-cultura","category-storia","tag-gaza","tag-hamas","tag-israele","tag-manuel-buccarella","tag-palestina","tag-romanzo"],"yoast_head":"<!-- This site is optimized with the Yoast SEO plugin v27.4 - https:\/\/yoast.com\/product\/yoast-seo-wordpress\/ -->\n<title>Da &quot;Il Mio Vangelo (Diario di un pellegrino&quot;), alcuni spunti sul conflitto israelo-palestinese - NonSoloMusicaMagazine<\/title>\n<meta name=\"description\" content=\"Da &quot;Il Mio Vangelo (Diario di un pellegrino&quot;), alcuni spunti sul conflitto israelo-palestinese\" \/>\n<meta name=\"robots\" content=\"index, follow, max-snippet:-1, max-image-preview:large, max-video-preview:-1\" \/>\n<link rel=\"canonical\" href=\"https:\/\/www.nonsolomusicamagazine.it\/?p=3367\" \/>\n<meta property=\"og:locale\" content=\"it_IT\" \/>\n<meta property=\"og:type\" content=\"article\" \/>\n<meta property=\"og:title\" content=\"Da &quot;Il Mio Vangelo (Diario di un pellegrino&quot;), alcuni spunti sul conflitto israelo-palestinese - NonSoloMusicaMagazine\" \/>\n<meta property=\"og:description\" content=\"Da &quot;Il Mio Vangelo (Diario di un pellegrino&quot;), alcuni spunti sul conflitto israelo-palestinese\" \/>\n<meta property=\"og:url\" content=\"https:\/\/www.nonsolomusicamagazine.it\/?p=3367\" \/>\n<meta property=\"og:site_name\" content=\"NonSoloMusicaMagazine\" \/>\n<meta property=\"article:published_time\" content=\"2023-10-22T18:12:05+00:00\" \/>\n<meta property=\"article:modified_time\" content=\"2023-10-22T18:12:06+00:00\" \/>\n<meta property=\"og:image\" content=\"https:\/\/www.nonsolomusicamagazine.it\/wp-content\/uploads\/2023\/10\/715c7CmeNiL._SY342_.jpg\" \/>\n\t<meta property=\"og:image:width\" content=\"257\" \/>\n\t<meta property=\"og:image:height\" content=\"342\" \/>\n\t<meta property=\"og:image:type\" content=\"image\/jpeg\" \/>\n<meta name=\"author\" content=\"nonsolomusica\" \/>\n<meta name=\"twitter:card\" content=\"summary_large_image\" \/>\n<meta name=\"twitter:label1\" content=\"Scritto da\" \/>\n\t<meta name=\"twitter:data1\" content=\"nonsolomusica\" \/>\n\t<meta name=\"twitter:label2\" content=\"Tempo di lettura stimato\" \/>\n\t<meta name=\"twitter:data2\" content=\"2 minuti\" \/>\n<script type=\"application\/ld+json\" class=\"yoast-schema-graph\">{\"@context\":\"https:\\\/\\\/schema.org\",\"@graph\":[{\"@type\":\"Article\",\"@id\":\"https:\\\/\\\/www.nonsolomusicamagazine.it\\\/?p=3367#article\",\"isPartOf\":{\"@id\":\"https:\\\/\\\/www.nonsolomusicamagazine.it\\\/?p=3367\"},\"author\":{\"name\":\"nonsolomusica\",\"@id\":\"https:\\\/\\\/www.nonsolomusicamagazine.it\\\/#\\\/schema\\\/person\\\/a3349ad02300d046472d46cf6d31ae46\"},\"headline\":\"Da &#8220;Il Mio Vangelo (Diario di un pellegrino&#8221;), alcuni spunti sul conflitto israelo-palestinese\",\"datePublished\":\"2023-10-22T18:12:05+00:00\",\"dateModified\":\"2023-10-22T18:12:06+00:00\",\"mainEntityOfPage\":{\"@id\":\"https:\\\/\\\/www.nonsolomusicamagazine.it\\\/?p=3367\"},\"wordCount\":337,\"commentCount\":0,\"image\":{\"@id\":\"https:\\\/\\\/www.nonsolomusicamagazine.it\\\/?p=3367#primaryimage\"},\"thumbnailUrl\":\"https:\\\/\\\/www.nonsolomusicamagazine.it\\\/wp-content\\\/uploads\\\/2023\\\/10\\\/715c7CmeNiL._SY342_.jpg\",\"keywords\":[\"Gaza\",\"Hamas\",\"Israele\",\"Manuel Buccarella\",\"Palestina\",\"romanzo\"],\"articleSection\":[\"Cultura\",\"Storia\"],\"inLanguage\":\"it-IT\",\"potentialAction\":[{\"@type\":\"CommentAction\",\"name\":\"Comment\",\"target\":[\"https:\\\/\\\/www.nonsolomusicamagazine.it\\\/?p=3367#respond\"]}]},{\"@type\":\"WebPage\",\"@id\":\"https:\\\/\\\/www.nonsolomusicamagazine.it\\\/?p=3367\",\"url\":\"https:\\\/\\\/www.nonsolomusicamagazine.it\\\/?p=3367\",\"name\":\"Da \\\"Il Mio Vangelo (Diario di un pellegrino\\\"), alcuni spunti sul conflitto israelo-palestinese - NonSoloMusicaMagazine\",\"isPartOf\":{\"@id\":\"https:\\\/\\\/www.nonsolomusicamagazine.it\\\/#website\"},\"primaryImageOfPage\":{\"@id\":\"https:\\\/\\\/www.nonsolomusicamagazine.it\\\/?p=3367#primaryimage\"},\"image\":{\"@id\":\"https:\\\/\\\/www.nonsolomusicamagazine.it\\\/?p=3367#primaryimage\"},\"thumbnailUrl\":\"https:\\\/\\\/www.nonsolomusicamagazine.it\\\/wp-content\\\/uploads\\\/2023\\\/10\\\/715c7CmeNiL._SY342_.jpg\",\"datePublished\":\"2023-10-22T18:12:05+00:00\",\"dateModified\":\"2023-10-22T18:12:06+00:00\",\"author\":{\"@id\":\"https:\\\/\\\/www.nonsolomusicamagazine.it\\\/#\\\/schema\\\/person\\\/a3349ad02300d046472d46cf6d31ae46\"},\"description\":\"Da \\\"Il Mio Vangelo (Diario di un pellegrino\\\"), alcuni spunti sul conflitto israelo-palestinese\",\"breadcrumb\":{\"@id\":\"https:\\\/\\\/www.nonsolomusicamagazine.it\\\/?p=3367#breadcrumb\"},\"inLanguage\":\"it-IT\",\"potentialAction\":[{\"@type\":\"ReadAction\",\"target\":[\"https:\\\/\\\/www.nonsolomusicamagazine.it\\\/?p=3367\"]}]},{\"@type\":\"ImageObject\",\"inLanguage\":\"it-IT\",\"@id\":\"https:\\\/\\\/www.nonsolomusicamagazine.it\\\/?p=3367#primaryimage\",\"url\":\"https:\\\/\\\/www.nonsolomusicamagazine.it\\\/wp-content\\\/uploads\\\/2023\\\/10\\\/715c7CmeNiL._SY342_.jpg\",\"contentUrl\":\"https:\\\/\\\/www.nonsolomusicamagazine.it\\\/wp-content\\\/uploads\\\/2023\\\/10\\\/715c7CmeNiL._SY342_.jpg\",\"width\":257,\"height\":342},{\"@type\":\"BreadcrumbList\",\"@id\":\"https:\\\/\\\/www.nonsolomusicamagazine.it\\\/?p=3367#breadcrumb\",\"itemListElement\":[{\"@type\":\"ListItem\",\"position\":1,\"name\":\"Home\",\"item\":\"https:\\\/\\\/www.nonsolomusicamagazine.it\\\/\"},{\"@type\":\"ListItem\",\"position\":2,\"name\":\"Da &#8220;Il Mio Vangelo (Diario di un pellegrino&#8221;), alcuni spunti sul conflitto israelo-palestinese\"}]},{\"@type\":\"WebSite\",\"@id\":\"https:\\\/\\\/www.nonsolomusicamagazine.it\\\/#website\",\"url\":\"https:\\\/\\\/www.nonsolomusicamagazine.it\\\/\",\"name\":\"Nonsolomusicamagazine\",\"description\":\"Dir. responsabile Manuel M Buccarella\",\"potentialAction\":[{\"@type\":\"SearchAction\",\"target\":{\"@type\":\"EntryPoint\",\"urlTemplate\":\"https:\\\/\\\/www.nonsolomusicamagazine.it\\\/?s={search_term_string}\"},\"query-input\":{\"@type\":\"PropertyValueSpecification\",\"valueRequired\":true,\"valueName\":\"search_term_string\"}}],\"inLanguage\":\"it-IT\"},{\"@type\":\"Person\",\"@id\":\"https:\\\/\\\/www.nonsolomusicamagazine.it\\\/#\\\/schema\\\/person\\\/a3349ad02300d046472d46cf6d31ae46\",\"name\":\"nonsolomusica\",\"image\":{\"@type\":\"ImageObject\",\"inLanguage\":\"it-IT\",\"@id\":\"https:\\\/\\\/www.nonsolomusicamagazine.it\\\/wp-content\\\/litespeed\\\/avatar\\\/3a675484bc84db6aba78d43bfc8b7197.jpg?ver=1776880798\",\"url\":\"https:\\\/\\\/www.nonsolomusicamagazine.it\\\/wp-content\\\/litespeed\\\/avatar\\\/3a675484bc84db6aba78d43bfc8b7197.jpg?ver=1776880798\",\"contentUrl\":\"https:\\\/\\\/www.nonsolomusicamagazine.it\\\/wp-content\\\/litespeed\\\/avatar\\\/3a675484bc84db6aba78d43bfc8b7197.jpg?ver=1776880798\",\"caption\":\"nonsolomusica\"},\"sameAs\":[\"https:\\\/\\\/www.nonsolomusicamagazine.it\"],\"url\":\"https:\\\/\\\/www.nonsolomusicamagazine.it\\\/?author=1\"}]}<\/script>\n<!-- \/ Yoast SEO plugin. -->","yoast_head_json":{"title":"Da \"Il Mio Vangelo (Diario di un pellegrino\"), alcuni spunti sul conflitto israelo-palestinese - NonSoloMusicaMagazine","description":"Da \"Il Mio Vangelo (Diario di un pellegrino\"), alcuni spunti sul conflitto israelo-palestinese","robots":{"index":"index","follow":"follow","max-snippet":"max-snippet:-1","max-image-preview":"max-image-preview:large","max-video-preview":"max-video-preview:-1"},"canonical":"https:\/\/www.nonsolomusicamagazine.it\/?p=3367","og_locale":"it_IT","og_type":"article","og_title":"Da \"Il Mio Vangelo (Diario di un pellegrino\"), alcuni spunti sul conflitto israelo-palestinese - NonSoloMusicaMagazine","og_description":"Da \"Il Mio Vangelo (Diario di un pellegrino\"), alcuni spunti sul conflitto israelo-palestinese","og_url":"https:\/\/www.nonsolomusicamagazine.it\/?p=3367","og_site_name":"NonSoloMusicaMagazine","article_published_time":"2023-10-22T18:12:05+00:00","article_modified_time":"2023-10-22T18:12:06+00:00","og_image":[{"width":257,"height":342,"url":"https:\/\/www.nonsolomusicamagazine.it\/wp-content\/uploads\/2023\/10\/715c7CmeNiL._SY342_.jpg","type":"image\/jpeg"}],"author":"nonsolomusica","twitter_card":"summary_large_image","twitter_misc":{"Scritto da":"nonsolomusica","Tempo di lettura stimato":"2 minuti"},"schema":{"@context":"https:\/\/schema.org","@graph":[{"@type":"Article","@id":"https:\/\/www.nonsolomusicamagazine.it\/?p=3367#article","isPartOf":{"@id":"https:\/\/www.nonsolomusicamagazine.it\/?p=3367"},"author":{"name":"nonsolomusica","@id":"https:\/\/www.nonsolomusicamagazine.it\/#\/schema\/person\/a3349ad02300d046472d46cf6d31ae46"},"headline":"Da &#8220;Il Mio Vangelo (Diario di un pellegrino&#8221;), alcuni spunti sul conflitto israelo-palestinese","datePublished":"2023-10-22T18:12:05+00:00","dateModified":"2023-10-22T18:12:06+00:00","mainEntityOfPage":{"@id":"https:\/\/www.nonsolomusicamagazine.it\/?p=3367"},"wordCount":337,"commentCount":0,"image":{"@id":"https:\/\/www.nonsolomusicamagazine.it\/?p=3367#primaryimage"},"thumbnailUrl":"https:\/\/www.nonsolomusicamagazine.it\/wp-content\/uploads\/2023\/10\/715c7CmeNiL._SY342_.jpg","keywords":["Gaza","Hamas","Israele","Manuel Buccarella","Palestina","romanzo"],"articleSection":["Cultura","Storia"],"inLanguage":"it-IT","potentialAction":[{"@type":"CommentAction","name":"Comment","target":["https:\/\/www.nonsolomusicamagazine.it\/?p=3367#respond"]}]},{"@type":"WebPage","@id":"https:\/\/www.nonsolomusicamagazine.it\/?p=3367","url":"https:\/\/www.nonsolomusicamagazine.it\/?p=3367","name":"Da \"Il Mio Vangelo (Diario di un pellegrino\"), alcuni spunti sul conflitto israelo-palestinese - NonSoloMusicaMagazine","isPartOf":{"@id":"https:\/\/www.nonsolomusicamagazine.it\/#website"},"primaryImageOfPage":{"@id":"https:\/\/www.nonsolomusicamagazine.it\/?p=3367#primaryimage"},"image":{"@id":"https:\/\/www.nonsolomusicamagazine.it\/?p=3367#primaryimage"},"thumbnailUrl":"https:\/\/www.nonsolomusicamagazine.it\/wp-content\/uploads\/2023\/10\/715c7CmeNiL._SY342_.jpg","datePublished":"2023-10-22T18:12:05+00:00","dateModified":"2023-10-22T18:12:06+00:00","author":{"@id":"https:\/\/www.nonsolomusicamagazine.it\/#\/schema\/person\/a3349ad02300d046472d46cf6d31ae46"},"description":"Da \"Il Mio Vangelo (Diario di un pellegrino\"), alcuni spunti sul conflitto israelo-palestinese","breadcrumb":{"@id":"https:\/\/www.nonsolomusicamagazine.it\/?p=3367#breadcrumb"},"inLanguage":"it-IT","potentialAction":[{"@type":"ReadAction","target":["https:\/\/www.nonsolomusicamagazine.it\/?p=3367"]}]},{"@type":"ImageObject","inLanguage":"it-IT","@id":"https:\/\/www.nonsolomusicamagazine.it\/?p=3367#primaryimage","url":"https:\/\/www.nonsolomusicamagazine.it\/wp-content\/uploads\/2023\/10\/715c7CmeNiL._SY342_.jpg","contentUrl":"https:\/\/www.nonsolomusicamagazine.it\/wp-content\/uploads\/2023\/10\/715c7CmeNiL._SY342_.jpg","width":257,"height":342},{"@type":"BreadcrumbList","@id":"https:\/\/www.nonsolomusicamagazine.it\/?p=3367#breadcrumb","itemListElement":[{"@type":"ListItem","position":1,"name":"Home","item":"https:\/\/www.nonsolomusicamagazine.it\/"},{"@type":"ListItem","position":2,"name":"Da &#8220;Il Mio Vangelo (Diario di un pellegrino&#8221;), alcuni spunti sul conflitto israelo-palestinese"}]},{"@type":"WebSite","@id":"https:\/\/www.nonsolomusicamagazine.it\/#website","url":"https:\/\/www.nonsolomusicamagazine.it\/","name":"Nonsolomusicamagazine","description":"Dir. responsabile Manuel M Buccarella","potentialAction":[{"@type":"SearchAction","target":{"@type":"EntryPoint","urlTemplate":"https:\/\/www.nonsolomusicamagazine.it\/?s={search_term_string}"},"query-input":{"@type":"PropertyValueSpecification","valueRequired":true,"valueName":"search_term_string"}}],"inLanguage":"it-IT"},{"@type":"Person","@id":"https:\/\/www.nonsolomusicamagazine.it\/#\/schema\/person\/a3349ad02300d046472d46cf6d31ae46","name":"nonsolomusica","image":{"@type":"ImageObject","inLanguage":"it-IT","@id":"https:\/\/www.nonsolomusicamagazine.it\/wp-content\/litespeed\/avatar\/3a675484bc84db6aba78d43bfc8b7197.jpg?ver=1776880798","url":"https:\/\/www.nonsolomusicamagazine.it\/wp-content\/litespeed\/avatar\/3a675484bc84db6aba78d43bfc8b7197.jpg?ver=1776880798","contentUrl":"https:\/\/www.nonsolomusicamagazine.it\/wp-content\/litespeed\/avatar\/3a675484bc84db6aba78d43bfc8b7197.jpg?ver=1776880798","caption":"nonsolomusica"},"sameAs":["https:\/\/www.nonsolomusicamagazine.it"],"url":"https:\/\/www.nonsolomusicamagazine.it\/?author=1"}]}},"amp_enabled":true,"_links":{"self":[{"href":"https:\/\/www.nonsolomusicamagazine.it\/index.php?rest_route=\/wp\/v2\/posts\/3367","targetHints":{"allow":["GET"]}}],"collection":[{"href":"https:\/\/www.nonsolomusicamagazine.it\/index.php?rest_route=\/wp\/v2\/posts"}],"about":[{"href":"https:\/\/www.nonsolomusicamagazine.it\/index.php?rest_route=\/wp\/v2\/types\/post"}],"author":[{"embeddable":true,"href":"https:\/\/www.nonsolomusicamagazine.it\/index.php?rest_route=\/wp\/v2\/users\/1"}],"replies":[{"embeddable":true,"href":"https:\/\/www.nonsolomusicamagazine.it\/index.php?rest_route=%2Fwp%2Fv2%2Fcomments&post=3367"}],"version-history":[{"count":0,"href":"https:\/\/www.nonsolomusicamagazine.it\/index.php?rest_route=\/wp\/v2\/posts\/3367\/revisions"}],"wp:featuredmedia":[{"embeddable":true,"href":"https:\/\/www.nonsolomusicamagazine.it\/index.php?rest_route=\/wp\/v2\/media\/3368"}],"wp:attachment":[{"href":"https:\/\/www.nonsolomusicamagazine.it\/index.php?rest_route=%2Fwp%2Fv2%2Fmedia&parent=3367"}],"wp:term":[{"taxonomy":"category","embeddable":true,"href":"https:\/\/www.nonsolomusicamagazine.it\/index.php?rest_route=%2Fwp%2Fv2%2Fcategories&post=3367"},{"taxonomy":"post_tag","embeddable":true,"href":"https:\/\/www.nonsolomusicamagazine.it\/index.php?rest_route=%2Fwp%2Fv2%2Ftags&post=3367"}],"curies":[{"name":"wp","href":"https:\/\/api.w.org\/{rel}","templated":true}]}}