{"id":337,"date":"2023-04-01T06:32:08","date_gmt":"2023-04-01T06:32:08","guid":{"rendered":"https:\/\/www.nonsolomusicamagazine.it\/?p=337"},"modified":"2023-04-01T06:32:08","modified_gmt":"2023-04-01T06:32:08","slug":"fuga-di-cervelli","status":"publish","type":"post","link":"https:\/\/www.nonsolomusicamagazine.it\/?p=337","title":{"rendered":"FUGA DI CERVELLI"},"content":{"rendered":"\n<h6 class=\"wp-block-heading\">L\u2019ITALIA NON E\u2019 UN PAESE PER GIOVANI <\/h6>\n\n\n\n<p class=\"has-text-align-center\"><strong>Luciano Graziuso <\/strong><\/p>\n\n\n\n<p>Gli ultimi dati sull\u2019emigrazione di giovani laureati all\u2019estero confermano quello che gi\u00e0 si sapeva: il nostro Paese non offre nulla neanche alle migliori intelligenze che forma; oltre alle risorse spese per la loro istruzione, perdiamo anche il prezioso contributo che esse potrebbero dare ad una collettivit\u00e0 che avrebbe pi\u00f9 che mai bisogno di nuove idee, nuove risposte ai problemi che un presente complesso pone.  <\/p>\n\n\n\n<p>Gi\u00e0 lo sappiamo, manchiamo di senso di appartenenza, di coesione sociale, di unit\u00e0 territoriale e culturale; non \u00e8 confortante registrare che l\u20198% dei nostri laureati, e soprattutto l\u2019eccellenza fra questi, si reca all\u2019estero per cercarvi un soddisfacente futuro. In fuga dall\u2019Italia, quindi, specialmente dal Nord, coloro che non ritengono il nostro un sistema meritocratico e purtroppo quest\u2019ultimo lo trovano fuori dai confini nazionali.  <\/p>\n\n\n\n<p>La perdita dei migliori \u201ccervelli\u201d costa all\u2019Italia almeno l\u20191% del Pil ed \u00e8 costituita anche da laureati meridionali che hanno gi\u00e0 cercato nelle regioni settentrionali condizioni pi\u00f9 prestigiose di collocazione professionale e, non trovandone neanche l\u00ec, hanno tentato la via dell\u2019espatrio.  Altri giovani laureati del Sud, invece, tentano direttamente la via dell\u2019esodo, oppure si \u201caccontentano\u201d di quello che trovano al Nord pur di restare nel Paese, perch\u00e9 sono gi\u00e0 fuggiti dalle loro radici e ora ricoprono ruoli molto migliori che nel Mezzogiorno. <\/p>\n\n\n<figure class=\"wp-block-post-featured-image\"><img decoding=\"async\" width=\"708\" height=\"1000\" src=\"https:\/\/www.nonsolomusicamagazine.it\/wp-content\/uploads\/2023\/04\/71zUDZqzjaL._AC_UF8941000_QL80_FMwebp_.webp\" class=\"attachment-post-thumbnail size-post-thumbnail wp-post-image\" alt=\"\" style=\"object-fit:cover;\" srcset=\"https:\/\/www.nonsolomusicamagazine.it\/wp-content\/uploads\/2023\/04\/71zUDZqzjaL._AC_UF8941000_QL80_FMwebp_.webp 708w, https:\/\/www.nonsolomusicamagazine.it\/wp-content\/uploads\/2023\/04\/71zUDZqzjaL._AC_UF8941000_QL80_FMwebp_-212x300.webp 212w\" sizes=\"(max-width: 708px) 100vw, 708px\" \/><\/figure>","protected":false},"excerpt":{"rendered":"<p>L\u2019ITALIA NON E\u2019 UN PAESE PER GIOVANI Luciano Graziuso Gli ultimi dati sull\u2019emigrazione di giovani laureati all\u2019estero confermano quello che gi\u00e0 si sapeva: il nostro Paese non offre nulla neanche alle migliori intelligenze che forma; oltre alle risorse spese per la loro istruzione, perdiamo anche il prezioso contributo che esse potrebbero dare ad una collettivit\u00e0 [&hellip;]<\/p>\n","protected":false},"author":1,"featured_media":338,"comment_status":"open","ping_status":"closed","sticky":false,"template":"","format":"standard","meta":{"footnotes":""},"categories":[113,20],"tags":[125,124,123],"class_list":["post-337","post","type-post","status-publish","format-standard","has-post-thumbnail","hentry","category-economia","category-societa","tag-estero","tag-fuga","tag-giovani"],"yoast_head":"<!-- This site is optimized with the Yoast SEO plugin v27.4 - https:\/\/yoast.com\/product\/yoast-seo-wordpress\/ -->\n<title>FUGA DI CERVELLI - NonSoloMusicaMagazine<\/title>\n<meta name=\"robots\" content=\"index, follow, max-snippet:-1, max-image-preview:large, max-video-preview:-1\" \/>\n<link rel=\"canonical\" href=\"https:\/\/www.nonsolomusicamagazine.it\/?p=337\" \/>\n<meta property=\"og:locale\" content=\"it_IT\" \/>\n<meta property=\"og:type\" content=\"article\" \/>\n<meta property=\"og:title\" content=\"FUGA DI CERVELLI - NonSoloMusicaMagazine\" \/>\n<meta property=\"og:description\" content=\"L\u2019ITALIA NON E\u2019 UN PAESE PER GIOVANI Luciano Graziuso Gli ultimi dati sull\u2019emigrazione di giovani laureati all\u2019estero confermano quello che gi\u00e0 si sapeva: il nostro Paese non offre nulla neanche alle migliori intelligenze che forma; oltre alle risorse spese per la loro istruzione, perdiamo anche il prezioso contributo che esse potrebbero dare ad una collettivit\u00e0 [&hellip;]\" \/>\n<meta property=\"og:url\" content=\"https:\/\/www.nonsolomusicamagazine.it\/?p=337\" \/>\n<meta property=\"og:site_name\" content=\"NonSoloMusicaMagazine\" \/>\n<meta property=\"article:published_time\" content=\"2023-04-01T06:32:08+00:00\" \/>\n<meta property=\"og:image\" content=\"https:\/\/www.nonsolomusicamagazine.it\/wp-content\/uploads\/2023\/04\/71zUDZqzjaL._AC_UF8941000_QL80_FMwebp_.webp\" \/>\n\t<meta property=\"og:image:width\" content=\"708\" \/>\n\t<meta property=\"og:image:height\" content=\"1000\" \/>\n\t<meta property=\"og:image:type\" content=\"image\/webp\" \/>\n<meta name=\"author\" content=\"nonsolomusica\" \/>\n<meta name=\"twitter:card\" content=\"summary_large_image\" \/>\n<meta name=\"twitter:label1\" content=\"Scritto da\" \/>\n\t<meta name=\"twitter:data1\" content=\"nonsolomusica\" \/>\n\t<meta name=\"twitter:label2\" content=\"Tempo di lettura stimato\" \/>\n\t<meta name=\"twitter:data2\" content=\"1 minuto\" \/>\n<script type=\"application\/ld+json\" class=\"yoast-schema-graph\">{\"@context\":\"https:\\\/\\\/schema.org\",\"@graph\":[{\"@type\":\"Article\",\"@id\":\"https:\\\/\\\/www.nonsolomusicamagazine.it\\\/?p=337#article\",\"isPartOf\":{\"@id\":\"https:\\\/\\\/www.nonsolomusicamagazine.it\\\/?p=337\"},\"author\":{\"name\":\"nonsolomusica\",\"@id\":\"https:\\\/\\\/www.nonsolomusicamagazine.it\\\/#\\\/schema\\\/person\\\/a3349ad02300d046472d46cf6d31ae46\"},\"headline\":\"FUGA DI CERVELLI\",\"datePublished\":\"2023-04-01T06:32:08+00:00\",\"mainEntityOfPage\":{\"@id\":\"https:\\\/\\\/www.nonsolomusicamagazine.it\\\/?p=337\"},\"wordCount\":229,\"commentCount\":0,\"image\":{\"@id\":\"https:\\\/\\\/www.nonsolomusicamagazine.it\\\/?p=337#primaryimage\"},\"thumbnailUrl\":\"https:\\\/\\\/www.nonsolomusicamagazine.it\\\/wp-content\\\/uploads\\\/2023\\\/04\\\/71zUDZqzjaL._AC_UF8941000_QL80_FMwebp_.webp\",\"keywords\":[\"Estero\",\"Fuga\",\"Giovani\"],\"articleSection\":[\"Economia\",\"Societ\u00e0\"],\"inLanguage\":\"it-IT\",\"potentialAction\":[{\"@type\":\"CommentAction\",\"name\":\"Comment\",\"target\":[\"https:\\\/\\\/www.nonsolomusicamagazine.it\\\/?p=337#respond\"]}]},{\"@type\":\"WebPage\",\"@id\":\"https:\\\/\\\/www.nonsolomusicamagazine.it\\\/?p=337\",\"url\":\"https:\\\/\\\/www.nonsolomusicamagazine.it\\\/?p=337\",\"name\":\"FUGA DI CERVELLI - NonSoloMusicaMagazine\",\"isPartOf\":{\"@id\":\"https:\\\/\\\/www.nonsolomusicamagazine.it\\\/#website\"},\"primaryImageOfPage\":{\"@id\":\"https:\\\/\\\/www.nonsolomusicamagazine.it\\\/?p=337#primaryimage\"},\"image\":{\"@id\":\"https:\\\/\\\/www.nonsolomusicamagazine.it\\\/?p=337#primaryimage\"},\"thumbnailUrl\":\"https:\\\/\\\/www.nonsolomusicamagazine.it\\\/wp-content\\\/uploads\\\/2023\\\/04\\\/71zUDZqzjaL._AC_UF8941000_QL80_FMwebp_.webp\",\"datePublished\":\"2023-04-01T06:32:08+00:00\",\"author\":{\"@id\":\"https:\\\/\\\/www.nonsolomusicamagazine.it\\\/#\\\/schema\\\/person\\\/a3349ad02300d046472d46cf6d31ae46\"},\"breadcrumb\":{\"@id\":\"https:\\\/\\\/www.nonsolomusicamagazine.it\\\/?p=337#breadcrumb\"},\"inLanguage\":\"it-IT\",\"potentialAction\":[{\"@type\":\"ReadAction\",\"target\":[\"https:\\\/\\\/www.nonsolomusicamagazine.it\\\/?p=337\"]}]},{\"@type\":\"ImageObject\",\"inLanguage\":\"it-IT\",\"@id\":\"https:\\\/\\\/www.nonsolomusicamagazine.it\\\/?p=337#primaryimage\",\"url\":\"https:\\\/\\\/www.nonsolomusicamagazine.it\\\/wp-content\\\/uploads\\\/2023\\\/04\\\/71zUDZqzjaL._AC_UF8941000_QL80_FMwebp_.webp\",\"contentUrl\":\"https:\\\/\\\/www.nonsolomusicamagazine.it\\\/wp-content\\\/uploads\\\/2023\\\/04\\\/71zUDZqzjaL._AC_UF8941000_QL80_FMwebp_.webp\",\"width\":708,\"height\":1000},{\"@type\":\"BreadcrumbList\",\"@id\":\"https:\\\/\\\/www.nonsolomusicamagazine.it\\\/?p=337#breadcrumb\",\"itemListElement\":[{\"@type\":\"ListItem\",\"position\":1,\"name\":\"Home\",\"item\":\"https:\\\/\\\/www.nonsolomusicamagazine.it\\\/\"},{\"@type\":\"ListItem\",\"position\":2,\"name\":\"FUGA DI CERVELLI\"}]},{\"@type\":\"WebSite\",\"@id\":\"https:\\\/\\\/www.nonsolomusicamagazine.it\\\/#website\",\"url\":\"https:\\\/\\\/www.nonsolomusicamagazine.it\\\/\",\"name\":\"Nonsolomusicamagazine\",\"description\":\"Dir. responsabile Manuel M Buccarella\",\"potentialAction\":[{\"@type\":\"SearchAction\",\"target\":{\"@type\":\"EntryPoint\",\"urlTemplate\":\"https:\\\/\\\/www.nonsolomusicamagazine.it\\\/?s={search_term_string}\"},\"query-input\":{\"@type\":\"PropertyValueSpecification\",\"valueRequired\":true,\"valueName\":\"search_term_string\"}}],\"inLanguage\":\"it-IT\"},{\"@type\":\"Person\",\"@id\":\"https:\\\/\\\/www.nonsolomusicamagazine.it\\\/#\\\/schema\\\/person\\\/a3349ad02300d046472d46cf6d31ae46\",\"name\":\"nonsolomusica\",\"image\":{\"@type\":\"ImageObject\",\"inLanguage\":\"it-IT\",\"@id\":\"https:\\\/\\\/www.nonsolomusicamagazine.it\\\/wp-content\\\/litespeed\\\/avatar\\\/3a675484bc84db6aba78d43bfc8b7197.jpg?ver=1776880798\",\"url\":\"https:\\\/\\\/www.nonsolomusicamagazine.it\\\/wp-content\\\/litespeed\\\/avatar\\\/3a675484bc84db6aba78d43bfc8b7197.jpg?ver=1776880798\",\"contentUrl\":\"https:\\\/\\\/www.nonsolomusicamagazine.it\\\/wp-content\\\/litespeed\\\/avatar\\\/3a675484bc84db6aba78d43bfc8b7197.jpg?ver=1776880798\",\"caption\":\"nonsolomusica\"},\"sameAs\":[\"https:\\\/\\\/www.nonsolomusicamagazine.it\"],\"url\":\"https:\\\/\\\/www.nonsolomusicamagazine.it\\\/?author=1\"}]}<\/script>\n<!-- \/ Yoast SEO plugin. -->","yoast_head_json":{"title":"FUGA DI CERVELLI - NonSoloMusicaMagazine","robots":{"index":"index","follow":"follow","max-snippet":"max-snippet:-1","max-image-preview":"max-image-preview:large","max-video-preview":"max-video-preview:-1"},"canonical":"https:\/\/www.nonsolomusicamagazine.it\/?p=337","og_locale":"it_IT","og_type":"article","og_title":"FUGA DI CERVELLI - NonSoloMusicaMagazine","og_description":"L\u2019ITALIA NON E\u2019 UN PAESE PER GIOVANI Luciano Graziuso Gli ultimi dati sull\u2019emigrazione di giovani laureati all\u2019estero confermano quello che gi\u00e0 si sapeva: il nostro Paese non offre nulla neanche alle migliori intelligenze che forma; oltre alle risorse spese per la loro istruzione, perdiamo anche il prezioso contributo che esse potrebbero dare ad una collettivit\u00e0 [&hellip;]","og_url":"https:\/\/www.nonsolomusicamagazine.it\/?p=337","og_site_name":"NonSoloMusicaMagazine","article_published_time":"2023-04-01T06:32:08+00:00","og_image":[{"width":708,"height":1000,"url":"https:\/\/www.nonsolomusicamagazine.it\/wp-content\/uploads\/2023\/04\/71zUDZqzjaL._AC_UF8941000_QL80_FMwebp_.webp","type":"image\/webp"}],"author":"nonsolomusica","twitter_card":"summary_large_image","twitter_misc":{"Scritto da":"nonsolomusica","Tempo di lettura stimato":"1 minuto"},"schema":{"@context":"https:\/\/schema.org","@graph":[{"@type":"Article","@id":"https:\/\/www.nonsolomusicamagazine.it\/?p=337#article","isPartOf":{"@id":"https:\/\/www.nonsolomusicamagazine.it\/?p=337"},"author":{"name":"nonsolomusica","@id":"https:\/\/www.nonsolomusicamagazine.it\/#\/schema\/person\/a3349ad02300d046472d46cf6d31ae46"},"headline":"FUGA DI CERVELLI","datePublished":"2023-04-01T06:32:08+00:00","mainEntityOfPage":{"@id":"https:\/\/www.nonsolomusicamagazine.it\/?p=337"},"wordCount":229,"commentCount":0,"image":{"@id":"https:\/\/www.nonsolomusicamagazine.it\/?p=337#primaryimage"},"thumbnailUrl":"https:\/\/www.nonsolomusicamagazine.it\/wp-content\/uploads\/2023\/04\/71zUDZqzjaL._AC_UF8941000_QL80_FMwebp_.webp","keywords":["Estero","Fuga","Giovani"],"articleSection":["Economia","Societ\u00e0"],"inLanguage":"it-IT","potentialAction":[{"@type":"CommentAction","name":"Comment","target":["https:\/\/www.nonsolomusicamagazine.it\/?p=337#respond"]}]},{"@type":"WebPage","@id":"https:\/\/www.nonsolomusicamagazine.it\/?p=337","url":"https:\/\/www.nonsolomusicamagazine.it\/?p=337","name":"FUGA DI CERVELLI - NonSoloMusicaMagazine","isPartOf":{"@id":"https:\/\/www.nonsolomusicamagazine.it\/#website"},"primaryImageOfPage":{"@id":"https:\/\/www.nonsolomusicamagazine.it\/?p=337#primaryimage"},"image":{"@id":"https:\/\/www.nonsolomusicamagazine.it\/?p=337#primaryimage"},"thumbnailUrl":"https:\/\/www.nonsolomusicamagazine.it\/wp-content\/uploads\/2023\/04\/71zUDZqzjaL._AC_UF8941000_QL80_FMwebp_.webp","datePublished":"2023-04-01T06:32:08+00:00","author":{"@id":"https:\/\/www.nonsolomusicamagazine.it\/#\/schema\/person\/a3349ad02300d046472d46cf6d31ae46"},"breadcrumb":{"@id":"https:\/\/www.nonsolomusicamagazine.it\/?p=337#breadcrumb"},"inLanguage":"it-IT","potentialAction":[{"@type":"ReadAction","target":["https:\/\/www.nonsolomusicamagazine.it\/?p=337"]}]},{"@type":"ImageObject","inLanguage":"it-IT","@id":"https:\/\/www.nonsolomusicamagazine.it\/?p=337#primaryimage","url":"https:\/\/www.nonsolomusicamagazine.it\/wp-content\/uploads\/2023\/04\/71zUDZqzjaL._AC_UF8941000_QL80_FMwebp_.webp","contentUrl":"https:\/\/www.nonsolomusicamagazine.it\/wp-content\/uploads\/2023\/04\/71zUDZqzjaL._AC_UF8941000_QL80_FMwebp_.webp","width":708,"height":1000},{"@type":"BreadcrumbList","@id":"https:\/\/www.nonsolomusicamagazine.it\/?p=337#breadcrumb","itemListElement":[{"@type":"ListItem","position":1,"name":"Home","item":"https:\/\/www.nonsolomusicamagazine.it\/"},{"@type":"ListItem","position":2,"name":"FUGA DI CERVELLI"}]},{"@type":"WebSite","@id":"https:\/\/www.nonsolomusicamagazine.it\/#website","url":"https:\/\/www.nonsolomusicamagazine.it\/","name":"Nonsolomusicamagazine","description":"Dir. responsabile Manuel M Buccarella","potentialAction":[{"@type":"SearchAction","target":{"@type":"EntryPoint","urlTemplate":"https:\/\/www.nonsolomusicamagazine.it\/?s={search_term_string}"},"query-input":{"@type":"PropertyValueSpecification","valueRequired":true,"valueName":"search_term_string"}}],"inLanguage":"it-IT"},{"@type":"Person","@id":"https:\/\/www.nonsolomusicamagazine.it\/#\/schema\/person\/a3349ad02300d046472d46cf6d31ae46","name":"nonsolomusica","image":{"@type":"ImageObject","inLanguage":"it-IT","@id":"https:\/\/www.nonsolomusicamagazine.it\/wp-content\/litespeed\/avatar\/3a675484bc84db6aba78d43bfc8b7197.jpg?ver=1776880798","url":"https:\/\/www.nonsolomusicamagazine.it\/wp-content\/litespeed\/avatar\/3a675484bc84db6aba78d43bfc8b7197.jpg?ver=1776880798","contentUrl":"https:\/\/www.nonsolomusicamagazine.it\/wp-content\/litespeed\/avatar\/3a675484bc84db6aba78d43bfc8b7197.jpg?ver=1776880798","caption":"nonsolomusica"},"sameAs":["https:\/\/www.nonsolomusicamagazine.it"],"url":"https:\/\/www.nonsolomusicamagazine.it\/?author=1"}]}},"amp_enabled":true,"_links":{"self":[{"href":"https:\/\/www.nonsolomusicamagazine.it\/index.php?rest_route=\/wp\/v2\/posts\/337","targetHints":{"allow":["GET"]}}],"collection":[{"href":"https:\/\/www.nonsolomusicamagazine.it\/index.php?rest_route=\/wp\/v2\/posts"}],"about":[{"href":"https:\/\/www.nonsolomusicamagazine.it\/index.php?rest_route=\/wp\/v2\/types\/post"}],"author":[{"embeddable":true,"href":"https:\/\/www.nonsolomusicamagazine.it\/index.php?rest_route=\/wp\/v2\/users\/1"}],"replies":[{"embeddable":true,"href":"https:\/\/www.nonsolomusicamagazine.it\/index.php?rest_route=%2Fwp%2Fv2%2Fcomments&post=337"}],"version-history":[{"count":0,"href":"https:\/\/www.nonsolomusicamagazine.it\/index.php?rest_route=\/wp\/v2\/posts\/337\/revisions"}],"wp:featuredmedia":[{"embeddable":true,"href":"https:\/\/www.nonsolomusicamagazine.it\/index.php?rest_route=\/wp\/v2\/media\/338"}],"wp:attachment":[{"href":"https:\/\/www.nonsolomusicamagazine.it\/index.php?rest_route=%2Fwp%2Fv2%2Fmedia&parent=337"}],"wp:term":[{"taxonomy":"category","embeddable":true,"href":"https:\/\/www.nonsolomusicamagazine.it\/index.php?rest_route=%2Fwp%2Fv2%2Fcategories&post=337"},{"taxonomy":"post_tag","embeddable":true,"href":"https:\/\/www.nonsolomusicamagazine.it\/index.php?rest_route=%2Fwp%2Fv2%2Ftags&post=337"}],"curies":[{"name":"wp","href":"https:\/\/api.w.org\/{rel}","templated":true}]}}