{"id":3483,"date":"2023-10-29T18:14:04","date_gmt":"2023-10-29T18:14:04","guid":{"rendered":"https:\/\/www.nonsolomusicamagazine.it\/?p=3483"},"modified":"2023-10-29T18:14:05","modified_gmt":"2023-10-29T18:14:05","slug":"la-pace-all-insegna-dell-incontro-di-ebraismo-islam-e-cristianesimo-nel-romanzo-di-buccarella-il-mio-vangelo-2015","status":"publish","type":"post","link":"https:\/\/www.nonsolomusicamagazine.it\/?p=3483","title":{"rendered":"La pace all&#8217; insegna dell&#8217; incontro di ebraismo, islam e cristianesimo nel romanzo di Buccarella &#8220;Il mio Vangelo&#8221; (2015)"},"content":{"rendered":"\n<p>Nel romanzo &#8220;Il mio Vangelo (Diario di un pellegrino)&#8221; del 2015 di Manuel M Buccarella il protagonista, il giornalista italiano Pietro Tarentini \u00e8 inviato in Medio Oriente per studiare luoghi e culture.<\/p>\n\n\n\n<p>Per Pietro la pace si ottiene anche attraverso la sintesi ed il rispetto delle tre religioni monoteiste nate in Medio Oriente.<\/p>\n\n\n\n<p><br>&#8220;E&#8217; l&#8217;alba, l&#8217;alba dell&#8217;ultimo giorno di permanenza a Tel Aviv. Sar\u00e0 anche l&#8217;ultima volta che<br>vedr\u00f2 Nicole. Sono triste ma anche elettrizzato, per questo. Mi affaccio sulla finestra riparata dalle<br>grate che d\u00e0 sul meraviglioso giardino del Ros\u00e9e. Si vedono le prime luci di questo giorno,<br>accompagnate dal canto di alcuni uccelli. Istintivamente alzerei la cornetta del telefono per<br>comporre il numero dell&#8217;interno di Nicole ma ovviamente recedo dall'(in)sano proposito, ben<br>sapendo che a quest&#8217;ora la ragazza dorme ancora. I miei indumenti, come i miei effetti personali,<br>sono gi\u00e0 tutti nelle mie due valigie, che sembrano osservarmi da quell&#8217;angoletto della stanza dove<br>sono poggiate da ieri sera. Un filo di luce, insinuatosi tra l&#8217;aria del cortile e le grate metalliche a<br>protezione del mio temporaneo domicilio, taglia quasi a met\u00e0 la superficie di quella pi\u00f9 esposta alla<br>finestra, risaltandone il colore olivastro. La condizione di luogo e di tempo \u00e8 quella ideale per la<br>meditazione e \u2026 per la preghiera.<br>Allahu Akbar Muhammad ar-rasulullah (Dio \u00e8 grande e Maometto \u00e8 il suo profeta)<br>Padre Nostro che sei nei cieli<br>Elohai neshama shenatata bi t&#8217;horah hi  (Dio mio, l&#8217;anima che mi hai donato \u00e8 pura)<br>Recito l&#8217;incipit di queste importanti preghiere delle tre religioni abramitiche. In effetti sono<br>sempre stato favorevole all&#8217;accoglienza dei migranti sulle coste italiane, all&#8217;integrazione etnica e<br>razziale. Mi piacerebbe che il diritto di cittadinanza, in Italia come altrove, si possa acquisire<br>secondo la regola dello jus soli, e cio\u00e8 che chi nasce sul suolo italico possa per ci\u00f2 solo essere<br>cittadino italiano. Penso che le classi delle scuole italiane siano innegabilmente pi\u00f9 ricche grazie<br>alla colorata presenza di tanti bimbi e ragazzi provenienti da ogni dove o nati in Italia da genitori<br>immigrati. Perci\u00f2 non ho nessun problema, soprattutto ora che ho visitato Gerusalemme, ad intonare<br>preghiere musulmane, cristiane ed ebraiche. Intendiamoci: credo che continuer\u00f2 a rimanere<br>cristiano, tuttavia rimango affascinato dal carattere per cos\u00ec dire inclusivo della religione di<br>Maometto: Mos\u00e8, Abramo, Ges\u00f9 Cristo, lo stesso Maometto sono tutti profeti di Allah, di Dio!<br>E&#8217; bello poter pensare e praticare questo, che rafforza l&#8217;idea della religione islamica come<br>una professione di pace. Questa idea inclusiva, questa comunanza tra le religioni abramitiche<br>supporta il mio progetto di vita e il mio universo di valori, anzi ne diventa parte integrante.<\/p>\n\n\n\n<p class=\"has-text-align-center\">(&#8230;..) <\/p>\n\n\n\n<p>Penso che non ci sia nulla di male a pregare con gli arabi. In fondo siamo tutti figli di uno<br>stesso Dio: Dio \u00e8 unico, cos\u00ec mi hanno spiegato sin dai tempi del catechismo. Il canto del muezzin,<br>che inizia per \u201cAllahu Akbar\u201d, Dio \u00e8 grande, e che continua con frasi arabe che purtroppo ho<br>difficolt\u00e0 a comprendere, \u00e8 coinvolgente per quanto si esprima con tonalit\u00e0 acute e con apparente<br>ripetitivit\u00e0 e monotonia1. Anch&#8217;io, pur non essendo un fedele di quella religione, vengo rapito<br>dall&#8217;ipnosi ingenerata dal salmodiare, e cos\u00ec riesco a comprendere, immedesimandomi, il rapimento<br>spirituale in cui cadono le centinaia di musulmani accorsi con me in questa splendida cattedrale.<br>Mi prostro e mi piego, continuo i miei esercizi sul tappeto volante: volante perch\u00e9 mi consente<br>di abbandonare la dimensione spazio-temporale immanente per abbracciare quella illimitata dello<br>Spirito, richiamata dentro di me dalle riflessioni e dalla preghiera. In questa dimensione nuova<br>realizzo la sintesi delle culture che pi\u00f9 mi hanno forgiato e mi appartengono: Islam, Cristianesimo,<br>Ebraismo, ed aggiungerei ancora, Buddhismo. \u201cChe differenza fa, in verit\u00e0?\u201d penso, mentre<br>l&#8217;atmosfera e la mia disposizione interiore s&#8217;impossessano di me, che le mie preghiere verranno<br>ascoltate comunque dal mio Signore Ges\u00f9 Cristo, anche se lo invoco attraverso il rito islamico,<br>perch\u00e9 questa \u00e8 la citt\u00e0 in cui \u00e8 vissuto ed \u00e8 stato messo a morte, perch\u00e9 questa \u00e8 la citt\u00e0 sacra e<br>santa per l&#8217;Universo!<\/p>\n\n\n<figure class=\"wp-block-post-featured-image\"><img decoding=\"async\" width=\"257\" height=\"342\" src=\"https:\/\/www.nonsolomusicamagazine.it\/wp-content\/uploads\/2023\/10\/715c7CmeNiL._SY342_.jpg\" class=\"attachment-post-thumbnail size-post-thumbnail wp-post-image\" alt=\"\" style=\"object-fit:cover;\" srcset=\"https:\/\/www.nonsolomusicamagazine.it\/wp-content\/uploads\/2023\/10\/715c7CmeNiL._SY342_.jpg 257w, https:\/\/www.nonsolomusicamagazine.it\/wp-content\/uploads\/2023\/10\/715c7CmeNiL._SY342_-225x300.jpg 225w\" sizes=\"(max-width: 257px) 100vw, 257px\" \/><\/figure>","protected":false},"excerpt":{"rendered":"<p>Nel romanzo &#8220;Il mio Vangelo (Diario di un pellegrino)&#8221; del 2015 di Manuel M Buccarella il protagonista, il giornalista italiano Pietro Tarentini \u00e8 inviato in Medio Oriente per studiare luoghi e culture. Per Pietro la pace si ottiene anche attraverso la sintesi ed il rispetto delle tre religioni monoteiste nate in Medio Oriente. &#8220;E&#8217; l&#8217;alba, [&hellip;]<\/p>\n","protected":false},"author":1,"featured_media":3368,"comment_status":"open","ping_status":"closed","sticky":false,"template":"","format":"standard","meta":{"footnotes":""},"categories":[106],"tags":[1458,2177],"class_list":["post-3483","post","type-post","status-publish","format-standard","has-post-thumbnail","hentry","category-cultura","tag-letteratura","tag-manuel-buccarella"],"yoast_head":"<!-- This site is optimized with the Yoast SEO plugin v27.5 - https:\/\/yoast.com\/product\/yoast-seo-wordpress\/ -->\n<title>La pace all&#039; insegna dell&#039; incontro di ebraismo, islam e cristianesimo nel romanzo di Buccarella &quot;Il mio Vangelo&quot; (2015) - NonSoloMusicaMagazine<\/title>\n<meta name=\"description\" content=\"La pace all&#039; insegna dell&#039; incontro di ebraismo, islam e cristianesimo nel romanzo di Buccarella &quot;Il mio Vangelo&quot; (2015)\" \/>\n<meta name=\"robots\" content=\"index, follow, max-snippet:-1, max-image-preview:large, max-video-preview:-1\" \/>\n<link rel=\"canonical\" href=\"https:\/\/www.nonsolomusicamagazine.it\/?p=3483\" \/>\n<meta property=\"og:locale\" content=\"it_IT\" \/>\n<meta property=\"og:type\" content=\"article\" \/>\n<meta property=\"og:title\" content=\"La pace all&#039; insegna dell&#039; incontro di ebraismo, islam e cristianesimo nel romanzo di Buccarella &quot;Il mio Vangelo&quot; (2015) - NonSoloMusicaMagazine\" \/>\n<meta property=\"og:description\" content=\"La pace all&#039; insegna dell&#039; incontro di ebraismo, islam e cristianesimo nel romanzo di Buccarella &quot;Il mio Vangelo&quot; (2015)\" \/>\n<meta property=\"og:url\" content=\"https:\/\/www.nonsolomusicamagazine.it\/?p=3483\" \/>\n<meta property=\"og:site_name\" content=\"NonSoloMusicaMagazine\" \/>\n<meta property=\"article:published_time\" content=\"2023-10-29T18:14:04+00:00\" \/>\n<meta property=\"article:modified_time\" content=\"2023-10-29T18:14:05+00:00\" \/>\n<meta property=\"og:image\" content=\"https:\/\/www.nonsolomusicamagazine.it\/wp-content\/uploads\/2023\/10\/715c7CmeNiL._SY342_.jpg\" \/>\n\t<meta property=\"og:image:width\" content=\"257\" \/>\n\t<meta property=\"og:image:height\" content=\"342\" \/>\n\t<meta property=\"og:image:type\" content=\"image\/jpeg\" \/>\n<meta name=\"author\" content=\"nonsolomusica\" \/>\n<meta name=\"twitter:card\" content=\"summary_large_image\" \/>\n<meta name=\"twitter:label1\" content=\"Scritto da\" \/>\n\t<meta name=\"twitter:data1\" content=\"nonsolomusica\" \/>\n\t<meta name=\"twitter:label2\" content=\"Tempo di lettura stimato\" \/>\n\t<meta name=\"twitter:data2\" content=\"4 minuti\" \/>\n<script type=\"application\/ld+json\" class=\"yoast-schema-graph\">{\"@context\":\"https:\\\/\\\/schema.org\",\"@graph\":[{\"@type\":\"Article\",\"@id\":\"https:\\\/\\\/www.nonsolomusicamagazine.it\\\/?p=3483#article\",\"isPartOf\":{\"@id\":\"https:\\\/\\\/www.nonsolomusicamagazine.it\\\/?p=3483\"},\"author\":{\"name\":\"nonsolomusica\",\"@id\":\"https:\\\/\\\/www.nonsolomusicamagazine.it\\\/#\\\/schema\\\/person\\\/a3349ad02300d046472d46cf6d31ae46\"},\"headline\":\"La pace all&#8217; insegna dell&#8217; incontro di ebraismo, islam e cristianesimo nel romanzo di Buccarella &#8220;Il mio Vangelo&#8221; (2015)\",\"datePublished\":\"2023-10-29T18:14:04+00:00\",\"dateModified\":\"2023-10-29T18:14:05+00:00\",\"mainEntityOfPage\":{\"@id\":\"https:\\\/\\\/www.nonsolomusicamagazine.it\\\/?p=3483\"},\"wordCount\":663,\"commentCount\":2,\"image\":{\"@id\":\"https:\\\/\\\/www.nonsolomusicamagazine.it\\\/?p=3483#primaryimage\"},\"thumbnailUrl\":\"https:\\\/\\\/www.nonsolomusicamagazine.it\\\/wp-content\\\/uploads\\\/2023\\\/10\\\/715c7CmeNiL._SY342_.jpg\",\"keywords\":[\"Letteratura\",\"Manuel Buccarella\"],\"articleSection\":[\"Cultura\"],\"inLanguage\":\"it-IT\",\"potentialAction\":[{\"@type\":\"CommentAction\",\"name\":\"Comment\",\"target\":[\"https:\\\/\\\/www.nonsolomusicamagazine.it\\\/?p=3483#respond\"]}]},{\"@type\":\"WebPage\",\"@id\":\"https:\\\/\\\/www.nonsolomusicamagazine.it\\\/?p=3483\",\"url\":\"https:\\\/\\\/www.nonsolomusicamagazine.it\\\/?p=3483\",\"name\":\"La pace all' insegna dell' incontro di ebraismo, islam e cristianesimo nel romanzo di Buccarella \\\"Il mio Vangelo\\\" (2015) - NonSoloMusicaMagazine\",\"isPartOf\":{\"@id\":\"https:\\\/\\\/www.nonsolomusicamagazine.it\\\/#website\"},\"primaryImageOfPage\":{\"@id\":\"https:\\\/\\\/www.nonsolomusicamagazine.it\\\/?p=3483#primaryimage\"},\"image\":{\"@id\":\"https:\\\/\\\/www.nonsolomusicamagazine.it\\\/?p=3483#primaryimage\"},\"thumbnailUrl\":\"https:\\\/\\\/www.nonsolomusicamagazine.it\\\/wp-content\\\/uploads\\\/2023\\\/10\\\/715c7CmeNiL._SY342_.jpg\",\"datePublished\":\"2023-10-29T18:14:04+00:00\",\"dateModified\":\"2023-10-29T18:14:05+00:00\",\"author\":{\"@id\":\"https:\\\/\\\/www.nonsolomusicamagazine.it\\\/#\\\/schema\\\/person\\\/a3349ad02300d046472d46cf6d31ae46\"},\"description\":\"La pace all' insegna dell' incontro di ebraismo, islam e cristianesimo nel romanzo di Buccarella \\\"Il mio Vangelo\\\" (2015)\",\"breadcrumb\":{\"@id\":\"https:\\\/\\\/www.nonsolomusicamagazine.it\\\/?p=3483#breadcrumb\"},\"inLanguage\":\"it-IT\",\"potentialAction\":[{\"@type\":\"ReadAction\",\"target\":[\"https:\\\/\\\/www.nonsolomusicamagazine.it\\\/?p=3483\"]}]},{\"@type\":\"ImageObject\",\"inLanguage\":\"it-IT\",\"@id\":\"https:\\\/\\\/www.nonsolomusicamagazine.it\\\/?p=3483#primaryimage\",\"url\":\"https:\\\/\\\/www.nonsolomusicamagazine.it\\\/wp-content\\\/uploads\\\/2023\\\/10\\\/715c7CmeNiL._SY342_.jpg\",\"contentUrl\":\"https:\\\/\\\/www.nonsolomusicamagazine.it\\\/wp-content\\\/uploads\\\/2023\\\/10\\\/715c7CmeNiL._SY342_.jpg\",\"width\":257,\"height\":342},{\"@type\":\"BreadcrumbList\",\"@id\":\"https:\\\/\\\/www.nonsolomusicamagazine.it\\\/?p=3483#breadcrumb\",\"itemListElement\":[{\"@type\":\"ListItem\",\"position\":1,\"name\":\"Home\",\"item\":\"https:\\\/\\\/www.nonsolomusicamagazine.it\\\/\"},{\"@type\":\"ListItem\",\"position\":2,\"name\":\"La pace all&#8217; insegna dell&#8217; incontro di ebraismo, islam e cristianesimo nel romanzo di Buccarella &#8220;Il mio Vangelo&#8221; (2015)\"}]},{\"@type\":\"WebSite\",\"@id\":\"https:\\\/\\\/www.nonsolomusicamagazine.it\\\/#website\",\"url\":\"https:\\\/\\\/www.nonsolomusicamagazine.it\\\/\",\"name\":\"Nonsolomusicamagazine\",\"description\":\"Dir. responsabile Manuel M Buccarella\",\"potentialAction\":[{\"@type\":\"SearchAction\",\"target\":{\"@type\":\"EntryPoint\",\"urlTemplate\":\"https:\\\/\\\/www.nonsolomusicamagazine.it\\\/?s={search_term_string}\"},\"query-input\":{\"@type\":\"PropertyValueSpecification\",\"valueRequired\":true,\"valueName\":\"search_term_string\"}}],\"inLanguage\":\"it-IT\"},{\"@type\":\"Person\",\"@id\":\"https:\\\/\\\/www.nonsolomusicamagazine.it\\\/#\\\/schema\\\/person\\\/a3349ad02300d046472d46cf6d31ae46\",\"name\":\"nonsolomusica\",\"image\":{\"@type\":\"ImageObject\",\"inLanguage\":\"it-IT\",\"@id\":\"https:\\\/\\\/www.nonsolomusicamagazine.it\\\/wp-content\\\/litespeed\\\/avatar\\\/3a675484bc84db6aba78d43bfc8b7197.jpg?ver=1776880798\",\"url\":\"https:\\\/\\\/www.nonsolomusicamagazine.it\\\/wp-content\\\/litespeed\\\/avatar\\\/3a675484bc84db6aba78d43bfc8b7197.jpg?ver=1776880798\",\"contentUrl\":\"https:\\\/\\\/www.nonsolomusicamagazine.it\\\/wp-content\\\/litespeed\\\/avatar\\\/3a675484bc84db6aba78d43bfc8b7197.jpg?ver=1776880798\",\"caption\":\"nonsolomusica\"},\"sameAs\":[\"https:\\\/\\\/www.nonsolomusicamagazine.it\"],\"url\":\"https:\\\/\\\/www.nonsolomusicamagazine.it\\\/?author=1\"}]}<\/script>\n<!-- \/ Yoast SEO plugin. -->","yoast_head_json":{"title":"La pace all' insegna dell' incontro di ebraismo, islam e cristianesimo nel romanzo di Buccarella \"Il mio Vangelo\" (2015) - NonSoloMusicaMagazine","description":"La pace all' insegna dell' incontro di ebraismo, islam e cristianesimo nel romanzo di Buccarella \"Il mio Vangelo\" (2015)","robots":{"index":"index","follow":"follow","max-snippet":"max-snippet:-1","max-image-preview":"max-image-preview:large","max-video-preview":"max-video-preview:-1"},"canonical":"https:\/\/www.nonsolomusicamagazine.it\/?p=3483","og_locale":"it_IT","og_type":"article","og_title":"La pace all' insegna dell' incontro di ebraismo, islam e cristianesimo nel romanzo di Buccarella \"Il mio Vangelo\" (2015) - NonSoloMusicaMagazine","og_description":"La pace all' insegna dell' incontro di ebraismo, islam e cristianesimo nel romanzo di Buccarella \"Il mio Vangelo\" (2015)","og_url":"https:\/\/www.nonsolomusicamagazine.it\/?p=3483","og_site_name":"NonSoloMusicaMagazine","article_published_time":"2023-10-29T18:14:04+00:00","article_modified_time":"2023-10-29T18:14:05+00:00","og_image":[{"width":257,"height":342,"url":"https:\/\/www.nonsolomusicamagazine.it\/wp-content\/uploads\/2023\/10\/715c7CmeNiL._SY342_.jpg","type":"image\/jpeg"}],"author":"nonsolomusica","twitter_card":"summary_large_image","twitter_misc":{"Scritto da":"nonsolomusica","Tempo di lettura stimato":"4 minuti"},"schema":{"@context":"https:\/\/schema.org","@graph":[{"@type":"Article","@id":"https:\/\/www.nonsolomusicamagazine.it\/?p=3483#article","isPartOf":{"@id":"https:\/\/www.nonsolomusicamagazine.it\/?p=3483"},"author":{"name":"nonsolomusica","@id":"https:\/\/www.nonsolomusicamagazine.it\/#\/schema\/person\/a3349ad02300d046472d46cf6d31ae46"},"headline":"La pace all&#8217; insegna dell&#8217; incontro di ebraismo, islam e cristianesimo nel romanzo di Buccarella &#8220;Il mio Vangelo&#8221; (2015)","datePublished":"2023-10-29T18:14:04+00:00","dateModified":"2023-10-29T18:14:05+00:00","mainEntityOfPage":{"@id":"https:\/\/www.nonsolomusicamagazine.it\/?p=3483"},"wordCount":663,"commentCount":2,"image":{"@id":"https:\/\/www.nonsolomusicamagazine.it\/?p=3483#primaryimage"},"thumbnailUrl":"https:\/\/www.nonsolomusicamagazine.it\/wp-content\/uploads\/2023\/10\/715c7CmeNiL._SY342_.jpg","keywords":["Letteratura","Manuel Buccarella"],"articleSection":["Cultura"],"inLanguage":"it-IT","potentialAction":[{"@type":"CommentAction","name":"Comment","target":["https:\/\/www.nonsolomusicamagazine.it\/?p=3483#respond"]}]},{"@type":"WebPage","@id":"https:\/\/www.nonsolomusicamagazine.it\/?p=3483","url":"https:\/\/www.nonsolomusicamagazine.it\/?p=3483","name":"La pace all' insegna dell' incontro di ebraismo, islam e cristianesimo nel romanzo di Buccarella \"Il mio Vangelo\" (2015) - NonSoloMusicaMagazine","isPartOf":{"@id":"https:\/\/www.nonsolomusicamagazine.it\/#website"},"primaryImageOfPage":{"@id":"https:\/\/www.nonsolomusicamagazine.it\/?p=3483#primaryimage"},"image":{"@id":"https:\/\/www.nonsolomusicamagazine.it\/?p=3483#primaryimage"},"thumbnailUrl":"https:\/\/www.nonsolomusicamagazine.it\/wp-content\/uploads\/2023\/10\/715c7CmeNiL._SY342_.jpg","datePublished":"2023-10-29T18:14:04+00:00","dateModified":"2023-10-29T18:14:05+00:00","author":{"@id":"https:\/\/www.nonsolomusicamagazine.it\/#\/schema\/person\/a3349ad02300d046472d46cf6d31ae46"},"description":"La pace all' insegna dell' incontro di ebraismo, islam e cristianesimo nel romanzo di Buccarella \"Il mio Vangelo\" (2015)","breadcrumb":{"@id":"https:\/\/www.nonsolomusicamagazine.it\/?p=3483#breadcrumb"},"inLanguage":"it-IT","potentialAction":[{"@type":"ReadAction","target":["https:\/\/www.nonsolomusicamagazine.it\/?p=3483"]}]},{"@type":"ImageObject","inLanguage":"it-IT","@id":"https:\/\/www.nonsolomusicamagazine.it\/?p=3483#primaryimage","url":"https:\/\/www.nonsolomusicamagazine.it\/wp-content\/uploads\/2023\/10\/715c7CmeNiL._SY342_.jpg","contentUrl":"https:\/\/www.nonsolomusicamagazine.it\/wp-content\/uploads\/2023\/10\/715c7CmeNiL._SY342_.jpg","width":257,"height":342},{"@type":"BreadcrumbList","@id":"https:\/\/www.nonsolomusicamagazine.it\/?p=3483#breadcrumb","itemListElement":[{"@type":"ListItem","position":1,"name":"Home","item":"https:\/\/www.nonsolomusicamagazine.it\/"},{"@type":"ListItem","position":2,"name":"La pace all&#8217; insegna dell&#8217; incontro di ebraismo, islam e cristianesimo nel romanzo di Buccarella &#8220;Il mio Vangelo&#8221; (2015)"}]},{"@type":"WebSite","@id":"https:\/\/www.nonsolomusicamagazine.it\/#website","url":"https:\/\/www.nonsolomusicamagazine.it\/","name":"Nonsolomusicamagazine","description":"Dir. responsabile Manuel M Buccarella","potentialAction":[{"@type":"SearchAction","target":{"@type":"EntryPoint","urlTemplate":"https:\/\/www.nonsolomusicamagazine.it\/?s={search_term_string}"},"query-input":{"@type":"PropertyValueSpecification","valueRequired":true,"valueName":"search_term_string"}}],"inLanguage":"it-IT"},{"@type":"Person","@id":"https:\/\/www.nonsolomusicamagazine.it\/#\/schema\/person\/a3349ad02300d046472d46cf6d31ae46","name":"nonsolomusica","image":{"@type":"ImageObject","inLanguage":"it-IT","@id":"https:\/\/www.nonsolomusicamagazine.it\/wp-content\/litespeed\/avatar\/3a675484bc84db6aba78d43bfc8b7197.jpg?ver=1776880798","url":"https:\/\/www.nonsolomusicamagazine.it\/wp-content\/litespeed\/avatar\/3a675484bc84db6aba78d43bfc8b7197.jpg?ver=1776880798","contentUrl":"https:\/\/www.nonsolomusicamagazine.it\/wp-content\/litespeed\/avatar\/3a675484bc84db6aba78d43bfc8b7197.jpg?ver=1776880798","caption":"nonsolomusica"},"sameAs":["https:\/\/www.nonsolomusicamagazine.it"],"url":"https:\/\/www.nonsolomusicamagazine.it\/?author=1"}]}},"amp_enabled":true,"_links":{"self":[{"href":"https:\/\/www.nonsolomusicamagazine.it\/index.php?rest_route=\/wp\/v2\/posts\/3483","targetHints":{"allow":["GET"]}}],"collection":[{"href":"https:\/\/www.nonsolomusicamagazine.it\/index.php?rest_route=\/wp\/v2\/posts"}],"about":[{"href":"https:\/\/www.nonsolomusicamagazine.it\/index.php?rest_route=\/wp\/v2\/types\/post"}],"author":[{"embeddable":true,"href":"https:\/\/www.nonsolomusicamagazine.it\/index.php?rest_route=\/wp\/v2\/users\/1"}],"replies":[{"embeddable":true,"href":"https:\/\/www.nonsolomusicamagazine.it\/index.php?rest_route=%2Fwp%2Fv2%2Fcomments&post=3483"}],"version-history":[{"count":0,"href":"https:\/\/www.nonsolomusicamagazine.it\/index.php?rest_route=\/wp\/v2\/posts\/3483\/revisions"}],"wp:featuredmedia":[{"embeddable":true,"href":"https:\/\/www.nonsolomusicamagazine.it\/index.php?rest_route=\/wp\/v2\/media\/3368"}],"wp:attachment":[{"href":"https:\/\/www.nonsolomusicamagazine.it\/index.php?rest_route=%2Fwp%2Fv2%2Fmedia&parent=3483"}],"wp:term":[{"taxonomy":"category","embeddable":true,"href":"https:\/\/www.nonsolomusicamagazine.it\/index.php?rest_route=%2Fwp%2Fv2%2Fcategories&post=3483"},{"taxonomy":"post_tag","embeddable":true,"href":"https:\/\/www.nonsolomusicamagazine.it\/index.php?rest_route=%2Fwp%2Fv2%2Ftags&post=3483"}],"curies":[{"name":"wp","href":"https:\/\/api.w.org\/{rel}","templated":true}]}}