{"id":3517,"date":"2023-10-31T20:11:27","date_gmt":"2023-10-31T20:11:27","guid":{"rendered":"https:\/\/www.nonsolomusicamagazine.it\/?p=3517"},"modified":"2023-10-31T20:11:27","modified_gmt":"2023-10-31T20:11:27","slug":"la-testimonianza-di-un-riservista-israeliano-che-ha-scelto-lobiezione-di-coscienza-nella-guerra-contro-la-palestina","status":"publish","type":"post","link":"https:\/\/www.nonsolomusicamagazine.it\/?p=3517","title":{"rendered":"La testimonianza di un riservista israeliano che ha scelto l&#8217;obiezione di coscienza nella guerra contro la Palestina."},"content":{"rendered":"\n<p>Mi sono imbattuto negli scorsi giorni nel bellissimo blog dello scrittore, poeta, critico Franco Roman\u00f3 (www.francoromano.it).<\/p>\n\n\n\n<p>Gli articoli offrono ottimi spunti di riflessione. Ampio spazio \u00e8 dedicato alla pace, alla pace nel tempo, come affrontata dalla storia e da diversi autori, come Simone Weil.<\/p>\n\n\n\n<p>Oggi tuttavia non possiamo non occuparci del conflitto israelo-palestinese. L&#8217; articolo pubblicato da Roman\u00f3 coglie veramente nel segno, ospitando una vibrante obiezione di coscienza di un israeliano chiamato ad attaccare Gaza.<\/p>\n\n\n\n<p>L&#8217;articolo si trova qui <a href=\"https:\/\/www.francoromano.it\/category\/maschio-guerriero\/\">https:\/\/www.francoromano.it\/category\/maschio-guerriero\/<\/a> <\/p>\n\n\n\n<p>ed \u00e8 intitolato &#8220;QUALCOSA SI MUOVE IN ISRAELE E A WASHINGTON<\/p>\n\n\n\n<p>Viene proposto il testo di una delle due sorprendenti lettere di un brigadiere israeliano riservista che ha optato per l&#8217; obiezione di coscienza con riferimento alla guerra contro la Palestina. L&#8217; ultima lettera \u00e8 intitolata &#8220;Ora \u00e8 il tempo della guerra, ma i palestinesi non sono il nemico&#8221;.<\/p>\n\n\n\n<p><em>Mi rifiuto. Io, Nir Avishai Cohen, maggiore in Mill, numero personale 701874, ufficiale AGM della Brigata di fanteria, annuncio a malincuore il rifiuto. Mi rifiuto di continuare a servire nell\u2019IDF, un esercito di un paese non democratico.<\/em><em><\/em><\/p>\n\n\n\n<p><em>\u00c8 importante per me sottolineare, non sono un volontario, servo in una riserva rispettosa della legge. Sono consapevole delle conseguenze che la mia dichiarazione pu\u00f2 avere e sono pronto ad accettare con tutto il cuore, anche sedervi in galera. Un ordine di coscienza mi proibisce di far parte dell\u2019esercito.<\/em><em><\/em><\/p>\n\n\n\n<p><em>Pi\u00f9 di chiunque altro oggi penso a mia nonna, Leah RIP, quella sopravvissuta ad Auschwitz ma tutta la sua famiglia \u00e8 stata uccisa l\u00ec.<\/em><em><\/em><\/p>\n\n\n\n<p><em>In questo giorno in cui annuncio il mio rifiuto di servire nell\u2019esercito di un paese non democratico, penso a lei. La sua storia privata, che fa parte della storia nazionale del popolo ebraico, ci ha insegnato l\u2019obbligo di rifiutare.<\/em><em><\/em><\/p>\n\n\n\n<p><em>Non c\u2019\u00e8 una sola persona nel paese d\u2019Israele che non sarebbe disposta a tornare nella macchina del tempo in Germania del 1933, un attimo dopo che aveva cessato di essere democratica, e urlare nelle mie orecchie tutti i soldati, che non gli \u00e8 permesso servire l\u2019esercito di un paese non democratico. Questo \u00e8 un dovere rifiutare. Possiamo solo immaginare cosa sarebbe successo se nel 1933 decine di migliaia di ufficiali e soldati si fossero rifiutati di continuare a servire nell\u2019esercito tedesco.<\/em><em><\/em><\/p>\n\n\n\n<p><em>Cos\u00ec, molto prima che qualcuno pensasse che gli orrori di Auschwitz potessero accadere, i soldati hanno dovuto rifiutare.<\/em><em><\/em><\/p>\n\n\n\n<p><em>Ho prestato servizio nell\u2019IDF per 24 anni. Regolarmente come ufficiale di combattimento nella Golani, e successivamente in servizio di riserva come comandante di compagnia, Stato Maggiore Generale e ora come ufficiale di Divisione AGM. Ho rischiato la vita, ho perso i miei buoni amici. Vengo sempre quando mi chiamavano, per tutta la fede di non avere altro paese, che \u00e8 mio dovere.<\/em><em><\/em><\/p>\n\n\n\n<p><em>Sono stato chiamato ogni anno per decine di giorni di riserva, solo nell\u2019ultimo anno ho scontato 41 giorni del genere. Giorni in cui ho lasciato la mia casa e tutte le mie occupazioni e ho dato il mio contributo alla difesa del paese.<\/em><em><\/em><\/p>\n\n\n\n<p><em>Non \u00e8 un segreto che da qualche anno ho avuto una critica acuta alle gesta di FDI nei territori occupati, ci ho anche scritto un libro. Ma nonostante questo ho deciso di continuare a servire. Vero, non nei territori occupati ma in difesa del confine meridionale e legittimo d\u2019Israele.&nbsp;<\/em><\/p>\n\n\n<figure class=\"wp-block-post-featured-image\"><img decoding=\"async\" width=\"225\" height=\"225\" src=\"https:\/\/www.nonsolomusicamagazine.it\/wp-content\/uploads\/2023\/10\/download-48.jpeg\" class=\"attachment-post-thumbnail size-post-thumbnail wp-post-image\" alt=\"\" style=\"object-fit:cover;\" srcset=\"https:\/\/www.nonsolomusicamagazine.it\/wp-content\/uploads\/2023\/10\/download-48.jpeg 225w, https:\/\/www.nonsolomusicamagazine.it\/wp-content\/uploads\/2023\/10\/download-48-150x150.jpeg 150w\" sizes=\"(max-width: 225px) 100vw, 225px\" \/><\/figure>","protected":false},"excerpt":{"rendered":"<p>Mi sono imbattuto negli scorsi giorni nel bellissimo blog dello scrittore, poeta, critico Franco Roman\u00f3 (www.francoromano.it). Gli articoli offrono ottimi spunti di riflessione. Ampio spazio \u00e8 dedicato alla pace, alla pace nel tempo, come affrontata dalla storia e da diversi autori, come Simone Weil. Oggi tuttavia non possiamo non occuparci del conflitto israelo-palestinese. L&#8217; articolo [&hellip;]<\/p>\n","protected":false},"author":1,"featured_media":3518,"comment_status":"open","ping_status":"closed","sticky":false,"template":"","format":"standard","meta":{"footnotes":""},"categories":[106,6],"tags":[627,216,217],"class_list":["post-3517","post","type-post","status-publish","format-standard","has-post-thumbnail","hentry","category-cultura","category-esteri","tag-gaza","tag-israele","tag-palestina"],"yoast_head":"<!-- This site is optimized with the Yoast SEO plugin v27.5 - https:\/\/yoast.com\/product\/yoast-seo-wordpress\/ -->\n<title>La testimonianza di un riservista israeliano che ha scelto l&#039;obiezione di coscienza nella guerra contro la Palestina. - NonSoloMusicaMagazine<\/title>\n<meta name=\"description\" content=\"La testimonianza di un riservista israeliano che ha scelto l&#039;obiezione di coscienza nella guerra contro la Palestina.\" \/>\n<meta name=\"robots\" content=\"index, follow, max-snippet:-1, max-image-preview:large, max-video-preview:-1\" \/>\n<link rel=\"canonical\" href=\"https:\/\/www.nonsolomusicamagazine.it\/?p=3517\" \/>\n<meta property=\"og:locale\" content=\"it_IT\" \/>\n<meta property=\"og:type\" content=\"article\" \/>\n<meta property=\"og:title\" content=\"La testimonianza di un riservista israeliano che ha scelto l&#039;obiezione di coscienza nella guerra contro la Palestina. - NonSoloMusicaMagazine\" \/>\n<meta property=\"og:description\" content=\"La testimonianza di un riservista israeliano che ha scelto l&#039;obiezione di coscienza nella guerra contro la Palestina.\" \/>\n<meta property=\"og:url\" content=\"https:\/\/www.nonsolomusicamagazine.it\/?p=3517\" \/>\n<meta property=\"og:site_name\" content=\"NonSoloMusicaMagazine\" \/>\n<meta property=\"article:published_time\" content=\"2023-10-31T20:11:27+00:00\" \/>\n<meta property=\"og:image\" content=\"https:\/\/www.nonsolomusicamagazine.it\/wp-content\/uploads\/2023\/10\/download-48.jpeg\" \/>\n\t<meta property=\"og:image:width\" content=\"225\" \/>\n\t<meta property=\"og:image:height\" content=\"225\" \/>\n\t<meta property=\"og:image:type\" content=\"image\/jpeg\" \/>\n<meta name=\"author\" content=\"nonsolomusica\" \/>\n<meta name=\"twitter:card\" content=\"summary_large_image\" \/>\n<meta name=\"twitter:label1\" content=\"Scritto da\" \/>\n\t<meta name=\"twitter:data1\" content=\"nonsolomusica\" \/>\n\t<meta name=\"twitter:label2\" content=\"Tempo di lettura stimato\" \/>\n\t<meta name=\"twitter:data2\" content=\"3 minuti\" \/>\n<script type=\"application\/ld+json\" class=\"yoast-schema-graph\">{\"@context\":\"https:\\\/\\\/schema.org\",\"@graph\":[{\"@type\":\"Article\",\"@id\":\"https:\\\/\\\/www.nonsolomusicamagazine.it\\\/?p=3517#article\",\"isPartOf\":{\"@id\":\"https:\\\/\\\/www.nonsolomusicamagazine.it\\\/?p=3517\"},\"author\":{\"name\":\"nonsolomusica\",\"@id\":\"https:\\\/\\\/www.nonsolomusicamagazine.it\\\/#\\\/schema\\\/person\\\/a3349ad02300d046472d46cf6d31ae46\"},\"headline\":\"La testimonianza di un riservista israeliano che ha scelto l&#8217;obiezione di coscienza nella guerra contro la Palestina.\",\"datePublished\":\"2023-10-31T20:11:27+00:00\",\"mainEntityOfPage\":{\"@id\":\"https:\\\/\\\/www.nonsolomusicamagazine.it\\\/?p=3517\"},\"wordCount\":563,\"commentCount\":1,\"image\":{\"@id\":\"https:\\\/\\\/www.nonsolomusicamagazine.it\\\/?p=3517#primaryimage\"},\"thumbnailUrl\":\"https:\\\/\\\/www.nonsolomusicamagazine.it\\\/wp-content\\\/uploads\\\/2023\\\/10\\\/download-48.jpeg\",\"keywords\":[\"Gaza\",\"Israele\",\"Palestina\"],\"articleSection\":[\"Cultura\",\"Esteri\"],\"inLanguage\":\"it-IT\",\"potentialAction\":[{\"@type\":\"CommentAction\",\"name\":\"Comment\",\"target\":[\"https:\\\/\\\/www.nonsolomusicamagazine.it\\\/?p=3517#respond\"]}]},{\"@type\":\"WebPage\",\"@id\":\"https:\\\/\\\/www.nonsolomusicamagazine.it\\\/?p=3517\",\"url\":\"https:\\\/\\\/www.nonsolomusicamagazine.it\\\/?p=3517\",\"name\":\"La testimonianza di un riservista israeliano che ha scelto l'obiezione di coscienza nella guerra contro la Palestina. - NonSoloMusicaMagazine\",\"isPartOf\":{\"@id\":\"https:\\\/\\\/www.nonsolomusicamagazine.it\\\/#website\"},\"primaryImageOfPage\":{\"@id\":\"https:\\\/\\\/www.nonsolomusicamagazine.it\\\/?p=3517#primaryimage\"},\"image\":{\"@id\":\"https:\\\/\\\/www.nonsolomusicamagazine.it\\\/?p=3517#primaryimage\"},\"thumbnailUrl\":\"https:\\\/\\\/www.nonsolomusicamagazine.it\\\/wp-content\\\/uploads\\\/2023\\\/10\\\/download-48.jpeg\",\"datePublished\":\"2023-10-31T20:11:27+00:00\",\"author\":{\"@id\":\"https:\\\/\\\/www.nonsolomusicamagazine.it\\\/#\\\/schema\\\/person\\\/a3349ad02300d046472d46cf6d31ae46\"},\"description\":\"La testimonianza di un riservista israeliano che ha scelto l'obiezione di coscienza nella guerra contro la Palestina.\",\"breadcrumb\":{\"@id\":\"https:\\\/\\\/www.nonsolomusicamagazine.it\\\/?p=3517#breadcrumb\"},\"inLanguage\":\"it-IT\",\"potentialAction\":[{\"@type\":\"ReadAction\",\"target\":[\"https:\\\/\\\/www.nonsolomusicamagazine.it\\\/?p=3517\"]}]},{\"@type\":\"ImageObject\",\"inLanguage\":\"it-IT\",\"@id\":\"https:\\\/\\\/www.nonsolomusicamagazine.it\\\/?p=3517#primaryimage\",\"url\":\"https:\\\/\\\/www.nonsolomusicamagazine.it\\\/wp-content\\\/uploads\\\/2023\\\/10\\\/download-48.jpeg\",\"contentUrl\":\"https:\\\/\\\/www.nonsolomusicamagazine.it\\\/wp-content\\\/uploads\\\/2023\\\/10\\\/download-48.jpeg\",\"width\":225,\"height\":225},{\"@type\":\"BreadcrumbList\",\"@id\":\"https:\\\/\\\/www.nonsolomusicamagazine.it\\\/?p=3517#breadcrumb\",\"itemListElement\":[{\"@type\":\"ListItem\",\"position\":1,\"name\":\"Home\",\"item\":\"https:\\\/\\\/www.nonsolomusicamagazine.it\\\/\"},{\"@type\":\"ListItem\",\"position\":2,\"name\":\"La testimonianza di un riservista israeliano che ha scelto l&#8217;obiezione di coscienza nella guerra contro la Palestina.\"}]},{\"@type\":\"WebSite\",\"@id\":\"https:\\\/\\\/www.nonsolomusicamagazine.it\\\/#website\",\"url\":\"https:\\\/\\\/www.nonsolomusicamagazine.it\\\/\",\"name\":\"Nonsolomusicamagazine\",\"description\":\"Dir. responsabile Manuel M Buccarella\",\"potentialAction\":[{\"@type\":\"SearchAction\",\"target\":{\"@type\":\"EntryPoint\",\"urlTemplate\":\"https:\\\/\\\/www.nonsolomusicamagazine.it\\\/?s={search_term_string}\"},\"query-input\":{\"@type\":\"PropertyValueSpecification\",\"valueRequired\":true,\"valueName\":\"search_term_string\"}}],\"inLanguage\":\"it-IT\"},{\"@type\":\"Person\",\"@id\":\"https:\\\/\\\/www.nonsolomusicamagazine.it\\\/#\\\/schema\\\/person\\\/a3349ad02300d046472d46cf6d31ae46\",\"name\":\"nonsolomusica\",\"image\":{\"@type\":\"ImageObject\",\"inLanguage\":\"it-IT\",\"@id\":\"https:\\\/\\\/www.nonsolomusicamagazine.it\\\/wp-content\\\/litespeed\\\/avatar\\\/3a675484bc84db6aba78d43bfc8b7197.jpg?ver=1776880798\",\"url\":\"https:\\\/\\\/www.nonsolomusicamagazine.it\\\/wp-content\\\/litespeed\\\/avatar\\\/3a675484bc84db6aba78d43bfc8b7197.jpg?ver=1776880798\",\"contentUrl\":\"https:\\\/\\\/www.nonsolomusicamagazine.it\\\/wp-content\\\/litespeed\\\/avatar\\\/3a675484bc84db6aba78d43bfc8b7197.jpg?ver=1776880798\",\"caption\":\"nonsolomusica\"},\"sameAs\":[\"https:\\\/\\\/www.nonsolomusicamagazine.it\"],\"url\":\"https:\\\/\\\/www.nonsolomusicamagazine.it\\\/?author=1\"}]}<\/script>\n<!-- \/ Yoast SEO plugin. -->","yoast_head_json":{"title":"La testimonianza di un riservista israeliano che ha scelto l'obiezione di coscienza nella guerra contro la Palestina. - NonSoloMusicaMagazine","description":"La testimonianza di un riservista israeliano che ha scelto l'obiezione di coscienza nella guerra contro la Palestina.","robots":{"index":"index","follow":"follow","max-snippet":"max-snippet:-1","max-image-preview":"max-image-preview:large","max-video-preview":"max-video-preview:-1"},"canonical":"https:\/\/www.nonsolomusicamagazine.it\/?p=3517","og_locale":"it_IT","og_type":"article","og_title":"La testimonianza di un riservista israeliano che ha scelto l'obiezione di coscienza nella guerra contro la Palestina. - NonSoloMusicaMagazine","og_description":"La testimonianza di un riservista israeliano che ha scelto l'obiezione di coscienza nella guerra contro la Palestina.","og_url":"https:\/\/www.nonsolomusicamagazine.it\/?p=3517","og_site_name":"NonSoloMusicaMagazine","article_published_time":"2023-10-31T20:11:27+00:00","og_image":[{"width":225,"height":225,"url":"https:\/\/www.nonsolomusicamagazine.it\/wp-content\/uploads\/2023\/10\/download-48.jpeg","type":"image\/jpeg"}],"author":"nonsolomusica","twitter_card":"summary_large_image","twitter_misc":{"Scritto da":"nonsolomusica","Tempo di lettura stimato":"3 minuti"},"schema":{"@context":"https:\/\/schema.org","@graph":[{"@type":"Article","@id":"https:\/\/www.nonsolomusicamagazine.it\/?p=3517#article","isPartOf":{"@id":"https:\/\/www.nonsolomusicamagazine.it\/?p=3517"},"author":{"name":"nonsolomusica","@id":"https:\/\/www.nonsolomusicamagazine.it\/#\/schema\/person\/a3349ad02300d046472d46cf6d31ae46"},"headline":"La testimonianza di un riservista israeliano che ha scelto l&#8217;obiezione di coscienza nella guerra contro la Palestina.","datePublished":"2023-10-31T20:11:27+00:00","mainEntityOfPage":{"@id":"https:\/\/www.nonsolomusicamagazine.it\/?p=3517"},"wordCount":563,"commentCount":1,"image":{"@id":"https:\/\/www.nonsolomusicamagazine.it\/?p=3517#primaryimage"},"thumbnailUrl":"https:\/\/www.nonsolomusicamagazine.it\/wp-content\/uploads\/2023\/10\/download-48.jpeg","keywords":["Gaza","Israele","Palestina"],"articleSection":["Cultura","Esteri"],"inLanguage":"it-IT","potentialAction":[{"@type":"CommentAction","name":"Comment","target":["https:\/\/www.nonsolomusicamagazine.it\/?p=3517#respond"]}]},{"@type":"WebPage","@id":"https:\/\/www.nonsolomusicamagazine.it\/?p=3517","url":"https:\/\/www.nonsolomusicamagazine.it\/?p=3517","name":"La testimonianza di un riservista israeliano che ha scelto l'obiezione di coscienza nella guerra contro la Palestina. - NonSoloMusicaMagazine","isPartOf":{"@id":"https:\/\/www.nonsolomusicamagazine.it\/#website"},"primaryImageOfPage":{"@id":"https:\/\/www.nonsolomusicamagazine.it\/?p=3517#primaryimage"},"image":{"@id":"https:\/\/www.nonsolomusicamagazine.it\/?p=3517#primaryimage"},"thumbnailUrl":"https:\/\/www.nonsolomusicamagazine.it\/wp-content\/uploads\/2023\/10\/download-48.jpeg","datePublished":"2023-10-31T20:11:27+00:00","author":{"@id":"https:\/\/www.nonsolomusicamagazine.it\/#\/schema\/person\/a3349ad02300d046472d46cf6d31ae46"},"description":"La testimonianza di un riservista israeliano che ha scelto l'obiezione di coscienza nella guerra contro la Palestina.","breadcrumb":{"@id":"https:\/\/www.nonsolomusicamagazine.it\/?p=3517#breadcrumb"},"inLanguage":"it-IT","potentialAction":[{"@type":"ReadAction","target":["https:\/\/www.nonsolomusicamagazine.it\/?p=3517"]}]},{"@type":"ImageObject","inLanguage":"it-IT","@id":"https:\/\/www.nonsolomusicamagazine.it\/?p=3517#primaryimage","url":"https:\/\/www.nonsolomusicamagazine.it\/wp-content\/uploads\/2023\/10\/download-48.jpeg","contentUrl":"https:\/\/www.nonsolomusicamagazine.it\/wp-content\/uploads\/2023\/10\/download-48.jpeg","width":225,"height":225},{"@type":"BreadcrumbList","@id":"https:\/\/www.nonsolomusicamagazine.it\/?p=3517#breadcrumb","itemListElement":[{"@type":"ListItem","position":1,"name":"Home","item":"https:\/\/www.nonsolomusicamagazine.it\/"},{"@type":"ListItem","position":2,"name":"La testimonianza di un riservista israeliano che ha scelto l&#8217;obiezione di coscienza nella guerra contro la Palestina."}]},{"@type":"WebSite","@id":"https:\/\/www.nonsolomusicamagazine.it\/#website","url":"https:\/\/www.nonsolomusicamagazine.it\/","name":"Nonsolomusicamagazine","description":"Dir. responsabile Manuel M Buccarella","potentialAction":[{"@type":"SearchAction","target":{"@type":"EntryPoint","urlTemplate":"https:\/\/www.nonsolomusicamagazine.it\/?s={search_term_string}"},"query-input":{"@type":"PropertyValueSpecification","valueRequired":true,"valueName":"search_term_string"}}],"inLanguage":"it-IT"},{"@type":"Person","@id":"https:\/\/www.nonsolomusicamagazine.it\/#\/schema\/person\/a3349ad02300d046472d46cf6d31ae46","name":"nonsolomusica","image":{"@type":"ImageObject","inLanguage":"it-IT","@id":"https:\/\/www.nonsolomusicamagazine.it\/wp-content\/litespeed\/avatar\/3a675484bc84db6aba78d43bfc8b7197.jpg?ver=1776880798","url":"https:\/\/www.nonsolomusicamagazine.it\/wp-content\/litespeed\/avatar\/3a675484bc84db6aba78d43bfc8b7197.jpg?ver=1776880798","contentUrl":"https:\/\/www.nonsolomusicamagazine.it\/wp-content\/litespeed\/avatar\/3a675484bc84db6aba78d43bfc8b7197.jpg?ver=1776880798","caption":"nonsolomusica"},"sameAs":["https:\/\/www.nonsolomusicamagazine.it"],"url":"https:\/\/www.nonsolomusicamagazine.it\/?author=1"}]}},"amp_enabled":true,"_links":{"self":[{"href":"https:\/\/www.nonsolomusicamagazine.it\/index.php?rest_route=\/wp\/v2\/posts\/3517","targetHints":{"allow":["GET"]}}],"collection":[{"href":"https:\/\/www.nonsolomusicamagazine.it\/index.php?rest_route=\/wp\/v2\/posts"}],"about":[{"href":"https:\/\/www.nonsolomusicamagazine.it\/index.php?rest_route=\/wp\/v2\/types\/post"}],"author":[{"embeddable":true,"href":"https:\/\/www.nonsolomusicamagazine.it\/index.php?rest_route=\/wp\/v2\/users\/1"}],"replies":[{"embeddable":true,"href":"https:\/\/www.nonsolomusicamagazine.it\/index.php?rest_route=%2Fwp%2Fv2%2Fcomments&post=3517"}],"version-history":[{"count":0,"href":"https:\/\/www.nonsolomusicamagazine.it\/index.php?rest_route=\/wp\/v2\/posts\/3517\/revisions"}],"wp:featuredmedia":[{"embeddable":true,"href":"https:\/\/www.nonsolomusicamagazine.it\/index.php?rest_route=\/wp\/v2\/media\/3518"}],"wp:attachment":[{"href":"https:\/\/www.nonsolomusicamagazine.it\/index.php?rest_route=%2Fwp%2Fv2%2Fmedia&parent=3517"}],"wp:term":[{"taxonomy":"category","embeddable":true,"href":"https:\/\/www.nonsolomusicamagazine.it\/index.php?rest_route=%2Fwp%2Fv2%2Fcategories&post=3517"},{"taxonomy":"post_tag","embeddable":true,"href":"https:\/\/www.nonsolomusicamagazine.it\/index.php?rest_route=%2Fwp%2Fv2%2Ftags&post=3517"}],"curies":[{"name":"wp","href":"https:\/\/api.w.org\/{rel}","templated":true}]}}